{"id":9978,"date":"2022-11-10T15:14:23","date_gmt":"2022-11-10T15:14:23","guid":{"rendered":"https:\/\/permbledhja.com\/?p=9978"},"modified":"2022-11-10T15:14:23","modified_gmt":"2022-11-10T15:14:23","slug":"policia-ia-publikon-videon-te-dyshuarit-per-vjedhje-te-rende-kerkohet-ndihma-e-qytetareve-per-kapjen-e-tij","status":"publish","type":"post","link":"https:\/\/permbledhja.com\/sq\/policia-ia-publikon-videon-te-dyshuarit-per-vjedhje-te-rende-kerkohet-ndihma-e-qytetareve-per-kapjen-e-tij\/","title":{"rendered":"Policia ia publikon videon t\u00eb dyshuarit p\u00ebr vjedhje t\u00eb r\u00ebnd\u00eb, k\u00ebrkohet ndihma e qytetar\u00ebve p\u00ebr kapjen e tij"},"content":{"rendered":"<p><strong>Drejtoria Rajonale e Policis\u00eb n\u00eb Ferizaj, n\u00eb baz\u00eb t\u00eb autorizimit nga Prokuroria Themelore n\u00eb Ferizaj, p\u00ebr publikimin e fotografive\/videoi\u00e7izimit t\u00eb personave n\u00eb k\u00ebrkim, l\u00ebshon k\u00ebrkes\u00eb p\u00ebr bashk\u00ebpunim me qytetar\u00ebt, me q\u00ebllim identifikimin dhe vendodhjen e personit n\u00eb k\u00ebrkim policor, i cili dyshohet p\u00ebr vepren penale \u2018\u2019Vjedhje e r\u00ebnd\u00eb\u2019\u2019.<\/strong><\/p>\n<p>Policia njofton se \u2018\u2019Vjedhja e r\u00ebnd\u00eb\u2019\u2019 ka ndodhur me dat\u00ebn 04.04.2022  rreth or\u00ebs 00:25 n\u00eb rrug\u00ebn \u2018\u2019Sali \u00c7eku\u2019\u2019, sakt\u00ebsisht n\u00eb parkingun para market \u2018\u2019Ari\u2019\u2019 n\u00eb Ferizaj, ku nj\u00eb person i gjinis\u00eb mashkull (si n\u00eb video) dyshohet se ka kryer vjedhjen e nj\u00eb automjeti GOLF VII ngjyr\u00eb e kalt\u00ebr me targa vendore.<\/p>\n<p><em>\u201cPolicia k\u00ebrkon nga qytetar\u00ebt q\u00eb, kushdo q\u00eb ka ndonj\u00eb informacion rreth k\u00ebtij personi, si n\u00eb video, t\u00eb lajm\u00ebrojn\u00eb policin\u00eb, stacionin m\u00eb t\u00eb af\u00ebrt, apo p\u00ebrmes aplikacionit digjital \u2018\u2019Lajm\u00ebro Policin\u00eb \u2018\u2019 dhe n\u00eb numrat kujdetar\u00eb : 192 ,0290\/326-250 &#038; 0290\/322-406. T\u00eb dh\u00ebnat e juaja do t\u00eb ruhen n\u00eb konidencialitet t\u00eb plot\u00eb\u201d<\/em>, thuhet n\u00eb apelin e policis\u00eb.<\/p>\n<p><iframe loading=\"lazy\" src=\"https:\/\/www.facebook.com\/plugins\/video.php?href=https%3A%2F%2Fwww.facebook.com%2FKosovoPolice%2Fvideos%2F5258447720930347%2F&#038;show_text=0&#038;width=560\" width=\"560\" height=\"374\" style=\"border:none;overflow:hidden\" scrolling=\"no\" frameborder=\"0\" allowfullscreen=\"true\" allow=\"autoplay; clipboard-write; encrypted-media; picture-in-picture; web-share\" allowFullScreen=\"true\"><\/iframe><\/p>\n","protected":false},"excerpt":{"rendered":"<p>Drejtoria Rajonale e Policis\u00eb n\u00eb Ferizaj, n\u00eb baz\u00eb t\u00eb autorizimit nga Prokuroria Themelore n\u00eb Ferizaj, p\u00ebr publikimin e fotografive\/videoi\u00e7izimit t\u00eb personave n\u00eb k\u00ebrkim, l\u00ebshon k\u00ebrkes\u00eb p\u00ebr bashk\u00ebpunim me qytetar\u00ebt, me q\u00ebllim identifikimin dhe vendodhjen e personit n\u00eb k\u00ebrkim policor, i cili dyshohet p\u00ebr vepren penale \u2018\u2019Vjedhje e r\u00ebnd\u00eb\u2019\u2019. Policia njofton se \u2018\u2019Vjedhja e r\u00ebnd\u00eb\u2019\u2019 ka [&hellip;]<\/p>\n","protected":false},"author":1,"featured_media":4606,"comment_status":"closed","ping_status":"closed","sticky":false,"template":"","format":"standard","meta":{"_monsterinsights_skip_tracking":false,"_monsterinsights_sitenote_active":false,"_monsterinsights_sitenote_note":"","_monsterinsights_sitenote_category":0,"_uf_show_specific_survey":0,"_uf_disable_surveys":false,"footnotes":""},"categories":[23,15],"tags":[102],"yoast_head":"<!-- This site is optimized with the Yoast SEO plugin v21.5 - https:\/\/yoast.com\/wordpress\/plugins\/seo\/ -->\n<title>Policia ia publikon videon t\u00eb dyshuarit p\u00ebr vjedhje t\u00eb r\u00ebnd\u00eb, k\u00ebrkohet ndihma e qytetar\u00ebve p\u00ebr kapjen e tij<\/title>\n<meta name=\"robots\" content=\"index, follow, max-snippet:-1, max-image-preview:large, max-video-preview:-1\" \/>\n<link rel=\"canonical\" href=\"https:\/\/permbledhja.com\/sq\/policia-ia-publikon-videon-te-dyshuarit-per-vjedhje-te-rende-kerkohet-ndihma-e-qytetareve-per-kapjen-e-tij\/\" \/>\n<meta property=\"og:locale\" content=\"sq_AL\" \/>\n<meta property=\"og:type\" content=\"article\" \/>\n<meta property=\"og:title\" content=\"Policia ia publikon videon t\u00eb dyshuarit p\u00ebr vjedhje t\u00eb r\u00ebnd\u00eb, k\u00ebrkohet ndihma e qytetar\u00ebve p\u00ebr kapjen e tij\" \/>\n<meta property=\"og:description\" content=\"Drejtoria Rajonale e Policis\u00eb n\u00eb Ferizaj, n\u00eb baz\u00eb t\u00eb autorizimit nga Prokuroria Themelore n\u00eb Ferizaj, p\u00ebr publikimin e fotografive\/videoi\u00e7izimit t\u00eb personave n\u00eb k\u00ebrkim, l\u00ebshon k\u00ebrkes\u00eb p\u00ebr bashk\u00ebpunim me qytetar\u00ebt, me q\u00ebllim identifikimin dhe vendodhjen e personit n\u00eb k\u00ebrkim policor, i cili dyshohet p\u00ebr vepren penale \u2018\u2019Vjedhje e r\u00ebnd\u00eb\u2019\u2019. Policia njofton se \u2018\u2019Vjedhja e r\u00ebnd\u00eb\u2019\u2019 ka [&hellip;]\" \/>\n<meta property=\"og:url\" content=\"https:\/\/permbledhja.com\/sq\/policia-ia-publikon-videon-te-dyshuarit-per-vjedhje-te-rende-kerkohet-ndihma-e-qytetareve-per-kapjen-e-tij\/\" \/>\n<meta property=\"og:site_name\" content=\"Ve\u00e7 artikuj p\u00ebrmbledh\u00ebs\" \/>\n<meta property=\"article:publisher\" content=\"https:\/\/www.facebook.com\/press07\/\" \/>\n<meta property=\"article:author\" content=\"https:\/\/www.facebook.com\/kafexhiu.muharrem\/\" \/>\n<meta property=\"article:published_time\" content=\"2022-11-10T15:14:23+00:00\" \/>\n<meta property=\"og:image\" content=\"https:\/\/permbledhja.com\/wp-content\/uploads\/2022\/08\/Policia-e-Kosoves-2021-4-2-1.jpg\" \/>\n\t<meta property=\"og:image:width\" content=\"900\" \/>\n\t<meta property=\"og:image:height\" content=\"600\" \/>\n\t<meta property=\"og:image:type\" content=\"image\/jpeg\" \/>\n<meta name=\"author\" content=\"P\u00ebrmbledhja\" \/>\n<meta name=\"twitter:card\" content=\"summary_large_image\" \/>\n<meta name=\"twitter:label1\" content=\"Written by\" \/>\n\t<meta name=\"twitter:data1\" content=\"P\u00ebrmbledhja\" \/>\n\t<meta name=\"twitter:label2\" content=\"Est. reading time\" \/>\n\t<meta name=\"twitter:data2\" content=\"1 minut\u00eb\" \/>\n<script type=\"application\/ld+json\" class=\"yoast-schema-graph\">{\"@context\":\"https:\/\/schema.org\",\"@graph\":[{\"@type\":\"Article\",\"@id\":\"https:\/\/permbledhja.com\/policia-ia-publikon-videon-te-dyshuarit-per-vjedhje-te-rende-kerkohet-ndihma-e-qytetareve-per-kapjen-e-tij\/#article\",\"isPartOf\":{\"@id\":\"https:\/\/permbledhja.com\/policia-ia-publikon-videon-te-dyshuarit-per-vjedhje-te-rende-kerkohet-ndihma-e-qytetareve-per-kapjen-e-tij\/\"},\"author\":{\"name\":\"P\u00ebrmbledhja\",\"@id\":\"https:\/\/permbledhja.com\/#\/schema\/person\/0d064377258d3221e50693947b9eb4fe\"},\"headline\":\"Policia ia publikon videon t\u00eb dyshuarit p\u00ebr vjedhje t\u00eb r\u00ebnd\u00eb, k\u00ebrkohet ndihma e qytetar\u00ebve p\u00ebr kapjen e tij\",\"datePublished\":\"2022-11-10T15:14:23+00:00\",\"dateModified\":\"2022-11-10T15:14:23+00:00\",\"mainEntityOfPage\":{\"@id\":\"https:\/\/permbledhja.com\/policia-ia-publikon-videon-te-dyshuarit-per-vjedhje-te-rende-kerkohet-ndihma-e-qytetareve-per-kapjen-e-tij\/\"},\"wordCount\":198,\"publisher\":{\"@id\":\"https:\/\/permbledhja.com\/#organization\"},\"keywords\":[\"Policia e Kosov\u00ebs\"],\"articleSection\":[\"Komb\u00ebtare\",\"Lajme\"],\"inLanguage\":\"sq\"},{\"@type\":\"WebPage\",\"@id\":\"https:\/\/permbledhja.com\/policia-ia-publikon-videon-te-dyshuarit-per-vjedhje-te-rende-kerkohet-ndihma-e-qytetareve-per-kapjen-e-tij\/\",\"url\":\"https:\/\/permbledhja.com\/policia-ia-publikon-videon-te-dyshuarit-per-vjedhje-te-rende-kerkohet-ndihma-e-qytetareve-per-kapjen-e-tij\/\",\"name\":\"Policia ia publikon videon t\u00eb dyshuarit p\u00ebr vjedhje t\u00eb r\u00ebnd\u00eb, k\u00ebrkohet ndihma e qytetar\u00ebve p\u00ebr kapjen e tij\",\"isPartOf\":{\"@id\":\"https:\/\/permbledhja.com\/#website\"},\"datePublished\":\"2022-11-10T15:14:23+00:00\",\"dateModified\":\"2022-11-10T15:14:23+00:00\",\"breadcrumb\":{\"@id\":\"https:\/\/permbledhja.com\/policia-ia-publikon-videon-te-dyshuarit-per-vjedhje-te-rende-kerkohet-ndihma-e-qytetareve-per-kapjen-e-tij\/#breadcrumb\"},\"inLanguage\":\"sq\",\"potentialAction\":[{\"@type\":\"ReadAction\",\"target\":[\"https:\/\/permbledhja.com\/policia-ia-publikon-videon-te-dyshuarit-per-vjedhje-te-rende-kerkohet-ndihma-e-qytetareve-per-kapjen-e-tij\/\"]}]},{\"@type\":\"BreadcrumbList\",\"@id\":\"https:\/\/permbledhja.com\/policia-ia-publikon-videon-te-dyshuarit-per-vjedhje-te-rende-kerkohet-ndihma-e-qytetareve-per-kapjen-e-tij\/#breadcrumb\",\"itemListElement\":[{\"@type\":\"ListItem\",\"position\":1,\"name\":\"Ballina\",\"item\":\"https:\/\/permbledhja.com\/sq\/\"},{\"@type\":\"ListItem\",\"position\":2,\"name\":\"Policia ia publikon videon t\u00eb dyshuarit p\u00ebr vjedhje t\u00eb r\u00ebnd\u00eb, k\u00ebrkohet ndihma e qytetar\u00ebve p\u00ebr kapjen e tij\"}]},{\"@type\":\"WebSite\",\"@id\":\"https:\/\/permbledhja.com\/#website\",\"url\":\"https:\/\/permbledhja.com\/\",\"name\":\"Ve\u00e7 artikuj p\u00ebrmbledh\u00ebs\",\"description\":\"\",\"publisher\":{\"@id\":\"https:\/\/permbledhja.com\/#organization\"},\"potentialAction\":[{\"@type\":\"SearchAction\",\"target\":{\"@type\":\"EntryPoint\",\"urlTemplate\":\"https:\/\/permbledhja.com\/?s={search_term_string}\"},\"query-input\":\"required name=search_term_string\"}],\"inLanguage\":\"sq\"},{\"@type\":\"Organization\",\"@id\":\"https:\/\/permbledhja.com\/#organization\",\"name\":\"MK Media & Pr\",\"url\":\"https:\/\/permbledhja.com\/\",\"logo\":{\"@type\":\"ImageObject\",\"inLanguage\":\"sq\",\"@id\":\"https:\/\/permbledhja.com\/#\/schema\/logo\/image\/\",\"url\":\"https:\/\/permbledhja.com\/wp-content\/uploads\/2021\/12\/07-Press-Logo.jpg\",\"contentUrl\":\"https:\/\/permbledhja.com\/wp-content\/uploads\/2021\/12\/07-Press-Logo.jpg\",\"width\":512,\"height\":512,\"caption\":\"MK Media & Pr\"},\"image\":{\"@id\":\"https:\/\/permbledhja.com\/#\/schema\/logo\/image\/\"},\"sameAs\":[\"https:\/\/www.facebook.com\/press07\/\"]},{\"@type\":\"Person\",\"@id\":\"https:\/\/permbledhja.com\/#\/schema\/person\/0d064377258d3221e50693947b9eb4fe\",\"name\":\"P\u00ebrmbledhja\",\"image\":{\"@type\":\"ImageObject\",\"inLanguage\":\"sq\",\"@id\":\"https:\/\/permbledhja.com\/#\/schema\/person\/image\/\",\"url\":\"https:\/\/permbledhja.com\/wp-content\/uploads\/2026\/01\/452004717_1040944174702970_8932037511805513407_n-96x96.jpg\",\"contentUrl\":\"https:\/\/permbledhja.com\/wp-content\/uploads\/2026\/01\/452004717_1040944174702970_8932037511805513407_n-96x96.jpg\",\"caption\":\"P\u00ebrmbledhja\"},\"sameAs\":[\"https:\/\/www.facebook.com\/kafexhiu.muharrem\/\",\"https:\/\/www.instagram.com\/muharrem_kafexhiu\/\"],\"url\":\"https:\/\/permbledhja.com\/sq\/author\/admin\/\"}]}<\/script>\n<!-- \/ Yoast SEO plugin. -->","yoast_head_json":{"title":"Policia ia publikon videon t\u00eb dyshuarit p\u00ebr vjedhje t\u00eb r\u00ebnd\u00eb, k\u00ebrkohet ndihma e qytetar\u00ebve p\u00ebr kapjen e tij","robots":{"index":"index","follow":"follow","max-snippet":"max-snippet:-1","max-image-preview":"max-image-preview:large","max-video-preview":"max-video-preview:-1"},"canonical":"https:\/\/permbledhja.com\/sq\/policia-ia-publikon-videon-te-dyshuarit-per-vjedhje-te-rende-kerkohet-ndihma-e-qytetareve-per-kapjen-e-tij\/","og_locale":"sq_AL","og_type":"article","og_title":"Policia ia publikon videon t\u00eb dyshuarit p\u00ebr vjedhje t\u00eb r\u00ebnd\u00eb, k\u00ebrkohet ndihma e qytetar\u00ebve p\u00ebr kapjen e tij","og_description":"Drejtoria Rajonale e Policis\u00eb n\u00eb Ferizaj, n\u00eb baz\u00eb t\u00eb autorizimit nga Prokuroria Themelore n\u00eb Ferizaj, p\u00ebr publikimin e fotografive\/videoi\u00e7izimit t\u00eb personave n\u00eb k\u00ebrkim, l\u00ebshon k\u00ebrkes\u00eb p\u00ebr bashk\u00ebpunim me qytetar\u00ebt, me q\u00ebllim identifikimin dhe vendodhjen e personit n\u00eb k\u00ebrkim policor, i cili dyshohet p\u00ebr vepren penale \u2018\u2019Vjedhje e r\u00ebnd\u00eb\u2019\u2019. Policia njofton se \u2018\u2019Vjedhja e r\u00ebnd\u00eb\u2019\u2019 ka [&hellip;]","og_url":"https:\/\/permbledhja.com\/sq\/policia-ia-publikon-videon-te-dyshuarit-per-vjedhje-te-rende-kerkohet-ndihma-e-qytetareve-per-kapjen-e-tij\/","og_site_name":"Ve\u00e7 artikuj p\u00ebrmbledh\u00ebs","article_publisher":"https:\/\/www.facebook.com\/press07\/","article_author":"https:\/\/www.facebook.com\/kafexhiu.muharrem\/","article_published_time":"2022-11-10T15:14:23+00:00","og_image":[{"width":900,"height":600,"url":"https:\/\/permbledhja.com\/wp-content\/uploads\/2022\/08\/Policia-e-Kosoves-2021-4-2-1.jpg","type":"image\/jpeg"}],"author":"P\u00ebrmbledhja","twitter_card":"summary_large_image","twitter_misc":{"Written by":"P\u00ebrmbledhja","Est. reading time":"1 minut\u00eb"},"schema":{"@context":"https:\/\/schema.org","@graph":[{"@type":"Article","@id":"https:\/\/permbledhja.com\/policia-ia-publikon-videon-te-dyshuarit-per-vjedhje-te-rende-kerkohet-ndihma-e-qytetareve-per-kapjen-e-tij\/#article","isPartOf":{"@id":"https:\/\/permbledhja.com\/policia-ia-publikon-videon-te-dyshuarit-per-vjedhje-te-rende-kerkohet-ndihma-e-qytetareve-per-kapjen-e-tij\/"},"author":{"name":"P\u00ebrmbledhja","@id":"https:\/\/permbledhja.com\/#\/schema\/person\/0d064377258d3221e50693947b9eb4fe"},"headline":"Policia ia publikon videon t\u00eb dyshuarit p\u00ebr vjedhje t\u00eb r\u00ebnd\u00eb, k\u00ebrkohet ndihma e qytetar\u00ebve p\u00ebr kapjen e tij","datePublished":"2022-11-10T15:14:23+00:00","dateModified":"2022-11-10T15:14:23+00:00","mainEntityOfPage":{"@id":"https:\/\/permbledhja.com\/policia-ia-publikon-videon-te-dyshuarit-per-vjedhje-te-rende-kerkohet-ndihma-e-qytetareve-per-kapjen-e-tij\/"},"wordCount":198,"publisher":{"@id":"https:\/\/permbledhja.com\/#organization"},"keywords":["Policia e Kosov\u00ebs"],"articleSection":["Komb\u00ebtare","Lajme"],"inLanguage":"sq"},{"@type":"WebPage","@id":"https:\/\/permbledhja.com\/policia-ia-publikon-videon-te-dyshuarit-per-vjedhje-te-rende-kerkohet-ndihma-e-qytetareve-per-kapjen-e-tij\/","url":"https:\/\/permbledhja.com\/policia-ia-publikon-videon-te-dyshuarit-per-vjedhje-te-rende-kerkohet-ndihma-e-qytetareve-per-kapjen-e-tij\/","name":"Policia ia publikon videon t\u00eb dyshuarit p\u00ebr vjedhje t\u00eb r\u00ebnd\u00eb, k\u00ebrkohet ndihma e qytetar\u00ebve p\u00ebr kapjen e tij","isPartOf":{"@id":"https:\/\/permbledhja.com\/#website"},"datePublished":"2022-11-10T15:14:23+00:00","dateModified":"2022-11-10T15:14:23+00:00","breadcrumb":{"@id":"https:\/\/permbledhja.com\/policia-ia-publikon-videon-te-dyshuarit-per-vjedhje-te-rende-kerkohet-ndihma-e-qytetareve-per-kapjen-e-tij\/#breadcrumb"},"inLanguage":"sq","potentialAction":[{"@type":"ReadAction","target":["https:\/\/permbledhja.com\/policia-ia-publikon-videon-te-dyshuarit-per-vjedhje-te-rende-kerkohet-ndihma-e-qytetareve-per-kapjen-e-tij\/"]}]},{"@type":"BreadcrumbList","@id":"https:\/\/permbledhja.com\/policia-ia-publikon-videon-te-dyshuarit-per-vjedhje-te-rende-kerkohet-ndihma-e-qytetareve-per-kapjen-e-tij\/#breadcrumb","itemListElement":[{"@type":"ListItem","position":1,"name":"Ballina","item":"https:\/\/permbledhja.com\/sq\/"},{"@type":"ListItem","position":2,"name":"Policia ia publikon videon t\u00eb dyshuarit p\u00ebr vjedhje t\u00eb r\u00ebnd\u00eb, k\u00ebrkohet ndihma e qytetar\u00ebve p\u00ebr kapjen e tij"}]},{"@type":"WebSite","@id":"https:\/\/permbledhja.com\/#website","url":"https:\/\/permbledhja.com\/","name":"Ve\u00e7 artikuj p\u00ebrmbledh\u00ebs","description":"","publisher":{"@id":"https:\/\/permbledhja.com\/#organization"},"potentialAction":[{"@type":"SearchAction","target":{"@type":"EntryPoint","urlTemplate":"https:\/\/permbledhja.com\/?s={search_term_string}"},"query-input":"required name=search_term_string"}],"inLanguage":"sq"},{"@type":"Organization","@id":"https:\/\/permbledhja.com\/#organization","name":"MK Media & Pr","url":"https:\/\/permbledhja.com\/","logo":{"@type":"ImageObject","inLanguage":"sq","@id":"https:\/\/permbledhja.com\/#\/schema\/logo\/image\/","url":"https:\/\/permbledhja.com\/wp-content\/uploads\/2021\/12\/07-Press-Logo.jpg","contentUrl":"https:\/\/permbledhja.com\/wp-content\/uploads\/2021\/12\/07-Press-Logo.jpg","width":512,"height":512,"caption":"MK Media & Pr"},"image":{"@id":"https:\/\/permbledhja.com\/#\/schema\/logo\/image\/"},"sameAs":["https:\/\/www.facebook.com\/press07\/"]},{"@type":"Person","@id":"https:\/\/permbledhja.com\/#\/schema\/person\/0d064377258d3221e50693947b9eb4fe","name":"P\u00ebrmbledhja","image":{"@type":"ImageObject","inLanguage":"sq","@id":"https:\/\/permbledhja.com\/#\/schema\/person\/image\/","url":"https:\/\/permbledhja.com\/wp-content\/uploads\/2026\/01\/452004717_1040944174702970_8932037511805513407_n-96x96.jpg","contentUrl":"https:\/\/permbledhja.com\/wp-content\/uploads\/2026\/01\/452004717_1040944174702970_8932037511805513407_n-96x96.jpg","caption":"P\u00ebrmbledhja"},"sameAs":["https:\/\/www.facebook.com\/kafexhiu.muharrem\/","https:\/\/www.instagram.com\/muharrem_kafexhiu\/"],"url":"https:\/\/permbledhja.com\/sq\/author\/admin\/"}]}},"_links":{"self":[{"href":"https:\/\/permbledhja.com\/sq\/wp-json\/wp\/v2\/posts\/9978"}],"collection":[{"href":"https:\/\/permbledhja.com\/sq\/wp-json\/wp\/v2\/posts"}],"about":[{"href":"https:\/\/permbledhja.com\/sq\/wp-json\/wp\/v2\/types\/post"}],"author":[{"embeddable":true,"href":"https:\/\/permbledhja.com\/sq\/wp-json\/wp\/v2\/users\/1"}],"replies":[{"embeddable":true,"href":"https:\/\/permbledhja.com\/sq\/wp-json\/wp\/v2\/comments?post=9978"}],"version-history":[{"count":1,"href":"https:\/\/permbledhja.com\/sq\/wp-json\/wp\/v2\/posts\/9978\/revisions"}],"predecessor-version":[{"id":9979,"href":"https:\/\/permbledhja.com\/sq\/wp-json\/wp\/v2\/posts\/9978\/revisions\/9979"}],"wp:featuredmedia":[{"embeddable":true,"href":"https:\/\/permbledhja.com\/sq\/wp-json\/wp\/v2\/media\/4606"}],"wp:attachment":[{"href":"https:\/\/permbledhja.com\/sq\/wp-json\/wp\/v2\/media?parent=9978"}],"wp:term":[{"taxonomy":"category","embeddable":true,"href":"https:\/\/permbledhja.com\/sq\/wp-json\/wp\/v2\/categories?post=9978"},{"taxonomy":"post_tag","embeddable":true,"href":"https:\/\/permbledhja.com\/sq\/wp-json\/wp\/v2\/tags?post=9978"}],"curies":[{"name":"wp","href":"https:\/\/api.w.org\/{rel}","templated":true}]}}