{"id":9969,"date":"2022-11-10T15:10:07","date_gmt":"2022-11-10T15:10:07","guid":{"rendered":"https:\/\/permbledhja.com\/?p=9969"},"modified":"2022-11-10T15:10:07","modified_gmt":"2022-11-10T15:10:07","slug":"emrat-komisioni-qendror-zgjedhor-rekomandon-zevendesimin-e-deputeteve-te-listes-serbe","status":"publish","type":"post","link":"https:\/\/permbledhja.com\/sq\/emrat-komisioni-qendror-zgjedhor-rekomandon-zevendesimin-e-deputeteve-te-listes-serbe\/","title":{"rendered":"Emrat\/ Komisioni Qendror Zgjedhor rekomandon z\u00ebvend\u00ebsimin e deputet\u00ebve t\u00eb List\u00ebs Serbe"},"content":{"rendered":"<p><strong>Komisioni Qendror Zgjedhor ka zhvilluar sot mbledhjen e radh\u00ebs.<\/strong><\/p>\n<p>N\u00eb k\u00ebt\u00eb mbledhje, KQZ ka miratuar rekomandimin e kandidat\u00ebve t\u00eb radh\u00ebs p\u00ebr z\u00ebvend\u00ebsimin e dhjet\u00eb deputet\u00ebve t\u00eb dor\u00ebhequr nga subjekti politik, Lista Serbe.<\/p>\n<p>Deputet\u00ebt e List\u00ebs Serbe jan\u00eb z\u00ebvend\u00ebsuar me n\u00ebnt\u00eb deputet\u00eb t\u00eb k\u00ebsaj partie dhe nj\u00eb tjet\u00ebr nga iniciativa qytetar\u00eb, SPO, t\u00eb certifikuar n\u00eb zgjedhjet e parakohshme p\u00ebr Kuvendin e Republik\u00ebs s\u00eb Kosov\u00ebs, t\u00eb cilat jan\u00eb mbajtur m\u00eb 14 shkurt 2021.<\/p>\n<p>Ky rekomandim vie pas k\u00ebrkes\u00ebs s\u00eb presidentes s\u00eb Kosov\u00ebs, Vjosa Osmani, do t\u00eb dor\u00ebzuar m\u00eb 8 n\u00ebntor 2022.<\/p>\n<p>Ndryshe t\u00eb shtun\u00ebn, p\u00ebrfaq\u00ebsuesit e List\u00ebs Serbe kan\u00eb njoftuar publikisht se jan\u00eb larguar nga institucionet drejtuese t\u00eb Kosov\u00ebs.<\/p>\n<p>T\u00eb nj\u00ebjtit kan\u00eb vendosur q\u00eb t\u00eb heqin dor\u00eb nga mandati i deputet\u00ebve.<\/p>\n<p>N\u00eb kuad\u00ebr t\u00eb dor\u00ebheqjeve n\u00eb veri t\u00eb vendit pati zhvillime t\u00eb nj\u00ebpasnj\u00ebshme. Rreth 600 zyrtar\u00eb policor\u00eb jan\u00eb dor\u00ebhequr, e nj\u00ebsoj kan\u00eb vepruar edhe kryetar\u00ebt e komunave me shumic\u00eb serbe.<\/p>\n<p>Po ashtu gjat\u00eb dit\u00ebs s\u00eb djeshme \u00ebsht\u00eb b\u00ebr\u00eb e ditur se dor\u00ebheqje kan\u00eb dh\u00ebn\u00eb edhe zyrtar\u00ebt e Komisionit Qendror Zgjedhor nga nacionaliteti serb, teksa sot dor\u00ebheqje dhan\u00eb edhe zyrtar\u00ebt e Dogan\u00ebs s\u00eb Kosov\u00ebs, nga nacionaliteti serb.<\/p>\n<p>T\u00eb dor\u00ebhequr nga nacionaliteti serb n\u00eb veri t\u00eb vendit jan\u00eb gjithashtu edhe prokuror\u00eb e gjyqtar\u00eb t\u00eb shumt\u00eb.<\/p>\n<p>Zhvillimet e nj\u00ebpasnj\u00ebshme n\u00eb veri t\u00eb vendit erdh\u00ebn pasi Qeveria e Kosov\u00ebs nisi l\u00ebshimin e flet\u00ebqortimeve ndaj serb\u00ebve t\u00eb cil\u00ebt nuk kan\u00eb konvertuar tabelat e automjeteve nga ato ilegale n\u00eb RKS.<\/p>\n<p>Nga Shtetet e Bashkuara t\u00eb Amerik\u00ebs dhe BE-ja \u00ebsht\u00eb k\u00ebrkuar q\u00eb gjith\u00e7ka t\u00eb zgjidhet p\u00ebrmes dialogut, e q\u00eb t\u00eb mos ket\u00eb p\u00ebrshkall\u00ebzim t\u00eb situat\u00ebs n\u00eb veri.<\/p>\n<p><img loading=\"lazy\" decoding=\"async\" src=\"https:\/\/permbledhja.com\/wp-content\/uploads\/2022\/11\/314984930_480932393837871_6510950788639194099_n.jpg\" alt=\"\" width=\"1624\" height=\"1023\" class=\"alignnone size-full wp-image-9971\" srcset=\"https:\/\/permbledhja.com\/wp-content\/uploads\/2022\/11\/314984930_480932393837871_6510950788639194099_n.jpg 1624w, https:\/\/permbledhja.com\/wp-content\/uploads\/2022\/11\/314984930_480932393837871_6510950788639194099_n-300x189.jpg 300w, https:\/\/permbledhja.com\/wp-content\/uploads\/2022\/11\/314984930_480932393837871_6510950788639194099_n-1024x645.jpg 1024w, https:\/\/permbledhja.com\/wp-content\/uploads\/2022\/11\/314984930_480932393837871_6510950788639194099_n-768x484.jpg 768w, https:\/\/permbledhja.com\/wp-content\/uploads\/2022\/11\/314984930_480932393837871_6510950788639194099_n-1536x968.jpg 1536w, https:\/\/permbledhja.com\/wp-content\/uploads\/2022\/11\/314984930_480932393837871_6510950788639194099_n-18x12.jpg 18w\" sizes=\"(max-width: 1624px) 100vw, 1624px\" \/><\/p>\n","protected":false},"excerpt":{"rendered":"<p>Komisioni Qendror Zgjedhor ka zhvilluar sot mbledhjen e radh\u00ebs. N\u00eb k\u00ebt\u00eb mbledhje, KQZ ka miratuar rekomandimin e kandidat\u00ebve t\u00eb radh\u00ebs p\u00ebr z\u00ebvend\u00ebsimin e dhjet\u00eb deputet\u00ebve t\u00eb dor\u00ebhequr nga subjekti politik, Lista Serbe. Deputet\u00ebt e List\u00ebs Serbe jan\u00eb z\u00ebvend\u00ebsuar me n\u00ebnt\u00eb deputet\u00eb t\u00eb k\u00ebsaj partie dhe nj\u00eb tjet\u00ebr nga iniciativa qytetar\u00eb, SPO, t\u00eb certifikuar n\u00eb zgjedhjet [&hellip;]<\/p>\n","protected":false},"author":1,"featured_media":9970,"comment_status":"closed","ping_status":"closed","sticky":false,"template":"","format":"standard","meta":{"_monsterinsights_skip_tracking":false,"_monsterinsights_sitenote_active":false,"_monsterinsights_sitenote_note":"","_monsterinsights_sitenote_category":0,"_uf_show_specific_survey":0,"_uf_disable_surveys":false,"footnotes":""},"categories":[23,15],"tags":[1091],"yoast_head":"<!-- This site is optimized with the Yoast SEO plugin v21.5 - https:\/\/yoast.com\/wordpress\/plugins\/seo\/ -->\n<title>Emrat\/ Komisioni Qendror Zgjedhor rekomandon z\u00ebvend\u00ebsimin e deputet\u00ebve t\u00eb List\u00ebs Serbe<\/title>\n<meta name=\"robots\" content=\"index, follow, max-snippet:-1, max-image-preview:large, max-video-preview:-1\" \/>\n<link rel=\"canonical\" href=\"https:\/\/permbledhja.com\/sq\/emrat-komisioni-qendror-zgjedhor-rekomandon-zevendesimin-e-deputeteve-te-listes-serbe\/\" \/>\n<meta property=\"og:locale\" content=\"sq_AL\" \/>\n<meta property=\"og:type\" content=\"article\" \/>\n<meta property=\"og:title\" content=\"Emrat\/ Komisioni Qendror Zgjedhor rekomandon z\u00ebvend\u00ebsimin e deputet\u00ebve t\u00eb List\u00ebs Serbe\" \/>\n<meta property=\"og:description\" content=\"Komisioni Qendror Zgjedhor ka zhvilluar sot mbledhjen e radh\u00ebs. N\u00eb k\u00ebt\u00eb mbledhje, KQZ ka miratuar rekomandimin e kandidat\u00ebve t\u00eb radh\u00ebs p\u00ebr z\u00ebvend\u00ebsimin e dhjet\u00eb deputet\u00ebve t\u00eb dor\u00ebhequr nga subjekti politik, Lista Serbe. Deputet\u00ebt e List\u00ebs Serbe jan\u00eb z\u00ebvend\u00ebsuar me n\u00ebnt\u00eb deputet\u00eb t\u00eb k\u00ebsaj partie dhe nj\u00eb tjet\u00ebr nga iniciativa qytetar\u00eb, SPO, t\u00eb certifikuar n\u00eb zgjedhjet [&hellip;]\" \/>\n<meta property=\"og:url\" content=\"https:\/\/permbledhja.com\/sq\/emrat-komisioni-qendror-zgjedhor-rekomandon-zevendesimin-e-deputeteve-te-listes-serbe\/\" \/>\n<meta property=\"og:site_name\" content=\"Ve\u00e7 artikuj p\u00ebrmbledh\u00ebs\" \/>\n<meta property=\"article:publisher\" content=\"https:\/\/www.facebook.com\/press07\/\" \/>\n<meta property=\"article:author\" content=\"https:\/\/www.facebook.com\/kafexhiu.muharrem\/\" \/>\n<meta property=\"article:published_time\" content=\"2022-11-10T15:10:07+00:00\" \/>\n<meta property=\"og:image\" content=\"https:\/\/permbledhja.com\/wp-content\/uploads\/2022\/11\/1.KQZ-2021-3.jpg\" \/>\n\t<meta property=\"og:image:width\" content=\"900\" \/>\n\t<meta property=\"og:image:height\" content=\"600\" \/>\n\t<meta property=\"og:image:type\" content=\"image\/jpeg\" \/>\n<meta name=\"author\" content=\"P\u00ebrmbledhja\" \/>\n<meta name=\"twitter:card\" content=\"summary_large_image\" \/>\n<meta name=\"twitter:label1\" content=\"Written by\" \/>\n\t<meta name=\"twitter:data1\" content=\"P\u00ebrmbledhja\" \/>\n\t<meta name=\"twitter:label2\" content=\"Est. reading time\" \/>\n\t<meta name=\"twitter:data2\" content=\"2 minuta\" \/>\n<script type=\"application\/ld+json\" class=\"yoast-schema-graph\">{\"@context\":\"https:\/\/schema.org\",\"@graph\":[{\"@type\":\"Article\",\"@id\":\"https:\/\/permbledhja.com\/emrat-komisioni-qendror-zgjedhor-rekomandon-zevendesimin-e-deputeteve-te-listes-serbe\/#article\",\"isPartOf\":{\"@id\":\"https:\/\/permbledhja.com\/emrat-komisioni-qendror-zgjedhor-rekomandon-zevendesimin-e-deputeteve-te-listes-serbe\/\"},\"author\":{\"name\":\"P\u00ebrmbledhja\",\"@id\":\"https:\/\/permbledhja.com\/#\/schema\/person\/0d064377258d3221e50693947b9eb4fe\"},\"headline\":\"Emrat\/ Komisioni Qendror Zgjedhor rekomandon z\u00ebvend\u00ebsimin e deputet\u00ebve t\u00eb List\u00ebs Serbe\",\"datePublished\":\"2022-11-10T15:10:07+00:00\",\"dateModified\":\"2022-11-10T15:10:07+00:00\",\"mainEntityOfPage\":{\"@id\":\"https:\/\/permbledhja.com\/emrat-komisioni-qendror-zgjedhor-rekomandon-zevendesimin-e-deputeteve-te-listes-serbe\/\"},\"wordCount\":331,\"publisher\":{\"@id\":\"https:\/\/permbledhja.com\/#organization\"},\"keywords\":[\"KQZ\"],\"articleSection\":[\"Komb\u00ebtare\",\"Lajme\"],\"inLanguage\":\"sq\"},{\"@type\":\"WebPage\",\"@id\":\"https:\/\/permbledhja.com\/emrat-komisioni-qendror-zgjedhor-rekomandon-zevendesimin-e-deputeteve-te-listes-serbe\/\",\"url\":\"https:\/\/permbledhja.com\/emrat-komisioni-qendror-zgjedhor-rekomandon-zevendesimin-e-deputeteve-te-listes-serbe\/\",\"name\":\"Emrat\/ Komisioni Qendror Zgjedhor rekomandon z\u00ebvend\u00ebsimin e deputet\u00ebve t\u00eb List\u00ebs Serbe\",\"isPartOf\":{\"@id\":\"https:\/\/permbledhja.com\/#website\"},\"datePublished\":\"2022-11-10T15:10:07+00:00\",\"dateModified\":\"2022-11-10T15:10:07+00:00\",\"breadcrumb\":{\"@id\":\"https:\/\/permbledhja.com\/emrat-komisioni-qendror-zgjedhor-rekomandon-zevendesimin-e-deputeteve-te-listes-serbe\/#breadcrumb\"},\"inLanguage\":\"sq\",\"potentialAction\":[{\"@type\":\"ReadAction\",\"target\":[\"https:\/\/permbledhja.com\/emrat-komisioni-qendror-zgjedhor-rekomandon-zevendesimin-e-deputeteve-te-listes-serbe\/\"]}]},{\"@type\":\"BreadcrumbList\",\"@id\":\"https:\/\/permbledhja.com\/emrat-komisioni-qendror-zgjedhor-rekomandon-zevendesimin-e-deputeteve-te-listes-serbe\/#breadcrumb\",\"itemListElement\":[{\"@type\":\"ListItem\",\"position\":1,\"name\":\"Ballina\",\"item\":\"https:\/\/permbledhja.com\/sq\/\"},{\"@type\":\"ListItem\",\"position\":2,\"name\":\"Emrat\/ Komisioni Qendror Zgjedhor rekomandon z\u00ebvend\u00ebsimin e deputet\u00ebve t\u00eb List\u00ebs Serbe\"}]},{\"@type\":\"WebSite\",\"@id\":\"https:\/\/permbledhja.com\/#website\",\"url\":\"https:\/\/permbledhja.com\/\",\"name\":\"Ve\u00e7 artikuj p\u00ebrmbledh\u00ebs\",\"description\":\"\",\"publisher\":{\"@id\":\"https:\/\/permbledhja.com\/#organization\"},\"potentialAction\":[{\"@type\":\"SearchAction\",\"target\":{\"@type\":\"EntryPoint\",\"urlTemplate\":\"https:\/\/permbledhja.com\/?s={search_term_string}\"},\"query-input\":\"required name=search_term_string\"}],\"inLanguage\":\"sq\"},{\"@type\":\"Organization\",\"@id\":\"https:\/\/permbledhja.com\/#organization\",\"name\":\"MK Media & Pr\",\"url\":\"https:\/\/permbledhja.com\/\",\"logo\":{\"@type\":\"ImageObject\",\"inLanguage\":\"sq\",\"@id\":\"https:\/\/permbledhja.com\/#\/schema\/logo\/image\/\",\"url\":\"https:\/\/permbledhja.com\/wp-content\/uploads\/2021\/12\/07-Press-Logo.jpg\",\"contentUrl\":\"https:\/\/permbledhja.com\/wp-content\/uploads\/2021\/12\/07-Press-Logo.jpg\",\"width\":512,\"height\":512,\"caption\":\"MK Media & Pr\"},\"image\":{\"@id\":\"https:\/\/permbledhja.com\/#\/schema\/logo\/image\/\"},\"sameAs\":[\"https:\/\/www.facebook.com\/press07\/\"]},{\"@type\":\"Person\",\"@id\":\"https:\/\/permbledhja.com\/#\/schema\/person\/0d064377258d3221e50693947b9eb4fe\",\"name\":\"P\u00ebrmbledhja\",\"image\":{\"@type\":\"ImageObject\",\"inLanguage\":\"sq\",\"@id\":\"https:\/\/permbledhja.com\/#\/schema\/person\/image\/\",\"url\":\"https:\/\/permbledhja.com\/wp-content\/uploads\/2026\/01\/452004717_1040944174702970_8932037511805513407_n-96x96.jpg\",\"contentUrl\":\"https:\/\/permbledhja.com\/wp-content\/uploads\/2026\/01\/452004717_1040944174702970_8932037511805513407_n-96x96.jpg\",\"caption\":\"P\u00ebrmbledhja\"},\"sameAs\":[\"https:\/\/www.facebook.com\/kafexhiu.muharrem\/\",\"https:\/\/www.instagram.com\/muharrem_kafexhiu\/\"],\"url\":\"https:\/\/permbledhja.com\/sq\/author\/admin\/\"}]}<\/script>\n<!-- \/ Yoast SEO plugin. -->","yoast_head_json":{"title":"Emrat\/ Komisioni Qendror Zgjedhor rekomandon z\u00ebvend\u00ebsimin e deputet\u00ebve t\u00eb List\u00ebs Serbe","robots":{"index":"index","follow":"follow","max-snippet":"max-snippet:-1","max-image-preview":"max-image-preview:large","max-video-preview":"max-video-preview:-1"},"canonical":"https:\/\/permbledhja.com\/sq\/emrat-komisioni-qendror-zgjedhor-rekomandon-zevendesimin-e-deputeteve-te-listes-serbe\/","og_locale":"sq_AL","og_type":"article","og_title":"Emrat\/ Komisioni Qendror Zgjedhor rekomandon z\u00ebvend\u00ebsimin e deputet\u00ebve t\u00eb List\u00ebs Serbe","og_description":"Komisioni Qendror Zgjedhor ka zhvilluar sot mbledhjen e radh\u00ebs. N\u00eb k\u00ebt\u00eb mbledhje, KQZ ka miratuar rekomandimin e kandidat\u00ebve t\u00eb radh\u00ebs p\u00ebr z\u00ebvend\u00ebsimin e dhjet\u00eb deputet\u00ebve t\u00eb dor\u00ebhequr nga subjekti politik, Lista Serbe. Deputet\u00ebt e List\u00ebs Serbe jan\u00eb z\u00ebvend\u00ebsuar me n\u00ebnt\u00eb deputet\u00eb t\u00eb k\u00ebsaj partie dhe nj\u00eb tjet\u00ebr nga iniciativa qytetar\u00eb, SPO, t\u00eb certifikuar n\u00eb zgjedhjet [&hellip;]","og_url":"https:\/\/permbledhja.com\/sq\/emrat-komisioni-qendror-zgjedhor-rekomandon-zevendesimin-e-deputeteve-te-listes-serbe\/","og_site_name":"Ve\u00e7 artikuj p\u00ebrmbledh\u00ebs","article_publisher":"https:\/\/www.facebook.com\/press07\/","article_author":"https:\/\/www.facebook.com\/kafexhiu.muharrem\/","article_published_time":"2022-11-10T15:10:07+00:00","og_image":[{"width":900,"height":600,"url":"https:\/\/permbledhja.com\/wp-content\/uploads\/2022\/11\/1.KQZ-2021-3.jpg","type":"image\/jpeg"}],"author":"P\u00ebrmbledhja","twitter_card":"summary_large_image","twitter_misc":{"Written by":"P\u00ebrmbledhja","Est. reading time":"2 minuta"},"schema":{"@context":"https:\/\/schema.org","@graph":[{"@type":"Article","@id":"https:\/\/permbledhja.com\/emrat-komisioni-qendror-zgjedhor-rekomandon-zevendesimin-e-deputeteve-te-listes-serbe\/#article","isPartOf":{"@id":"https:\/\/permbledhja.com\/emrat-komisioni-qendror-zgjedhor-rekomandon-zevendesimin-e-deputeteve-te-listes-serbe\/"},"author":{"name":"P\u00ebrmbledhja","@id":"https:\/\/permbledhja.com\/#\/schema\/person\/0d064377258d3221e50693947b9eb4fe"},"headline":"Emrat\/ Komisioni Qendror Zgjedhor rekomandon z\u00ebvend\u00ebsimin e deputet\u00ebve t\u00eb List\u00ebs Serbe","datePublished":"2022-11-10T15:10:07+00:00","dateModified":"2022-11-10T15:10:07+00:00","mainEntityOfPage":{"@id":"https:\/\/permbledhja.com\/emrat-komisioni-qendror-zgjedhor-rekomandon-zevendesimin-e-deputeteve-te-listes-serbe\/"},"wordCount":331,"publisher":{"@id":"https:\/\/permbledhja.com\/#organization"},"keywords":["KQZ"],"articleSection":["Komb\u00ebtare","Lajme"],"inLanguage":"sq"},{"@type":"WebPage","@id":"https:\/\/permbledhja.com\/emrat-komisioni-qendror-zgjedhor-rekomandon-zevendesimin-e-deputeteve-te-listes-serbe\/","url":"https:\/\/permbledhja.com\/emrat-komisioni-qendror-zgjedhor-rekomandon-zevendesimin-e-deputeteve-te-listes-serbe\/","name":"Emrat\/ Komisioni Qendror Zgjedhor rekomandon z\u00ebvend\u00ebsimin e deputet\u00ebve t\u00eb List\u00ebs Serbe","isPartOf":{"@id":"https:\/\/permbledhja.com\/#website"},"datePublished":"2022-11-10T15:10:07+00:00","dateModified":"2022-11-10T15:10:07+00:00","breadcrumb":{"@id":"https:\/\/permbledhja.com\/emrat-komisioni-qendror-zgjedhor-rekomandon-zevendesimin-e-deputeteve-te-listes-serbe\/#breadcrumb"},"inLanguage":"sq","potentialAction":[{"@type":"ReadAction","target":["https:\/\/permbledhja.com\/emrat-komisioni-qendror-zgjedhor-rekomandon-zevendesimin-e-deputeteve-te-listes-serbe\/"]}]},{"@type":"BreadcrumbList","@id":"https:\/\/permbledhja.com\/emrat-komisioni-qendror-zgjedhor-rekomandon-zevendesimin-e-deputeteve-te-listes-serbe\/#breadcrumb","itemListElement":[{"@type":"ListItem","position":1,"name":"Ballina","item":"https:\/\/permbledhja.com\/sq\/"},{"@type":"ListItem","position":2,"name":"Emrat\/ Komisioni Qendror Zgjedhor rekomandon z\u00ebvend\u00ebsimin e deputet\u00ebve t\u00eb List\u00ebs Serbe"}]},{"@type":"WebSite","@id":"https:\/\/permbledhja.com\/#website","url":"https:\/\/permbledhja.com\/","name":"Ve\u00e7 artikuj p\u00ebrmbledh\u00ebs","description":"","publisher":{"@id":"https:\/\/permbledhja.com\/#organization"},"potentialAction":[{"@type":"SearchAction","target":{"@type":"EntryPoint","urlTemplate":"https:\/\/permbledhja.com\/?s={search_term_string}"},"query-input":"required name=search_term_string"}],"inLanguage":"sq"},{"@type":"Organization","@id":"https:\/\/permbledhja.com\/#organization","name":"MK Media & Pr","url":"https:\/\/permbledhja.com\/","logo":{"@type":"ImageObject","inLanguage":"sq","@id":"https:\/\/permbledhja.com\/#\/schema\/logo\/image\/","url":"https:\/\/permbledhja.com\/wp-content\/uploads\/2021\/12\/07-Press-Logo.jpg","contentUrl":"https:\/\/permbledhja.com\/wp-content\/uploads\/2021\/12\/07-Press-Logo.jpg","width":512,"height":512,"caption":"MK Media & Pr"},"image":{"@id":"https:\/\/permbledhja.com\/#\/schema\/logo\/image\/"},"sameAs":["https:\/\/www.facebook.com\/press07\/"]},{"@type":"Person","@id":"https:\/\/permbledhja.com\/#\/schema\/person\/0d064377258d3221e50693947b9eb4fe","name":"P\u00ebrmbledhja","image":{"@type":"ImageObject","inLanguage":"sq","@id":"https:\/\/permbledhja.com\/#\/schema\/person\/image\/","url":"https:\/\/permbledhja.com\/wp-content\/uploads\/2026\/01\/452004717_1040944174702970_8932037511805513407_n-96x96.jpg","contentUrl":"https:\/\/permbledhja.com\/wp-content\/uploads\/2026\/01\/452004717_1040944174702970_8932037511805513407_n-96x96.jpg","caption":"P\u00ebrmbledhja"},"sameAs":["https:\/\/www.facebook.com\/kafexhiu.muharrem\/","https:\/\/www.instagram.com\/muharrem_kafexhiu\/"],"url":"https:\/\/permbledhja.com\/sq\/author\/admin\/"}]}},"_links":{"self":[{"href":"https:\/\/permbledhja.com\/sq\/wp-json\/wp\/v2\/posts\/9969"}],"collection":[{"href":"https:\/\/permbledhja.com\/sq\/wp-json\/wp\/v2\/posts"}],"about":[{"href":"https:\/\/permbledhja.com\/sq\/wp-json\/wp\/v2\/types\/post"}],"author":[{"embeddable":true,"href":"https:\/\/permbledhja.com\/sq\/wp-json\/wp\/v2\/users\/1"}],"replies":[{"embeddable":true,"href":"https:\/\/permbledhja.com\/sq\/wp-json\/wp\/v2\/comments?post=9969"}],"version-history":[{"count":1,"href":"https:\/\/permbledhja.com\/sq\/wp-json\/wp\/v2\/posts\/9969\/revisions"}],"predecessor-version":[{"id":9972,"href":"https:\/\/permbledhja.com\/sq\/wp-json\/wp\/v2\/posts\/9969\/revisions\/9972"}],"wp:featuredmedia":[{"embeddable":true,"href":"https:\/\/permbledhja.com\/sq\/wp-json\/wp\/v2\/media\/9970"}],"wp:attachment":[{"href":"https:\/\/permbledhja.com\/sq\/wp-json\/wp\/v2\/media?parent=9969"}],"wp:term":[{"taxonomy":"category","embeddable":true,"href":"https:\/\/permbledhja.com\/sq\/wp-json\/wp\/v2\/categories?post=9969"},{"taxonomy":"post_tag","embeddable":true,"href":"https:\/\/permbledhja.com\/sq\/wp-json\/wp\/v2\/tags?post=9969"}],"curies":[{"name":"wp","href":"https:\/\/api.w.org\/{rel}","templated":true}]}}