{"id":9868,"date":"2022-11-08T20:25:44","date_gmt":"2022-11-08T20:25:44","guid":{"rendered":"https:\/\/permbledhja.com\/?p=9868"},"modified":"2022-11-08T20:25:44","modified_gmt":"2022-11-08T20:25:44","slug":"theret-me-thike-nje-21-vjecar-kosovar-dergohet-me-urgjence-ne-qkuk","status":"publish","type":"post","link":"https:\/\/permbledhja.com\/sq\/theret-me-thike-nje-21-vjecar-kosovar-dergohet-me-urgjence-ne-qkuk\/","title":{"rendered":"Theret me thik\u00eb nj\u00eb 21 vje\u00e7ar kosovar, d\u00ebrgohet me urgjenc\u00eb n\u00eb QKUK"},"content":{"rendered":"<p>Nj\u00eb ngjarje e r\u00ebnd\u00eb ka ndodhur mbr\u00ebmjen e sotme n\u00eb rrug\u00ebn \u2018Tahir Sinani\u2019 n\u00eb Shtime, ku nj\u00eb person \u00ebsht\u00eb d\u00ebrguar me urgjenc\u00eb n\u00eb spital p\u00ebr shkak t\u00eb l\u00ebndimeve q\u00eb dyshohet se i mori nga nj\u00eb therje me thik\u00eb.<\/p>\n<p>Burimet e Gazet\u00ebs Sinjali brenda Emergjenc\u00ebs kan\u00eb b\u00ebr\u00eb me dije se 21-vje\u00e7ari ishte d\u00ebrguar atje n\u00eb gjendje t\u00eb r\u00ebnd\u00eb si pasoj\u00eb e plag\u00ebve q\u00eb kishte n\u00eb pjes\u00ebn e barkut. Pas dh\u00ebnies s\u00eb ndihm\u00ebs s\u00eb par\u00eb, p\u00ebr shkak t\u00eb natyr\u00ebs s\u00eb l\u00ebndimeve, i riu \u00ebsht\u00eb transferuar me urgjenc\u00eb p\u00ebr n\u00eb Qendr\u00ebn Klinike Universitare t\u00eb Kosov\u00ebs n\u00eb Prishtin\u00eb.<\/p>\n<p>Momentalisht nuk dihen motivet q\u00eb \u00e7uan n\u00eb ngjarjen e r\u00ebnd\u00eb dhe as nuk \u00ebsht\u00eb identifikuar ende ndonj\u00eb person i dyshuar.<\/p>\n<p>Me urdh\u00ebr t\u00eb prokurorit rasti \u00ebsht\u00eb cil\u00ebsuar \u2018L\u00ebndim i r\u00ebnd\u00eb trupor\u2019, nd\u00ebrsa veprimet tjera ligjore do merren var\u00ebsisht nga zhvillimi i hetimeve.<\/p>\n","protected":false},"excerpt":{"rendered":"<p>Nj\u00eb ngjarje e r\u00ebnd\u00eb ka ndodhur mbr\u00ebmjen e sotme n\u00eb rrug\u00ebn \u2018Tahir Sinani\u2019 n\u00eb Shtime, ku nj\u00eb person \u00ebsht\u00eb d\u00ebrguar me urgjenc\u00eb n\u00eb spital p\u00ebr shkak t\u00eb l\u00ebndimeve q\u00eb dyshohet se i mori nga nj\u00eb therje me thik\u00eb. Burimet e Gazet\u00ebs Sinjali brenda Emergjenc\u00ebs kan\u00eb b\u00ebr\u00eb me dije se 21-vje\u00e7ari ishte d\u00ebrguar atje n\u00eb gjendje [&hellip;]<\/p>\n","protected":false},"author":1,"featured_media":9869,"comment_status":"closed","ping_status":"closed","sticky":false,"template":"","format":"standard","meta":{"_monsterinsights_skip_tracking":false,"_monsterinsights_sitenote_active":false,"_monsterinsights_sitenote_note":"","_monsterinsights_sitenote_category":0,"_uf_show_specific_survey":0,"_uf_disable_surveys":false,"footnotes":""},"categories":[23,15],"tags":[],"yoast_head":"<!-- This site is optimized with the Yoast SEO plugin v21.5 - https:\/\/yoast.com\/wordpress\/plugins\/seo\/ -->\n<title>Theret me thik\u00eb nj\u00eb 21 vje\u00e7ar kosovar, d\u00ebrgohet me urgjenc\u00eb n\u00eb QKUK<\/title>\n<meta name=\"robots\" content=\"index, follow, max-snippet:-1, max-image-preview:large, max-video-preview:-1\" \/>\n<link rel=\"canonical\" href=\"https:\/\/permbledhja.com\/sq\/theret-me-thike-nje-21-vjecar-kosovar-dergohet-me-urgjence-ne-qkuk\/\" \/>\n<meta property=\"og:locale\" content=\"sq_AL\" \/>\n<meta property=\"og:type\" content=\"article\" \/>\n<meta property=\"og:title\" content=\"Theret me thik\u00eb nj\u00eb 21 vje\u00e7ar kosovar, d\u00ebrgohet me urgjenc\u00eb n\u00eb QKUK\" \/>\n<meta property=\"og:description\" content=\"Nj\u00eb ngjarje e r\u00ebnd\u00eb ka ndodhur mbr\u00ebmjen e sotme n\u00eb rrug\u00ebn \u2018Tahir Sinani\u2019 n\u00eb Shtime, ku nj\u00eb person \u00ebsht\u00eb d\u00ebrguar me urgjenc\u00eb n\u00eb spital p\u00ebr shkak t\u00eb l\u00ebndimeve q\u00eb dyshohet se i mori nga nj\u00eb therje me thik\u00eb. Burimet e Gazet\u00ebs Sinjali brenda Emergjenc\u00ebs kan\u00eb b\u00ebr\u00eb me dije se 21-vje\u00e7ari ishte d\u00ebrguar atje n\u00eb gjendje [&hellip;]\" \/>\n<meta property=\"og:url\" content=\"https:\/\/permbledhja.com\/sq\/theret-me-thike-nje-21-vjecar-kosovar-dergohet-me-urgjence-ne-qkuk\/\" \/>\n<meta property=\"og:site_name\" content=\"Ve\u00e7 artikuj p\u00ebrmbledh\u00ebs\" \/>\n<meta property=\"article:publisher\" content=\"https:\/\/www.facebook.com\/press07\/\" \/>\n<meta property=\"article:author\" content=\"https:\/\/www.facebook.com\/kafexhiu.muharrem\/\" \/>\n<meta property=\"article:published_time\" content=\"2022-11-08T20:25:44+00:00\" \/>\n<meta property=\"og:image\" content=\"https:\/\/permbledhja.com\/wp-content\/uploads\/2022\/11\/0A61CC78-3045-4CD3-9F91-24FA939ED236-800x445-1.jpeg\" \/>\n\t<meta property=\"og:image:width\" content=\"800\" \/>\n\t<meta property=\"og:image:height\" content=\"445\" \/>\n\t<meta property=\"og:image:type\" content=\"image\/jpeg\" \/>\n<meta name=\"author\" content=\"P\u00ebrmbledhja\" \/>\n<meta name=\"twitter:card\" content=\"summary_large_image\" \/>\n<meta name=\"twitter:label1\" content=\"Written by\" \/>\n\t<meta name=\"twitter:data1\" content=\"P\u00ebrmbledhja\" \/>\n\t<meta name=\"twitter:label2\" content=\"Est. reading time\" \/>\n\t<meta name=\"twitter:data2\" content=\"1 minut\u00eb\" \/>\n<script type=\"application\/ld+json\" class=\"yoast-schema-graph\">{\"@context\":\"https:\/\/schema.org\",\"@graph\":[{\"@type\":\"Article\",\"@id\":\"https:\/\/permbledhja.com\/theret-me-thike-nje-21-vjecar-kosovar-dergohet-me-urgjence-ne-qkuk\/#article\",\"isPartOf\":{\"@id\":\"https:\/\/permbledhja.com\/theret-me-thike-nje-21-vjecar-kosovar-dergohet-me-urgjence-ne-qkuk\/\"},\"author\":{\"name\":\"P\u00ebrmbledhja\",\"@id\":\"https:\/\/permbledhja.com\/#\/schema\/person\/0d064377258d3221e50693947b9eb4fe\"},\"headline\":\"Theret me thik\u00eb nj\u00eb 21 vje\u00e7ar kosovar, d\u00ebrgohet me urgjenc\u00eb n\u00eb QKUK\",\"datePublished\":\"2022-11-08T20:25:44+00:00\",\"dateModified\":\"2022-11-08T20:25:44+00:00\",\"mainEntityOfPage\":{\"@id\":\"https:\/\/permbledhja.com\/theret-me-thike-nje-21-vjecar-kosovar-dergohet-me-urgjence-ne-qkuk\/\"},\"wordCount\":178,\"publisher\":{\"@id\":\"https:\/\/permbledhja.com\/#organization\"},\"articleSection\":[\"Komb\u00ebtare\",\"Lajme\"],\"inLanguage\":\"sq\"},{\"@type\":\"WebPage\",\"@id\":\"https:\/\/permbledhja.com\/theret-me-thike-nje-21-vjecar-kosovar-dergohet-me-urgjence-ne-qkuk\/\",\"url\":\"https:\/\/permbledhja.com\/theret-me-thike-nje-21-vjecar-kosovar-dergohet-me-urgjence-ne-qkuk\/\",\"name\":\"Theret me thik\u00eb nj\u00eb 21 vje\u00e7ar kosovar, d\u00ebrgohet me urgjenc\u00eb n\u00eb QKUK\",\"isPartOf\":{\"@id\":\"https:\/\/permbledhja.com\/#website\"},\"datePublished\":\"2022-11-08T20:25:44+00:00\",\"dateModified\":\"2022-11-08T20:25:44+00:00\",\"breadcrumb\":{\"@id\":\"https:\/\/permbledhja.com\/theret-me-thike-nje-21-vjecar-kosovar-dergohet-me-urgjence-ne-qkuk\/#breadcrumb\"},\"inLanguage\":\"sq\",\"potentialAction\":[{\"@type\":\"ReadAction\",\"target\":[\"https:\/\/permbledhja.com\/theret-me-thike-nje-21-vjecar-kosovar-dergohet-me-urgjence-ne-qkuk\/\"]}]},{\"@type\":\"BreadcrumbList\",\"@id\":\"https:\/\/permbledhja.com\/theret-me-thike-nje-21-vjecar-kosovar-dergohet-me-urgjence-ne-qkuk\/#breadcrumb\",\"itemListElement\":[{\"@type\":\"ListItem\",\"position\":1,\"name\":\"Ballina\",\"item\":\"https:\/\/permbledhja.com\/sq\/\"},{\"@type\":\"ListItem\",\"position\":2,\"name\":\"Theret me thik\u00eb nj\u00eb 21 vje\u00e7ar kosovar, d\u00ebrgohet me urgjenc\u00eb n\u00eb QKUK\"}]},{\"@type\":\"WebSite\",\"@id\":\"https:\/\/permbledhja.com\/#website\",\"url\":\"https:\/\/permbledhja.com\/\",\"name\":\"Ve\u00e7 artikuj p\u00ebrmbledh\u00ebs\",\"description\":\"\",\"publisher\":{\"@id\":\"https:\/\/permbledhja.com\/#organization\"},\"potentialAction\":[{\"@type\":\"SearchAction\",\"target\":{\"@type\":\"EntryPoint\",\"urlTemplate\":\"https:\/\/permbledhja.com\/?s={search_term_string}\"},\"query-input\":\"required name=search_term_string\"}],\"inLanguage\":\"sq\"},{\"@type\":\"Organization\",\"@id\":\"https:\/\/permbledhja.com\/#organization\",\"name\":\"MK Media & Pr\",\"url\":\"https:\/\/permbledhja.com\/\",\"logo\":{\"@type\":\"ImageObject\",\"inLanguage\":\"sq\",\"@id\":\"https:\/\/permbledhja.com\/#\/schema\/logo\/image\/\",\"url\":\"https:\/\/permbledhja.com\/wp-content\/uploads\/2021\/12\/07-Press-Logo.jpg\",\"contentUrl\":\"https:\/\/permbledhja.com\/wp-content\/uploads\/2021\/12\/07-Press-Logo.jpg\",\"width\":512,\"height\":512,\"caption\":\"MK Media & Pr\"},\"image\":{\"@id\":\"https:\/\/permbledhja.com\/#\/schema\/logo\/image\/\"},\"sameAs\":[\"https:\/\/www.facebook.com\/press07\/\"]},{\"@type\":\"Person\",\"@id\":\"https:\/\/permbledhja.com\/#\/schema\/person\/0d064377258d3221e50693947b9eb4fe\",\"name\":\"P\u00ebrmbledhja\",\"image\":{\"@type\":\"ImageObject\",\"inLanguage\":\"sq\",\"@id\":\"https:\/\/permbledhja.com\/#\/schema\/person\/image\/\",\"url\":\"https:\/\/permbledhja.com\/wp-content\/uploads\/2026\/01\/452004717_1040944174702970_8932037511805513407_n-96x96.jpg\",\"contentUrl\":\"https:\/\/permbledhja.com\/wp-content\/uploads\/2026\/01\/452004717_1040944174702970_8932037511805513407_n-96x96.jpg\",\"caption\":\"P\u00ebrmbledhja\"},\"sameAs\":[\"https:\/\/www.facebook.com\/kafexhiu.muharrem\/\",\"https:\/\/www.instagram.com\/muharrem_kafexhiu\/\"],\"url\":\"https:\/\/permbledhja.com\/sq\/author\/admin\/\"}]}<\/script>\n<!-- \/ Yoast SEO plugin. -->","yoast_head_json":{"title":"Theret me thik\u00eb nj\u00eb 21 vje\u00e7ar kosovar, d\u00ebrgohet me urgjenc\u00eb n\u00eb QKUK","robots":{"index":"index","follow":"follow","max-snippet":"max-snippet:-1","max-image-preview":"max-image-preview:large","max-video-preview":"max-video-preview:-1"},"canonical":"https:\/\/permbledhja.com\/sq\/theret-me-thike-nje-21-vjecar-kosovar-dergohet-me-urgjence-ne-qkuk\/","og_locale":"sq_AL","og_type":"article","og_title":"Theret me thik\u00eb nj\u00eb 21 vje\u00e7ar kosovar, d\u00ebrgohet me urgjenc\u00eb n\u00eb QKUK","og_description":"Nj\u00eb ngjarje e r\u00ebnd\u00eb ka ndodhur mbr\u00ebmjen e sotme n\u00eb rrug\u00ebn \u2018Tahir Sinani\u2019 n\u00eb Shtime, ku nj\u00eb person \u00ebsht\u00eb d\u00ebrguar me urgjenc\u00eb n\u00eb spital p\u00ebr shkak t\u00eb l\u00ebndimeve q\u00eb dyshohet se i mori nga nj\u00eb therje me thik\u00eb. Burimet e Gazet\u00ebs Sinjali brenda Emergjenc\u00ebs kan\u00eb b\u00ebr\u00eb me dije se 21-vje\u00e7ari ishte d\u00ebrguar atje n\u00eb gjendje [&hellip;]","og_url":"https:\/\/permbledhja.com\/sq\/theret-me-thike-nje-21-vjecar-kosovar-dergohet-me-urgjence-ne-qkuk\/","og_site_name":"Ve\u00e7 artikuj p\u00ebrmbledh\u00ebs","article_publisher":"https:\/\/www.facebook.com\/press07\/","article_author":"https:\/\/www.facebook.com\/kafexhiu.muharrem\/","article_published_time":"2022-11-08T20:25:44+00:00","og_image":[{"width":800,"height":445,"url":"https:\/\/permbledhja.com\/wp-content\/uploads\/2022\/11\/0A61CC78-3045-4CD3-9F91-24FA939ED236-800x445-1.jpeg","type":"image\/jpeg"}],"author":"P\u00ebrmbledhja","twitter_card":"summary_large_image","twitter_misc":{"Written by":"P\u00ebrmbledhja","Est. reading time":"1 minut\u00eb"},"schema":{"@context":"https:\/\/schema.org","@graph":[{"@type":"Article","@id":"https:\/\/permbledhja.com\/theret-me-thike-nje-21-vjecar-kosovar-dergohet-me-urgjence-ne-qkuk\/#article","isPartOf":{"@id":"https:\/\/permbledhja.com\/theret-me-thike-nje-21-vjecar-kosovar-dergohet-me-urgjence-ne-qkuk\/"},"author":{"name":"P\u00ebrmbledhja","@id":"https:\/\/permbledhja.com\/#\/schema\/person\/0d064377258d3221e50693947b9eb4fe"},"headline":"Theret me thik\u00eb nj\u00eb 21 vje\u00e7ar kosovar, d\u00ebrgohet me urgjenc\u00eb n\u00eb QKUK","datePublished":"2022-11-08T20:25:44+00:00","dateModified":"2022-11-08T20:25:44+00:00","mainEntityOfPage":{"@id":"https:\/\/permbledhja.com\/theret-me-thike-nje-21-vjecar-kosovar-dergohet-me-urgjence-ne-qkuk\/"},"wordCount":178,"publisher":{"@id":"https:\/\/permbledhja.com\/#organization"},"articleSection":["Komb\u00ebtare","Lajme"],"inLanguage":"sq"},{"@type":"WebPage","@id":"https:\/\/permbledhja.com\/theret-me-thike-nje-21-vjecar-kosovar-dergohet-me-urgjence-ne-qkuk\/","url":"https:\/\/permbledhja.com\/theret-me-thike-nje-21-vjecar-kosovar-dergohet-me-urgjence-ne-qkuk\/","name":"Theret me thik\u00eb nj\u00eb 21 vje\u00e7ar kosovar, d\u00ebrgohet me urgjenc\u00eb n\u00eb QKUK","isPartOf":{"@id":"https:\/\/permbledhja.com\/#website"},"datePublished":"2022-11-08T20:25:44+00:00","dateModified":"2022-11-08T20:25:44+00:00","breadcrumb":{"@id":"https:\/\/permbledhja.com\/theret-me-thike-nje-21-vjecar-kosovar-dergohet-me-urgjence-ne-qkuk\/#breadcrumb"},"inLanguage":"sq","potentialAction":[{"@type":"ReadAction","target":["https:\/\/permbledhja.com\/theret-me-thike-nje-21-vjecar-kosovar-dergohet-me-urgjence-ne-qkuk\/"]}]},{"@type":"BreadcrumbList","@id":"https:\/\/permbledhja.com\/theret-me-thike-nje-21-vjecar-kosovar-dergohet-me-urgjence-ne-qkuk\/#breadcrumb","itemListElement":[{"@type":"ListItem","position":1,"name":"Ballina","item":"https:\/\/permbledhja.com\/sq\/"},{"@type":"ListItem","position":2,"name":"Theret me thik\u00eb nj\u00eb 21 vje\u00e7ar kosovar, d\u00ebrgohet me urgjenc\u00eb n\u00eb QKUK"}]},{"@type":"WebSite","@id":"https:\/\/permbledhja.com\/#website","url":"https:\/\/permbledhja.com\/","name":"Ve\u00e7 artikuj p\u00ebrmbledh\u00ebs","description":"","publisher":{"@id":"https:\/\/permbledhja.com\/#organization"},"potentialAction":[{"@type":"SearchAction","target":{"@type":"EntryPoint","urlTemplate":"https:\/\/permbledhja.com\/?s={search_term_string}"},"query-input":"required name=search_term_string"}],"inLanguage":"sq"},{"@type":"Organization","@id":"https:\/\/permbledhja.com\/#organization","name":"MK Media & Pr","url":"https:\/\/permbledhja.com\/","logo":{"@type":"ImageObject","inLanguage":"sq","@id":"https:\/\/permbledhja.com\/#\/schema\/logo\/image\/","url":"https:\/\/permbledhja.com\/wp-content\/uploads\/2021\/12\/07-Press-Logo.jpg","contentUrl":"https:\/\/permbledhja.com\/wp-content\/uploads\/2021\/12\/07-Press-Logo.jpg","width":512,"height":512,"caption":"MK Media & Pr"},"image":{"@id":"https:\/\/permbledhja.com\/#\/schema\/logo\/image\/"},"sameAs":["https:\/\/www.facebook.com\/press07\/"]},{"@type":"Person","@id":"https:\/\/permbledhja.com\/#\/schema\/person\/0d064377258d3221e50693947b9eb4fe","name":"P\u00ebrmbledhja","image":{"@type":"ImageObject","inLanguage":"sq","@id":"https:\/\/permbledhja.com\/#\/schema\/person\/image\/","url":"https:\/\/permbledhja.com\/wp-content\/uploads\/2026\/01\/452004717_1040944174702970_8932037511805513407_n-96x96.jpg","contentUrl":"https:\/\/permbledhja.com\/wp-content\/uploads\/2026\/01\/452004717_1040944174702970_8932037511805513407_n-96x96.jpg","caption":"P\u00ebrmbledhja"},"sameAs":["https:\/\/www.facebook.com\/kafexhiu.muharrem\/","https:\/\/www.instagram.com\/muharrem_kafexhiu\/"],"url":"https:\/\/permbledhja.com\/sq\/author\/admin\/"}]}},"_links":{"self":[{"href":"https:\/\/permbledhja.com\/sq\/wp-json\/wp\/v2\/posts\/9868"}],"collection":[{"href":"https:\/\/permbledhja.com\/sq\/wp-json\/wp\/v2\/posts"}],"about":[{"href":"https:\/\/permbledhja.com\/sq\/wp-json\/wp\/v2\/types\/post"}],"author":[{"embeddable":true,"href":"https:\/\/permbledhja.com\/sq\/wp-json\/wp\/v2\/users\/1"}],"replies":[{"embeddable":true,"href":"https:\/\/permbledhja.com\/sq\/wp-json\/wp\/v2\/comments?post=9868"}],"version-history":[{"count":1,"href":"https:\/\/permbledhja.com\/sq\/wp-json\/wp\/v2\/posts\/9868\/revisions"}],"predecessor-version":[{"id":9870,"href":"https:\/\/permbledhja.com\/sq\/wp-json\/wp\/v2\/posts\/9868\/revisions\/9870"}],"wp:featuredmedia":[{"embeddable":true,"href":"https:\/\/permbledhja.com\/sq\/wp-json\/wp\/v2\/media\/9869"}],"wp:attachment":[{"href":"https:\/\/permbledhja.com\/sq\/wp-json\/wp\/v2\/media?parent=9868"}],"wp:term":[{"taxonomy":"category","embeddable":true,"href":"https:\/\/permbledhja.com\/sq\/wp-json\/wp\/v2\/categories?post=9868"},{"taxonomy":"post_tag","embeddable":true,"href":"https:\/\/permbledhja.com\/sq\/wp-json\/wp\/v2\/tags?post=9868"}],"curies":[{"name":"wp","href":"https:\/\/api.w.org\/{rel}","templated":true}]}}