{"id":9866,"date":"2022-11-08T20:19:15","date_gmt":"2022-11-08T20:19:15","guid":{"rendered":"https:\/\/permbledhja.com\/?p=9866"},"modified":"2022-11-08T20:19:15","modified_gmt":"2022-11-08T20:19:15","slug":"a-do-te-shtyhet-afati-per-targa-vjen-lajmi-i-fundit","status":"publish","type":"post","link":"https:\/\/permbledhja.com\/sq\/a-do-te-shtyhet-afati-per-targa-vjen-lajmi-i-fundit\/","title":{"rendered":"A do t\u00eb shtyhet afati p\u00ebr targa, vjen lajmi i fundit"},"content":{"rendered":"<p>N\u00ebnkryetarja e Kuvendit t\u00eb Kosov\u00ebs nga radh\u00ebt e Vet\u00ebvendosje, Saranda Bogujevci nuk e sheh tensionimin e situat\u00ebs n\u00eb veri si rrjedhoj\u00eb e vendimmarrjes s\u00eb qeveris\u00eb s\u00eb Albin Kurtit.<\/p>\n<p>Ajo deklaroi n\u00eb emisionin Debat n\u00eb A2 CNN se situata n\u00eb veri \u00ebsht\u00eb provokuar nga Beogradi, nd\u00ebrkoh\u00eb q\u00eb \u00e7\u00ebshtjen e targave e konsideron si nj\u00eb pik\u00ebnisje p\u00ebr shtrirjen e sovranitetit n\u00eb t\u00eb gjith\u00eb territorin.<\/p>\n<p>\u201cQeveria \u00ebsht\u00eb n\u00eb komunikim me partner\u00ebt, SHBA, t\u00eb QUINT-it dhe natyrisht q\u00eb veprimet q\u00eb jan\u00eb marr\u00eb nuk kan\u00eb qen\u00eb kok\u00eb m\u00eb vete. Jan\u00eb vendime q\u00eb jan\u00eb marr\u00eb m\u00eb her\u00ebt, \u00ebsht\u00eb shtyr\u00eb disa her\u00eb. Tashm\u00eb afati nuk mund t\u00eb shtyhet. Duhet t\u00eb jemi t\u00eb sigurt n\u00eb veri, t\u00eb shtrijm\u00eb sovranitetin. N\u00eb veri kemi pasur grupe kriminale, nj\u00eb subjekt politik t\u00eb kontrolluar nga Beogradi. Duhet t\u00eb veprojm\u00eb dhe t\u00eb sigurohemi q\u00eb ka siguri p\u00ebr qytetar\u00ebt\u201d, tha ajo.<\/p>\n<p>Ajo p\u00ebrs\u00ebriti se jan\u00eb djegur makinat e atyre q\u00eb kan\u00eb nd\u00ebrruar targat p\u00ebr t\u00eb sjell\u00eb frik\u00eb dhe se ka ardhur koha nj\u00ebher\u00eb e mir\u00eb q\u00eb Qeveria e Kosov\u00ebs t\u00eb merret me sigurin\u00eb e veriut.<\/p>\n<p>\u201cQ\u00eb prej fillimit ka pasur diskutime dhe shqet\u00ebsime p\u00ebr tensionimin e gjendjes n\u00eb veri. Kjo vjen si rezultat i tensioneve t\u00eb ngritura nga Beogradi. Duhet t\u00eb jemi t\u00eb qart\u00eb nga vjen tensionimi. Natyrisht q\u00eb ka dhe shqet\u00ebsim te nd\u00ebrkomb\u00ebtar\u00ebt. Por nuk mund t\u2019i vendoset barra qeveris\u00eb e cila ka nd\u00ebrmarr\u00eb nj\u00eb hap specifik p\u00ebr heqjen e targave ilegale dhe k\u00ebrkohet t\u00eb zbatohen rregullat brenda Republik\u00ebs\u201d, u shpreh Bogujevci<\/p>\n","protected":false},"excerpt":{"rendered":"<p>N\u00ebnkryetarja e Kuvendit t\u00eb Kosov\u00ebs nga radh\u00ebt e Vet\u00ebvendosje, Saranda Bogujevci nuk e sheh tensionimin e situat\u00ebs n\u00eb veri si rrjedhoj\u00eb e vendimmarrjes s\u00eb qeveris\u00eb s\u00eb Albin Kurtit. Ajo deklaroi n\u00eb emisionin Debat n\u00eb A2 CNN se situata n\u00eb veri \u00ebsht\u00eb provokuar nga Beogradi, nd\u00ebrkoh\u00eb q\u00eb \u00e7\u00ebshtjen e targave e konsideron si nj\u00eb pik\u00ebnisje p\u00ebr [&hellip;]<\/p>\n","protected":false},"author":1,"featured_media":8920,"comment_status":"closed","ping_status":"closed","sticky":false,"template":"","format":"standard","meta":{"_monsterinsights_skip_tracking":false,"_monsterinsights_sitenote_active":false,"_monsterinsights_sitenote_note":"","_monsterinsights_sitenote_category":0,"_uf_show_specific_survey":0,"_uf_disable_surveys":false,"footnotes":""},"categories":[23,15],"tags":[],"yoast_head":"<!-- This site is optimized with the Yoast SEO plugin v21.5 - https:\/\/yoast.com\/wordpress\/plugins\/seo\/ -->\n<title>A do t\u00eb shtyhet afati p\u00ebr targa, vjen lajmi i fundit<\/title>\n<meta name=\"robots\" content=\"index, follow, max-snippet:-1, max-image-preview:large, max-video-preview:-1\" \/>\n<link rel=\"canonical\" href=\"https:\/\/permbledhja.com\/sq\/a-do-te-shtyhet-afati-per-targa-vjen-lajmi-i-fundit\/\" \/>\n<meta property=\"og:locale\" content=\"sq_AL\" \/>\n<meta property=\"og:type\" content=\"article\" \/>\n<meta property=\"og:title\" content=\"A do t\u00eb shtyhet afati p\u00ebr targa, vjen lajmi i fundit\" \/>\n<meta property=\"og:description\" content=\"N\u00ebnkryetarja e Kuvendit t\u00eb Kosov\u00ebs nga radh\u00ebt e Vet\u00ebvendosje, Saranda Bogujevci nuk e sheh tensionimin e situat\u00ebs n\u00eb veri si rrjedhoj\u00eb e vendimmarrjes s\u00eb qeveris\u00eb s\u00eb Albin Kurtit. Ajo deklaroi n\u00eb emisionin Debat n\u00eb A2 CNN se situata n\u00eb veri \u00ebsht\u00eb provokuar nga Beogradi, nd\u00ebrkoh\u00eb q\u00eb \u00e7\u00ebshtjen e targave e konsideron si nj\u00eb pik\u00ebnisje p\u00ebr [&hellip;]\" \/>\n<meta property=\"og:url\" content=\"https:\/\/permbledhja.com\/sq\/a-do-te-shtyhet-afati-per-targa-vjen-lajmi-i-fundit\/\" \/>\n<meta property=\"og:site_name\" content=\"Ve\u00e7 artikuj p\u00ebrmbledh\u00ebs\" \/>\n<meta property=\"article:publisher\" content=\"https:\/\/www.facebook.com\/press07\/\" \/>\n<meta property=\"article:author\" content=\"https:\/\/www.facebook.com\/kafexhiu.muharrem\/\" \/>\n<meta property=\"article:published_time\" content=\"2022-11-08T20:19:15+00:00\" \/>\n<meta property=\"og:image\" content=\"https:\/\/permbledhja.com\/wp-content\/uploads\/2022\/10\/targa.jpg\" \/>\n\t<meta property=\"og:image:width\" content=\"600\" \/>\n\t<meta property=\"og:image:height\" content=\"360\" \/>\n\t<meta property=\"og:image:type\" content=\"image\/jpeg\" \/>\n<meta name=\"author\" content=\"P\u00ebrmbledhja\" \/>\n<meta name=\"twitter:card\" content=\"summary_large_image\" \/>\n<meta name=\"twitter:label1\" content=\"Written by\" \/>\n\t<meta name=\"twitter:data1\" content=\"P\u00ebrmbledhja\" \/>\n\t<meta name=\"twitter:label2\" content=\"Est. reading time\" \/>\n\t<meta name=\"twitter:data2\" content=\"1 minut\u00eb\" \/>\n<script type=\"application\/ld+json\" class=\"yoast-schema-graph\">{\"@context\":\"https:\/\/schema.org\",\"@graph\":[{\"@type\":\"Article\",\"@id\":\"https:\/\/permbledhja.com\/a-do-te-shtyhet-afati-per-targa-vjen-lajmi-i-fundit\/#article\",\"isPartOf\":{\"@id\":\"https:\/\/permbledhja.com\/a-do-te-shtyhet-afati-per-targa-vjen-lajmi-i-fundit\/\"},\"author\":{\"name\":\"P\u00ebrmbledhja\",\"@id\":\"https:\/\/permbledhja.com\/#\/schema\/person\/0d064377258d3221e50693947b9eb4fe\"},\"headline\":\"A do t\u00eb shtyhet afati p\u00ebr targa, vjen lajmi i fundit\",\"datePublished\":\"2022-11-08T20:19:15+00:00\",\"dateModified\":\"2022-11-08T20:19:15+00:00\",\"mainEntityOfPage\":{\"@id\":\"https:\/\/permbledhja.com\/a-do-te-shtyhet-afati-per-targa-vjen-lajmi-i-fundit\/\"},\"wordCount\":280,\"publisher\":{\"@id\":\"https:\/\/permbledhja.com\/#organization\"},\"articleSection\":[\"Komb\u00ebtare\",\"Lajme\"],\"inLanguage\":\"sq\"},{\"@type\":\"WebPage\",\"@id\":\"https:\/\/permbledhja.com\/a-do-te-shtyhet-afati-per-targa-vjen-lajmi-i-fundit\/\",\"url\":\"https:\/\/permbledhja.com\/a-do-te-shtyhet-afati-per-targa-vjen-lajmi-i-fundit\/\",\"name\":\"A do t\u00eb shtyhet afati p\u00ebr targa, vjen lajmi i fundit\",\"isPartOf\":{\"@id\":\"https:\/\/permbledhja.com\/#website\"},\"datePublished\":\"2022-11-08T20:19:15+00:00\",\"dateModified\":\"2022-11-08T20:19:15+00:00\",\"breadcrumb\":{\"@id\":\"https:\/\/permbledhja.com\/a-do-te-shtyhet-afati-per-targa-vjen-lajmi-i-fundit\/#breadcrumb\"},\"inLanguage\":\"sq\",\"potentialAction\":[{\"@type\":\"ReadAction\",\"target\":[\"https:\/\/permbledhja.com\/a-do-te-shtyhet-afati-per-targa-vjen-lajmi-i-fundit\/\"]}]},{\"@type\":\"BreadcrumbList\",\"@id\":\"https:\/\/permbledhja.com\/a-do-te-shtyhet-afati-per-targa-vjen-lajmi-i-fundit\/#breadcrumb\",\"itemListElement\":[{\"@type\":\"ListItem\",\"position\":1,\"name\":\"Ballina\",\"item\":\"https:\/\/permbledhja.com\/sq\/\"},{\"@type\":\"ListItem\",\"position\":2,\"name\":\"A do t\u00eb shtyhet afati p\u00ebr targa, vjen lajmi i fundit\"}]},{\"@type\":\"WebSite\",\"@id\":\"https:\/\/permbledhja.com\/#website\",\"url\":\"https:\/\/permbledhja.com\/\",\"name\":\"Ve\u00e7 artikuj p\u00ebrmbledh\u00ebs\",\"description\":\"\",\"publisher\":{\"@id\":\"https:\/\/permbledhja.com\/#organization\"},\"potentialAction\":[{\"@type\":\"SearchAction\",\"target\":{\"@type\":\"EntryPoint\",\"urlTemplate\":\"https:\/\/permbledhja.com\/?s={search_term_string}\"},\"query-input\":\"required name=search_term_string\"}],\"inLanguage\":\"sq\"},{\"@type\":\"Organization\",\"@id\":\"https:\/\/permbledhja.com\/#organization\",\"name\":\"MK Media & Pr\",\"url\":\"https:\/\/permbledhja.com\/\",\"logo\":{\"@type\":\"ImageObject\",\"inLanguage\":\"sq\",\"@id\":\"https:\/\/permbledhja.com\/#\/schema\/logo\/image\/\",\"url\":\"https:\/\/permbledhja.com\/wp-content\/uploads\/2021\/12\/07-Press-Logo.jpg\",\"contentUrl\":\"https:\/\/permbledhja.com\/wp-content\/uploads\/2021\/12\/07-Press-Logo.jpg\",\"width\":512,\"height\":512,\"caption\":\"MK Media & Pr\"},\"image\":{\"@id\":\"https:\/\/permbledhja.com\/#\/schema\/logo\/image\/\"},\"sameAs\":[\"https:\/\/www.facebook.com\/press07\/\"]},{\"@type\":\"Person\",\"@id\":\"https:\/\/permbledhja.com\/#\/schema\/person\/0d064377258d3221e50693947b9eb4fe\",\"name\":\"P\u00ebrmbledhja\",\"image\":{\"@type\":\"ImageObject\",\"inLanguage\":\"sq\",\"@id\":\"https:\/\/permbledhja.com\/#\/schema\/person\/image\/\",\"url\":\"https:\/\/permbledhja.com\/wp-content\/uploads\/2026\/01\/452004717_1040944174702970_8932037511805513407_n-96x96.jpg\",\"contentUrl\":\"https:\/\/permbledhja.com\/wp-content\/uploads\/2026\/01\/452004717_1040944174702970_8932037511805513407_n-96x96.jpg\",\"caption\":\"P\u00ebrmbledhja\"},\"sameAs\":[\"https:\/\/www.facebook.com\/kafexhiu.muharrem\/\",\"https:\/\/www.instagram.com\/muharrem_kafexhiu\/\"],\"url\":\"https:\/\/permbledhja.com\/sq\/author\/admin\/\"}]}<\/script>\n<!-- \/ Yoast SEO plugin. -->","yoast_head_json":{"title":"A do t\u00eb shtyhet afati p\u00ebr targa, vjen lajmi i fundit","robots":{"index":"index","follow":"follow","max-snippet":"max-snippet:-1","max-image-preview":"max-image-preview:large","max-video-preview":"max-video-preview:-1"},"canonical":"https:\/\/permbledhja.com\/sq\/a-do-te-shtyhet-afati-per-targa-vjen-lajmi-i-fundit\/","og_locale":"sq_AL","og_type":"article","og_title":"A do t\u00eb shtyhet afati p\u00ebr targa, vjen lajmi i fundit","og_description":"N\u00ebnkryetarja e Kuvendit t\u00eb Kosov\u00ebs nga radh\u00ebt e Vet\u00ebvendosje, Saranda Bogujevci nuk e sheh tensionimin e situat\u00ebs n\u00eb veri si rrjedhoj\u00eb e vendimmarrjes s\u00eb qeveris\u00eb s\u00eb Albin Kurtit. Ajo deklaroi n\u00eb emisionin Debat n\u00eb A2 CNN se situata n\u00eb veri \u00ebsht\u00eb provokuar nga Beogradi, nd\u00ebrkoh\u00eb q\u00eb \u00e7\u00ebshtjen e targave e konsideron si nj\u00eb pik\u00ebnisje p\u00ebr [&hellip;]","og_url":"https:\/\/permbledhja.com\/sq\/a-do-te-shtyhet-afati-per-targa-vjen-lajmi-i-fundit\/","og_site_name":"Ve\u00e7 artikuj p\u00ebrmbledh\u00ebs","article_publisher":"https:\/\/www.facebook.com\/press07\/","article_author":"https:\/\/www.facebook.com\/kafexhiu.muharrem\/","article_published_time":"2022-11-08T20:19:15+00:00","og_image":[{"width":600,"height":360,"url":"https:\/\/permbledhja.com\/wp-content\/uploads\/2022\/10\/targa.jpg","type":"image\/jpeg"}],"author":"P\u00ebrmbledhja","twitter_card":"summary_large_image","twitter_misc":{"Written by":"P\u00ebrmbledhja","Est. reading time":"1 minut\u00eb"},"schema":{"@context":"https:\/\/schema.org","@graph":[{"@type":"Article","@id":"https:\/\/permbledhja.com\/a-do-te-shtyhet-afati-per-targa-vjen-lajmi-i-fundit\/#article","isPartOf":{"@id":"https:\/\/permbledhja.com\/a-do-te-shtyhet-afati-per-targa-vjen-lajmi-i-fundit\/"},"author":{"name":"P\u00ebrmbledhja","@id":"https:\/\/permbledhja.com\/#\/schema\/person\/0d064377258d3221e50693947b9eb4fe"},"headline":"A do t\u00eb shtyhet afati p\u00ebr targa, vjen lajmi i fundit","datePublished":"2022-11-08T20:19:15+00:00","dateModified":"2022-11-08T20:19:15+00:00","mainEntityOfPage":{"@id":"https:\/\/permbledhja.com\/a-do-te-shtyhet-afati-per-targa-vjen-lajmi-i-fundit\/"},"wordCount":280,"publisher":{"@id":"https:\/\/permbledhja.com\/#organization"},"articleSection":["Komb\u00ebtare","Lajme"],"inLanguage":"sq"},{"@type":"WebPage","@id":"https:\/\/permbledhja.com\/a-do-te-shtyhet-afati-per-targa-vjen-lajmi-i-fundit\/","url":"https:\/\/permbledhja.com\/a-do-te-shtyhet-afati-per-targa-vjen-lajmi-i-fundit\/","name":"A do t\u00eb shtyhet afati p\u00ebr targa, vjen lajmi i fundit","isPartOf":{"@id":"https:\/\/permbledhja.com\/#website"},"datePublished":"2022-11-08T20:19:15+00:00","dateModified":"2022-11-08T20:19:15+00:00","breadcrumb":{"@id":"https:\/\/permbledhja.com\/a-do-te-shtyhet-afati-per-targa-vjen-lajmi-i-fundit\/#breadcrumb"},"inLanguage":"sq","potentialAction":[{"@type":"ReadAction","target":["https:\/\/permbledhja.com\/a-do-te-shtyhet-afati-per-targa-vjen-lajmi-i-fundit\/"]}]},{"@type":"BreadcrumbList","@id":"https:\/\/permbledhja.com\/a-do-te-shtyhet-afati-per-targa-vjen-lajmi-i-fundit\/#breadcrumb","itemListElement":[{"@type":"ListItem","position":1,"name":"Ballina","item":"https:\/\/permbledhja.com\/sq\/"},{"@type":"ListItem","position":2,"name":"A do t\u00eb shtyhet afati p\u00ebr targa, vjen lajmi i fundit"}]},{"@type":"WebSite","@id":"https:\/\/permbledhja.com\/#website","url":"https:\/\/permbledhja.com\/","name":"Ve\u00e7 artikuj p\u00ebrmbledh\u00ebs","description":"","publisher":{"@id":"https:\/\/permbledhja.com\/#organization"},"potentialAction":[{"@type":"SearchAction","target":{"@type":"EntryPoint","urlTemplate":"https:\/\/permbledhja.com\/?s={search_term_string}"},"query-input":"required name=search_term_string"}],"inLanguage":"sq"},{"@type":"Organization","@id":"https:\/\/permbledhja.com\/#organization","name":"MK Media & Pr","url":"https:\/\/permbledhja.com\/","logo":{"@type":"ImageObject","inLanguage":"sq","@id":"https:\/\/permbledhja.com\/#\/schema\/logo\/image\/","url":"https:\/\/permbledhja.com\/wp-content\/uploads\/2021\/12\/07-Press-Logo.jpg","contentUrl":"https:\/\/permbledhja.com\/wp-content\/uploads\/2021\/12\/07-Press-Logo.jpg","width":512,"height":512,"caption":"MK Media & Pr"},"image":{"@id":"https:\/\/permbledhja.com\/#\/schema\/logo\/image\/"},"sameAs":["https:\/\/www.facebook.com\/press07\/"]},{"@type":"Person","@id":"https:\/\/permbledhja.com\/#\/schema\/person\/0d064377258d3221e50693947b9eb4fe","name":"P\u00ebrmbledhja","image":{"@type":"ImageObject","inLanguage":"sq","@id":"https:\/\/permbledhja.com\/#\/schema\/person\/image\/","url":"https:\/\/permbledhja.com\/wp-content\/uploads\/2026\/01\/452004717_1040944174702970_8932037511805513407_n-96x96.jpg","contentUrl":"https:\/\/permbledhja.com\/wp-content\/uploads\/2026\/01\/452004717_1040944174702970_8932037511805513407_n-96x96.jpg","caption":"P\u00ebrmbledhja"},"sameAs":["https:\/\/www.facebook.com\/kafexhiu.muharrem\/","https:\/\/www.instagram.com\/muharrem_kafexhiu\/"],"url":"https:\/\/permbledhja.com\/sq\/author\/admin\/"}]}},"_links":{"self":[{"href":"https:\/\/permbledhja.com\/sq\/wp-json\/wp\/v2\/posts\/9866"}],"collection":[{"href":"https:\/\/permbledhja.com\/sq\/wp-json\/wp\/v2\/posts"}],"about":[{"href":"https:\/\/permbledhja.com\/sq\/wp-json\/wp\/v2\/types\/post"}],"author":[{"embeddable":true,"href":"https:\/\/permbledhja.com\/sq\/wp-json\/wp\/v2\/users\/1"}],"replies":[{"embeddable":true,"href":"https:\/\/permbledhja.com\/sq\/wp-json\/wp\/v2\/comments?post=9866"}],"version-history":[{"count":1,"href":"https:\/\/permbledhja.com\/sq\/wp-json\/wp\/v2\/posts\/9866\/revisions"}],"predecessor-version":[{"id":9867,"href":"https:\/\/permbledhja.com\/sq\/wp-json\/wp\/v2\/posts\/9866\/revisions\/9867"}],"wp:featuredmedia":[{"embeddable":true,"href":"https:\/\/permbledhja.com\/sq\/wp-json\/wp\/v2\/media\/8920"}],"wp:attachment":[{"href":"https:\/\/permbledhja.com\/sq\/wp-json\/wp\/v2\/media?parent=9866"}],"wp:term":[{"taxonomy":"category","embeddable":true,"href":"https:\/\/permbledhja.com\/sq\/wp-json\/wp\/v2\/categories?post=9866"},{"taxonomy":"post_tag","embeddable":true,"href":"https:\/\/permbledhja.com\/sq\/wp-json\/wp\/v2\/tags?post=9866"}],"curies":[{"name":"wp","href":"https:\/\/api.w.org\/{rel}","templated":true}]}}