{"id":9858,"date":"2022-11-08T18:50:09","date_gmt":"2022-11-08T18:50:09","guid":{"rendered":"https:\/\/permbledhja.com\/?p=9858"},"modified":"2022-11-08T18:50:09","modified_gmt":"2022-11-08T18:50:09","slug":"vuciqi-pergatit-perforcim-financiar-per-serbet-qe-braktisen-institucionet-e-kosoves","status":"publish","type":"post","link":"https:\/\/permbledhja.com\/sq\/vuciqi-pergatit-perforcim-financiar-per-serbet-qe-braktisen-institucionet-e-kosoves\/","title":{"rendered":"Vu\u00e7iqi p\u00ebrgatit \u201cp\u00ebrforcim financiar\u201d p\u00ebr serb\u00ebt q\u00eb braktis\u00ebn institucionet e Kosov\u00ebs"},"content":{"rendered":"<p><strong>Serb\u00ebt q\u00eb braktis\u00ebn institucionet e Kosov\u00ebs, m\u00eb 5 n\u00ebntor, sipas presidentit serb, Aleksandar Vu\u00e7iq, \u201cdo t\u00eb ken\u00eb p\u00ebrkujdesje\u201d.<\/strong><\/p>\n<p>M\u00eb 6 n\u00ebntor, n\u00eb nj\u00eb prononcim n\u00eb Tv Pink, ai deklaroi se kjo do t\u2019i kushtoj\u00eb shtetit 50 deri n\u00eb 60 milion\u00eb euro, por nuk ka specifikuar se p\u00ebr \u00e7far\u00eb \u201ckujdesi\u201d b\u00ebhet fjal\u00eb, raporton REL.<br \/>\nKjo pik\u00eb nga deklarata e tij, nuk \u00ebsht\u00eb p\u00ebrfshir\u00eb n\u00eb rebalancin e buxhetit, p\u00ebr t\u00eb cilin po diskutohet nga deputet\u00ebt e Kuvendit t\u00eb Serbis\u00eb.<\/p>\n<p>Megjithat\u00eb, ajo q\u00eb parashikohet n\u00eb k\u00ebt\u00eb rebalanc \u00ebsht\u00eb ndarja e mjeteve financiare m\u00eb t\u00eb m\u00ebdha p\u00ebr Zyr\u00ebn p\u00ebr Kosov\u00ebn n\u00eb Qeverin\u00eb serbe.<\/p>\n<p>Si\u00e7 shihet n\u00eb draftin p\u00ebr k\u00ebt\u00eb rebalancim n\u00eb faqen e internetit t\u00eb Kuvendit t\u00eb Serbis\u00eb, p\u00ebr k\u00ebt\u00eb institucion jan\u00eb planifikuar edhe 15.5 milion\u00eb euro shtes\u00eb.<\/p>\n<p>Pra, n\u00eb vitin 2022, buxheti i p\u00ebrgjithsh\u00ebm i s\u00eb ashtuquajtur\u00ebs Zyra p\u00ebr Kosov\u00ebn arrin n\u00eb 84.4 milion\u00eb euro.<\/p>\n<p>Pjesa m\u00eb e madhe e rritjes i referohet mb\u00ebshtetjes p\u00ebr funksionimin e institucioneve dhe organizatave n\u00eb territorin e Kosov\u00ebs, nd\u00ebrkaq nj\u00eb pjes\u00eb m\u00eb e vog\u00ebl p\u00ebr mb\u00ebshtetjen e p\u00ebrmir\u00ebsimit t\u00eb cil\u00ebsis\u00eb s\u00eb jetes\u00ebs s\u00eb popullat\u00ebs serbe dhe joshqiptare.<\/p>\n<p>Si\u00e7 thuhet n\u00eb draftin p\u00ebr rebalancim t\u00eb buxhetit, k\u00ebto mjete do t\u00eb shp\u00ebrndahen dhe shfryt\u00ebzohen n\u00eb baz\u00eb t\u00eb nj\u00eb akti t\u00eb ve\u00e7ant\u00eb q\u00eb do t\u00eb miratohet nga Qeveria e Serbis\u00eb.<\/p>\n<p>Megjithat\u00eb, Serbia i financon institucionet paralele n\u00eb veri t\u00eb Kosov\u00ebs.<\/p>\n<p>Fondet p\u00ebr Kosov\u00ebn ndahen, jo vet\u00ebm p\u00ebrmes t\u00eb s\u00eb ashtuquajtur\u00ebs Zyra p\u00ebr Kosov\u00ebn, por edhe p\u00ebrmes ministrive.<\/p>\n<p>Deputet\u00ebt nga radh\u00ebt e opozit\u00ebs, n\u00eb parim e mb\u00ebshtesin iden\u00eb q\u00eb qytetar\u00ebt q\u00eb kan\u00eb dh\u00ebn\u00eb dor\u00ebheqje nga institucionet e Kosov\u00ebs, t\u00eb ken\u00eb mb\u00ebshtetjen e shtetit, por theksojn\u00eb se kjo p\u00ebrfshin disa \u00e7\u00ebshtje.<\/p>\n<p>Radomir Llazoviq, an\u00ebtar i l\u00ebvizjes opozitare \u201cT\u00eb mos e mbysim Beogradin\u201d thot\u00eb se p\u00ebr momentin nuk \u00ebsht\u00eb folur p\u00ebr mb\u00ebshtetje financiare p\u00ebr qytetar\u00ebt q\u00eb kan\u00eb braktisur institucionet e Kosov\u00ebs.<\/p>\n<p>Ai konsideron se nj\u00eb mas\u00eb e till\u00eb duhet t\u00eb prezantohet para deputet\u00ebve.<\/p>\n<p>\u201cP\u00ebr \u00e7far\u00eb b\u00ebhet fjal\u00eb k\u00ebtu? A b\u00ebhet fjal\u00eb p\u00ebr ndonj\u00eb mas\u00eb t\u00eb p\u00ebrkohshme, sa do t\u00eb zgjas\u00eb, si do t\u00eb ndihmohen, kjo \u00ebsht\u00eb e gjitha n\u00eb domenin e imagjinat\u00ebs s\u00eb presidentit dhe mendoj se kjo \u00ebsht\u00eb keq. Presidenti nuk ka kompetenca t\u00eb merret me k\u00ebt\u00eb\u201d, thot\u00eb Llazoviq.<\/p>\n<p>Q\u00ebndrimi k\u00ebsaj l\u00ebvizjeje \u00ebsht\u00eb se Kosova \u00ebsht\u00eb nj\u00eb \u201cshtet brenda shtetit\u201d, si \u00e7\u00ebshtje q\u00eb nuk \u00ebsht\u00eb zgjidhur, se opinioni \u00ebsht\u00eb n\u00eb err\u00ebsir\u00eb p\u00ebr k\u00ebt\u00eb \u00e7\u00ebshtje dhe se p\u00ebr k\u00ebt\u00eb arsye \u00ebsht\u00eb e nevojshme q\u00eb opozita t\u00eb marr\u00eb pjes\u00eb n\u00eb t\u00eb gjitha bisedimet p\u00ebr Kosov\u00ebn.<\/p>\n<p>Tamara Millenkoviq-Kerkoviq, deputete nga subjekti opozitar i djatht\u00eb, L\u00ebvizja Dveri, thot\u00eb p\u00ebr REL-in se l\u00ebvizja angazhohet p\u00ebr subvencionet dhe mb\u00ebshtetjen p\u00ebr serb\u00ebt q\u00eb jetojn\u00eb n\u00eb Kosov\u00eb.<\/p>\n<p>Dveri mohon fuqish\u00ebm pavar\u00ebsin\u00eb e Kosov\u00ebs dhe angazhohet p\u00ebr nd\u00ebrprerjen e integrimit evropian t\u00eb Serbis\u00eb.<\/p>\n<p>Tamara Millenkoviq-Kerkoviq, megjithat\u00eb, shtron pyetjen:<\/p>\n<p>\u201c\u00c7far\u00eb kan\u00eb b\u00ebr\u00eb deri tani ata njer\u00ebz n\u00eb institucione, a kan\u00eb marr\u00eb paga t\u00eb dyfishta. Duhet t\u00eb shihet se kujt do t\u2019i jepet ajo ndihm\u00eb, sa do t\u00eb jet\u00eb dhe n\u00eb \u00e7far\u00eb m\u00ebnyre do t\u00eb verifikohet se kujt i takon\u201d.<\/p>\n<p>N\u00eb prill t\u00eb vitit 2014, Komisioni anketues p\u00ebr m\u00ebnyr\u00ebn e shpenzimit t\u00eb mjeteve nga buxheti i Serbis\u00eb n\u00eb territorin e Kosov\u00ebs n\u00eb periudh\u00ebn prej vitit 2000 deri n\u00eb vitin 2012, ka konstatuar se ekziston nj\u00eb num\u00ebr i madh i t\u00eb pun\u00ebsuarve q\u00eb marrin paga t\u00eb dyfishta \u2013 nga buxheti i Kosov\u00ebs dhe buxhetin e Serbis\u00eb.<\/p>\n<p>Sanda Rashkoviq-Iviq, deputete nga Partia Popullore opozitare, thot\u00eb p\u00ebr REL-in se shteti duhet \u201ct\u00eb q\u00ebndroj\u00eb pran\u00eb atyre njer\u00ebzve\u201d.<\/p>\n<p>\u201cPes\u00ebdhjet\u00eb milion\u00eb euro \u2013 kjo nuk \u00ebsht\u00eb as sa nj\u00eb e treta [e investimeve] n\u00eb stadiumin komb\u00ebtar t\u00eb futbollit. Nuk \u00ebsht\u00eb shum\u00eb, fondet mund t\u00eb ridestinohen. Po shpenzohen shuma t\u00eb m\u00ebdha parash p\u00ebr di\u00e7ka q\u00eb \u00ebsht\u00eb e panevojshme dhe mendoj se \u00ebsht\u00eb e nevojshme t\u00eb ndihmohen njer\u00ebzit n\u00eb k\u00ebt\u00eb moment\u201d, thot\u00eb Rashkoviq-Iviq.<\/p>\n<p>Partia Popullore e konsideron Kosov\u00ebn \u201cpjes\u00eb t\u00eb patjet\u00ebrsueshme t\u00eb Serbis\u00eb\u201d dhe kund\u00ebrshton fuqish\u00ebm njohjen e pavar\u00ebsis\u00eb.<\/p>\n<p>Rebalanci \u00ebsht\u00eb miratuar nga Qeveria e Serbis\u00eb m\u00eb 3 n\u00ebntor. Pritet q\u00eb ai t\u00eb miratohet n\u00eb Kuvend, ku SNS-ja, s\u00eb bashku me partner\u00ebt e koalicionit, ka shumic\u00ebn.<\/p>\n<p>Ministri i Financave, duke paraqitur rebalancin para deputet\u00ebve n\u00eb Kuvend, deklaroi se arsyet p\u00ebr k\u00ebt\u00eb jan\u00eb t\u00eb hyrat m\u00eb t\u00eb larta t\u00eb thesarit t\u00eb shtetit, pagesa e pensioneve m\u00eb t\u00eb larta dhe ndihma p\u00ebr t\u00eb rinjt\u00eb dhe familjet, si dhe sigurimi i burimeve t\u00eb energjis\u00eb.<\/p>\n<p>Ministri nuk ka dh\u00ebn\u00eb deklarata p\u00ebr gazetar\u00ebt n\u00eb Kuvend.<\/p>\n<p>Me k\u00ebt\u00eb rast, REL-i i \u00ebsht\u00eb drejtuar me shkrim k\u00ebsaj ministrie, me pyetjet se mbi cil\u00ebn baz\u00ebn do Serbia t\u2019ua paguaj\u00eb kompensimin p\u00ebrfaq\u00ebsuesve t\u00eb serb\u00ebve n\u00eb Kosov\u00eb, si do t\u00eb sigurohen k\u00ebto para dhe n\u00ebse qytetar\u00ebt q\u00eb marrin kompensim do t\u00eb ken\u00eb ndonj\u00eb detyrim n\u00eb aspektin e angazhimit n\u00eb pun\u00eb.<\/p>\n<p>M\u00eb 5 n\u00ebntor, p\u00ebrfaq\u00ebsuesit e serb\u00ebve kan\u00eb dor\u00ebzuar dor\u00ebheqjet n\u00eb vet\u00ebqeverisjet lokale n\u00eb veri t\u00eb Kosov\u00ebs, n\u00eb gjyq\u00ebsi, polici dhe n\u00eb Qeveri e Kuvend.<\/p>\n<p>Braktisja e institucioneve t\u00eb Kosov\u00ebs nga serb\u00ebt ndodhi pasi shkarkimit nga detyra t\u00eb drejtorit t\u00eb policis\u00eb p\u00ebr rajonin e veriut, Nenad Gjuriq, p\u00ebr shkak t\u00eb refuzimit t\u00eb zbatimit t\u00eb vendimit t\u00eb Qeveris\u00eb p\u00ebr riregjistrimin e automjeteve.<\/p>\n<p>Nga 1 n\u00ebntori, Qeveria e Kosov\u00ebs ka filluar zbatimin e planit p\u00ebr riregjistrimin e automjeteve t\u00eb l\u00ebshuar nga Serbia me akronimet e qyteteve t\u00eb Kosov\u00ebs. Plani \u00ebsht\u00eb q\u00eb ato t\u00eb konvertohen n\u00eb targa RKS (Republika e Kosov\u00ebs).<\/p>\n<p>Masa e re, jasht\u00eb rebalancimit dhe pa vler\u00ebsimin e K\u00ebshillit Fiskal<\/p>\n<p>K\u00ebshilli Fiskal, organ i pavarur shtet\u00ebror, detyra e t\u00eb cilit, nd\u00ebr t\u00eb tjera, \u00ebsht\u00eb t\u00eb monitoroj\u00eb dhe analizoj\u00eb buxhetin, n\u00eb p\u00ebrgjigjen e tij p\u00ebr REL-in, thot\u00eb se masa nuk \u00ebsht\u00eb p\u00ebrfshir\u00eb n\u00eb rebalancimin e buxhetit.<\/p>\n<p>N\u00eb p\u00ebrgjigje shtohet se K\u00ebshilli Fiskal \u201cn\u00eb p\u00ebrputhje me praktik\u00ebn e mir\u00eb nd\u00ebrkomb\u00ebtare\u201d i shmanget \u201cvler\u00ebsimit dhe komentimit zyrtar t\u00eb politikave t\u00eb reja t\u00eb Qeveris\u00eb, t\u00eb cilat kan\u00eb si baz\u00eb t\u00eb vetme deklaratat n\u00eb media\u201d.<\/p>\n<p>\u201cMb\u00ebshtetja financiare p\u00ebr qytetar\u00ebt q\u00eb jan\u00eb larguar nga institucionet e Kosov\u00ebs, e paralajm\u00ebruar publikisht, me sa duket \u00ebsht\u00eb nj\u00eb mas\u00eb e re e Qeveris\u00eb q\u00eb \u00ebsht\u00eb hartuar pas rebalancimit t\u00eb buxhetit dhe ne, me k\u00ebt\u00eb rast, nuk e kemi vler\u00ebsuar si t\u00eb till\u00ebt\u201d, thon\u00eb nga ky institucion.<\/p>\n<p>\u2018Mungesa e transparenc\u00ebs\u2019<\/p>\n<p>Nemanja Nenadiq, drejtor programi i organizat\u00ebs joqeveritare Transparenca Serbia, n\u00eb nj\u00eb intervist\u00eb p\u00ebr Radion Evropa e Lir\u00eb thot\u00eb se kur b\u00ebhet fjal\u00eb p\u00ebr alokimet p\u00ebr Kosov\u00ebn, mungesa e transparenc\u00ebs ka qen\u00eb e pranishme p\u00ebr dekada.<\/p>\n<p>Ai thot\u00eb se, n\u00eb rastin konkret, mund t\u00eb pritet q\u00eb tarifat t\u00eb paguhen nga rezerva buxhetore.<\/p>\n<p>\u201cDhe k\u00ebtu \u00ebsht\u00eb problemi p\u00ebr shkak se ato vendime nga rezerva buxhetore publikohen vet\u00ebm n\u00eb Gazet\u00ebn Zyrtare dhe nuk jan\u00eb n\u00eb faqen e Qeveris\u00eb. Zakonisht shpjegimet jan\u00eb shum\u00eb t\u00eb shkurtra\u201d, thot\u00eb Nenadiq.<\/p>\n<p>Ai thekson se transparenca m\u00eb e madhe do t\u00eb parandalonte keqp\u00ebrdorimet.<\/p>\n<p>\u201cDo t\u00eb ishte mir\u00eb q\u00eb Qeveria t\u00eb vepronte ndryshe dhe t\u00eb jepte disa shpjegime m\u00eb t\u00eb detajuara p\u00ebr numrin e personave q\u00eb do t\u00eb financohen nga ato masa t\u00eb jasht\u00ebzakonshme, n\u00eb m\u00ebnyr\u00eb q\u00eb t\u00eb parandalohen dyshimet p\u00ebr ndonj\u00eb lloj keqp\u00ebrdorimi dhe q\u00eb parat\u00eb nuk po shp\u00ebrndahen n\u00eb m\u00ebnyr\u00ebn m\u00eb korrekte\u201d, p\u00ebrfundon Nenadiq.<\/p>\n<p>Pagat e dyfishta t\u00eb zyrtar\u00ebve t\u00eb List\u00ebs Serbe<\/p>\n<p>Sipas t\u00eb dh\u00ebnave t\u00eb Agjencis\u00eb Kund\u00ebr Korrupsionit t\u00eb Kosov\u00ebs, zyrtar\u00eb t\u00eb lart\u00eb t\u00eb List\u00ebs Serbe, t\u00eb cil\u00ebt m\u00eb 5 n\u00ebntor kan\u00eb vendosur t\u00eb japin dor\u00ebheqje nga institucionet n\u00eb veri t\u00eb Kosov\u00ebs, si dhe nga Qeveria dhe Kuvendi, nuk do t\u00eb mbeten pa paga mujore, sepse paralelisht me at\u00eb t\u00eb Kosov\u00ebs, kan\u00eb t\u00eb pakt\u00ebn edhe nga nj\u00eb pag\u00eb tjet\u00ebr nga buxheti i Serbis\u00eb.<\/p>\n<p>Lista Serbe \u00ebsht\u00eb partia udh\u00ebheq\u00ebse e serb\u00ebve t\u00eb Kosov\u00ebs, e cila u formua n\u00eb vitin 2013 me mb\u00ebshtetjen e Beogradit dhe q\u00eb at\u00ebher\u00eb merr pjes\u00eb n\u00eb t\u00eb gjitha institucionet e Kosov\u00ebs, n\u00eb nivelin qendror dhe lokal.<\/p>\n<p>Zyrtar\u00ebt e k\u00ebsaj partie kan\u00eb raportuar t\u00eb hyrat nga Serbia n\u00eb Agjencin\u00eb kosovare Kund\u00ebr Korrupsionit.<\/p>\n<p>INTERESTING FOR YOU<\/p>\n","protected":false},"excerpt":{"rendered":"<p>Serb\u00ebt q\u00eb braktis\u00ebn institucionet e Kosov\u00ebs, m\u00eb 5 n\u00ebntor, sipas presidentit serb, Aleksandar Vu\u00e7iq, \u201cdo t\u00eb ken\u00eb p\u00ebrkujdesje\u201d. M\u00eb 6 n\u00ebntor, n\u00eb nj\u00eb prononcim n\u00eb Tv Pink, ai deklaroi se kjo do t\u2019i kushtoj\u00eb shtetit 50 deri n\u00eb 60 milion\u00eb euro, por nuk ka specifikuar se p\u00ebr \u00e7far\u00eb \u201ckujdesi\u201d b\u00ebhet fjal\u00eb, raporton REL. Kjo pik\u00eb [&hellip;]<\/p>\n","protected":false},"author":1,"featured_media":9859,"comment_status":"closed","ping_status":"closed","sticky":false,"template":"","format":"standard","meta":{"_monsterinsights_skip_tracking":false,"_monsterinsights_sitenote_active":false,"_monsterinsights_sitenote_note":"","_monsterinsights_sitenote_category":0,"_uf_show_specific_survey":0,"_uf_disable_surveys":false,"footnotes":""},"categories":[23,15],"tags":[],"yoast_head":"<!-- This site is optimized with the Yoast SEO plugin v21.5 - https:\/\/yoast.com\/wordpress\/plugins\/seo\/ -->\n<title>Vu\u00e7iqi p\u00ebrgatit \u201cp\u00ebrforcim financiar\u201d p\u00ebr serb\u00ebt q\u00eb braktis\u00ebn institucionet e Kosov\u00ebs<\/title>\n<meta name=\"robots\" content=\"index, follow, max-snippet:-1, max-image-preview:large, max-video-preview:-1\" \/>\n<link rel=\"canonical\" href=\"https:\/\/permbledhja.com\/sq\/vuciqi-pergatit-perforcim-financiar-per-serbet-qe-braktisen-institucionet-e-kosoves\/\" \/>\n<meta property=\"og:locale\" content=\"sq_AL\" \/>\n<meta property=\"og:type\" content=\"article\" \/>\n<meta property=\"og:title\" content=\"Vu\u00e7iqi p\u00ebrgatit \u201cp\u00ebrforcim financiar\u201d p\u00ebr serb\u00ebt q\u00eb braktis\u00ebn institucionet e Kosov\u00ebs\" \/>\n<meta property=\"og:description\" content=\"Serb\u00ebt q\u00eb braktis\u00ebn institucionet e Kosov\u00ebs, m\u00eb 5 n\u00ebntor, sipas presidentit serb, Aleksandar Vu\u00e7iq, \u201cdo t\u00eb ken\u00eb p\u00ebrkujdesje\u201d. M\u00eb 6 n\u00ebntor, n\u00eb nj\u00eb prononcim n\u00eb Tv Pink, ai deklaroi se kjo do t\u2019i kushtoj\u00eb shtetit 50 deri n\u00eb 60 milion\u00eb euro, por nuk ka specifikuar se p\u00ebr \u00e7far\u00eb \u201ckujdesi\u201d b\u00ebhet fjal\u00eb, raporton REL. Kjo pik\u00eb [&hellip;]\" \/>\n<meta property=\"og:url\" content=\"https:\/\/permbledhja.com\/sq\/vuciqi-pergatit-perforcim-financiar-per-serbet-qe-braktisen-institucionet-e-kosoves\/\" \/>\n<meta property=\"og:site_name\" content=\"Ve\u00e7 artikuj p\u00ebrmbledh\u00ebs\" \/>\n<meta property=\"article:publisher\" content=\"https:\/\/www.facebook.com\/press07\/\" \/>\n<meta property=\"article:author\" content=\"https:\/\/www.facebook.com\/kafexhiu.muharrem\/\" \/>\n<meta property=\"article:published_time\" content=\"2022-11-08T18:50:09+00:00\" \/>\n<meta property=\"og:image\" content=\"https:\/\/permbledhja.com\/wp-content\/uploads\/2022\/11\/000a0000-0aff-0242-25a9-08dac014.jpg\" \/>\n\t<meta property=\"og:image:width\" content=\"1597\" \/>\n\t<meta property=\"og:image:height\" content=\"898\" \/>\n\t<meta property=\"og:image:type\" content=\"image\/jpeg\" \/>\n<meta name=\"author\" content=\"P\u00ebrmbledhja\" \/>\n<meta name=\"twitter:card\" content=\"summary_large_image\" \/>\n<meta name=\"twitter:label1\" content=\"Written by\" \/>\n\t<meta name=\"twitter:data1\" content=\"P\u00ebrmbledhja\" \/>\n\t<meta name=\"twitter:label2\" content=\"Est. reading time\" \/>\n\t<meta name=\"twitter:data2\" content=\"7 minuta\" \/>\n<script type=\"application\/ld+json\" class=\"yoast-schema-graph\">{\"@context\":\"https:\/\/schema.org\",\"@graph\":[{\"@type\":\"Article\",\"@id\":\"https:\/\/permbledhja.com\/vuciqi-pergatit-perforcim-financiar-per-serbet-qe-braktisen-institucionet-e-kosoves\/#article\",\"isPartOf\":{\"@id\":\"https:\/\/permbledhja.com\/vuciqi-pergatit-perforcim-financiar-per-serbet-qe-braktisen-institucionet-e-kosoves\/\"},\"author\":{\"name\":\"P\u00ebrmbledhja\",\"@id\":\"https:\/\/permbledhja.com\/#\/schema\/person\/0d064377258d3221e50693947b9eb4fe\"},\"headline\":\"Vu\u00e7iqi p\u00ebrgatit \u201cp\u00ebrforcim financiar\u201d p\u00ebr serb\u00ebt q\u00eb braktis\u00ebn institucionet e Kosov\u00ebs\",\"datePublished\":\"2022-11-08T18:50:09+00:00\",\"dateModified\":\"2022-11-08T18:50:09+00:00\",\"mainEntityOfPage\":{\"@id\":\"https:\/\/permbledhja.com\/vuciqi-pergatit-perforcim-financiar-per-serbet-qe-braktisen-institucionet-e-kosoves\/\"},\"wordCount\":1498,\"publisher\":{\"@id\":\"https:\/\/permbledhja.com\/#organization\"},\"articleSection\":[\"Komb\u00ebtare\",\"Lajme\"],\"inLanguage\":\"sq\"},{\"@type\":\"WebPage\",\"@id\":\"https:\/\/permbledhja.com\/vuciqi-pergatit-perforcim-financiar-per-serbet-qe-braktisen-institucionet-e-kosoves\/\",\"url\":\"https:\/\/permbledhja.com\/vuciqi-pergatit-perforcim-financiar-per-serbet-qe-braktisen-institucionet-e-kosoves\/\",\"name\":\"Vu\u00e7iqi p\u00ebrgatit \u201cp\u00ebrforcim financiar\u201d p\u00ebr serb\u00ebt q\u00eb braktis\u00ebn institucionet e Kosov\u00ebs\",\"isPartOf\":{\"@id\":\"https:\/\/permbledhja.com\/#website\"},\"datePublished\":\"2022-11-08T18:50:09+00:00\",\"dateModified\":\"2022-11-08T18:50:09+00:00\",\"breadcrumb\":{\"@id\":\"https:\/\/permbledhja.com\/vuciqi-pergatit-perforcim-financiar-per-serbet-qe-braktisen-institucionet-e-kosoves\/#breadcrumb\"},\"inLanguage\":\"sq\",\"potentialAction\":[{\"@type\":\"ReadAction\",\"target\":[\"https:\/\/permbledhja.com\/vuciqi-pergatit-perforcim-financiar-per-serbet-qe-braktisen-institucionet-e-kosoves\/\"]}]},{\"@type\":\"BreadcrumbList\",\"@id\":\"https:\/\/permbledhja.com\/vuciqi-pergatit-perforcim-financiar-per-serbet-qe-braktisen-institucionet-e-kosoves\/#breadcrumb\",\"itemListElement\":[{\"@type\":\"ListItem\",\"position\":1,\"name\":\"Ballina\",\"item\":\"https:\/\/permbledhja.com\/sq\/\"},{\"@type\":\"ListItem\",\"position\":2,\"name\":\"Vu\u00e7iqi p\u00ebrgatit \u201cp\u00ebrforcim financiar\u201d p\u00ebr serb\u00ebt q\u00eb braktis\u00ebn institucionet e Kosov\u00ebs\"}]},{\"@type\":\"WebSite\",\"@id\":\"https:\/\/permbledhja.com\/#website\",\"url\":\"https:\/\/permbledhja.com\/\",\"name\":\"Ve\u00e7 artikuj p\u00ebrmbledh\u00ebs\",\"description\":\"\",\"publisher\":{\"@id\":\"https:\/\/permbledhja.com\/#organization\"},\"potentialAction\":[{\"@type\":\"SearchAction\",\"target\":{\"@type\":\"EntryPoint\",\"urlTemplate\":\"https:\/\/permbledhja.com\/?s={search_term_string}\"},\"query-input\":\"required name=search_term_string\"}],\"inLanguage\":\"sq\"},{\"@type\":\"Organization\",\"@id\":\"https:\/\/permbledhja.com\/#organization\",\"name\":\"MK Media & Pr\",\"url\":\"https:\/\/permbledhja.com\/\",\"logo\":{\"@type\":\"ImageObject\",\"inLanguage\":\"sq\",\"@id\":\"https:\/\/permbledhja.com\/#\/schema\/logo\/image\/\",\"url\":\"https:\/\/permbledhja.com\/wp-content\/uploads\/2021\/12\/07-Press-Logo.jpg\",\"contentUrl\":\"https:\/\/permbledhja.com\/wp-content\/uploads\/2021\/12\/07-Press-Logo.jpg\",\"width\":512,\"height\":512,\"caption\":\"MK Media & Pr\"},\"image\":{\"@id\":\"https:\/\/permbledhja.com\/#\/schema\/logo\/image\/\"},\"sameAs\":[\"https:\/\/www.facebook.com\/press07\/\"]},{\"@type\":\"Person\",\"@id\":\"https:\/\/permbledhja.com\/#\/schema\/person\/0d064377258d3221e50693947b9eb4fe\",\"name\":\"P\u00ebrmbledhja\",\"image\":{\"@type\":\"ImageObject\",\"inLanguage\":\"sq\",\"@id\":\"https:\/\/permbledhja.com\/#\/schema\/person\/image\/\",\"url\":\"https:\/\/permbledhja.com\/wp-content\/uploads\/2026\/01\/452004717_1040944174702970_8932037511805513407_n-96x96.jpg\",\"contentUrl\":\"https:\/\/permbledhja.com\/wp-content\/uploads\/2026\/01\/452004717_1040944174702970_8932037511805513407_n-96x96.jpg\",\"caption\":\"P\u00ebrmbledhja\"},\"sameAs\":[\"https:\/\/www.facebook.com\/kafexhiu.muharrem\/\",\"https:\/\/www.instagram.com\/muharrem_kafexhiu\/\"],\"url\":\"https:\/\/permbledhja.com\/sq\/author\/admin\/\"}]}<\/script>\n<!-- \/ Yoast SEO plugin. -->","yoast_head_json":{"title":"Vu\u00e7iqi p\u00ebrgatit \u201cp\u00ebrforcim financiar\u201d p\u00ebr serb\u00ebt q\u00eb braktis\u00ebn institucionet e Kosov\u00ebs","robots":{"index":"index","follow":"follow","max-snippet":"max-snippet:-1","max-image-preview":"max-image-preview:large","max-video-preview":"max-video-preview:-1"},"canonical":"https:\/\/permbledhja.com\/sq\/vuciqi-pergatit-perforcim-financiar-per-serbet-qe-braktisen-institucionet-e-kosoves\/","og_locale":"sq_AL","og_type":"article","og_title":"Vu\u00e7iqi p\u00ebrgatit \u201cp\u00ebrforcim financiar\u201d p\u00ebr serb\u00ebt q\u00eb braktis\u00ebn institucionet e Kosov\u00ebs","og_description":"Serb\u00ebt q\u00eb braktis\u00ebn institucionet e Kosov\u00ebs, m\u00eb 5 n\u00ebntor, sipas presidentit serb, Aleksandar Vu\u00e7iq, \u201cdo t\u00eb ken\u00eb p\u00ebrkujdesje\u201d. M\u00eb 6 n\u00ebntor, n\u00eb nj\u00eb prononcim n\u00eb Tv Pink, ai deklaroi se kjo do t\u2019i kushtoj\u00eb shtetit 50 deri n\u00eb 60 milion\u00eb euro, por nuk ka specifikuar se p\u00ebr \u00e7far\u00eb \u201ckujdesi\u201d b\u00ebhet fjal\u00eb, raporton REL. Kjo pik\u00eb [&hellip;]","og_url":"https:\/\/permbledhja.com\/sq\/vuciqi-pergatit-perforcim-financiar-per-serbet-qe-braktisen-institucionet-e-kosoves\/","og_site_name":"Ve\u00e7 artikuj p\u00ebrmbledh\u00ebs","article_publisher":"https:\/\/www.facebook.com\/press07\/","article_author":"https:\/\/www.facebook.com\/kafexhiu.muharrem\/","article_published_time":"2022-11-08T18:50:09+00:00","og_image":[{"width":1597,"height":898,"url":"https:\/\/permbledhja.com\/wp-content\/uploads\/2022\/11\/000a0000-0aff-0242-25a9-08dac014.jpg","type":"image\/jpeg"}],"author":"P\u00ebrmbledhja","twitter_card":"summary_large_image","twitter_misc":{"Written by":"P\u00ebrmbledhja","Est. reading time":"7 minuta"},"schema":{"@context":"https:\/\/schema.org","@graph":[{"@type":"Article","@id":"https:\/\/permbledhja.com\/vuciqi-pergatit-perforcim-financiar-per-serbet-qe-braktisen-institucionet-e-kosoves\/#article","isPartOf":{"@id":"https:\/\/permbledhja.com\/vuciqi-pergatit-perforcim-financiar-per-serbet-qe-braktisen-institucionet-e-kosoves\/"},"author":{"name":"P\u00ebrmbledhja","@id":"https:\/\/permbledhja.com\/#\/schema\/person\/0d064377258d3221e50693947b9eb4fe"},"headline":"Vu\u00e7iqi p\u00ebrgatit \u201cp\u00ebrforcim financiar\u201d p\u00ebr serb\u00ebt q\u00eb braktis\u00ebn institucionet e Kosov\u00ebs","datePublished":"2022-11-08T18:50:09+00:00","dateModified":"2022-11-08T18:50:09+00:00","mainEntityOfPage":{"@id":"https:\/\/permbledhja.com\/vuciqi-pergatit-perforcim-financiar-per-serbet-qe-braktisen-institucionet-e-kosoves\/"},"wordCount":1498,"publisher":{"@id":"https:\/\/permbledhja.com\/#organization"},"articleSection":["Komb\u00ebtare","Lajme"],"inLanguage":"sq"},{"@type":"WebPage","@id":"https:\/\/permbledhja.com\/vuciqi-pergatit-perforcim-financiar-per-serbet-qe-braktisen-institucionet-e-kosoves\/","url":"https:\/\/permbledhja.com\/vuciqi-pergatit-perforcim-financiar-per-serbet-qe-braktisen-institucionet-e-kosoves\/","name":"Vu\u00e7iqi p\u00ebrgatit \u201cp\u00ebrforcim financiar\u201d p\u00ebr serb\u00ebt q\u00eb braktis\u00ebn institucionet e Kosov\u00ebs","isPartOf":{"@id":"https:\/\/permbledhja.com\/#website"},"datePublished":"2022-11-08T18:50:09+00:00","dateModified":"2022-11-08T18:50:09+00:00","breadcrumb":{"@id":"https:\/\/permbledhja.com\/vuciqi-pergatit-perforcim-financiar-per-serbet-qe-braktisen-institucionet-e-kosoves\/#breadcrumb"},"inLanguage":"sq","potentialAction":[{"@type":"ReadAction","target":["https:\/\/permbledhja.com\/vuciqi-pergatit-perforcim-financiar-per-serbet-qe-braktisen-institucionet-e-kosoves\/"]}]},{"@type":"BreadcrumbList","@id":"https:\/\/permbledhja.com\/vuciqi-pergatit-perforcim-financiar-per-serbet-qe-braktisen-institucionet-e-kosoves\/#breadcrumb","itemListElement":[{"@type":"ListItem","position":1,"name":"Ballina","item":"https:\/\/permbledhja.com\/sq\/"},{"@type":"ListItem","position":2,"name":"Vu\u00e7iqi p\u00ebrgatit \u201cp\u00ebrforcim financiar\u201d p\u00ebr serb\u00ebt q\u00eb braktis\u00ebn institucionet e Kosov\u00ebs"}]},{"@type":"WebSite","@id":"https:\/\/permbledhja.com\/#website","url":"https:\/\/permbledhja.com\/","name":"Ve\u00e7 artikuj p\u00ebrmbledh\u00ebs","description":"","publisher":{"@id":"https:\/\/permbledhja.com\/#organization"},"potentialAction":[{"@type":"SearchAction","target":{"@type":"EntryPoint","urlTemplate":"https:\/\/permbledhja.com\/?s={search_term_string}"},"query-input":"required name=search_term_string"}],"inLanguage":"sq"},{"@type":"Organization","@id":"https:\/\/permbledhja.com\/#organization","name":"MK Media & Pr","url":"https:\/\/permbledhja.com\/","logo":{"@type":"ImageObject","inLanguage":"sq","@id":"https:\/\/permbledhja.com\/#\/schema\/logo\/image\/","url":"https:\/\/permbledhja.com\/wp-content\/uploads\/2021\/12\/07-Press-Logo.jpg","contentUrl":"https:\/\/permbledhja.com\/wp-content\/uploads\/2021\/12\/07-Press-Logo.jpg","width":512,"height":512,"caption":"MK Media & Pr"},"image":{"@id":"https:\/\/permbledhja.com\/#\/schema\/logo\/image\/"},"sameAs":["https:\/\/www.facebook.com\/press07\/"]},{"@type":"Person","@id":"https:\/\/permbledhja.com\/#\/schema\/person\/0d064377258d3221e50693947b9eb4fe","name":"P\u00ebrmbledhja","image":{"@type":"ImageObject","inLanguage":"sq","@id":"https:\/\/permbledhja.com\/#\/schema\/person\/image\/","url":"https:\/\/permbledhja.com\/wp-content\/uploads\/2026\/01\/452004717_1040944174702970_8932037511805513407_n-96x96.jpg","contentUrl":"https:\/\/permbledhja.com\/wp-content\/uploads\/2026\/01\/452004717_1040944174702970_8932037511805513407_n-96x96.jpg","caption":"P\u00ebrmbledhja"},"sameAs":["https:\/\/www.facebook.com\/kafexhiu.muharrem\/","https:\/\/www.instagram.com\/muharrem_kafexhiu\/"],"url":"https:\/\/permbledhja.com\/sq\/author\/admin\/"}]}},"_links":{"self":[{"href":"https:\/\/permbledhja.com\/sq\/wp-json\/wp\/v2\/posts\/9858"}],"collection":[{"href":"https:\/\/permbledhja.com\/sq\/wp-json\/wp\/v2\/posts"}],"about":[{"href":"https:\/\/permbledhja.com\/sq\/wp-json\/wp\/v2\/types\/post"}],"author":[{"embeddable":true,"href":"https:\/\/permbledhja.com\/sq\/wp-json\/wp\/v2\/users\/1"}],"replies":[{"embeddable":true,"href":"https:\/\/permbledhja.com\/sq\/wp-json\/wp\/v2\/comments?post=9858"}],"version-history":[{"count":1,"href":"https:\/\/permbledhja.com\/sq\/wp-json\/wp\/v2\/posts\/9858\/revisions"}],"predecessor-version":[{"id":9860,"href":"https:\/\/permbledhja.com\/sq\/wp-json\/wp\/v2\/posts\/9858\/revisions\/9860"}],"wp:featuredmedia":[{"embeddable":true,"href":"https:\/\/permbledhja.com\/sq\/wp-json\/wp\/v2\/media\/9859"}],"wp:attachment":[{"href":"https:\/\/permbledhja.com\/sq\/wp-json\/wp\/v2\/media?parent=9858"}],"wp:term":[{"taxonomy":"category","embeddable":true,"href":"https:\/\/permbledhja.com\/sq\/wp-json\/wp\/v2\/categories?post=9858"},{"taxonomy":"post_tag","embeddable":true,"href":"https:\/\/permbledhja.com\/sq\/wp-json\/wp\/v2\/tags?post=9858"}],"curies":[{"name":"wp","href":"https:\/\/api.w.org\/{rel}","templated":true}]}}