{"id":9850,"date":"2022-11-08T18:01:40","date_gmt":"2022-11-08T18:01:40","guid":{"rendered":"https:\/\/permbledhja.com\/?p=9850"},"modified":"2022-11-08T18:01:40","modified_gmt":"2022-11-08T18:01:40","slug":"a-mund-te-zevendesohen-deputetet-e-listes-serbe-me-deputete-te-partive-tjera","status":"publish","type":"post","link":"https:\/\/permbledhja.com\/sq\/a-mund-te-zevendesohen-deputetet-e-listes-serbe-me-deputete-te-partive-tjera\/","title":{"rendered":"A mund t\u00eb z\u00ebvend\u00ebsohen deputet\u00ebt e List\u00ebs Serbe me deputet\u00eb t\u00eb partive tjera?"},"content":{"rendered":"<p>Kuvendi i Kosov\u00ebs aktualisht \u00ebsht\u00eb duke funksionuar me vet\u00ebm 110 deputet\u00eb.<\/p>\n<p>Kjo p\u00ebr shkak q\u00eb dhjet\u00eb prej tyre q\u00eb i p\u00ebrkasin List\u00ebs Serbe dje edhe zyrtarisht kan\u00eb dor\u00ebzuar mandatet e tyre, shkruan Front Online.<\/p>\n<p>Z\u00ebvend\u00ebsimi i tyre, mund t\u00eb b\u00ebhet me kandidat\u00ebt e tjer\u00eb t\u00eb cil\u00ebt kan\u00eb qen\u00eb n\u00eb list\u00eb p\u00ebr zgjedhjet e 14 shkurtit t\u00eb vitit t\u00eb kaluar.<\/p>\n<p>Nj\u00eb gj\u00eb t\u00eb till\u00eb, e parasheh edhe Kushtetuta dhe rregullorja e pun\u00ebs s\u00eb Kuvendit t\u00eb Kosov\u00ebs.<\/p>\n<p>Mir\u00ebpo, n\u00ebse t\u00eb nj\u00ebjtit nuk betohen brenda tri seancave t\u00eb rregullta at\u00ebher\u00eb mosdh\u00ebnia e betimit p\u00ebrb\u00ebn arsye p\u00ebr humbjen e mandatit.<\/p>\n<p>Por, a mund t\u00eb z\u00ebvend\u00ebsohen deputet\u00ebt e List\u00ebs Serbe n\u00eb rast t\u00eb mos pranimit edhe nga dhjet\u00eb t\u00eb tjer\u00ebt me ndonj\u00eb parti tjet\u00ebr serbe q\u00eb ka garuar n\u00eb zgjedhje, p\u00ebr Front Online flasin njoh\u00ebsit e \u00e7\u00ebshtjeve politike.<\/p>\n<p>P\u00ebr Mazllum Baraliun, nj\u00eb gj\u00eb e till\u00eb mund t\u00eb ndodh\u00eb.<\/p>\n<p>\u201cN\u00ebse se pranojn\u00eb teorikisht por edhe logjika juridike lejon mund\u00ebsin\u00eb q\u00eb t\u00eb shkohet edhe prap\u00eb po them nuk \u00ebsht\u00eb parapar\u00eb n\u00eb detaje, por p\u00ebr ta rregulluar k\u00ebt\u00eb situat\u00eb mund t\u00eb kalohet n\u00eb parti t\u00eb tjera t\u00eb cilat i kan\u00eb t\u00eb nj\u00ebjtat t\u00eb drejta nga komuniteti i nj\u00ebjt\u00eb, mir\u00ebpo n\u00ebse edhe aty nuk pranon kush apo frikohen q\u00eb ta marrin at\u00ebher\u00eb mbetet vakuum institucional, por Kuvendi mund t\u00eb funksionoj\u00eb edhe pa ta\u201d, \u00ebsht\u00eb shprehur Baraliu, p\u00ebr Front Online.<\/p>\n<p>Por, ndryshe mendon, njoh\u00ebsi i \u00e7\u00ebshtjeve politike, Arton Demhasaj.<\/p>\n<p>\u201cNuk munden p\u00ebr shkak se Lista Serbe \u00ebsht\u00eb ajo q\u00eb i ka fitu votat dhe nuk mundet me u z\u00ebvend\u00ebsua me deputet ose kandidat\u00eb t\u00eb partive tjera q\u00eb nuk kan\u00eb arrit me fitu mandate n\u00eb zgjedhjet e fundit. Krejt mandatet q\u00eb iu takojn\u00eb serb\u00ebve q\u00eb jan\u00eb fitu nga Lista Serbe nuk mund t\u00eb z\u00ebvend\u00ebsohen me deputet\u00eb tjer\u00eb t\u00eb partive t\u00eb tjera serbe q\u00eb nuk kan\u00eb mb\u00ebrri me fitu mandate n\u00eb zgjedhjet e fundit\u201d, ka th\u00ebn\u00eb Demhasaj, p\u00ebr Front Online.<\/p>\n<p>Baraliu, e Demhasaj kan\u00eb folur edhe p\u00ebr \u00e7\u00ebshtjen kur k\u00ebrkohen 2\/3 e votave t\u00eb Kuvendit, dhe 2\/3 e votave t\u00eb komuniteteve.<\/p>\n<p>Sipas tyre, Kuvendi mund t\u00eb funksionoj\u00eb edhe pa deputet\u00ebt serb\u00eb, por jo edhe p\u00ebr ligjet ku k\u00ebrkohen 2\/3 e votave t\u00eb komuniteteve.<\/p>\n<p>\u201cKeni parasysh, jan\u00eb 120 pa 10 dhe jan\u00eb edhe 110 t\u00eb tjer\u00eb q\u00eb jo vet\u00ebm q\u00eb e b\u00ebjn\u00eb kuorumin por e tejkalojn\u00eb shum\u00ebfish. Pra, mbi 80 deputet\u00eb kur duhet t\u00eb vendoset p\u00ebr \u00e7\u00ebshtje madhore funksionon pa problem Kuvendi, k\u00ebshtu q\u00eb edhe ndonj\u00eb parti tjet\u00ebr ta sabotonte Kuvendin, i nj\u00ebjti mund t\u00eb funksionoj\u201d, ka deklaruar Baraliu.<\/p>\n<p>T\u00eb gjitha ligjet q\u00eb k\u00ebrkojn\u00eb shumic\u00eb t\u00eb dyfisht\u00eb n\u00eb Kuvend, sipas Demhasajt do t\u00eb d\u00ebshtojn\u00eb n\u00eb votim.<\/p>\n<p>\u201cT\u00eb gjitha ligjet q\u00eb jan\u00eb me interes vital e q\u00eb k\u00ebrkojn\u00eb shumic\u00ebn e dyfisht\u00eb t\u00eb Kuvendit q\u00eb n\u00ebnkupton 2\/3 e Kuvendit dhe 2\/3 e minoriteteve nuk munden me u votu, dhe thjesht d\u00ebshtojn\u00eb p\u00ebr shkak se procedura \u00ebsht\u00eb e till\u00eb. Pra, n\u00eb munges\u00eb t\u00eb deputet\u00ebve t\u00eb List\u00ebs Serbe gjith\u00eb ato ligje q\u00eb k\u00ebrkojn\u00eb shumic\u00eb t\u00eb dyfisht\u00eb nuk mundem me kalua edhe kan\u00eb me d\u00ebshtua\u201d, ka th\u00ebn\u00eb ai.<\/p>\n<p>Lista Serbe \u2013 partia m\u00eb e madhe e serb\u00ebve n\u00eb Kosov\u00eb \u2013 ka vendosur t\u00eb shtun\u00ebn q\u00eb t\u00eb largohet nga institucionet qendrore t\u00eb Republik\u00ebs s\u00eb Kosov\u00ebs, si dhe nga komunat n\u00eb veri t\u00eb vendit.<\/p>\n<p>Pas vendimit \u2013 t\u00eb marr\u00eb n\u00eb nj\u00eb takim me dyer t\u00eb mbyllura n\u00eb Zve\u00e7an \u2013 dor\u00ebheqje kan\u00eb dh\u00ebn\u00eb edhe pjes\u00ebtar\u00ebt serb\u00eb t\u00eb Policis\u00eb s\u00eb Kosov\u00ebs, ata t\u00eb gjyq\u00ebsorit dhe prokuroris\u00eb n\u00eb veri.<\/p>\n<p>Paralajm\u00ebrimet e List\u00ebs Serbe p\u00ebr largim nga institucionet e Kosov\u00ebs kan\u00eb ardhur pas vendimit t\u00eb autoriteteve t\u00eb Kosov\u00ebs p\u00ebr suspendimin e drejtorit t\u00eb Policis\u00eb s\u00eb Kosov\u00ebs p\u00ebr rajonin e veriut, Nenad Gjuriq, i cili ka refuzuar q\u00eb t\u00eb zbatoj\u00eb vendimin e Qeveris\u00eb s\u00eb Kosov\u00ebs p\u00ebr riregjistrimin e makinave q\u00eb kan\u00eb targa t\u00eb l\u00ebshuara nga Serbia n\u00eb RKS \u2013 Republika e Kosov\u00ebs.\/Front Online<\/p>\n","protected":false},"excerpt":{"rendered":"<p>Kuvendi i Kosov\u00ebs aktualisht \u00ebsht\u00eb duke funksionuar me vet\u00ebm 110 deputet\u00eb. Kjo p\u00ebr shkak q\u00eb dhjet\u00eb prej tyre q\u00eb i p\u00ebrkasin List\u00ebs Serbe dje edhe zyrtarisht kan\u00eb dor\u00ebzuar mandatet e tyre, shkruan Front Online. Z\u00ebvend\u00ebsimi i tyre, mund t\u00eb b\u00ebhet me kandidat\u00ebt e tjer\u00eb t\u00eb cil\u00ebt kan\u00eb qen\u00eb n\u00eb list\u00eb p\u00ebr zgjedhjet e 14 shkurtit [&hellip;]<\/p>\n","protected":false},"author":1,"featured_media":9851,"comment_status":"closed","ping_status":"closed","sticky":false,"template":"","format":"standard","meta":{"_monsterinsights_skip_tracking":false,"_monsterinsights_sitenote_active":false,"_monsterinsights_sitenote_note":"","_monsterinsights_sitenote_category":0,"_uf_show_specific_survey":0,"_uf_disable_surveys":false,"footnotes":""},"categories":[23,15],"tags":[],"yoast_head":"<!-- This site is optimized with the Yoast SEO plugin v21.5 - https:\/\/yoast.com\/wordpress\/plugins\/seo\/ -->\n<title>A mund t\u00eb z\u00ebvend\u00ebsohen deputet\u00ebt e List\u00ebs Serbe me deputet\u00eb t\u00eb partive tjera?<\/title>\n<meta name=\"robots\" content=\"index, follow, max-snippet:-1, max-image-preview:large, max-video-preview:-1\" \/>\n<link rel=\"canonical\" href=\"https:\/\/permbledhja.com\/sq\/a-mund-te-zevendesohen-deputetet-e-listes-serbe-me-deputete-te-partive-tjera\/\" \/>\n<meta property=\"og:locale\" content=\"sq_AL\" \/>\n<meta property=\"og:type\" content=\"article\" \/>\n<meta property=\"og:title\" content=\"A mund t\u00eb z\u00ebvend\u00ebsohen deputet\u00ebt e List\u00ebs Serbe me deputet\u00eb t\u00eb partive tjera?\" \/>\n<meta property=\"og:description\" content=\"Kuvendi i Kosov\u00ebs aktualisht \u00ebsht\u00eb duke funksionuar me vet\u00ebm 110 deputet\u00eb. Kjo p\u00ebr shkak q\u00eb dhjet\u00eb prej tyre q\u00eb i p\u00ebrkasin List\u00ebs Serbe dje edhe zyrtarisht kan\u00eb dor\u00ebzuar mandatet e tyre, shkruan Front Online. Z\u00ebvend\u00ebsimi i tyre, mund t\u00eb b\u00ebhet me kandidat\u00ebt e tjer\u00eb t\u00eb cil\u00ebt kan\u00eb qen\u00eb n\u00eb list\u00eb p\u00ebr zgjedhjet e 14 shkurtit [&hellip;]\" \/>\n<meta property=\"og:url\" content=\"https:\/\/permbledhja.com\/sq\/a-mund-te-zevendesohen-deputetet-e-listes-serbe-me-deputete-te-partive-tjera\/\" \/>\n<meta property=\"og:site_name\" content=\"Ve\u00e7 artikuj p\u00ebrmbledh\u00ebs\" \/>\n<meta property=\"article:publisher\" content=\"https:\/\/www.facebook.com\/press07\/\" \/>\n<meta property=\"article:author\" content=\"https:\/\/www.facebook.com\/kafexhiu.muharrem\/\" \/>\n<meta property=\"article:published_time\" content=\"2022-11-08T18:01:40+00:00\" \/>\n<meta property=\"og:image\" content=\"https:\/\/permbledhja.com\/wp-content\/uploads\/2022\/11\/lista-serbe-1.jpg\" \/>\n\t<meta property=\"og:image:width\" content=\"985\" \/>\n\t<meta property=\"og:image:height\" content=\"551\" \/>\n\t<meta property=\"og:image:type\" content=\"image\/jpeg\" \/>\n<meta name=\"author\" content=\"P\u00ebrmbledhja\" \/>\n<meta name=\"twitter:card\" content=\"summary_large_image\" \/>\n<meta name=\"twitter:label1\" content=\"Written by\" \/>\n\t<meta name=\"twitter:data1\" content=\"P\u00ebrmbledhja\" \/>\n\t<meta name=\"twitter:label2\" content=\"Est. reading time\" \/>\n\t<meta name=\"twitter:data2\" content=\"4 minuta\" \/>\n<script type=\"application\/ld+json\" class=\"yoast-schema-graph\">{\"@context\":\"https:\/\/schema.org\",\"@graph\":[{\"@type\":\"Article\",\"@id\":\"https:\/\/permbledhja.com\/sq\/a-mund-te-zevendesohen-deputetet-e-listes-serbe-me-deputete-te-partive-tjera\/#article\",\"isPartOf\":{\"@id\":\"https:\/\/permbledhja.com\/sq\/a-mund-te-zevendesohen-deputetet-e-listes-serbe-me-deputete-te-partive-tjera\/\"},\"author\":{\"name\":\"P\u00ebrmbledhja\",\"@id\":\"https:\/\/permbledhja.com\/#\/schema\/person\/0d064377258d3221e50693947b9eb4fe\"},\"headline\":\"A mund t\u00eb z\u00ebvend\u00ebsohen deputet\u00ebt e List\u00ebs Serbe me deputet\u00eb t\u00eb partive tjera?\",\"datePublished\":\"2022-11-08T18:01:40+00:00\",\"dateModified\":\"2022-11-08T18:01:40+00:00\",\"mainEntityOfPage\":{\"@id\":\"https:\/\/permbledhja.com\/sq\/a-mund-te-zevendesohen-deputetet-e-listes-serbe-me-deputete-te-partive-tjera\/\"},\"wordCount\":718,\"publisher\":{\"@id\":\"https:\/\/permbledhja.com\/#organization\"},\"articleSection\":[\"Komb\u00ebtare\",\"Lajme\"],\"inLanguage\":\"sq\"},{\"@type\":\"WebPage\",\"@id\":\"https:\/\/permbledhja.com\/sq\/a-mund-te-zevendesohen-deputetet-e-listes-serbe-me-deputete-te-partive-tjera\/\",\"url\":\"https:\/\/permbledhja.com\/sq\/a-mund-te-zevendesohen-deputetet-e-listes-serbe-me-deputete-te-partive-tjera\/\",\"name\":\"A mund t\u00eb z\u00ebvend\u00ebsohen deputet\u00ebt e List\u00ebs Serbe me deputet\u00eb t\u00eb partive tjera?\",\"isPartOf\":{\"@id\":\"https:\/\/permbledhja.com\/#website\"},\"datePublished\":\"2022-11-08T18:01:40+00:00\",\"dateModified\":\"2022-11-08T18:01:40+00:00\",\"breadcrumb\":{\"@id\":\"https:\/\/permbledhja.com\/sq\/a-mund-te-zevendesohen-deputetet-e-listes-serbe-me-deputete-te-partive-tjera\/#breadcrumb\"},\"inLanguage\":\"sq\",\"potentialAction\":[{\"@type\":\"ReadAction\",\"target\":[\"https:\/\/permbledhja.com\/sq\/a-mund-te-zevendesohen-deputetet-e-listes-serbe-me-deputete-te-partive-tjera\/\"]}]},{\"@type\":\"BreadcrumbList\",\"@id\":\"https:\/\/permbledhja.com\/sq\/a-mund-te-zevendesohen-deputetet-e-listes-serbe-me-deputete-te-partive-tjera\/#breadcrumb\",\"itemListElement\":[{\"@type\":\"ListItem\",\"position\":1,\"name\":\"Ballina\",\"item\":\"https:\/\/permbledhja.com\/sq\/\"},{\"@type\":\"ListItem\",\"position\":2,\"name\":\"A mund t\u00eb z\u00ebvend\u00ebsohen deputet\u00ebt e List\u00ebs Serbe me deputet\u00eb t\u00eb partive tjera?\"}]},{\"@type\":\"WebSite\",\"@id\":\"https:\/\/permbledhja.com\/#website\",\"url\":\"https:\/\/permbledhja.com\/\",\"name\":\"Ve\u00e7 artikuj p\u00ebrmbledh\u00ebs\",\"description\":\"\",\"publisher\":{\"@id\":\"https:\/\/permbledhja.com\/#organization\"},\"potentialAction\":[{\"@type\":\"SearchAction\",\"target\":{\"@type\":\"EntryPoint\",\"urlTemplate\":\"https:\/\/permbledhja.com\/?s={search_term_string}\"},\"query-input\":\"required name=search_term_string\"}],\"inLanguage\":\"sq\"},{\"@type\":\"Organization\",\"@id\":\"https:\/\/permbledhja.com\/#organization\",\"name\":\"MK Media & Pr\",\"url\":\"https:\/\/permbledhja.com\/\",\"logo\":{\"@type\":\"ImageObject\",\"inLanguage\":\"sq\",\"@id\":\"https:\/\/permbledhja.com\/#\/schema\/logo\/image\/\",\"url\":\"https:\/\/permbledhja.com\/wp-content\/uploads\/2021\/12\/07-Press-Logo.jpg\",\"contentUrl\":\"https:\/\/permbledhja.com\/wp-content\/uploads\/2021\/12\/07-Press-Logo.jpg\",\"width\":512,\"height\":512,\"caption\":\"MK Media & Pr\"},\"image\":{\"@id\":\"https:\/\/permbledhja.com\/#\/schema\/logo\/image\/\"},\"sameAs\":[\"https:\/\/www.facebook.com\/press07\/\"]},{\"@type\":\"Person\",\"@id\":\"https:\/\/permbledhja.com\/#\/schema\/person\/0d064377258d3221e50693947b9eb4fe\",\"name\":\"P\u00ebrmbledhja\",\"image\":{\"@type\":\"ImageObject\",\"inLanguage\":\"sq\",\"@id\":\"https:\/\/permbledhja.com\/#\/schema\/person\/image\/\",\"url\":\"https:\/\/permbledhja.com\/wp-content\/uploads\/2026\/01\/452004717_1040944174702970_8932037511805513407_n-96x96.jpg\",\"contentUrl\":\"https:\/\/permbledhja.com\/wp-content\/uploads\/2026\/01\/452004717_1040944174702970_8932037511805513407_n-96x96.jpg\",\"caption\":\"P\u00ebrmbledhja\"},\"sameAs\":[\"https:\/\/www.facebook.com\/kafexhiu.muharrem\/\",\"https:\/\/www.instagram.com\/muharrem_kafexhiu\/\"],\"url\":\"https:\/\/permbledhja.com\/sq\/author\/admin\/\"}]}<\/script>\n<!-- \/ Yoast SEO plugin. -->","yoast_head_json":{"title":"A mund t\u00eb z\u00ebvend\u00ebsohen deputet\u00ebt e List\u00ebs Serbe me deputet\u00eb t\u00eb partive tjera?","robots":{"index":"index","follow":"follow","max-snippet":"max-snippet:-1","max-image-preview":"max-image-preview:large","max-video-preview":"max-video-preview:-1"},"canonical":"https:\/\/permbledhja.com\/sq\/a-mund-te-zevendesohen-deputetet-e-listes-serbe-me-deputete-te-partive-tjera\/","og_locale":"sq_AL","og_type":"article","og_title":"A mund t\u00eb z\u00ebvend\u00ebsohen deputet\u00ebt e List\u00ebs Serbe me deputet\u00eb t\u00eb partive tjera?","og_description":"Kuvendi i Kosov\u00ebs aktualisht \u00ebsht\u00eb duke funksionuar me vet\u00ebm 110 deputet\u00eb. Kjo p\u00ebr shkak q\u00eb dhjet\u00eb prej tyre q\u00eb i p\u00ebrkasin List\u00ebs Serbe dje edhe zyrtarisht kan\u00eb dor\u00ebzuar mandatet e tyre, shkruan Front Online. Z\u00ebvend\u00ebsimi i tyre, mund t\u00eb b\u00ebhet me kandidat\u00ebt e tjer\u00eb t\u00eb cil\u00ebt kan\u00eb qen\u00eb n\u00eb list\u00eb p\u00ebr zgjedhjet e 14 shkurtit [&hellip;]","og_url":"https:\/\/permbledhja.com\/sq\/a-mund-te-zevendesohen-deputetet-e-listes-serbe-me-deputete-te-partive-tjera\/","og_site_name":"Ve\u00e7 artikuj p\u00ebrmbledh\u00ebs","article_publisher":"https:\/\/www.facebook.com\/press07\/","article_author":"https:\/\/www.facebook.com\/kafexhiu.muharrem\/","article_published_time":"2022-11-08T18:01:40+00:00","og_image":[{"width":985,"height":551,"url":"https:\/\/permbledhja.com\/wp-content\/uploads\/2022\/11\/lista-serbe-1.jpg","type":"image\/jpeg"}],"author":"P\u00ebrmbledhja","twitter_card":"summary_large_image","twitter_misc":{"Written by":"P\u00ebrmbledhja","Est. reading time":"4 minuta"},"schema":{"@context":"https:\/\/schema.org","@graph":[{"@type":"Article","@id":"https:\/\/permbledhja.com\/sq\/a-mund-te-zevendesohen-deputetet-e-listes-serbe-me-deputete-te-partive-tjera\/#article","isPartOf":{"@id":"https:\/\/permbledhja.com\/sq\/a-mund-te-zevendesohen-deputetet-e-listes-serbe-me-deputete-te-partive-tjera\/"},"author":{"name":"P\u00ebrmbledhja","@id":"https:\/\/permbledhja.com\/#\/schema\/person\/0d064377258d3221e50693947b9eb4fe"},"headline":"A mund t\u00eb z\u00ebvend\u00ebsohen deputet\u00ebt e List\u00ebs Serbe me deputet\u00eb t\u00eb partive tjera?","datePublished":"2022-11-08T18:01:40+00:00","dateModified":"2022-11-08T18:01:40+00:00","mainEntityOfPage":{"@id":"https:\/\/permbledhja.com\/sq\/a-mund-te-zevendesohen-deputetet-e-listes-serbe-me-deputete-te-partive-tjera\/"},"wordCount":718,"publisher":{"@id":"https:\/\/permbledhja.com\/#organization"},"articleSection":["Komb\u00ebtare","Lajme"],"inLanguage":"sq"},{"@type":"WebPage","@id":"https:\/\/permbledhja.com\/sq\/a-mund-te-zevendesohen-deputetet-e-listes-serbe-me-deputete-te-partive-tjera\/","url":"https:\/\/permbledhja.com\/sq\/a-mund-te-zevendesohen-deputetet-e-listes-serbe-me-deputete-te-partive-tjera\/","name":"A mund t\u00eb z\u00ebvend\u00ebsohen deputet\u00ebt e List\u00ebs Serbe me deputet\u00eb t\u00eb partive tjera?","isPartOf":{"@id":"https:\/\/permbledhja.com\/#website"},"datePublished":"2022-11-08T18:01:40+00:00","dateModified":"2022-11-08T18:01:40+00:00","breadcrumb":{"@id":"https:\/\/permbledhja.com\/sq\/a-mund-te-zevendesohen-deputetet-e-listes-serbe-me-deputete-te-partive-tjera\/#breadcrumb"},"inLanguage":"sq","potentialAction":[{"@type":"ReadAction","target":["https:\/\/permbledhja.com\/sq\/a-mund-te-zevendesohen-deputetet-e-listes-serbe-me-deputete-te-partive-tjera\/"]}]},{"@type":"BreadcrumbList","@id":"https:\/\/permbledhja.com\/sq\/a-mund-te-zevendesohen-deputetet-e-listes-serbe-me-deputete-te-partive-tjera\/#breadcrumb","itemListElement":[{"@type":"ListItem","position":1,"name":"Ballina","item":"https:\/\/permbledhja.com\/sq\/"},{"@type":"ListItem","position":2,"name":"A mund t\u00eb z\u00ebvend\u00ebsohen deputet\u00ebt e List\u00ebs Serbe me deputet\u00eb t\u00eb partive tjera?"}]},{"@type":"WebSite","@id":"https:\/\/permbledhja.com\/#website","url":"https:\/\/permbledhja.com\/","name":"Ve\u00e7 artikuj p\u00ebrmbledh\u00ebs","description":"","publisher":{"@id":"https:\/\/permbledhja.com\/#organization"},"potentialAction":[{"@type":"SearchAction","target":{"@type":"EntryPoint","urlTemplate":"https:\/\/permbledhja.com\/?s={search_term_string}"},"query-input":"required name=search_term_string"}],"inLanguage":"sq"},{"@type":"Organization","@id":"https:\/\/permbledhja.com\/#organization","name":"MK Media & Pr","url":"https:\/\/permbledhja.com\/","logo":{"@type":"ImageObject","inLanguage":"sq","@id":"https:\/\/permbledhja.com\/#\/schema\/logo\/image\/","url":"https:\/\/permbledhja.com\/wp-content\/uploads\/2021\/12\/07-Press-Logo.jpg","contentUrl":"https:\/\/permbledhja.com\/wp-content\/uploads\/2021\/12\/07-Press-Logo.jpg","width":512,"height":512,"caption":"MK Media & Pr"},"image":{"@id":"https:\/\/permbledhja.com\/#\/schema\/logo\/image\/"},"sameAs":["https:\/\/www.facebook.com\/press07\/"]},{"@type":"Person","@id":"https:\/\/permbledhja.com\/#\/schema\/person\/0d064377258d3221e50693947b9eb4fe","name":"P\u00ebrmbledhja","image":{"@type":"ImageObject","inLanguage":"sq","@id":"https:\/\/permbledhja.com\/#\/schema\/person\/image\/","url":"https:\/\/permbledhja.com\/wp-content\/uploads\/2026\/01\/452004717_1040944174702970_8932037511805513407_n-96x96.jpg","contentUrl":"https:\/\/permbledhja.com\/wp-content\/uploads\/2026\/01\/452004717_1040944174702970_8932037511805513407_n-96x96.jpg","caption":"P\u00ebrmbledhja"},"sameAs":["https:\/\/www.facebook.com\/kafexhiu.muharrem\/","https:\/\/www.instagram.com\/muharrem_kafexhiu\/"],"url":"https:\/\/permbledhja.com\/sq\/author\/admin\/"}]}},"_links":{"self":[{"href":"https:\/\/permbledhja.com\/sq\/wp-json\/wp\/v2\/posts\/9850"}],"collection":[{"href":"https:\/\/permbledhja.com\/sq\/wp-json\/wp\/v2\/posts"}],"about":[{"href":"https:\/\/permbledhja.com\/sq\/wp-json\/wp\/v2\/types\/post"}],"author":[{"embeddable":true,"href":"https:\/\/permbledhja.com\/sq\/wp-json\/wp\/v2\/users\/1"}],"replies":[{"embeddable":true,"href":"https:\/\/permbledhja.com\/sq\/wp-json\/wp\/v2\/comments?post=9850"}],"version-history":[{"count":1,"href":"https:\/\/permbledhja.com\/sq\/wp-json\/wp\/v2\/posts\/9850\/revisions"}],"predecessor-version":[{"id":9852,"href":"https:\/\/permbledhja.com\/sq\/wp-json\/wp\/v2\/posts\/9850\/revisions\/9852"}],"wp:featuredmedia":[{"embeddable":true,"href":"https:\/\/permbledhja.com\/sq\/wp-json\/wp\/v2\/media\/9851"}],"wp:attachment":[{"href":"https:\/\/permbledhja.com\/sq\/wp-json\/wp\/v2\/media?parent=9850"}],"wp:term":[{"taxonomy":"category","embeddable":true,"href":"https:\/\/permbledhja.com\/sq\/wp-json\/wp\/v2\/categories?post=9850"},{"taxonomy":"post_tag","embeddable":true,"href":"https:\/\/permbledhja.com\/sq\/wp-json\/wp\/v2\/tags?post=9850"}],"curies":[{"name":"wp","href":"https:\/\/api.w.org\/{rel}","templated":true}]}}