{"id":9842,"date":"2022-11-08T16:37:54","date_gmt":"2022-11-08T16:37:54","guid":{"rendered":"https:\/\/permbledhja.com\/?p=9842"},"modified":"2022-11-08T16:37:54","modified_gmt":"2022-11-08T16:37:54","slug":"rasti-syri-i-popullit-prokuroria-speciale-kerkon-denimin-e-sadri-ramabajes-dhe-avni-llumnices","status":"publish","type":"post","link":"https:\/\/permbledhja.com\/sq\/rasti-syri-i-popullit-prokuroria-speciale-kerkon-denimin-e-sadri-ramabajes-dhe-avni-llumnices\/","title":{"rendered":"Rasti \u201cSyri i Popullit\u201d: Prokuroria Speciale k\u00ebrkon d\u00ebnimin e Sadri Ramabaj\u00ebs dhe Avni Llumnic\u00ebs"},"content":{"rendered":"<p>N\u00eb Gjykat\u00ebn Themelore n\u00eb Prishtin\u00eb, t\u00eb mart\u00ebn, \u00ebsht\u00eb dh\u00ebn\u00eb fjala p\u00ebrfundimtare, ku prokurori special Burim \u00c7erkini, ka k\u00ebrkuar d\u00ebnimin e t\u00eb akuzuarve Sadri Ramabaja dhe Avni Llumnica, nd\u00ebrsa, mbrojtja ka k\u00ebrkuar lirimin e tyre.<br \/>\nN\u00eb k\u00ebt\u00eb rast, Llumnica akuzohet p\u00ebr tentim vrasje t\u00eb Azem Vllasit n\u00eb bashk\u00ebkryerje me tani t\u00eb ndjerin M.J. Nd\u00ebrsa, Ramabaja akuzohet se kishte ndihmuar t\u00eb akuzuarit n\u00eb kryerjen e vepr\u00ebs penale t\u00eb vrasjes n\u00eb tentativ\u00eb, raporton \u201cBetimi p\u00ebr Drejt\u00ebsi\u201d.<\/p>\n<p>Prokurori \u00c7erkini, n\u00eb fjal\u00ebn e tij p\u00ebrfundimtare t\u00eb dor\u00ebzuar me shkrim dhe t\u00eb elaboruar n\u00eb gjykat\u00eb, ka deklaruar se mbetet n\u00eb t\u00ebr\u00ebsi pran\u00eb akuz\u00ebs dhe provave q\u00eb e mb\u00ebshtesin k\u00ebt\u00eb aktakuz\u00eb.<\/p>\n<p>Sipas tij, gjendja faktike n\u00eb k\u00ebt\u00eb aktakuz\u00eb \u00ebsht\u00eb v\u00ebrtetuar nga d\u00ebshmia e tani t\u00eb d\u00ebmtuarit, d\u00ebshmitar\u00ebve dhe provat materiale t\u00eb prezantuara n\u00eb k\u00ebt\u00eb shqyrtim gjyq\u00ebsor si dhe nga faktet e pakontestueshme.<\/p>\n<p>\u00c7erkini ka k\u00ebrkuar nga trupi gjykues q\u00eb provave t\u00eb nxjerra gjat\u00eb shqyrtimit t\u00eb par\u00eb dhe rastit t\u00eb rigjykimit t\u2019ua fal\u00eb besimin e plot\u00eb me t\u00eb cilat tha se do t\u00eb v\u00ebrtetohet p\u00ebrgjegj\u00ebsia penale e t\u00eb akuzuarve.<\/p>\n<p>Prokurori \u00c7erkini ka k\u00ebrkuar q\u00eb t\u00eb akuzuarit t\u00eb shpallen fajtor dhe t\u2019iu shqiptohet d\u00ebnim i parapar\u00eb sipas ligjit.<\/p>\n<p>Tutje, p\u00ebrfaq\u00ebsuesi i pal\u00ebs s\u00eb d\u00ebmtuar Azem Vllasi, avokati Nazuf Hasani n\u00eb fjal\u00ebn e tij p\u00ebrfundimtare ka th\u00ebn\u00eb se pa m\u00ebdyshje ekziston p\u00ebrgjegj\u00ebsia penale e t\u00eb pandehurve.<\/p>\n<p>\u201cJan\u00eb v\u00ebrtetuar me prova t\u00eb pakontestueshme se p\u00ebr motive t\u00eb ul\u00ebta dhe duke qen\u00eb se pala e d\u00ebmtuar Azem Vllasi ishte i pambrojtur q\u00ebllimi i tyre ka qen\u00eb q\u00eb ta privojn\u00eb nga jeta\u201d, tha Hasani.<\/p>\n<p>Hasani i ka propozuar gjykat\u00ebs q\u00eb n\u00eb baz\u00eb t\u00eb provave t\u00eb vendos p\u00ebr gjykim meritor.<\/p>\n<p>Nd\u00ebrsa, i d\u00ebmtuari Azem Vllasi e ka p\u00ebrkrahur n\u00eb t\u00ebr\u00ebsi fjal\u00ebn p\u00ebrfundimtare t\u00eb prokurorit dhe t\u00eb p\u00ebrfaq\u00ebsuesit t\u00eb tij, duke shtuar se n\u00eb k\u00ebt\u00eb \u00e7\u00ebshtje nuk ka asnj\u00eb rrethan\u00eb leht\u00ebsuese.<\/p>\n<p>\u201cUn\u00eb kam plot besim n\u00eb vendimin e juj. Organizata terroriste Syri i Popullit \u00ebsht\u00eb formu dhe ka ekzistu\u201d, tha Vllasi.<\/p>\n<p>Po ashtu, edhe mbrojt\u00ebsi i t\u00eb akuzuarit Llumnica, avokati Naim Rudari fjal\u00ebn e tij p\u00ebrfundimtare e ka dor\u00ebzuar me shkrim, duke shtuar se prokurori i shtetit tani n\u00eb k\u00ebt\u00eb p\u00ebrfundim t\u00eb k\u00ebtij procesi gjyq\u00ebsor do t\u00eb duhej t\u00eb p\u00ebrmblidhte prova konkrete dhe t\u00eb pakontestueshme q\u00eb argumentojn\u00eb kryerjen e vepr\u00ebs penale por q\u00eb sot asnj\u00eb nga k\u00ebto sipas tij nuk u p\u00ebrmenden.<\/p>\n<p>Sipas tij, prokurori, i d\u00ebmtuari dhe p\u00ebrfaq\u00ebsuesi i tij nuk arrit\u00ebn q\u00eb t\u00eb gjejn\u00eb nj\u00eb motiv, arsye apo q\u00ebllim q\u00eb i mbrojturi i tij t\u00eb ket\u00eb kryer k\u00ebt\u00eb vep\u00ebr penale.<\/p>\n<p>Nd\u00ebrsa, i akuzuari Llumnica e ka mb\u00ebshtetur n\u00eb t\u00ebr\u00ebsi fjal\u00ebn e mbrojt\u00ebsi t\u00eb tij, duke shtuar se q\u00ebndron pran\u00eb deklaratave t\u00eb tij t\u00eb dh\u00ebna n\u00eb procedurat e deri tanishme.<\/p>\n<p>\u201cUn\u00eb ju garantoj q\u00eb jam totalisht i pafajsh\u00ebm p\u00ebr k\u00ebt\u00eb proces p\u00ebr \u00e7ka jam akuzuar, kam besim t\u00eb plot\u00eb se trupi gjykues do t\u00eb sjell\u00eb nj\u00eb vendim t\u00eb drejt\u00eb. Ju e d\u00ebgjuat vet Azemin kur tha se asgj\u00eb si kam bo Avni Llumnic\u00ebs andaj un\u00eb \u00e7far\u00eb arsye kam pas me pas problem me nj\u00eb nj\u00ebri q\u00eb asniher\u00eb skam pas kontakt e se kam dit a sku jeton as qka bon\u201d, tha i akuzuari Llumnica.<\/p>\n<p>M\u00eb pas, fjal\u00ebn p\u00ebrfundimtare e ka dor\u00ebzuar me shkrim edhe mbrojt\u00ebsi i t\u00eb akuzuari Sadri Ramabaja, avokati Ramiz Krasniqi duke shtuar se pas administrimit t\u00eb provave kishte pritur q\u00eb Prokuroria t\u00eb heq\u00eb dor\u00eb nga aktakuza e ushtruar ndaj t\u00eb mbrojturit t\u00eb tij.<\/p>\n<p>Ai tha se n\u00eb k\u00ebt\u00eb rast prokurori special nuk \u00ebsht\u00eb krejt\u00ebsisht i pavarur dhe se n\u00eb k\u00ebt\u00eb organ vlen parimi i majorizimit q\u00eb sipas tij do t\u00eb thot\u00eb se eprori vendos se a duhet hetuar ndonj\u00eb individ apo jo, a duhet hequr dor\u00eb nga ndonj\u00eb akuz\u00eb apo jo.<\/p>\n<p>\u201cPra dilema e mbrojtjes \u00ebsht\u00eb kjo: Kush \u00ebsht\u00eb shefi real i Prokuroris\u00eb Speciale? Apo, t\u00eb shprehem ndryshe, kush e kontrollon Prokurorin\u00eb Speciale t\u00eb Republik\u00ebs\u201d, ka th\u00ebn\u00eb Krasniqi.<\/p>\n<p>I nj\u00ebjti i ka propozuar gjykat\u00ebs q\u00eb n\u00eb munges\u00eb t\u00eb provave, Sadri Ramabaja t\u00eb lirohet nga akuza.<\/p>\n<p>Fjal\u00ebn e tij p\u00ebrfundimtare e ka p\u00ebrkrahur i akuzuari Ramabaja, i cili i dor\u00ebzoi trupit gjykues nj\u00eb lib\u00ebr t\u00eb tij me titull \u201cLiria pa heronj\u201d, ku sipas tij aty ka d\u00ebshmi se si Azem Vllasi si bart\u00ebs i projektit rus i akorduar me ish-presidentin e at\u00ebhersh\u00ebm t\u00eb Republik\u00ebs s\u00eb Serbis\u00eb kan\u00eb punuar n\u00eb drejtim t\u00eb realizimit t\u00eb ashtuquajtur\u00ebs republika autonome e tipit rus.<\/p>\n<p>N\u00eb fund, kryetari i trupit gjykues, gjykat\u00ebsi Musa Konxheli ka konstatuar dhe vler\u00ebsuar se \u00e7\u00ebshtja \u00ebsht\u00eb zbardhur mjaftuesh\u00ebm, ashtu q\u00eb sipas tij nuk ka nevoj\u00eb t\u00eb administrohen prova t\u00eb reja.<\/p>\n<p>N\u00eb k\u00ebt\u00eb \u00e7\u00ebshtje penale, n\u00eb cil\u00ebsin\u00eb e t\u00eb akuzuarit ka qen\u00eb edhe Bajrush Konjusha, mir\u00ebpo ai pas pranimit t\u00eb faj\u00ebsis\u00eb p\u00ebr arm\u00ebmbajtje pa leje, \u00ebsht\u00eb d\u00ebnuar me 300 euro gjob\u00eb.<\/p>\n<p>Ndryshe, ky rast kishte marr\u00eb epilog n\u00eb janar t\u00eb vitit 2020, kur Gjykata Themelore n\u00eb Prishtin\u00eb i kishte shpallur fajtor\u00eb t\u00eb akuzuarit, por pas ankesave t\u00eb ushtruara, Gjykata e Apelit e kishte kthyer rastin n\u00eb pik\u00ebn zero.<\/p>\n<p>Duke vepruar konform rekomandimeve t\u00eb Apelit, PSRK kishte ngritur aktakuz\u00eb t\u00eb re n\u00eb k\u00ebt\u00eb rast.<\/p>\n<p>Sipas aktakuz\u00ebs s\u00eb 27 tetorit 2020, Sadri Ramabaja, Avni Llumnica dhe Bajrush Konjusha jan\u00eb tashm\u00eb t\u00eb vetmit t\u00eb akuzuar n\u00eb k\u00ebt\u00eb rast.<\/p>\n<p>Kjo pasi q\u00eb PSRK hoqi dor\u00eb nga vepra penale kund\u00ebr rendit kushtetues respektivisht nga dyshimi p\u00ebr ekzistimin e nj\u00eb grupi kriminal \u201cSyri i Popullit\u201d.<\/p>\n<p>Me aktakuz\u00ebn e re, Llumnica akuzohet se n\u00eb bashk\u00ebkryerje me tani t\u00eb ndjerin M. J. kishin tentuar t\u00eb privojn\u00eb nga jeta, Azem Vllasin.<\/p>\n<p>Ramabaja akuzohet se kishte ndihmuar Llumnic\u00ebn dhe M.J t\u00eb kryejn\u00eb atentat ndaj t\u00eb d\u00ebmtuarit Azem Vllasi, nd\u00ebrkaq Bajrush Konjusha akuzohej p\u00ebr vepr\u00ebn penale t\u00eb arm\u00ebmbajtjes.<\/p>\n<p>Lidhur me akuz\u00ebn ndaj t\u00eb ndjerit M.J, sipas vendimit t\u00eb Apelit, meqen\u00ebse i nj\u00ebjti kishte probleme sh\u00ebndet\u00ebsore, rasti i tij ishte deleguar n\u00eb Prokurorin\u00eb Themelore n\u00eb Prishtin\u00eb, e cila kishte ushtruar propozim p\u00ebr caktimin e mas\u00ebs s\u00eb trajtimit t\u00eb detyruesh\u00ebm psikiatrik.<\/p>\n<p>Ndryshe, Prokuroria Speciale e Republik\u00ebs s\u00eb Kosov\u00ebs (PSRK), m\u00eb 27 shkurt 2018 kishte ngritur aktakuz\u00ebn e par\u00eb p\u00ebr k\u00ebt\u00eb rast.<\/p>\n<p>Avni Llumnica, Ragip Sallova, Sadri Ramabaja, Sabit Berisha, Behxhet Luzha, Halim Halimi, Bajrush Konjusha, Lirije Luzha dhe Rexhep Topllana akuzoheshin p\u00ebr vepra t\u00eb ndryshme penale.<\/p>\n<p>Sipas k\u00ebsaj aktakuze, i pandehuri Avni Llumnica me dashje q\u00eb tani i ndjeri M.J. t\u00eb vriste p\u00ebr hakmarrje t\u00eb d\u00ebmtuarin Azem Vllasin, i kishte dh\u00ebn\u00eb ndihm\u00eb M.J n\u00eb kryerjen e vepr\u00ebs penale.<\/p>\n<p>Llumnica thuhet se m\u00eb 6 mars 2017, e kishte sjell\u00eb nga Zvicra n\u00eb Kosov\u00eb tani t\u00eb ndjerin M.J., e kishte ftuar n\u00eb sht\u00ebpin\u00eb e tij, nd\u00ebrsa nj\u00eb dit\u00eb m\u00eb von\u00eb e kishte d\u00ebrguar n\u00eb motel \u201cFontana\u201d n\u00eb Veternik, ku ia kishte paguar edhe fjetjen n\u00eb k\u00ebt\u00eb motel.<\/p>\n<p>Nd\u00ebrsa, sipas pretendimeve t\u00eb Prokuroris\u00eb, kur i pandehuri, tani i ndjeri M. J. kishte kryer vep\u00ebr penale ndaj Azem Vllasit, ai bashk\u00eb me t\u00eb akuzuarin Llumnica ishin takuar n\u00eb qytet dhe pasi q\u00eb kishin dashur t\u00eb largoheshin p\u00ebr n\u00eb shtetin e Zvicr\u00ebs, n\u00eb or\u00ebn 12 t\u00eb mbr\u00ebmjes ishin arrestuar nga Policia e Kosov\u00ebs.<\/p>\n<p>Me k\u00ebt\u00eb, Llumnica thuhej se kishte kryer vepr\u00ebn penale \u201chakmarrje n\u00eb ndihm\u00eb\u201d nga neni 396, i Kodit Penal.<\/p>\n<p>Llumnica sipas k\u00ebsaj aktakuze, sa ishte n\u00eb Qendr\u00ebn e Paraburgimit n\u00eb Lipjan m\u00eb 16 maj 2017 thuhet se duke p\u00ebrdorur kanosjen dhe forc\u00ebn ka dhunuar t\u00eb d\u00ebmtuarin N.Z duke e futur n\u00eb banjo t\u00eb dhom\u00ebs s\u00eb paraburgimit dhe duke e detyruar t\u00eb nj\u00ebjtin q\u00eb t\u2019i b\u00ebj\u00eb seks oral. Sipas akuz\u00ebs Llumnica edhe para se t\u00eb ndodhte rasti disa dit\u00eb m\u00eb par\u00eb e kishte ngacmuar seksualisht t\u00eb d\u00ebmtuarin n\u00eb fjal\u00eb.<\/p>\n<p>P\u00ebr k\u00ebt\u00eb, Llumnica thuhet se ka kryer vepr\u00ebn penale \u201cDhunim\u201d nga neni 230 i Kodit Penal.<\/p>\n<p>T\u00eb pandehurit M.J., Avni Llumnica, Ragip Sallova, Sadri Ramabaja, Rexhep Topalla, Bajrush Konjusha, Sabit Berisha, Halim Halimi, Bexhet Luzha dhe Lirije Luzha, thuhet se m\u00eb 15 maj 2017, si\u00e7 thuhet n\u00eb aktakuz\u00eb, ishin pjes\u00eb e organizat\u00ebs kriminale \u201cSyri i Popullit\u201d, me t\u00eb ashtuquajturin \u201cAvni Rrustema\u201d diku n\u00eb nj\u00eb shtet t\u00eb Evrop\u00ebs kishin filluar aksionet e kund\u00ebrligjshme me q\u00ebllim q\u00eb t\u00eb destabilizonin ose shkat\u00ebrronin strukturat themelore politike, ekonomike dhe kushtetuese t\u00eb Republik\u00ebs s\u00eb Kosov\u00ebs.<\/p>\n<p>Sipas aktakuz\u00ebs, t\u00eb nj\u00ebjtit thuhet se kishin planifikuar sulme dhe vrasje ndaj personaliteteve t\u00eb lart\u00eb shtet\u00ebror t\u00eb konsideruar si ish-funksionar\u00eb t\u00eb viteve 1980-1991 si tradhtar t\u00eb vendit. K\u00ebto sulme, sipas aktakuz\u00ebs, ata kishin planifikuar t\u2019i kryenin ndaj presidentit t\u00eb Kosov\u00ebs Hashim Tha\u00e7i, kryetarit t\u00eb Kuvendit Kadri Veseli, ish-kryeministrit Isa Mustafa, ish-ministrit Hajredin Ku\u00e7i, Xhavit Haliti, Fatmir Limaj duke vazhduar me komandant\u00eb t\u00eb luft\u00ebs s\u00eb U\u00c7K-s\u00eb, drejtorin e ATK-s\u00eb, klerik\u00ebt fetar\u00eb, etj.<\/p>\n<p>Sipas akuz\u00ebs, ky grup me q\u00ebllim t\u00eb vrasjes s\u00eb k\u00ebtyre personave q\u00eb i konsideronin si tradhtar\u00eb kishin themeluar fondin \u201cLiria e Atdheut\u201d dhe si organizat\u00eb \u201cSyri i Popullit\u201d kishin nj\u00eb struktur\u00eb t\u00eb ndar\u00eb n\u00eb baz\u00eb t\u00eb hierarkis\u00eb, kishin emra t\u00eb koduar dhe detyra t\u00eb ndara thuhet nd\u00ebr tjera n\u00eb aktakuz\u00eb.<\/p>\n<p>Nd\u00ebrsa, i pandehuri, tani i ndjer\u00eb, M.J. thuhet se kishte tentuar t\u00eb vriste Azem Vllasin si ish-funksionar i cili sipas tyre ishte vler\u00ebsuar si i pari n\u00eb list\u00ebn e tradhtarit t\u00eb vendit.<\/p>\n<p>Me k\u00ebt\u00eb, ata sipas prokuroris\u00eb kishin kryer vepr\u00ebn penale \u201cp\u00ebrgatitja e veprave terroriste ose veprave penale kund\u00ebr rendit kushtetues dhe siguris\u00eb s\u00eb Republik\u00ebs s\u00eb Kosov\u00ebs\u201d nga neni 144, i Kodit Penal.<\/p>\n<p>I pandehuri Bajrush Konjusha, akuzohej edhe p\u00ebr vepr\u00ebn penale \u201cMbajtja n\u00eb pron\u00ebsi, kontroll ose posedim t\u00eb paautorizuar t\u00eb arm\u00ebve\u201d, pasi q\u00eb me rastin e bastisjes n\u00eb sht\u00ebpin\u00eb e tij ishte konfiskuar nj\u00eb pistolet\u00eb e gazit dhe nj\u00eb pushk\u00eb ajrore me diabolla 250 cop\u00eb.<\/p>\n<p>Nd\u00ebrsa, i ndjeri M.J. nga PSRK-ja, ngarkohej me veprat penale \u201chakmarrja\u201d dhe \u201cmbajtja n\u00eb pron\u00ebsi, kontroll ose posedim t\u00eb paautorizuar t\u00eb arm\u00ebve\u201d.<\/p>\n<p>Prokuroria e akuzonte M.J. q\u00eb duke qen\u00eb n\u00eb gjendje t\u00eb paaft\u00ebsis\u00eb mendore p\u00ebr t\u2019i kuptuar dhe kontrolluar veprimet e veta p\u00ebr shkak t\u00eb s\u00ebmundjes nga \u00e7rregullimi skizoafektiv-tipi maniak, me karakter t\u00eb p\u00ebrhersh\u00ebm, m\u00eb 13 mars 2017 ka shkuar n\u00eb banes\u00ebn e t\u00eb d\u00ebmtuarit Azem Vllasi n\u00eb Prishtin\u00eb, q\u00eb ta privoj\u00eb nga jeta si ish-udh\u00ebheq\u00ebs i lart\u00eb i LKJ-s\u00eb dhe ish-udh\u00ebheq\u00ebs i Kosov\u00ebs, duke e konsideruar t\u00eb nj\u00ebjtin si tradhtar p\u00ebr shkak t\u00eb q\u00ebndrimeve t\u00eb tij lidhur me demonstratat e vitit \u201891 dhe \u00e7\u00ebshtjes komb\u00ebtare.<\/p>\n<p>Tutje, n\u00eb aktakuz\u00eb thuhet se M.J., fillimisht \u00ebsht\u00eb interesuar q\u00eb Vllasin ta angazhoj\u00eb si avokat n\u00eb \u00e7\u00ebshtje civile, nd\u00ebrsa ai i ka th\u00ebn\u00eb se nuk merret me \u00e7\u00ebshtje civile, duke e sugjeruar t\u00eb drejtohet te nj\u00eb avokat tjet\u00ebr dhe pas kontaktit t\u00eb dyt\u00eb me t\u00eb, i akuzuari e ka nxjerr\u00eb pistolet\u00ebn e tipit \u201cCrvena Zastava\u201d, me shurdhues duke ia drejtuar n\u00eb ball\u00eb t\u00eb d\u00ebmtuarit.<\/p>\n<p>Me tej, prokuroria pretendon se Vllasi ia ka kapur pistolet\u00ebn t\u00eb ndjerit M.J. dhe e ulur, q\u00eb ka ndikuar q\u00eb plumbi ta godet Vllasin n\u00eb pjes\u00ebn e majt\u00eb t\u00eb kraharorit, duke i shkaktuar l\u00ebndime t\u00eb r\u00ebnda trupore. Pas k\u00ebsaj, J. kishte tentuar edhe nj\u00ebher\u00eb t\u00eb shkrep me arm\u00eb n\u00eb drejtim t\u00eb viktim\u00ebs, por iu kishte bllokuar arma dhe m\u00eb pas ishte larguar nga vendi i ngjarjes, p\u00ebr t\u2019u takuar me t\u00eb pandehurin Avni Llumnica, p\u00ebr tu arrestuar nga polica n\u00eb motel \u201cFontana\u201d, n\u00eb Veternik.<\/p>\n<p>Sipas aktakuz\u00ebs, pasi policia kishte b\u00ebr\u00eb nj\u00eb kontroll n\u00eb motel \u201cFontana\u201d, te i ndjeri M.J ishte gjetur dhe konfiskuar nj\u00eb pistolet\u00eb e tipit \u201cCrvena Zastava\u201d, model 70 e kalibrit 70-65 mm, me shurdhues dhe nj\u00eb karikator me 7 fishek\u00eb, q\u00eb e ka p\u00ebrdorur pa leje.<\/p>\n<p>P\u00ebr k\u00ebt\u00eb aktakuz\u00eb, Gjykata Themelore n\u00eb Prishtin\u00eb, udh\u00ebhequr nga kryetarja e trupit gjykues, Naime Krasniqi \u2013 Jashanica dhe gjykat\u00ebsit Vesel Ismajli dhe Valbona Musliu \u2013 Selimaj, kishin marr\u00eb aktgjykim me t\u00eb cilin t\u00eb akuzuarit i kishte shpallur fajtor\u00eb.<\/p>\n<p>Sadri Ramabaja, M. J., Ragip Sallova, Avni Llumnica, Bexhet Luzha, Halim Halimi, Bajrush Konjusha dhe Rexhep Topllana, n\u00eb janar t\u00eb vitit 2020 ishin shpallur fajtor\u00eb p\u00ebr vepra penale kund\u00ebr rendit kushtetues dhe vepra t\u00eb tjera penale.<\/p>\n<p>Avni Llumnica p\u00ebr vepr\u00ebn penale t\u00eb hakmarrjes \u00ebsht\u00eb d\u00ebnuar me 3 vjet burg, p\u00ebr dhunim 1 vit, kurse p\u00ebr shkak t\u00eb veprave terroriste 10 vjet burg, kurse m\u00eb pas ndaj tij \u00ebsht\u00eb shpallur d\u00ebnim unik prej 12 vjet\u00ebsh burgim. Sipas aktgjykimit, atij do t\u2019i llogaritej edhe koha n\u00eb paraburgim dhe i konfiskohet vetura \u201cBM\u00cb, me targa te huaja.<\/p>\n<p>P\u00ebr vepra penale terroriste, Sadri Ramabaja ishte d\u00ebnuar me 5 vjet burg, kurse p\u00ebr t\u00eb nj\u00ebjt\u00ebn vep\u00ebr penale, i akuzuari Ragip Sallova ishte d\u00ebnuar me 4 vjet burg, nd\u00ebrsa Rexhep Topllana ishte d\u00ebnuar me 2 vjet.<\/p>\n<p>T\u00eb ndjerit M.J. p\u00ebr shkak t\u00eb gjendjes s\u00eb tij, gjykata i kishte shqiptuar atij trajtim t\u00eb detyruesh\u00ebm psikiatrik n\u00eb koh\u00ebzgjatje prej 10 vjet\u00ebsh.<\/p>\n<p>Behxhet Luzha p\u00ebr moslajm\u00ebrim t\u00eb vepr\u00ebs penale ishte d\u00ebnuar me 2 vjet burg.<\/p>\n<p>Halim Halimi dhe Bajrush Konjusha ishin d\u00ebnuar me nga 3 vjet burg. P\u00ebrve\u00e7 me burg, Konjusha me 300 euro gjob\u00eb p\u00ebr arm\u00ebmbajtje pa leje.<\/p>\n<p>P\u00ebr t\u00eb akuzuarit Sabit Berisha dhe Lirije Luzha ishte refuzuar aktakuza, pasi q\u00eb prokurori kishte hequr dor\u00eb nga ndjekja penale.<\/p>\n<p>Por me konstatimet e Gjykat\u00ebs Themelore nuk ishte pajtuar Gjykata e Apelit, e cila \u00e7\u00ebshtjen e kishte kthyer n\u00eb rigjykim, madje kishte k\u00ebrkuar q\u00eb rasti t\u00eb kthehet nga shqyrtimi fillestar p\u00ebr shkak t\u00eb shkeljeve t\u00eb paevitueshme.<\/p>\n<p>N\u00eb aktvendimin e Apelit thuhet se \u201c\u00e7\u00ebshtja penale kthehet n\u00eb rivendosje p\u00ebr t\u2019u proceduar nga shqyrtimi fillestar\u00eb dhe pas rregullimit t\u00eb aktit akuzues\u201d.<\/p>\n<p>Ky aktvendim kishte b\u00ebr\u00eb q\u00eb Prokuroria Speciale t\u00eb paraqes pas disa muajve nj\u00eb aktakuz\u00eb t\u00eb re dhe me shum\u00eb ndryshime.<\/p>\n","protected":false},"excerpt":{"rendered":"<p>N\u00eb Gjykat\u00ebn Themelore n\u00eb Prishtin\u00eb, t\u00eb mart\u00ebn, \u00ebsht\u00eb dh\u00ebn\u00eb fjala p\u00ebrfundimtare, ku prokurori special Burim \u00c7erkini, ka k\u00ebrkuar d\u00ebnimin e t\u00eb akuzuarve Sadri Ramabaja dhe Avni Llumnica, nd\u00ebrsa, mbrojtja ka k\u00ebrkuar lirimin e tyre. N\u00eb k\u00ebt\u00eb rast, Llumnica akuzohet p\u00ebr tentim vrasje t\u00eb Azem Vllasit n\u00eb bashk\u00ebkryerje me tani t\u00eb ndjerin M.J. Nd\u00ebrsa, Ramabaja akuzohet [&hellip;]<\/p>\n","protected":false},"author":1,"featured_media":9843,"comment_status":"closed","ping_status":"closed","sticky":false,"template":"","format":"standard","meta":{"_monsterinsights_skip_tracking":false,"_monsterinsights_sitenote_active":false,"_monsterinsights_sitenote_note":"","_monsterinsights_sitenote_category":0,"_uf_show_specific_survey":0,"_uf_disable_surveys":false,"footnotes":""},"categories":[23,15],"tags":[],"yoast_head":"<!-- This site is optimized with the Yoast SEO plugin v21.5 - https:\/\/yoast.com\/wordpress\/plugins\/seo\/ -->\n<title>Rasti \u201cSyri i Popullit\u201d: Prokuroria Speciale k\u00ebrkon d\u00ebnimin e Sadri Ramabaj\u00ebs dhe Avni Llumnic\u00ebs<\/title>\n<meta name=\"robots\" content=\"index, follow, max-snippet:-1, max-image-preview:large, max-video-preview:-1\" \/>\n<link rel=\"canonical\" href=\"https:\/\/permbledhja.com\/sq\/rasti-syri-i-popullit-prokuroria-speciale-kerkon-denimin-e-sadri-ramabajes-dhe-avni-llumnices\/\" \/>\n<meta property=\"og:locale\" content=\"sq_AL\" \/>\n<meta property=\"og:type\" content=\"article\" \/>\n<meta property=\"og:title\" content=\"Rasti \u201cSyri i Popullit\u201d: Prokuroria Speciale k\u00ebrkon d\u00ebnimin e Sadri Ramabaj\u00ebs dhe Avni Llumnic\u00ebs\" \/>\n<meta property=\"og:description\" content=\"N\u00eb Gjykat\u00ebn Themelore n\u00eb Prishtin\u00eb, t\u00eb mart\u00ebn, \u00ebsht\u00eb dh\u00ebn\u00eb fjala p\u00ebrfundimtare, ku prokurori special Burim \u00c7erkini, ka k\u00ebrkuar d\u00ebnimin e t\u00eb akuzuarve Sadri Ramabaja dhe Avni Llumnica, nd\u00ebrsa, mbrojtja ka k\u00ebrkuar lirimin e tyre. N\u00eb k\u00ebt\u00eb rast, Llumnica akuzohet p\u00ebr tentim vrasje t\u00eb Azem Vllasit n\u00eb bashk\u00ebkryerje me tani t\u00eb ndjerin M.J. Nd\u00ebrsa, Ramabaja akuzohet [&hellip;]\" \/>\n<meta property=\"og:url\" content=\"https:\/\/permbledhja.com\/sq\/rasti-syri-i-popullit-prokuroria-speciale-kerkon-denimin-e-sadri-ramabajes-dhe-avni-llumnices\/\" \/>\n<meta property=\"og:site_name\" content=\"Ve\u00e7 artikuj p\u00ebrmbledh\u00ebs\" \/>\n<meta property=\"article:publisher\" content=\"https:\/\/www.facebook.com\/press07\/\" \/>\n<meta property=\"article:author\" content=\"https:\/\/www.facebook.com\/kafexhiu.muharrem\/\" \/>\n<meta property=\"article:published_time\" content=\"2022-11-08T16:37:54+00:00\" \/>\n<meta property=\"og:image\" content=\"https:\/\/permbledhja.com\/wp-content\/uploads\/2022\/11\/sadri-2.jpg\" \/>\n\t<meta property=\"og:image:width\" content=\"1100\" \/>\n\t<meta property=\"og:image:height\" content=\"733\" \/>\n\t<meta property=\"og:image:type\" content=\"image\/jpeg\" \/>\n<meta name=\"author\" content=\"P\u00ebrmbledhja\" \/>\n<meta name=\"twitter:card\" content=\"summary_large_image\" \/>\n<meta name=\"twitter:label1\" content=\"Written by\" \/>\n\t<meta name=\"twitter:data1\" content=\"P\u00ebrmbledhja\" \/>\n\t<meta name=\"twitter:label2\" content=\"Est. reading time\" \/>\n\t<meta name=\"twitter:data2\" content=\"12 minuta\" \/>\n<script type=\"application\/ld+json\" class=\"yoast-schema-graph\">{\"@context\":\"https:\/\/schema.org\",\"@graph\":[{\"@type\":\"Article\",\"@id\":\"https:\/\/permbledhja.com\/rasti-syri-i-popullit-prokuroria-speciale-kerkon-denimin-e-sadri-ramabajes-dhe-avni-llumnices\/#article\",\"isPartOf\":{\"@id\":\"https:\/\/permbledhja.com\/rasti-syri-i-popullit-prokuroria-speciale-kerkon-denimin-e-sadri-ramabajes-dhe-avni-llumnices\/\"},\"author\":{\"name\":\"P\u00ebrmbledhja\",\"@id\":\"https:\/\/permbledhja.com\/#\/schema\/person\/0d064377258d3221e50693947b9eb4fe\"},\"headline\":\"Rasti \u201cSyri i Popullit\u201d: Prokuroria Speciale k\u00ebrkon d\u00ebnimin e Sadri Ramabaj\u00ebs dhe Avni Llumnic\u00ebs\",\"datePublished\":\"2022-11-08T16:37:54+00:00\",\"dateModified\":\"2022-11-08T16:37:54+00:00\",\"mainEntityOfPage\":{\"@id\":\"https:\/\/permbledhja.com\/rasti-syri-i-popullit-prokuroria-speciale-kerkon-denimin-e-sadri-ramabajes-dhe-avni-llumnices\/\"},\"wordCount\":2468,\"publisher\":{\"@id\":\"https:\/\/permbledhja.com\/#organization\"},\"articleSection\":[\"Komb\u00ebtare\",\"Lajme\"],\"inLanguage\":\"sq\"},{\"@type\":\"WebPage\",\"@id\":\"https:\/\/permbledhja.com\/rasti-syri-i-popullit-prokuroria-speciale-kerkon-denimin-e-sadri-ramabajes-dhe-avni-llumnices\/\",\"url\":\"https:\/\/permbledhja.com\/rasti-syri-i-popullit-prokuroria-speciale-kerkon-denimin-e-sadri-ramabajes-dhe-avni-llumnices\/\",\"name\":\"Rasti \u201cSyri i Popullit\u201d: Prokuroria Speciale k\u00ebrkon d\u00ebnimin e Sadri Ramabaj\u00ebs dhe Avni Llumnic\u00ebs\",\"isPartOf\":{\"@id\":\"https:\/\/permbledhja.com\/#website\"},\"datePublished\":\"2022-11-08T16:37:54+00:00\",\"dateModified\":\"2022-11-08T16:37:54+00:00\",\"breadcrumb\":{\"@id\":\"https:\/\/permbledhja.com\/rasti-syri-i-popullit-prokuroria-speciale-kerkon-denimin-e-sadri-ramabajes-dhe-avni-llumnices\/#breadcrumb\"},\"inLanguage\":\"sq\",\"potentialAction\":[{\"@type\":\"ReadAction\",\"target\":[\"https:\/\/permbledhja.com\/rasti-syri-i-popullit-prokuroria-speciale-kerkon-denimin-e-sadri-ramabajes-dhe-avni-llumnices\/\"]}]},{\"@type\":\"BreadcrumbList\",\"@id\":\"https:\/\/permbledhja.com\/rasti-syri-i-popullit-prokuroria-speciale-kerkon-denimin-e-sadri-ramabajes-dhe-avni-llumnices\/#breadcrumb\",\"itemListElement\":[{\"@type\":\"ListItem\",\"position\":1,\"name\":\"Ballina\",\"item\":\"https:\/\/permbledhja.com\/sq\/\"},{\"@type\":\"ListItem\",\"position\":2,\"name\":\"Rasti \u201cSyri i Popullit\u201d: Prokuroria Speciale k\u00ebrkon d\u00ebnimin e Sadri Ramabaj\u00ebs dhe Avni Llumnic\u00ebs\"}]},{\"@type\":\"WebSite\",\"@id\":\"https:\/\/permbledhja.com\/#website\",\"url\":\"https:\/\/permbledhja.com\/\",\"name\":\"Ve\u00e7 artikuj p\u00ebrmbledh\u00ebs\",\"description\":\"\",\"publisher\":{\"@id\":\"https:\/\/permbledhja.com\/#organization\"},\"potentialAction\":[{\"@type\":\"SearchAction\",\"target\":{\"@type\":\"EntryPoint\",\"urlTemplate\":\"https:\/\/permbledhja.com\/?s={search_term_string}\"},\"query-input\":\"required name=search_term_string\"}],\"inLanguage\":\"sq\"},{\"@type\":\"Organization\",\"@id\":\"https:\/\/permbledhja.com\/#organization\",\"name\":\"MK Media & Pr\",\"url\":\"https:\/\/permbledhja.com\/\",\"logo\":{\"@type\":\"ImageObject\",\"inLanguage\":\"sq\",\"@id\":\"https:\/\/permbledhja.com\/#\/schema\/logo\/image\/\",\"url\":\"https:\/\/permbledhja.com\/wp-content\/uploads\/2021\/12\/07-Press-Logo.jpg\",\"contentUrl\":\"https:\/\/permbledhja.com\/wp-content\/uploads\/2021\/12\/07-Press-Logo.jpg\",\"width\":512,\"height\":512,\"caption\":\"MK Media & Pr\"},\"image\":{\"@id\":\"https:\/\/permbledhja.com\/#\/schema\/logo\/image\/\"},\"sameAs\":[\"https:\/\/www.facebook.com\/press07\/\"]},{\"@type\":\"Person\",\"@id\":\"https:\/\/permbledhja.com\/#\/schema\/person\/0d064377258d3221e50693947b9eb4fe\",\"name\":\"P\u00ebrmbledhja\",\"image\":{\"@type\":\"ImageObject\",\"inLanguage\":\"sq\",\"@id\":\"https:\/\/permbledhja.com\/#\/schema\/person\/image\/\",\"url\":\"https:\/\/permbledhja.com\/wp-content\/uploads\/2026\/01\/452004717_1040944174702970_8932037511805513407_n-96x96.jpg\",\"contentUrl\":\"https:\/\/permbledhja.com\/wp-content\/uploads\/2026\/01\/452004717_1040944174702970_8932037511805513407_n-96x96.jpg\",\"caption\":\"P\u00ebrmbledhja\"},\"sameAs\":[\"https:\/\/www.facebook.com\/kafexhiu.muharrem\/\",\"https:\/\/www.instagram.com\/muharrem_kafexhiu\/\"],\"url\":\"https:\/\/permbledhja.com\/sq\/author\/admin\/\"}]}<\/script>\n<!-- \/ Yoast SEO plugin. -->","yoast_head_json":{"title":"Rasti \u201cSyri i Popullit\u201d: Prokuroria Speciale k\u00ebrkon d\u00ebnimin e Sadri Ramabaj\u00ebs dhe Avni Llumnic\u00ebs","robots":{"index":"index","follow":"follow","max-snippet":"max-snippet:-1","max-image-preview":"max-image-preview:large","max-video-preview":"max-video-preview:-1"},"canonical":"https:\/\/permbledhja.com\/sq\/rasti-syri-i-popullit-prokuroria-speciale-kerkon-denimin-e-sadri-ramabajes-dhe-avni-llumnices\/","og_locale":"sq_AL","og_type":"article","og_title":"Rasti \u201cSyri i Popullit\u201d: Prokuroria Speciale k\u00ebrkon d\u00ebnimin e Sadri Ramabaj\u00ebs dhe Avni Llumnic\u00ebs","og_description":"N\u00eb Gjykat\u00ebn Themelore n\u00eb Prishtin\u00eb, t\u00eb mart\u00ebn, \u00ebsht\u00eb dh\u00ebn\u00eb fjala p\u00ebrfundimtare, ku prokurori special Burim \u00c7erkini, ka k\u00ebrkuar d\u00ebnimin e t\u00eb akuzuarve Sadri Ramabaja dhe Avni Llumnica, nd\u00ebrsa, mbrojtja ka k\u00ebrkuar lirimin e tyre. N\u00eb k\u00ebt\u00eb rast, Llumnica akuzohet p\u00ebr tentim vrasje t\u00eb Azem Vllasit n\u00eb bashk\u00ebkryerje me tani t\u00eb ndjerin M.J. Nd\u00ebrsa, Ramabaja akuzohet [&hellip;]","og_url":"https:\/\/permbledhja.com\/sq\/rasti-syri-i-popullit-prokuroria-speciale-kerkon-denimin-e-sadri-ramabajes-dhe-avni-llumnices\/","og_site_name":"Ve\u00e7 artikuj p\u00ebrmbledh\u00ebs","article_publisher":"https:\/\/www.facebook.com\/press07\/","article_author":"https:\/\/www.facebook.com\/kafexhiu.muharrem\/","article_published_time":"2022-11-08T16:37:54+00:00","og_image":[{"width":1100,"height":733,"url":"https:\/\/permbledhja.com\/wp-content\/uploads\/2022\/11\/sadri-2.jpg","type":"image\/jpeg"}],"author":"P\u00ebrmbledhja","twitter_card":"summary_large_image","twitter_misc":{"Written by":"P\u00ebrmbledhja","Est. reading time":"12 minuta"},"schema":{"@context":"https:\/\/schema.org","@graph":[{"@type":"Article","@id":"https:\/\/permbledhja.com\/rasti-syri-i-popullit-prokuroria-speciale-kerkon-denimin-e-sadri-ramabajes-dhe-avni-llumnices\/#article","isPartOf":{"@id":"https:\/\/permbledhja.com\/rasti-syri-i-popullit-prokuroria-speciale-kerkon-denimin-e-sadri-ramabajes-dhe-avni-llumnices\/"},"author":{"name":"P\u00ebrmbledhja","@id":"https:\/\/permbledhja.com\/#\/schema\/person\/0d064377258d3221e50693947b9eb4fe"},"headline":"Rasti \u201cSyri i Popullit\u201d: Prokuroria Speciale k\u00ebrkon d\u00ebnimin e Sadri Ramabaj\u00ebs dhe Avni Llumnic\u00ebs","datePublished":"2022-11-08T16:37:54+00:00","dateModified":"2022-11-08T16:37:54+00:00","mainEntityOfPage":{"@id":"https:\/\/permbledhja.com\/rasti-syri-i-popullit-prokuroria-speciale-kerkon-denimin-e-sadri-ramabajes-dhe-avni-llumnices\/"},"wordCount":2468,"publisher":{"@id":"https:\/\/permbledhja.com\/#organization"},"articleSection":["Komb\u00ebtare","Lajme"],"inLanguage":"sq"},{"@type":"WebPage","@id":"https:\/\/permbledhja.com\/rasti-syri-i-popullit-prokuroria-speciale-kerkon-denimin-e-sadri-ramabajes-dhe-avni-llumnices\/","url":"https:\/\/permbledhja.com\/rasti-syri-i-popullit-prokuroria-speciale-kerkon-denimin-e-sadri-ramabajes-dhe-avni-llumnices\/","name":"Rasti \u201cSyri i Popullit\u201d: Prokuroria Speciale k\u00ebrkon d\u00ebnimin e Sadri Ramabaj\u00ebs dhe Avni Llumnic\u00ebs","isPartOf":{"@id":"https:\/\/permbledhja.com\/#website"},"datePublished":"2022-11-08T16:37:54+00:00","dateModified":"2022-11-08T16:37:54+00:00","breadcrumb":{"@id":"https:\/\/permbledhja.com\/rasti-syri-i-popullit-prokuroria-speciale-kerkon-denimin-e-sadri-ramabajes-dhe-avni-llumnices\/#breadcrumb"},"inLanguage":"sq","potentialAction":[{"@type":"ReadAction","target":["https:\/\/permbledhja.com\/rasti-syri-i-popullit-prokuroria-speciale-kerkon-denimin-e-sadri-ramabajes-dhe-avni-llumnices\/"]}]},{"@type":"BreadcrumbList","@id":"https:\/\/permbledhja.com\/rasti-syri-i-popullit-prokuroria-speciale-kerkon-denimin-e-sadri-ramabajes-dhe-avni-llumnices\/#breadcrumb","itemListElement":[{"@type":"ListItem","position":1,"name":"Ballina","item":"https:\/\/permbledhja.com\/sq\/"},{"@type":"ListItem","position":2,"name":"Rasti \u201cSyri i Popullit\u201d: Prokuroria Speciale k\u00ebrkon d\u00ebnimin e Sadri Ramabaj\u00ebs dhe Avni Llumnic\u00ebs"}]},{"@type":"WebSite","@id":"https:\/\/permbledhja.com\/#website","url":"https:\/\/permbledhja.com\/","name":"Ve\u00e7 artikuj p\u00ebrmbledh\u00ebs","description":"","publisher":{"@id":"https:\/\/permbledhja.com\/#organization"},"potentialAction":[{"@type":"SearchAction","target":{"@type":"EntryPoint","urlTemplate":"https:\/\/permbledhja.com\/?s={search_term_string}"},"query-input":"required name=search_term_string"}],"inLanguage":"sq"},{"@type":"Organization","@id":"https:\/\/permbledhja.com\/#organization","name":"MK Media & Pr","url":"https:\/\/permbledhja.com\/","logo":{"@type":"ImageObject","inLanguage":"sq","@id":"https:\/\/permbledhja.com\/#\/schema\/logo\/image\/","url":"https:\/\/permbledhja.com\/wp-content\/uploads\/2021\/12\/07-Press-Logo.jpg","contentUrl":"https:\/\/permbledhja.com\/wp-content\/uploads\/2021\/12\/07-Press-Logo.jpg","width":512,"height":512,"caption":"MK Media & Pr"},"image":{"@id":"https:\/\/permbledhja.com\/#\/schema\/logo\/image\/"},"sameAs":["https:\/\/www.facebook.com\/press07\/"]},{"@type":"Person","@id":"https:\/\/permbledhja.com\/#\/schema\/person\/0d064377258d3221e50693947b9eb4fe","name":"P\u00ebrmbledhja","image":{"@type":"ImageObject","inLanguage":"sq","@id":"https:\/\/permbledhja.com\/#\/schema\/person\/image\/","url":"https:\/\/permbledhja.com\/wp-content\/uploads\/2026\/01\/452004717_1040944174702970_8932037511805513407_n-96x96.jpg","contentUrl":"https:\/\/permbledhja.com\/wp-content\/uploads\/2026\/01\/452004717_1040944174702970_8932037511805513407_n-96x96.jpg","caption":"P\u00ebrmbledhja"},"sameAs":["https:\/\/www.facebook.com\/kafexhiu.muharrem\/","https:\/\/www.instagram.com\/muharrem_kafexhiu\/"],"url":"https:\/\/permbledhja.com\/sq\/author\/admin\/"}]}},"_links":{"self":[{"href":"https:\/\/permbledhja.com\/sq\/wp-json\/wp\/v2\/posts\/9842"}],"collection":[{"href":"https:\/\/permbledhja.com\/sq\/wp-json\/wp\/v2\/posts"}],"about":[{"href":"https:\/\/permbledhja.com\/sq\/wp-json\/wp\/v2\/types\/post"}],"author":[{"embeddable":true,"href":"https:\/\/permbledhja.com\/sq\/wp-json\/wp\/v2\/users\/1"}],"replies":[{"embeddable":true,"href":"https:\/\/permbledhja.com\/sq\/wp-json\/wp\/v2\/comments?post=9842"}],"version-history":[{"count":1,"href":"https:\/\/permbledhja.com\/sq\/wp-json\/wp\/v2\/posts\/9842\/revisions"}],"predecessor-version":[{"id":9844,"href":"https:\/\/permbledhja.com\/sq\/wp-json\/wp\/v2\/posts\/9842\/revisions\/9844"}],"wp:featuredmedia":[{"embeddable":true,"href":"https:\/\/permbledhja.com\/sq\/wp-json\/wp\/v2\/media\/9843"}],"wp:attachment":[{"href":"https:\/\/permbledhja.com\/sq\/wp-json\/wp\/v2\/media?parent=9842"}],"wp:term":[{"taxonomy":"category","embeddable":true,"href":"https:\/\/permbledhja.com\/sq\/wp-json\/wp\/v2\/categories?post=9842"},{"taxonomy":"post_tag","embeddable":true,"href":"https:\/\/permbledhja.com\/sq\/wp-json\/wp\/v2\/tags?post=9842"}],"curies":[{"name":"wp","href":"https:\/\/api.w.org\/{rel}","templated":true}]}}