{"id":970,"date":"2022-07-03T09:22:59","date_gmt":"2022-07-03T09:22:59","guid":{"rendered":"https:\/\/permbledhja.com\/?p=970"},"modified":"2022-07-03T09:22:59","modified_gmt":"2022-07-03T09:22:59","slug":"lojerat-mesdhetare-tre-sportiste-nga-kosova-garojne-sot","status":"publish","type":"post","link":"https:\/\/permbledhja.com\/sq\/lojerat-mesdhetare-tre-sportiste-nga-kosova-garojne-sot\/","title":{"rendered":"Loj\u00ebrat Mesdhetare \u2013 Tre sportist\u00eb nga Kosova garojn\u00eb sot"},"content":{"rendered":"<p><strong>Kosova sot do t\u00eb garoj\u00eb me tre sportist\u00eb n\u00eb kuad\u00ebr t\u00eb Loj\u00ebrave Mesdhetare q\u00eb po mbahen n\u00eb Oran t\u00eb Algjeris\u00eb.<\/strong><\/p>\n<p>Dy garues do t\u00eb jen\u00eb n\u00eb atletik\u00eb, nd\u00ebrsa nj\u00eb tjet\u00ebr n\u00eb Taekwondo, transmeton lajmi.net.<\/p>\n<p>B\u00ebhet fjal\u00eb p\u00ebr Alaudin Suma (atletik\u00eb), Diellza Bakra\u00e7i (atletik\u00eb) dhe Arb\u00ebr Azemi (Taekwondo).<\/p>\n<p>Aktualisht, ekipi kosovar ka arritur t\u00eb koleksionoj\u00eb hi\u00e7 m\u00eb pak se gjasht\u00eb medalje n\u00eb k\u00ebto loj\u00ebra, duke u renditur n\u00eb vendin e 11.<\/p>\n<p><img loading=\"lazy\" decoding=\"async\" src=\"https:\/\/permbledhja.com\/wp-content\/uploads\/2022\/07\/290137489_7658352700903369_545994229857208169_n-240x300.jpg\" alt=\"\" width=\"240\" height=\"300\" class=\"alignnone size-medium wp-image-972\" srcset=\"https:\/\/permbledhja.com\/wp-content\/uploads\/2022\/07\/290137489_7658352700903369_545994229857208169_n-240x300.jpg 240w, https:\/\/permbledhja.com\/wp-content\/uploads\/2022\/07\/290137489_7658352700903369_545994229857208169_n-819x1024.jpg 819w, https:\/\/permbledhja.com\/wp-content\/uploads\/2022\/07\/290137489_7658352700903369_545994229857208169_n-768x960.jpg 768w, https:\/\/permbledhja.com\/wp-content\/uploads\/2022\/07\/290137489_7658352700903369_545994229857208169_n-1229x1536.jpg 1229w, https:\/\/permbledhja.com\/wp-content\/uploads\/2022\/07\/290137489_7658352700903369_545994229857208169_n-10x12.jpg 10w, https:\/\/permbledhja.com\/wp-content\/uploads\/2022\/07\/290137489_7658352700903369_545994229857208169_n.jpg 1280w\" sizes=\"(max-width: 240px) 100vw, 240px\" \/><\/p>\n","protected":false},"excerpt":{"rendered":"<p>Kosova sot do t\u00eb garoj\u00eb me tre sportist\u00eb n\u00eb kuad\u00ebr t\u00eb Loj\u00ebrave Mesdhetare q\u00eb po mbahen n\u00eb Oran t\u00eb Algjeris\u00eb. Dy garues do t\u00eb jen\u00eb n\u00eb atletik\u00eb, nd\u00ebrsa nj\u00eb tjet\u00ebr n\u00eb Taekwondo, transmeton lajmi.net. B\u00ebhet fjal\u00eb p\u00ebr Alaudin Suma (atletik\u00eb), Diellza Bakra\u00e7i (atletik\u00eb) dhe Arb\u00ebr Azemi (Taekwondo). Aktualisht, ekipi kosovar ka arritur t\u00eb koleksionoj\u00eb hi\u00e7 [&hellip;]<\/p>\n","protected":false},"author":1,"featured_media":971,"comment_status":"closed","ping_status":"closed","sticky":false,"template":"","format":"standard","meta":{"_monsterinsights_skip_tracking":false,"_monsterinsights_sitenote_active":false,"_monsterinsights_sitenote_note":"","_monsterinsights_sitenote_category":0,"_uf_show_specific_survey":0,"_uf_disable_surveys":false,"footnotes":""},"categories":[6],"tags":[114],"yoast_head":"<!-- This site is optimized with the Yoast SEO plugin v21.5 - https:\/\/yoast.com\/wordpress\/plugins\/seo\/ -->\n<title>Loj\u00ebrat Mesdhetare \u2013 Tre sportist\u00eb nga Kosova garojn\u00eb sot<\/title>\n<meta name=\"robots\" content=\"index, follow, max-snippet:-1, max-image-preview:large, max-video-preview:-1\" \/>\n<link rel=\"canonical\" href=\"https:\/\/permbledhja.com\/sq\/lojerat-mesdhetare-tre-sportiste-nga-kosova-garojne-sot\/\" \/>\n<meta property=\"og:locale\" content=\"sq_AL\" \/>\n<meta property=\"og:type\" content=\"article\" \/>\n<meta property=\"og:title\" content=\"Loj\u00ebrat Mesdhetare \u2013 Tre sportist\u00eb nga Kosova garojn\u00eb sot\" \/>\n<meta property=\"og:description\" content=\"Kosova sot do t\u00eb garoj\u00eb me tre sportist\u00eb n\u00eb kuad\u00ebr t\u00eb Loj\u00ebrave Mesdhetare q\u00eb po mbahen n\u00eb Oran t\u00eb Algjeris\u00eb. Dy garues do t\u00eb jen\u00eb n\u00eb atletik\u00eb, nd\u00ebrsa nj\u00eb tjet\u00ebr n\u00eb Taekwondo, transmeton lajmi.net. B\u00ebhet fjal\u00eb p\u00ebr Alaudin Suma (atletik\u00eb), Diellza Bakra\u00e7i (atletik\u00eb) dhe Arb\u00ebr Azemi (Taekwondo). Aktualisht, ekipi kosovar ka arritur t\u00eb koleksionoj\u00eb hi\u00e7 [&hellip;]\" \/>\n<meta property=\"og:url\" content=\"https:\/\/permbledhja.com\/sq\/lojerat-mesdhetare-tre-sportiste-nga-kosova-garojne-sot\/\" \/>\n<meta property=\"og:site_name\" content=\"Ve\u00e7 artikuj p\u00ebrmbledh\u00ebs\" \/>\n<meta property=\"article:publisher\" content=\"https:\/\/www.facebook.com\/press07\/\" \/>\n<meta property=\"article:author\" content=\"https:\/\/www.facebook.com\/kafexhiu.muharrem\/\" \/>\n<meta property=\"article:published_time\" content=\"2022-07-03T09:22:59+00:00\" \/>\n<meta property=\"og:image\" content=\"https:\/\/permbledhja.com\/wp-content\/uploads\/2022\/07\/oran_.jpg\" \/>\n\t<meta property=\"og:image:width\" content=\"1447\" \/>\n\t<meta property=\"og:image:height\" content=\"990\" \/>\n\t<meta property=\"og:image:type\" content=\"image\/jpeg\" \/>\n<meta name=\"author\" content=\"P\u00ebrmbledhja\" \/>\n<meta name=\"twitter:card\" content=\"summary_large_image\" \/>\n<meta name=\"twitter:label1\" content=\"Written by\" \/>\n\t<meta name=\"twitter:data1\" content=\"P\u00ebrmbledhja\" \/>\n<script type=\"application\/ld+json\" class=\"yoast-schema-graph\">{\"@context\":\"https:\/\/schema.org\",\"@graph\":[{\"@type\":\"Article\",\"@id\":\"https:\/\/permbledhja.com\/lojerat-mesdhetare-tre-sportiste-nga-kosova-garojne-sot\/#article\",\"isPartOf\":{\"@id\":\"https:\/\/permbledhja.com\/lojerat-mesdhetare-tre-sportiste-nga-kosova-garojne-sot\/\"},\"author\":{\"name\":\"P\u00ebrmbledhja\",\"@id\":\"https:\/\/permbledhja.com\/#\/schema\/person\/0d064377258d3221e50693947b9eb4fe\"},\"headline\":\"Loj\u00ebrat Mesdhetare \u2013 Tre sportist\u00eb nga Kosova garojn\u00eb sot\",\"datePublished\":\"2022-07-03T09:22:59+00:00\",\"dateModified\":\"2022-07-03T09:22:59+00:00\",\"mainEntityOfPage\":{\"@id\":\"https:\/\/permbledhja.com\/lojerat-mesdhetare-tre-sportiste-nga-kosova-garojne-sot\/\"},\"wordCount\":89,\"publisher\":{\"@id\":\"https:\/\/permbledhja.com\/#organization\"},\"keywords\":[\"Loj\u00ebrat Mesdhetare\"],\"articleSection\":[\"Sport\"],\"inLanguage\":\"sq\"},{\"@type\":\"WebPage\",\"@id\":\"https:\/\/permbledhja.com\/lojerat-mesdhetare-tre-sportiste-nga-kosova-garojne-sot\/\",\"url\":\"https:\/\/permbledhja.com\/lojerat-mesdhetare-tre-sportiste-nga-kosova-garojne-sot\/\",\"name\":\"Loj\u00ebrat Mesdhetare \u2013 Tre sportist\u00eb nga Kosova garojn\u00eb sot\",\"isPartOf\":{\"@id\":\"https:\/\/permbledhja.com\/#website\"},\"datePublished\":\"2022-07-03T09:22:59+00:00\",\"dateModified\":\"2022-07-03T09:22:59+00:00\",\"breadcrumb\":{\"@id\":\"https:\/\/permbledhja.com\/lojerat-mesdhetare-tre-sportiste-nga-kosova-garojne-sot\/#breadcrumb\"},\"inLanguage\":\"sq\",\"potentialAction\":[{\"@type\":\"ReadAction\",\"target\":[\"https:\/\/permbledhja.com\/lojerat-mesdhetare-tre-sportiste-nga-kosova-garojne-sot\/\"]}]},{\"@type\":\"BreadcrumbList\",\"@id\":\"https:\/\/permbledhja.com\/lojerat-mesdhetare-tre-sportiste-nga-kosova-garojne-sot\/#breadcrumb\",\"itemListElement\":[{\"@type\":\"ListItem\",\"position\":1,\"name\":\"Ballina\",\"item\":\"https:\/\/permbledhja.com\/sq\/\"},{\"@type\":\"ListItem\",\"position\":2,\"name\":\"Loj\u00ebrat Mesdhetare \u2013 Tre sportist\u00eb nga Kosova garojn\u00eb sot\"}]},{\"@type\":\"WebSite\",\"@id\":\"https:\/\/permbledhja.com\/#website\",\"url\":\"https:\/\/permbledhja.com\/\",\"name\":\"Ve\u00e7 artikuj p\u00ebrmbledh\u00ebs\",\"description\":\"\",\"publisher\":{\"@id\":\"https:\/\/permbledhja.com\/#organization\"},\"potentialAction\":[{\"@type\":\"SearchAction\",\"target\":{\"@type\":\"EntryPoint\",\"urlTemplate\":\"https:\/\/permbledhja.com\/?s={search_term_string}\"},\"query-input\":\"required name=search_term_string\"}],\"inLanguage\":\"sq\"},{\"@type\":\"Organization\",\"@id\":\"https:\/\/permbledhja.com\/#organization\",\"name\":\"MK Media & Pr\",\"url\":\"https:\/\/permbledhja.com\/\",\"logo\":{\"@type\":\"ImageObject\",\"inLanguage\":\"sq\",\"@id\":\"https:\/\/permbledhja.com\/#\/schema\/logo\/image\/\",\"url\":\"https:\/\/permbledhja.com\/wp-content\/uploads\/2021\/12\/07-Press-Logo.jpg\",\"contentUrl\":\"https:\/\/permbledhja.com\/wp-content\/uploads\/2021\/12\/07-Press-Logo.jpg\",\"width\":512,\"height\":512,\"caption\":\"MK Media & Pr\"},\"image\":{\"@id\":\"https:\/\/permbledhja.com\/#\/schema\/logo\/image\/\"},\"sameAs\":[\"https:\/\/www.facebook.com\/press07\/\"]},{\"@type\":\"Person\",\"@id\":\"https:\/\/permbledhja.com\/#\/schema\/person\/0d064377258d3221e50693947b9eb4fe\",\"name\":\"P\u00ebrmbledhja\",\"image\":{\"@type\":\"ImageObject\",\"inLanguage\":\"sq\",\"@id\":\"https:\/\/permbledhja.com\/#\/schema\/person\/image\/\",\"url\":\"https:\/\/permbledhja.com\/wp-content\/uploads\/2026\/01\/452004717_1040944174702970_8932037511805513407_n-96x96.jpg\",\"contentUrl\":\"https:\/\/permbledhja.com\/wp-content\/uploads\/2026\/01\/452004717_1040944174702970_8932037511805513407_n-96x96.jpg\",\"caption\":\"P\u00ebrmbledhja\"},\"sameAs\":[\"https:\/\/www.facebook.com\/kafexhiu.muharrem\/\",\"https:\/\/www.instagram.com\/muharrem_kafexhiu\/\"],\"url\":\"https:\/\/permbledhja.com\/sq\/author\/admin\/\"}]}<\/script>\n<!-- \/ Yoast SEO plugin. -->","yoast_head_json":{"title":"Loj\u00ebrat Mesdhetare \u2013 Tre sportist\u00eb nga Kosova garojn\u00eb sot","robots":{"index":"index","follow":"follow","max-snippet":"max-snippet:-1","max-image-preview":"max-image-preview:large","max-video-preview":"max-video-preview:-1"},"canonical":"https:\/\/permbledhja.com\/sq\/lojerat-mesdhetare-tre-sportiste-nga-kosova-garojne-sot\/","og_locale":"sq_AL","og_type":"article","og_title":"Loj\u00ebrat Mesdhetare \u2013 Tre sportist\u00eb nga Kosova garojn\u00eb sot","og_description":"Kosova sot do t\u00eb garoj\u00eb me tre sportist\u00eb n\u00eb kuad\u00ebr t\u00eb Loj\u00ebrave Mesdhetare q\u00eb po mbahen n\u00eb Oran t\u00eb Algjeris\u00eb. Dy garues do t\u00eb jen\u00eb n\u00eb atletik\u00eb, nd\u00ebrsa nj\u00eb tjet\u00ebr n\u00eb Taekwondo, transmeton lajmi.net. B\u00ebhet fjal\u00eb p\u00ebr Alaudin Suma (atletik\u00eb), Diellza Bakra\u00e7i (atletik\u00eb) dhe Arb\u00ebr Azemi (Taekwondo). Aktualisht, ekipi kosovar ka arritur t\u00eb koleksionoj\u00eb hi\u00e7 [&hellip;]","og_url":"https:\/\/permbledhja.com\/sq\/lojerat-mesdhetare-tre-sportiste-nga-kosova-garojne-sot\/","og_site_name":"Ve\u00e7 artikuj p\u00ebrmbledh\u00ebs","article_publisher":"https:\/\/www.facebook.com\/press07\/","article_author":"https:\/\/www.facebook.com\/kafexhiu.muharrem\/","article_published_time":"2022-07-03T09:22:59+00:00","og_image":[{"width":1447,"height":990,"url":"https:\/\/permbledhja.com\/wp-content\/uploads\/2022\/07\/oran_.jpg","type":"image\/jpeg"}],"author":"P\u00ebrmbledhja","twitter_card":"summary_large_image","twitter_misc":{"Written by":"P\u00ebrmbledhja"},"schema":{"@context":"https:\/\/schema.org","@graph":[{"@type":"Article","@id":"https:\/\/permbledhja.com\/lojerat-mesdhetare-tre-sportiste-nga-kosova-garojne-sot\/#article","isPartOf":{"@id":"https:\/\/permbledhja.com\/lojerat-mesdhetare-tre-sportiste-nga-kosova-garojne-sot\/"},"author":{"name":"P\u00ebrmbledhja","@id":"https:\/\/permbledhja.com\/#\/schema\/person\/0d064377258d3221e50693947b9eb4fe"},"headline":"Loj\u00ebrat Mesdhetare \u2013 Tre sportist\u00eb nga Kosova garojn\u00eb sot","datePublished":"2022-07-03T09:22:59+00:00","dateModified":"2022-07-03T09:22:59+00:00","mainEntityOfPage":{"@id":"https:\/\/permbledhja.com\/lojerat-mesdhetare-tre-sportiste-nga-kosova-garojne-sot\/"},"wordCount":89,"publisher":{"@id":"https:\/\/permbledhja.com\/#organization"},"keywords":["Loj\u00ebrat Mesdhetare"],"articleSection":["Sport"],"inLanguage":"sq"},{"@type":"WebPage","@id":"https:\/\/permbledhja.com\/lojerat-mesdhetare-tre-sportiste-nga-kosova-garojne-sot\/","url":"https:\/\/permbledhja.com\/lojerat-mesdhetare-tre-sportiste-nga-kosova-garojne-sot\/","name":"Loj\u00ebrat Mesdhetare \u2013 Tre sportist\u00eb nga Kosova garojn\u00eb sot","isPartOf":{"@id":"https:\/\/permbledhja.com\/#website"},"datePublished":"2022-07-03T09:22:59+00:00","dateModified":"2022-07-03T09:22:59+00:00","breadcrumb":{"@id":"https:\/\/permbledhja.com\/lojerat-mesdhetare-tre-sportiste-nga-kosova-garojne-sot\/#breadcrumb"},"inLanguage":"sq","potentialAction":[{"@type":"ReadAction","target":["https:\/\/permbledhja.com\/lojerat-mesdhetare-tre-sportiste-nga-kosova-garojne-sot\/"]}]},{"@type":"BreadcrumbList","@id":"https:\/\/permbledhja.com\/lojerat-mesdhetare-tre-sportiste-nga-kosova-garojne-sot\/#breadcrumb","itemListElement":[{"@type":"ListItem","position":1,"name":"Ballina","item":"https:\/\/permbledhja.com\/sq\/"},{"@type":"ListItem","position":2,"name":"Loj\u00ebrat Mesdhetare \u2013 Tre sportist\u00eb nga Kosova garojn\u00eb sot"}]},{"@type":"WebSite","@id":"https:\/\/permbledhja.com\/#website","url":"https:\/\/permbledhja.com\/","name":"Ve\u00e7 artikuj p\u00ebrmbledh\u00ebs","description":"","publisher":{"@id":"https:\/\/permbledhja.com\/#organization"},"potentialAction":[{"@type":"SearchAction","target":{"@type":"EntryPoint","urlTemplate":"https:\/\/permbledhja.com\/?s={search_term_string}"},"query-input":"required name=search_term_string"}],"inLanguage":"sq"},{"@type":"Organization","@id":"https:\/\/permbledhja.com\/#organization","name":"MK Media & Pr","url":"https:\/\/permbledhja.com\/","logo":{"@type":"ImageObject","inLanguage":"sq","@id":"https:\/\/permbledhja.com\/#\/schema\/logo\/image\/","url":"https:\/\/permbledhja.com\/wp-content\/uploads\/2021\/12\/07-Press-Logo.jpg","contentUrl":"https:\/\/permbledhja.com\/wp-content\/uploads\/2021\/12\/07-Press-Logo.jpg","width":512,"height":512,"caption":"MK Media & Pr"},"image":{"@id":"https:\/\/permbledhja.com\/#\/schema\/logo\/image\/"},"sameAs":["https:\/\/www.facebook.com\/press07\/"]},{"@type":"Person","@id":"https:\/\/permbledhja.com\/#\/schema\/person\/0d064377258d3221e50693947b9eb4fe","name":"P\u00ebrmbledhja","image":{"@type":"ImageObject","inLanguage":"sq","@id":"https:\/\/permbledhja.com\/#\/schema\/person\/image\/","url":"https:\/\/permbledhja.com\/wp-content\/uploads\/2026\/01\/452004717_1040944174702970_8932037511805513407_n-96x96.jpg","contentUrl":"https:\/\/permbledhja.com\/wp-content\/uploads\/2026\/01\/452004717_1040944174702970_8932037511805513407_n-96x96.jpg","caption":"P\u00ebrmbledhja"},"sameAs":["https:\/\/www.facebook.com\/kafexhiu.muharrem\/","https:\/\/www.instagram.com\/muharrem_kafexhiu\/"],"url":"https:\/\/permbledhja.com\/sq\/author\/admin\/"}]}},"_links":{"self":[{"href":"https:\/\/permbledhja.com\/sq\/wp-json\/wp\/v2\/posts\/970"}],"collection":[{"href":"https:\/\/permbledhja.com\/sq\/wp-json\/wp\/v2\/posts"}],"about":[{"href":"https:\/\/permbledhja.com\/sq\/wp-json\/wp\/v2\/types\/post"}],"author":[{"embeddable":true,"href":"https:\/\/permbledhja.com\/sq\/wp-json\/wp\/v2\/users\/1"}],"replies":[{"embeddable":true,"href":"https:\/\/permbledhja.com\/sq\/wp-json\/wp\/v2\/comments?post=970"}],"version-history":[{"count":1,"href":"https:\/\/permbledhja.com\/sq\/wp-json\/wp\/v2\/posts\/970\/revisions"}],"predecessor-version":[{"id":973,"href":"https:\/\/permbledhja.com\/sq\/wp-json\/wp\/v2\/posts\/970\/revisions\/973"}],"wp:featuredmedia":[{"embeddable":true,"href":"https:\/\/permbledhja.com\/sq\/wp-json\/wp\/v2\/media\/971"}],"wp:attachment":[{"href":"https:\/\/permbledhja.com\/sq\/wp-json\/wp\/v2\/media?parent=970"}],"wp:term":[{"taxonomy":"category","embeddable":true,"href":"https:\/\/permbledhja.com\/sq\/wp-json\/wp\/v2\/categories?post=970"},{"taxonomy":"post_tag","embeddable":true,"href":"https:\/\/permbledhja.com\/sq\/wp-json\/wp\/v2\/tags?post=970"}],"curies":[{"name":"wp","href":"https:\/\/api.w.org\/{rel}","templated":true}]}}