{"id":966,"date":"2022-07-03T09:13:14","date_gmt":"2022-07-03T09:13:14","guid":{"rendered":"https:\/\/permbledhja.com\/?p=966"},"modified":"2022-07-03T09:13:14","modified_gmt":"2022-07-03T09:13:14","slug":"mesohen-emrat-e-kater-anetareve-te-familjes-lushtaku-qe-i-zuri-sherri-me-policine-dy-nga-ta-ende-ne-arrati","status":"publish","type":"post","link":"https:\/\/permbledhja.com\/sq\/mesohen-emrat-e-kater-anetareve-te-familjes-lushtaku-qe-i-zuri-sherri-me-policine-dy-nga-ta-ende-ne-arrati\/","title":{"rendered":"M\u00ebsohen emrat e kat\u00ebr an\u00ebtar\u00ebve t\u00eb familjes Lushtaku q\u00eb i zuri sherri me Policin\u00eb, dy nga ta ende n\u00eb arrati"},"content":{"rendered":"<p><strong>Bastisjet p\u00ebr konfliktin q\u00eb ndodhi mbr\u00ebm\u00eb n\u00eb Skenderaj, ku u plagos\u00ebn dy polic\u00eb po vazhdojn\u00eb, teksa n\u00eb Polici ndodhet ish-n\u00ebnkryetari i k\u00ebsaj komune Nuredin Lushtaku bashk\u00eb me t\u00eb v\u00ebllan\u00eb. Burimet e Sinjalit brenda Prokuroris\u00eb kan\u00eb b\u00ebr\u00eb me dije se ende s\u2019\u00ebsht\u00eb nxjerr\u00eb vendim p\u00ebr ndalim, por q\u00eb p\u00ebr momentin kat\u00ebr an\u00ebtar\u00eb t\u00eb familjes Lushtaku po cil\u00ebsohen si t\u00eb dyshimt\u00eb.<\/strong><\/p>\n<p>P\u00ebrve\u00e7 Nuredinit, Sinjali m\u00ebson se edhe v\u00ebllez\u00ebrit e tij, Fatoni e Arifi, si dhe djali i tij, Arbri, po dyshohen se jan\u00eb t\u00eb p\u00ebrfshir\u00eb n\u00eb k\u00ebt\u00eb rast.<\/p>\n<p>Nuredin Lushtaku bashk\u00eb me nj\u00ebrin nga v\u00ebllez\u00ebrit jan\u00eb dor\u00ebzuar n\u00eb Polici, ku po merren n\u00eb pyetje nga hetuesit policor\u00eb p\u00ebr ngjarjen q\u00eb ndodhi mbr\u00ebm\u00eb. Burimet brenda Prokuroris\u00eb thon\u00eb se edhe m\u00eb tutje mbeten n\u00eb arrati dy nga t\u00eb dyshuarit kryesor\u00eb.<\/p>\n<p>N\u00eb an\u00ebn tjet\u00ebr, Polici po vazhdon bastisjet p\u00ebr t\u00eb mbledhur prova q\u00eb nd\u00ebrlidhen me rastin.<\/p>\n<p>\u00c7ka deklaroi Policia?<\/p>\n<p>N\u00eb nj\u00eb njoftim p\u00ebr media, ashtu si\u00e7 raportoi mbr\u00ebm\u00eb Sinjali, Policia ka njoftuar se dy zyrtar\u00ebt policor\u00eb jan\u00eb plagosur n\u00eb nj\u00eb pik\u00eb kontrolli.<\/p>\n<p>\u201cMe dat\u00eb 02.07.2022, rreth or\u00ebs 23:55, \u00ebsht\u00eb raportuar se n\u00eb Skenderaj gjat\u00eb nj\u00eb pik\u00eb t\u00eb kontrollit jan\u00eb sulmuar dy zyrtar\u00eb policor\u00eb, nj\u00ebri \u00ebsht\u00eb i plagosur me arm\u00eb zjarri n\u00eb k\u00ebmb\u00eb dhe tjetri \u00ebsht\u00eb i l\u00ebnduar nga mjetet e forta\u201d, thuhet n\u00eb njoftim.<\/p>\n<p>Cili dyshohet se \u00ebsht\u00eb motivi?<\/p>\n<p>Sipas informatave t\u00eb para, sherri dyshohet se nisi kur policia e ndali n\u00eb pik\u00eb kontrolli djalin e gjeneralit Nuredin Lushtaku, t\u00eb cilit i shqiptoi nj\u00eb tiket\u00eb trafiku. Kjo u b\u00eb sebep q\u00eb ai t\u00eb th\u00ebrras babain e tij, i cili sapo arriti n\u00eb pik\u00eb kontrolli, filloi sherrin m\u00eb policin\u00eb. N\u00eb konflikt dyshohet se u p\u00ebrfshin\u00eb edhe v\u00ebllez\u00ebrit Lushtaku.<\/p>\n<p>Burimet e Sinjalit nga QKUK njoftuan se nj\u00ebri nga polic\u00ebt dyshohet se ka marr\u00eb plag\u00eb n\u00eb kok\u00eb nga mjetet e forta, por p\u00ebrkund\u00ebr gjendjes s\u00eb r\u00ebnd\u00eb ai ndodhet jasht\u00eb rrezikut p\u00ebr jet\u00eb.<\/p>\n<p>Sinjali do t\u00eb ju mbaj\u00eb t\u00eb informuar p\u00ebr detajet e reja.<\/p>\n<p>Sh\u00ebnim: Personat e apostrofuar n\u00eb k\u00ebt\u00eb artikull prezumohen t\u00eb pafajsh\u00ebm derisa faj\u00ebsia e tyre t\u00eb mos provohet me vendim t\u00eb form\u00ebs s\u00eb prer\u00eb nga gjykata<\/p>\n","protected":false},"excerpt":{"rendered":"<p>Bastisjet p\u00ebr konfliktin q\u00eb ndodhi mbr\u00ebm\u00eb n\u00eb Skenderaj, ku u plagos\u00ebn dy polic\u00eb po vazhdojn\u00eb, teksa n\u00eb Polici ndodhet ish-n\u00ebnkryetari i k\u00ebsaj komune Nuredin Lushtaku bashk\u00eb me t\u00eb v\u00ebllan\u00eb. Burimet e Sinjalit brenda Prokuroris\u00eb kan\u00eb b\u00ebr\u00eb me dije se ende s\u2019\u00ebsht\u00eb nxjerr\u00eb vendim p\u00ebr ndalim, por q\u00eb p\u00ebr momentin kat\u00ebr an\u00ebtar\u00eb t\u00eb familjes Lushtaku po [&hellip;]<\/p>\n","protected":false},"author":1,"featured_media":967,"comment_status":"closed","ping_status":"closed","sticky":false,"template":"","format":"standard","meta":{"_monsterinsights_skip_tracking":false,"_monsterinsights_sitenote_active":false,"_monsterinsights_sitenote_note":"","_monsterinsights_sitenote_category":0,"_uf_show_specific_survey":0,"_uf_disable_surveys":false,"footnotes":""},"categories":[23,15],"tags":[113],"yoast_head":"<!-- This site is optimized with the Yoast SEO plugin v21.5 - https:\/\/yoast.com\/wordpress\/plugins\/seo\/ -->\n<title>M\u00ebsohen emrat e kat\u00ebr an\u00ebtar\u00ebve t\u00eb familjes Lushtaku q\u00eb i zuri sherri me Policin\u00eb, dy nga ta ende n\u00eb arrati<\/title>\n<meta name=\"robots\" content=\"index, follow, max-snippet:-1, max-image-preview:large, max-video-preview:-1\" \/>\n<link rel=\"canonical\" href=\"https:\/\/permbledhja.com\/sq\/mesohen-emrat-e-kater-anetareve-te-familjes-lushtaku-qe-i-zuri-sherri-me-policine-dy-nga-ta-ende-ne-arrati\/\" \/>\n<meta property=\"og:locale\" content=\"sq_AL\" \/>\n<meta property=\"og:type\" content=\"article\" \/>\n<meta property=\"og:title\" content=\"M\u00ebsohen emrat e kat\u00ebr an\u00ebtar\u00ebve t\u00eb familjes Lushtaku q\u00eb i zuri sherri me Policin\u00eb, dy nga ta ende n\u00eb arrati\" \/>\n<meta property=\"og:description\" content=\"Bastisjet p\u00ebr konfliktin q\u00eb ndodhi mbr\u00ebm\u00eb n\u00eb Skenderaj, ku u plagos\u00ebn dy polic\u00eb po vazhdojn\u00eb, teksa n\u00eb Polici ndodhet ish-n\u00ebnkryetari i k\u00ebsaj komune Nuredin Lushtaku bashk\u00eb me t\u00eb v\u00ebllan\u00eb. Burimet e Sinjalit brenda Prokuroris\u00eb kan\u00eb b\u00ebr\u00eb me dije se ende s\u2019\u00ebsht\u00eb nxjerr\u00eb vendim p\u00ebr ndalim, por q\u00eb p\u00ebr momentin kat\u00ebr an\u00ebtar\u00eb t\u00eb familjes Lushtaku po [&hellip;]\" \/>\n<meta property=\"og:url\" content=\"https:\/\/permbledhja.com\/sq\/mesohen-emrat-e-kater-anetareve-te-familjes-lushtaku-qe-i-zuri-sherri-me-policine-dy-nga-ta-ende-ne-arrati\/\" \/>\n<meta property=\"og:site_name\" content=\"Ve\u00e7 artikuj p\u00ebrmbledh\u00ebs\" \/>\n<meta property=\"article:publisher\" content=\"https:\/\/www.facebook.com\/press07\/\" \/>\n<meta property=\"article:author\" content=\"https:\/\/www.facebook.com\/kafexhiu.muharrem\/\" \/>\n<meta property=\"article:published_time\" content=\"2022-07-03T09:13:14+00:00\" \/>\n<meta property=\"og:image\" content=\"https:\/\/permbledhja.com\/wp-content\/uploads\/2022\/07\/policia-e-kosoves-naten.png\" \/>\n\t<meta property=\"og:image:width\" content=\"600\" \/>\n\t<meta property=\"og:image:height\" content=\"360\" \/>\n\t<meta property=\"og:image:type\" content=\"image\/png\" \/>\n<meta name=\"author\" content=\"P\u00ebrmbledhja\" \/>\n<meta name=\"twitter:card\" content=\"summary_large_image\" \/>\n<meta name=\"twitter:label1\" content=\"Written by\" \/>\n\t<meta name=\"twitter:data1\" content=\"P\u00ebrmbledhja\" \/>\n\t<meta name=\"twitter:label2\" content=\"Est. reading time\" \/>\n\t<meta name=\"twitter:data2\" content=\"2 minuta\" \/>\n<script type=\"application\/ld+json\" class=\"yoast-schema-graph\">{\"@context\":\"https:\/\/schema.org\",\"@graph\":[{\"@type\":\"Article\",\"@id\":\"https:\/\/permbledhja.com\/mesohen-emrat-e-kater-anetareve-te-familjes-lushtaku-qe-i-zuri-sherri-me-policine-dy-nga-ta-ende-ne-arrati\/#article\",\"isPartOf\":{\"@id\":\"https:\/\/permbledhja.com\/mesohen-emrat-e-kater-anetareve-te-familjes-lushtaku-qe-i-zuri-sherri-me-policine-dy-nga-ta-ende-ne-arrati\/\"},\"author\":{\"name\":\"P\u00ebrmbledhja\",\"@id\":\"https:\/\/permbledhja.com\/#\/schema\/person\/0d064377258d3221e50693947b9eb4fe\"},\"headline\":\"M\u00ebsohen emrat e kat\u00ebr an\u00ebtar\u00ebve t\u00eb familjes Lushtaku q\u00eb i zuri sherri me Policin\u00eb, dy nga ta ende n\u00eb arrati\",\"datePublished\":\"2022-07-03T09:13:14+00:00\",\"dateModified\":\"2022-07-03T09:13:14+00:00\",\"mainEntityOfPage\":{\"@id\":\"https:\/\/permbledhja.com\/mesohen-emrat-e-kater-anetareve-te-familjes-lushtaku-qe-i-zuri-sherri-me-policine-dy-nga-ta-ende-ne-arrati\/\"},\"wordCount\":414,\"publisher\":{\"@id\":\"https:\/\/permbledhja.com\/#organization\"},\"keywords\":[\"Lushtaku\"],\"articleSection\":[\"Komb\u00ebtare\",\"Lajme\"],\"inLanguage\":\"sq\"},{\"@type\":\"WebPage\",\"@id\":\"https:\/\/permbledhja.com\/mesohen-emrat-e-kater-anetareve-te-familjes-lushtaku-qe-i-zuri-sherri-me-policine-dy-nga-ta-ende-ne-arrati\/\",\"url\":\"https:\/\/permbledhja.com\/mesohen-emrat-e-kater-anetareve-te-familjes-lushtaku-qe-i-zuri-sherri-me-policine-dy-nga-ta-ende-ne-arrati\/\",\"name\":\"M\u00ebsohen emrat e kat\u00ebr an\u00ebtar\u00ebve t\u00eb familjes Lushtaku q\u00eb i zuri sherri me Policin\u00eb, dy nga ta ende n\u00eb arrati\",\"isPartOf\":{\"@id\":\"https:\/\/permbledhja.com\/#website\"},\"datePublished\":\"2022-07-03T09:13:14+00:00\",\"dateModified\":\"2022-07-03T09:13:14+00:00\",\"breadcrumb\":{\"@id\":\"https:\/\/permbledhja.com\/mesohen-emrat-e-kater-anetareve-te-familjes-lushtaku-qe-i-zuri-sherri-me-policine-dy-nga-ta-ende-ne-arrati\/#breadcrumb\"},\"inLanguage\":\"sq\",\"potentialAction\":[{\"@type\":\"ReadAction\",\"target\":[\"https:\/\/permbledhja.com\/mesohen-emrat-e-kater-anetareve-te-familjes-lushtaku-qe-i-zuri-sherri-me-policine-dy-nga-ta-ende-ne-arrati\/\"]}]},{\"@type\":\"BreadcrumbList\",\"@id\":\"https:\/\/permbledhja.com\/mesohen-emrat-e-kater-anetareve-te-familjes-lushtaku-qe-i-zuri-sherri-me-policine-dy-nga-ta-ende-ne-arrati\/#breadcrumb\",\"itemListElement\":[{\"@type\":\"ListItem\",\"position\":1,\"name\":\"Ballina\",\"item\":\"https:\/\/permbledhja.com\/sq\/\"},{\"@type\":\"ListItem\",\"position\":2,\"name\":\"M\u00ebsohen emrat e kat\u00ebr an\u00ebtar\u00ebve t\u00eb familjes Lushtaku q\u00eb i zuri sherri me Policin\u00eb, dy nga ta ende n\u00eb arrati\"}]},{\"@type\":\"WebSite\",\"@id\":\"https:\/\/permbledhja.com\/#website\",\"url\":\"https:\/\/permbledhja.com\/\",\"name\":\"Ve\u00e7 artikuj p\u00ebrmbledh\u00ebs\",\"description\":\"\",\"publisher\":{\"@id\":\"https:\/\/permbledhja.com\/#organization\"},\"potentialAction\":[{\"@type\":\"SearchAction\",\"target\":{\"@type\":\"EntryPoint\",\"urlTemplate\":\"https:\/\/permbledhja.com\/?s={search_term_string}\"},\"query-input\":\"required name=search_term_string\"}],\"inLanguage\":\"sq\"},{\"@type\":\"Organization\",\"@id\":\"https:\/\/permbledhja.com\/#organization\",\"name\":\"MK Media & Pr\",\"url\":\"https:\/\/permbledhja.com\/\",\"logo\":{\"@type\":\"ImageObject\",\"inLanguage\":\"sq\",\"@id\":\"https:\/\/permbledhja.com\/#\/schema\/logo\/image\/\",\"url\":\"https:\/\/permbledhja.com\/wp-content\/uploads\/2021\/12\/07-Press-Logo.jpg\",\"contentUrl\":\"https:\/\/permbledhja.com\/wp-content\/uploads\/2021\/12\/07-Press-Logo.jpg\",\"width\":512,\"height\":512,\"caption\":\"MK Media & Pr\"},\"image\":{\"@id\":\"https:\/\/permbledhja.com\/#\/schema\/logo\/image\/\"},\"sameAs\":[\"https:\/\/www.facebook.com\/press07\/\"]},{\"@type\":\"Person\",\"@id\":\"https:\/\/permbledhja.com\/#\/schema\/person\/0d064377258d3221e50693947b9eb4fe\",\"name\":\"P\u00ebrmbledhja\",\"image\":{\"@type\":\"ImageObject\",\"inLanguage\":\"sq\",\"@id\":\"https:\/\/permbledhja.com\/#\/schema\/person\/image\/\",\"url\":\"https:\/\/permbledhja.com\/wp-content\/uploads\/2026\/01\/452004717_1040944174702970_8932037511805513407_n-96x96.jpg\",\"contentUrl\":\"https:\/\/permbledhja.com\/wp-content\/uploads\/2026\/01\/452004717_1040944174702970_8932037511805513407_n-96x96.jpg\",\"caption\":\"P\u00ebrmbledhja\"},\"sameAs\":[\"https:\/\/www.facebook.com\/kafexhiu.muharrem\/\",\"https:\/\/www.instagram.com\/muharrem_kafexhiu\/\"],\"url\":\"https:\/\/permbledhja.com\/sq\/author\/admin\/\"}]}<\/script>\n<!-- \/ Yoast SEO plugin. -->","yoast_head_json":{"title":"M\u00ebsohen emrat e kat\u00ebr an\u00ebtar\u00ebve t\u00eb familjes Lushtaku q\u00eb i zuri sherri me Policin\u00eb, dy nga ta ende n\u00eb arrati","robots":{"index":"index","follow":"follow","max-snippet":"max-snippet:-1","max-image-preview":"max-image-preview:large","max-video-preview":"max-video-preview:-1"},"canonical":"https:\/\/permbledhja.com\/sq\/mesohen-emrat-e-kater-anetareve-te-familjes-lushtaku-qe-i-zuri-sherri-me-policine-dy-nga-ta-ende-ne-arrati\/","og_locale":"sq_AL","og_type":"article","og_title":"M\u00ebsohen emrat e kat\u00ebr an\u00ebtar\u00ebve t\u00eb familjes Lushtaku q\u00eb i zuri sherri me Policin\u00eb, dy nga ta ende n\u00eb arrati","og_description":"Bastisjet p\u00ebr konfliktin q\u00eb ndodhi mbr\u00ebm\u00eb n\u00eb Skenderaj, ku u plagos\u00ebn dy polic\u00eb po vazhdojn\u00eb, teksa n\u00eb Polici ndodhet ish-n\u00ebnkryetari i k\u00ebsaj komune Nuredin Lushtaku bashk\u00eb me t\u00eb v\u00ebllan\u00eb. Burimet e Sinjalit brenda Prokuroris\u00eb kan\u00eb b\u00ebr\u00eb me dije se ende s\u2019\u00ebsht\u00eb nxjerr\u00eb vendim p\u00ebr ndalim, por q\u00eb p\u00ebr momentin kat\u00ebr an\u00ebtar\u00eb t\u00eb familjes Lushtaku po [&hellip;]","og_url":"https:\/\/permbledhja.com\/sq\/mesohen-emrat-e-kater-anetareve-te-familjes-lushtaku-qe-i-zuri-sherri-me-policine-dy-nga-ta-ende-ne-arrati\/","og_site_name":"Ve\u00e7 artikuj p\u00ebrmbledh\u00ebs","article_publisher":"https:\/\/www.facebook.com\/press07\/","article_author":"https:\/\/www.facebook.com\/kafexhiu.muharrem\/","article_published_time":"2022-07-03T09:13:14+00:00","og_image":[{"width":600,"height":360,"url":"https:\/\/permbledhja.com\/wp-content\/uploads\/2022\/07\/policia-e-kosoves-naten.png","type":"image\/png"}],"author":"P\u00ebrmbledhja","twitter_card":"summary_large_image","twitter_misc":{"Written by":"P\u00ebrmbledhja","Est. reading time":"2 minuta"},"schema":{"@context":"https:\/\/schema.org","@graph":[{"@type":"Article","@id":"https:\/\/permbledhja.com\/mesohen-emrat-e-kater-anetareve-te-familjes-lushtaku-qe-i-zuri-sherri-me-policine-dy-nga-ta-ende-ne-arrati\/#article","isPartOf":{"@id":"https:\/\/permbledhja.com\/mesohen-emrat-e-kater-anetareve-te-familjes-lushtaku-qe-i-zuri-sherri-me-policine-dy-nga-ta-ende-ne-arrati\/"},"author":{"name":"P\u00ebrmbledhja","@id":"https:\/\/permbledhja.com\/#\/schema\/person\/0d064377258d3221e50693947b9eb4fe"},"headline":"M\u00ebsohen emrat e kat\u00ebr an\u00ebtar\u00ebve t\u00eb familjes Lushtaku q\u00eb i zuri sherri me Policin\u00eb, dy nga ta ende n\u00eb arrati","datePublished":"2022-07-03T09:13:14+00:00","dateModified":"2022-07-03T09:13:14+00:00","mainEntityOfPage":{"@id":"https:\/\/permbledhja.com\/mesohen-emrat-e-kater-anetareve-te-familjes-lushtaku-qe-i-zuri-sherri-me-policine-dy-nga-ta-ende-ne-arrati\/"},"wordCount":414,"publisher":{"@id":"https:\/\/permbledhja.com\/#organization"},"keywords":["Lushtaku"],"articleSection":["Komb\u00ebtare","Lajme"],"inLanguage":"sq"},{"@type":"WebPage","@id":"https:\/\/permbledhja.com\/mesohen-emrat-e-kater-anetareve-te-familjes-lushtaku-qe-i-zuri-sherri-me-policine-dy-nga-ta-ende-ne-arrati\/","url":"https:\/\/permbledhja.com\/mesohen-emrat-e-kater-anetareve-te-familjes-lushtaku-qe-i-zuri-sherri-me-policine-dy-nga-ta-ende-ne-arrati\/","name":"M\u00ebsohen emrat e kat\u00ebr an\u00ebtar\u00ebve t\u00eb familjes Lushtaku q\u00eb i zuri sherri me Policin\u00eb, dy nga ta ende n\u00eb arrati","isPartOf":{"@id":"https:\/\/permbledhja.com\/#website"},"datePublished":"2022-07-03T09:13:14+00:00","dateModified":"2022-07-03T09:13:14+00:00","breadcrumb":{"@id":"https:\/\/permbledhja.com\/mesohen-emrat-e-kater-anetareve-te-familjes-lushtaku-qe-i-zuri-sherri-me-policine-dy-nga-ta-ende-ne-arrati\/#breadcrumb"},"inLanguage":"sq","potentialAction":[{"@type":"ReadAction","target":["https:\/\/permbledhja.com\/mesohen-emrat-e-kater-anetareve-te-familjes-lushtaku-qe-i-zuri-sherri-me-policine-dy-nga-ta-ende-ne-arrati\/"]}]},{"@type":"BreadcrumbList","@id":"https:\/\/permbledhja.com\/mesohen-emrat-e-kater-anetareve-te-familjes-lushtaku-qe-i-zuri-sherri-me-policine-dy-nga-ta-ende-ne-arrati\/#breadcrumb","itemListElement":[{"@type":"ListItem","position":1,"name":"Ballina","item":"https:\/\/permbledhja.com\/sq\/"},{"@type":"ListItem","position":2,"name":"M\u00ebsohen emrat e kat\u00ebr an\u00ebtar\u00ebve t\u00eb familjes Lushtaku q\u00eb i zuri sherri me Policin\u00eb, dy nga ta ende n\u00eb arrati"}]},{"@type":"WebSite","@id":"https:\/\/permbledhja.com\/#website","url":"https:\/\/permbledhja.com\/","name":"Ve\u00e7 artikuj p\u00ebrmbledh\u00ebs","description":"","publisher":{"@id":"https:\/\/permbledhja.com\/#organization"},"potentialAction":[{"@type":"SearchAction","target":{"@type":"EntryPoint","urlTemplate":"https:\/\/permbledhja.com\/?s={search_term_string}"},"query-input":"required name=search_term_string"}],"inLanguage":"sq"},{"@type":"Organization","@id":"https:\/\/permbledhja.com\/#organization","name":"MK Media & Pr","url":"https:\/\/permbledhja.com\/","logo":{"@type":"ImageObject","inLanguage":"sq","@id":"https:\/\/permbledhja.com\/#\/schema\/logo\/image\/","url":"https:\/\/permbledhja.com\/wp-content\/uploads\/2021\/12\/07-Press-Logo.jpg","contentUrl":"https:\/\/permbledhja.com\/wp-content\/uploads\/2021\/12\/07-Press-Logo.jpg","width":512,"height":512,"caption":"MK Media & Pr"},"image":{"@id":"https:\/\/permbledhja.com\/#\/schema\/logo\/image\/"},"sameAs":["https:\/\/www.facebook.com\/press07\/"]},{"@type":"Person","@id":"https:\/\/permbledhja.com\/#\/schema\/person\/0d064377258d3221e50693947b9eb4fe","name":"P\u00ebrmbledhja","image":{"@type":"ImageObject","inLanguage":"sq","@id":"https:\/\/permbledhja.com\/#\/schema\/person\/image\/","url":"https:\/\/permbledhja.com\/wp-content\/uploads\/2026\/01\/452004717_1040944174702970_8932037511805513407_n-96x96.jpg","contentUrl":"https:\/\/permbledhja.com\/wp-content\/uploads\/2026\/01\/452004717_1040944174702970_8932037511805513407_n-96x96.jpg","caption":"P\u00ebrmbledhja"},"sameAs":["https:\/\/www.facebook.com\/kafexhiu.muharrem\/","https:\/\/www.instagram.com\/muharrem_kafexhiu\/"],"url":"https:\/\/permbledhja.com\/sq\/author\/admin\/"}]}},"_links":{"self":[{"href":"https:\/\/permbledhja.com\/sq\/wp-json\/wp\/v2\/posts\/966"}],"collection":[{"href":"https:\/\/permbledhja.com\/sq\/wp-json\/wp\/v2\/posts"}],"about":[{"href":"https:\/\/permbledhja.com\/sq\/wp-json\/wp\/v2\/types\/post"}],"author":[{"embeddable":true,"href":"https:\/\/permbledhja.com\/sq\/wp-json\/wp\/v2\/users\/1"}],"replies":[{"embeddable":true,"href":"https:\/\/permbledhja.com\/sq\/wp-json\/wp\/v2\/comments?post=966"}],"version-history":[{"count":2,"href":"https:\/\/permbledhja.com\/sq\/wp-json\/wp\/v2\/posts\/966\/revisions"}],"predecessor-version":[{"id":969,"href":"https:\/\/permbledhja.com\/sq\/wp-json\/wp\/v2\/posts\/966\/revisions\/969"}],"wp:featuredmedia":[{"embeddable":true,"href":"https:\/\/permbledhja.com\/sq\/wp-json\/wp\/v2\/media\/967"}],"wp:attachment":[{"href":"https:\/\/permbledhja.com\/sq\/wp-json\/wp\/v2\/media?parent=966"}],"wp:term":[{"taxonomy":"category","embeddable":true,"href":"https:\/\/permbledhja.com\/sq\/wp-json\/wp\/v2\/categories?post=966"},{"taxonomy":"post_tag","embeddable":true,"href":"https:\/\/permbledhja.com\/sq\/wp-json\/wp\/v2\/tags?post=966"}],"curies":[{"name":"wp","href":"https:\/\/api.w.org\/{rel}","templated":true}]}}