{"id":9590,"date":"2022-11-05T12:21:07","date_gmt":"2022-11-05T12:21:07","guid":{"rendered":"https:\/\/permbledhja.com\/?p=9590"},"modified":"2022-11-05T12:21:07","modified_gmt":"2022-11-05T12:21:07","slug":"duam-parate-tona-qytetaret-protestojne-per-terheqjen-nga-trusti","status":"publish","type":"post","link":"https:\/\/permbledhja.com\/sq\/duam-parate-tona-qytetaret-protestojne-per-terheqjen-nga-trusti\/","title":{"rendered":"\u201cDuam parat\u00eb tona\u201d \u2013 qytetar\u00ebt protestojn\u00eb p\u00ebr t\u00ebrheqjen nga Trusti"},"content":{"rendered":"<p>Dhjet\u00ebra qytetar\u00eb kan\u00eb protestuar t\u00eb shtun\u00ebn n\u00eb k\u00ebrkim t\u00eb t\u00ebrheqjes s\u00eb mjeteve t\u00eb tyre nga Trusti Pensional.<\/p>\n<p>Organizator\u00ebt e k\u00ebsaj nisme, k\u00ebrkuan nga deputet\u00ebt q\u00eb Projektligji p\u00ebr lejimin e t\u00ebrheqjes s\u00eb Trustit t\u00eb trajtohet me urgjenc\u00eb, dhe i nj\u00ebjti t\u00eb p\u00ebrkrahet nga ligjv\u00ebn\u00ebsit.<\/p>\n<p>Iniciatori i k\u00ebsaj proteste, Adnan Jashari, duke p\u00ebrmendur kriz\u00ebn ekonomike, tha se lejimi i t\u00ebrheqjes s\u00eb Trustit do t\u00eb kishte impakt pozitiv n\u00eb ekonomi.<\/p>\n<p>Deputeti nga radh\u00ebt e Partis\u00eb Demokratike t\u00eb Kosov\u00ebs, Bekim Haxhiu, k\u00ebrkoi nga koleg\u00ebt e tij q\u00eb t\u00eb marrin vendim pro t\u00ebrheqjes, pasi sipas tij humbjet n\u00eb Trust jan\u00eb t\u00eb m\u00ebdha duke marr\u00eb p\u00ebr baz\u00eb humbjet e Trustit.<\/p>\n<p>\u201cPopulli duhet t\u00eb pyetet dhe k\u00ebrkesat e qytetar\u00ebve duhet t\u00eb merren parasysh. Projektligji ka ardh\u00eb me n\u00ebnshkrime t\u00eb qytetar\u00ebve dhe Trusti duhet t\u00eb p\u00ebrkrahet nga 120 deputet\u00ebt. Kriza \u00ebsht\u00eb e madhe dhe humbjet n\u00eb investimet e Trustit jan\u00eb t\u00eb m\u00ebdha, dhe ftojm\u00eb q\u00eb t\u00eb b\u00ebhet reform\u00eb n\u00eb Trust q\u00eb gjenerata t\u00eb paguaj\u00eb p\u00ebr gjenerat\u00ebn\u201d, u shpreh Haxhiu.<\/p>\n<p>Nexhat Lluminca, kryetar i Sindikat\u00ebs s\u00eb Re t\u00eb KEK-ut tha se shumica e pun\u00ebtor\u00ebve jan\u00eb pro t\u00ebrheqjes s\u00eb mjeteve nga TRUST-i.\/Front Online<\/p>\n","protected":false},"excerpt":{"rendered":"<p>Dhjet\u00ebra qytetar\u00eb kan\u00eb protestuar t\u00eb shtun\u00ebn n\u00eb k\u00ebrkim t\u00eb t\u00ebrheqjes s\u00eb mjeteve t\u00eb tyre nga Trusti Pensional. Organizator\u00ebt e k\u00ebsaj nisme, k\u00ebrkuan nga deputet\u00ebt q\u00eb Projektligji p\u00ebr lejimin e t\u00ebrheqjes s\u00eb Trustit t\u00eb trajtohet me urgjenc\u00eb, dhe i nj\u00ebjti t\u00eb p\u00ebrkrahet nga ligjv\u00ebn\u00ebsit. Iniciatori i k\u00ebsaj proteste, Adnan Jashari, duke p\u00ebrmendur kriz\u00ebn ekonomike, tha se [&hellip;]<\/p>\n","protected":false},"author":1,"featured_media":9591,"comment_status":"closed","ping_status":"closed","sticky":false,"template":"","format":"standard","meta":{"_monsterinsights_skip_tracking":false,"_monsterinsights_sitenote_active":false,"_monsterinsights_sitenote_note":"","_monsterinsights_sitenote_category":0,"_uf_show_specific_survey":0,"_uf_disable_surveys":false,"footnotes":""},"categories":[23,15],"tags":[],"yoast_head":"<!-- This site is optimized with the Yoast SEO plugin v21.5 - https:\/\/yoast.com\/wordpress\/plugins\/seo\/ -->\n<title>\u201cDuam parat\u00eb tona\u201d \u2013 qytetar\u00ebt protestojn\u00eb p\u00ebr t\u00ebrheqjen nga Trusti<\/title>\n<meta name=\"robots\" content=\"index, follow, max-snippet:-1, max-image-preview:large, max-video-preview:-1\" \/>\n<link rel=\"canonical\" href=\"https:\/\/permbledhja.com\/sq\/duam-parate-tona-qytetaret-protestojne-per-terheqjen-nga-trusti\/\" \/>\n<meta property=\"og:locale\" content=\"sq_AL\" \/>\n<meta property=\"og:type\" content=\"article\" \/>\n<meta property=\"og:title\" content=\"\u201cDuam parat\u00eb tona\u201d \u2013 qytetar\u00ebt protestojn\u00eb p\u00ebr t\u00ebrheqjen nga Trusti\" \/>\n<meta property=\"og:description\" content=\"Dhjet\u00ebra qytetar\u00eb kan\u00eb protestuar t\u00eb shtun\u00ebn n\u00eb k\u00ebrkim t\u00eb t\u00ebrheqjes s\u00eb mjeteve t\u00eb tyre nga Trusti Pensional. Organizator\u00ebt e k\u00ebsaj nisme, k\u00ebrkuan nga deputet\u00ebt q\u00eb Projektligji p\u00ebr lejimin e t\u00ebrheqjes s\u00eb Trustit t\u00eb trajtohet me urgjenc\u00eb, dhe i nj\u00ebjti t\u00eb p\u00ebrkrahet nga ligjv\u00ebn\u00ebsit. Iniciatori i k\u00ebsaj proteste, Adnan Jashari, duke p\u00ebrmendur kriz\u00ebn ekonomike, tha se [&hellip;]\" \/>\n<meta property=\"og:url\" content=\"https:\/\/permbledhja.com\/sq\/duam-parate-tona-qytetaret-protestojne-per-terheqjen-nga-trusti\/\" \/>\n<meta property=\"og:site_name\" content=\"Ve\u00e7 artikuj p\u00ebrmbledh\u00ebs\" \/>\n<meta property=\"article:publisher\" content=\"https:\/\/www.facebook.com\/press07\/\" \/>\n<meta property=\"article:author\" content=\"https:\/\/www.facebook.com\/kafexhiu.muharrem\/\" \/>\n<meta property=\"article:published_time\" content=\"2022-11-05T12:21:07+00:00\" \/>\n<meta property=\"og:image\" content=\"https:\/\/permbledhja.com\/wp-content\/uploads\/2022\/11\/313218907_191466020071898_91165945462038624_n-1333x1000-1.jpg\" \/>\n\t<meta property=\"og:image:width\" content=\"1333\" \/>\n\t<meta property=\"og:image:height\" content=\"1000\" \/>\n\t<meta property=\"og:image:type\" content=\"image\/jpeg\" \/>\n<meta name=\"author\" content=\"P\u00ebrmbledhja\" \/>\n<meta name=\"twitter:card\" content=\"summary_large_image\" \/>\n<meta name=\"twitter:label1\" content=\"Written by\" \/>\n\t<meta name=\"twitter:data1\" content=\"P\u00ebrmbledhja\" \/>\n\t<meta name=\"twitter:label2\" content=\"Est. reading time\" \/>\n\t<meta name=\"twitter:data2\" content=\"1 minut\u00eb\" \/>\n<script type=\"application\/ld+json\" class=\"yoast-schema-graph\">{\"@context\":\"https:\/\/schema.org\",\"@graph\":[{\"@type\":\"Article\",\"@id\":\"https:\/\/permbledhja.com\/sq\/duam-parate-tona-qytetaret-protestojne-per-terheqjen-nga-trusti\/#article\",\"isPartOf\":{\"@id\":\"https:\/\/permbledhja.com\/sq\/duam-parate-tona-qytetaret-protestojne-per-terheqjen-nga-trusti\/\"},\"author\":{\"name\":\"P\u00ebrmbledhja\",\"@id\":\"https:\/\/permbledhja.com\/#\/schema\/person\/0d064377258d3221e50693947b9eb4fe\"},\"headline\":\"\u201cDuam parat\u00eb tona\u201d \u2013 qytetar\u00ebt protestojn\u00eb p\u00ebr t\u00ebrheqjen nga Trusti\",\"datePublished\":\"2022-11-05T12:21:07+00:00\",\"dateModified\":\"2022-11-05T12:21:07+00:00\",\"mainEntityOfPage\":{\"@id\":\"https:\/\/permbledhja.com\/sq\/duam-parate-tona-qytetaret-protestojne-per-terheqjen-nga-trusti\/\"},\"wordCount\":234,\"publisher\":{\"@id\":\"https:\/\/permbledhja.com\/#organization\"},\"articleSection\":[\"Komb\u00ebtare\",\"Lajme\"],\"inLanguage\":\"sq\"},{\"@type\":\"WebPage\",\"@id\":\"https:\/\/permbledhja.com\/sq\/duam-parate-tona-qytetaret-protestojne-per-terheqjen-nga-trusti\/\",\"url\":\"https:\/\/permbledhja.com\/sq\/duam-parate-tona-qytetaret-protestojne-per-terheqjen-nga-trusti\/\",\"name\":\"\u201cDuam parat\u00eb tona\u201d \u2013 qytetar\u00ebt protestojn\u00eb p\u00ebr t\u00ebrheqjen nga Trusti\",\"isPartOf\":{\"@id\":\"https:\/\/permbledhja.com\/#website\"},\"datePublished\":\"2022-11-05T12:21:07+00:00\",\"dateModified\":\"2022-11-05T12:21:07+00:00\",\"breadcrumb\":{\"@id\":\"https:\/\/permbledhja.com\/sq\/duam-parate-tona-qytetaret-protestojne-per-terheqjen-nga-trusti\/#breadcrumb\"},\"inLanguage\":\"sq\",\"potentialAction\":[{\"@type\":\"ReadAction\",\"target\":[\"https:\/\/permbledhja.com\/sq\/duam-parate-tona-qytetaret-protestojne-per-terheqjen-nga-trusti\/\"]}]},{\"@type\":\"BreadcrumbList\",\"@id\":\"https:\/\/permbledhja.com\/sq\/duam-parate-tona-qytetaret-protestojne-per-terheqjen-nga-trusti\/#breadcrumb\",\"itemListElement\":[{\"@type\":\"ListItem\",\"position\":1,\"name\":\"Ballina\",\"item\":\"https:\/\/permbledhja.com\/sq\/\"},{\"@type\":\"ListItem\",\"position\":2,\"name\":\"\u201cDuam parat\u00eb tona\u201d \u2013 qytetar\u00ebt protestojn\u00eb p\u00ebr t\u00ebrheqjen nga Trusti\"}]},{\"@type\":\"WebSite\",\"@id\":\"https:\/\/permbledhja.com\/#website\",\"url\":\"https:\/\/permbledhja.com\/\",\"name\":\"Ve\u00e7 artikuj p\u00ebrmbledh\u00ebs\",\"description\":\"\",\"publisher\":{\"@id\":\"https:\/\/permbledhja.com\/#organization\"},\"potentialAction\":[{\"@type\":\"SearchAction\",\"target\":{\"@type\":\"EntryPoint\",\"urlTemplate\":\"https:\/\/permbledhja.com\/?s={search_term_string}\"},\"query-input\":\"required name=search_term_string\"}],\"inLanguage\":\"sq\"},{\"@type\":\"Organization\",\"@id\":\"https:\/\/permbledhja.com\/#organization\",\"name\":\"MK Media & Pr\",\"url\":\"https:\/\/permbledhja.com\/\",\"logo\":{\"@type\":\"ImageObject\",\"inLanguage\":\"sq\",\"@id\":\"https:\/\/permbledhja.com\/#\/schema\/logo\/image\/\",\"url\":\"https:\/\/permbledhja.com\/wp-content\/uploads\/2021\/12\/07-Press-Logo.jpg\",\"contentUrl\":\"https:\/\/permbledhja.com\/wp-content\/uploads\/2021\/12\/07-Press-Logo.jpg\",\"width\":512,\"height\":512,\"caption\":\"MK Media & Pr\"},\"image\":{\"@id\":\"https:\/\/permbledhja.com\/#\/schema\/logo\/image\/\"},\"sameAs\":[\"https:\/\/www.facebook.com\/press07\/\"]},{\"@type\":\"Person\",\"@id\":\"https:\/\/permbledhja.com\/#\/schema\/person\/0d064377258d3221e50693947b9eb4fe\",\"name\":\"P\u00ebrmbledhja\",\"image\":{\"@type\":\"ImageObject\",\"inLanguage\":\"sq\",\"@id\":\"https:\/\/permbledhja.com\/#\/schema\/person\/image\/\",\"url\":\"https:\/\/permbledhja.com\/wp-content\/uploads\/2026\/01\/452004717_1040944174702970_8932037511805513407_n-96x96.jpg\",\"contentUrl\":\"https:\/\/permbledhja.com\/wp-content\/uploads\/2026\/01\/452004717_1040944174702970_8932037511805513407_n-96x96.jpg\",\"caption\":\"P\u00ebrmbledhja\"},\"sameAs\":[\"https:\/\/www.facebook.com\/kafexhiu.muharrem\/\",\"https:\/\/www.instagram.com\/muharrem_kafexhiu\/\"],\"url\":\"https:\/\/permbledhja.com\/sq\/author\/admin\/\"}]}<\/script>\n<!-- \/ Yoast SEO plugin. -->","yoast_head_json":{"title":"\u201cDuam parat\u00eb tona\u201d \u2013 qytetar\u00ebt protestojn\u00eb p\u00ebr t\u00ebrheqjen nga Trusti","robots":{"index":"index","follow":"follow","max-snippet":"max-snippet:-1","max-image-preview":"max-image-preview:large","max-video-preview":"max-video-preview:-1"},"canonical":"https:\/\/permbledhja.com\/sq\/duam-parate-tona-qytetaret-protestojne-per-terheqjen-nga-trusti\/","og_locale":"sq_AL","og_type":"article","og_title":"\u201cDuam parat\u00eb tona\u201d \u2013 qytetar\u00ebt protestojn\u00eb p\u00ebr t\u00ebrheqjen nga Trusti","og_description":"Dhjet\u00ebra qytetar\u00eb kan\u00eb protestuar t\u00eb shtun\u00ebn n\u00eb k\u00ebrkim t\u00eb t\u00ebrheqjes s\u00eb mjeteve t\u00eb tyre nga Trusti Pensional. Organizator\u00ebt e k\u00ebsaj nisme, k\u00ebrkuan nga deputet\u00ebt q\u00eb Projektligji p\u00ebr lejimin e t\u00ebrheqjes s\u00eb Trustit t\u00eb trajtohet me urgjenc\u00eb, dhe i nj\u00ebjti t\u00eb p\u00ebrkrahet nga ligjv\u00ebn\u00ebsit. Iniciatori i k\u00ebsaj proteste, Adnan Jashari, duke p\u00ebrmendur kriz\u00ebn ekonomike, tha se [&hellip;]","og_url":"https:\/\/permbledhja.com\/sq\/duam-parate-tona-qytetaret-protestojne-per-terheqjen-nga-trusti\/","og_site_name":"Ve\u00e7 artikuj p\u00ebrmbledh\u00ebs","article_publisher":"https:\/\/www.facebook.com\/press07\/","article_author":"https:\/\/www.facebook.com\/kafexhiu.muharrem\/","article_published_time":"2022-11-05T12:21:07+00:00","og_image":[{"width":1333,"height":1000,"url":"https:\/\/permbledhja.com\/wp-content\/uploads\/2022\/11\/313218907_191466020071898_91165945462038624_n-1333x1000-1.jpg","type":"image\/jpeg"}],"author":"P\u00ebrmbledhja","twitter_card":"summary_large_image","twitter_misc":{"Written by":"P\u00ebrmbledhja","Est. reading time":"1 minut\u00eb"},"schema":{"@context":"https:\/\/schema.org","@graph":[{"@type":"Article","@id":"https:\/\/permbledhja.com\/sq\/duam-parate-tona-qytetaret-protestojne-per-terheqjen-nga-trusti\/#article","isPartOf":{"@id":"https:\/\/permbledhja.com\/sq\/duam-parate-tona-qytetaret-protestojne-per-terheqjen-nga-trusti\/"},"author":{"name":"P\u00ebrmbledhja","@id":"https:\/\/permbledhja.com\/#\/schema\/person\/0d064377258d3221e50693947b9eb4fe"},"headline":"\u201cDuam parat\u00eb tona\u201d \u2013 qytetar\u00ebt protestojn\u00eb p\u00ebr t\u00ebrheqjen nga Trusti","datePublished":"2022-11-05T12:21:07+00:00","dateModified":"2022-11-05T12:21:07+00:00","mainEntityOfPage":{"@id":"https:\/\/permbledhja.com\/sq\/duam-parate-tona-qytetaret-protestojne-per-terheqjen-nga-trusti\/"},"wordCount":234,"publisher":{"@id":"https:\/\/permbledhja.com\/#organization"},"articleSection":["Komb\u00ebtare","Lajme"],"inLanguage":"sq"},{"@type":"WebPage","@id":"https:\/\/permbledhja.com\/sq\/duam-parate-tona-qytetaret-protestojne-per-terheqjen-nga-trusti\/","url":"https:\/\/permbledhja.com\/sq\/duam-parate-tona-qytetaret-protestojne-per-terheqjen-nga-trusti\/","name":"\u201cDuam parat\u00eb tona\u201d \u2013 qytetar\u00ebt protestojn\u00eb p\u00ebr t\u00ebrheqjen nga Trusti","isPartOf":{"@id":"https:\/\/permbledhja.com\/#website"},"datePublished":"2022-11-05T12:21:07+00:00","dateModified":"2022-11-05T12:21:07+00:00","breadcrumb":{"@id":"https:\/\/permbledhja.com\/sq\/duam-parate-tona-qytetaret-protestojne-per-terheqjen-nga-trusti\/#breadcrumb"},"inLanguage":"sq","potentialAction":[{"@type":"ReadAction","target":["https:\/\/permbledhja.com\/sq\/duam-parate-tona-qytetaret-protestojne-per-terheqjen-nga-trusti\/"]}]},{"@type":"BreadcrumbList","@id":"https:\/\/permbledhja.com\/sq\/duam-parate-tona-qytetaret-protestojne-per-terheqjen-nga-trusti\/#breadcrumb","itemListElement":[{"@type":"ListItem","position":1,"name":"Ballina","item":"https:\/\/permbledhja.com\/sq\/"},{"@type":"ListItem","position":2,"name":"\u201cDuam parat\u00eb tona\u201d \u2013 qytetar\u00ebt protestojn\u00eb p\u00ebr t\u00ebrheqjen nga Trusti"}]},{"@type":"WebSite","@id":"https:\/\/permbledhja.com\/#website","url":"https:\/\/permbledhja.com\/","name":"Ve\u00e7 artikuj p\u00ebrmbledh\u00ebs","description":"","publisher":{"@id":"https:\/\/permbledhja.com\/#organization"},"potentialAction":[{"@type":"SearchAction","target":{"@type":"EntryPoint","urlTemplate":"https:\/\/permbledhja.com\/?s={search_term_string}"},"query-input":"required name=search_term_string"}],"inLanguage":"sq"},{"@type":"Organization","@id":"https:\/\/permbledhja.com\/#organization","name":"MK Media & Pr","url":"https:\/\/permbledhja.com\/","logo":{"@type":"ImageObject","inLanguage":"sq","@id":"https:\/\/permbledhja.com\/#\/schema\/logo\/image\/","url":"https:\/\/permbledhja.com\/wp-content\/uploads\/2021\/12\/07-Press-Logo.jpg","contentUrl":"https:\/\/permbledhja.com\/wp-content\/uploads\/2021\/12\/07-Press-Logo.jpg","width":512,"height":512,"caption":"MK Media & Pr"},"image":{"@id":"https:\/\/permbledhja.com\/#\/schema\/logo\/image\/"},"sameAs":["https:\/\/www.facebook.com\/press07\/"]},{"@type":"Person","@id":"https:\/\/permbledhja.com\/#\/schema\/person\/0d064377258d3221e50693947b9eb4fe","name":"P\u00ebrmbledhja","image":{"@type":"ImageObject","inLanguage":"sq","@id":"https:\/\/permbledhja.com\/#\/schema\/person\/image\/","url":"https:\/\/permbledhja.com\/wp-content\/uploads\/2026\/01\/452004717_1040944174702970_8932037511805513407_n-96x96.jpg","contentUrl":"https:\/\/permbledhja.com\/wp-content\/uploads\/2026\/01\/452004717_1040944174702970_8932037511805513407_n-96x96.jpg","caption":"P\u00ebrmbledhja"},"sameAs":["https:\/\/www.facebook.com\/kafexhiu.muharrem\/","https:\/\/www.instagram.com\/muharrem_kafexhiu\/"],"url":"https:\/\/permbledhja.com\/sq\/author\/admin\/"}]}},"_links":{"self":[{"href":"https:\/\/permbledhja.com\/sq\/wp-json\/wp\/v2\/posts\/9590"}],"collection":[{"href":"https:\/\/permbledhja.com\/sq\/wp-json\/wp\/v2\/posts"}],"about":[{"href":"https:\/\/permbledhja.com\/sq\/wp-json\/wp\/v2\/types\/post"}],"author":[{"embeddable":true,"href":"https:\/\/permbledhja.com\/sq\/wp-json\/wp\/v2\/users\/1"}],"replies":[{"embeddable":true,"href":"https:\/\/permbledhja.com\/sq\/wp-json\/wp\/v2\/comments?post=9590"}],"version-history":[{"count":1,"href":"https:\/\/permbledhja.com\/sq\/wp-json\/wp\/v2\/posts\/9590\/revisions"}],"predecessor-version":[{"id":9592,"href":"https:\/\/permbledhja.com\/sq\/wp-json\/wp\/v2\/posts\/9590\/revisions\/9592"}],"wp:featuredmedia":[{"embeddable":true,"href":"https:\/\/permbledhja.com\/sq\/wp-json\/wp\/v2\/media\/9591"}],"wp:attachment":[{"href":"https:\/\/permbledhja.com\/sq\/wp-json\/wp\/v2\/media?parent=9590"}],"wp:term":[{"taxonomy":"category","embeddable":true,"href":"https:\/\/permbledhja.com\/sq\/wp-json\/wp\/v2\/categories?post=9590"},{"taxonomy":"post_tag","embeddable":true,"href":"https:\/\/permbledhja.com\/sq\/wp-json\/wp\/v2\/tags?post=9590"}],"curies":[{"name":"wp","href":"https:\/\/api.w.org\/{rel}","templated":true}]}}