{"id":9566,"date":"2022-11-05T09:23:08","date_gmt":"2022-11-05T09:23:08","guid":{"rendered":"https:\/\/permbledhja.com\/?p=9566"},"modified":"2022-11-05T09:23:08","modified_gmt":"2022-11-05T09:23:08","slug":"kurti-fton-mjeket-qe-jetojne-ne-mergate-per-te-punuar-ne-kosove","status":"publish","type":"post","link":"https:\/\/permbledhja.com\/sq\/kurti-fton-mjeket-qe-jetojne-ne-mergate-per-te-punuar-ne-kosove\/","title":{"rendered":"Kurti fton mjek\u00ebt q\u00eb jetojn\u00eb n\u00eb m\u00ebrgat\u00eb p\u00ebr t\u00eb punuar n\u00eb Kosov\u00eb"},"content":{"rendered":"<p><strong>Ministria e Sh\u00ebndet\u00ebsis\u00eb e cila ende vazhdon t\u00eb funksionoj pa minist\u00ebr, p\u00ebrmes nj\u00eb komunikate p\u00ebr media iu ka b\u00ebr\u00eb ftes\u00eb t\u00eb gjith\u00eb specialist\u00ebve n\u00eb fusha t\u00eb ndryshme mjek\u00ebsore q\u00eb jetojn\u00eb n\u00eb m\u00ebrgim p\u00ebr angazhim dhe pun\u00eb n\u00eb institucionet sh\u00ebndet\u00ebsore publike t\u00eb Kosov\u00ebs.<\/strong><\/p>\n<p>Nga MSH thon\u00eb se ftesa u drejtohet specialist\u00ebve t\u00eb fushave mjek\u00ebsore pjes\u00ebtar\u00eb t\u00eb m\u00ebrgat\u00ebs shqiptare, atyre nga rajoni por dhe profesionist\u00ebve t\u00eb huaj mjek\u00ebsor.<\/p>\n<p>Pjes\u00eb nga njoftimi i MSH-s\u00eb<\/p>\n<p>Bashk\u00ebpunimi profesional n\u00eb institucionet tona ka ekzistuar dhe aktualisht \u00ebsht\u00eb duke marr\u00eb rit\u00ebm t\u00eb ri. Por, n\u00eb m\u00ebnyr\u00eb q\u00eb ky bashk\u00ebpunim t\u00eb thellohet e dinamizohet ju ftojm\u00eb t\u00eb shprehni interesimin tuaj p\u00ebr t\u00eb ndihmuar vendin dhe sektorin krah p\u00ebr krah me koleg\u00ebt q\u00eb me mundin e dijen e tyre sigurojn\u00eb sh\u00ebrbimet n\u00eb t\u00eb gjitha nivelet.<\/p>\n<p>T\u00eb gjith\u00eb t\u00eb interesuarit q\u00eb kan\u00eb p\u00ebrvoj\u00eb t\u00eb konsiderueshme pune n\u00eb l\u00ebmit\u00eb ku veprojn\u00eb dhe ve\u00e7an\u00ebrisht ata q\u00eb kan\u00eb dhe p\u00ebrvoj\u00eb akademike u lutemi t\u00eb na drejtohen.<\/p>\n<p>P\u00ebr angazhimin e tyre do t\u00eb b\u00ebhen marr\u00ebveshje me institucionet sh\u00ebndet\u00ebsore ose Ministrin\u00eb e Sh\u00ebndet\u00ebsis\u00eb.<\/p>\n<p>Angazhimi i profesionist\u00ebve sh\u00ebndet\u00ebsor nga m\u00ebrgata dhe jasht\u00eb vendit do t\u00eb respektoj kushtet e Udh\u00ebzimit Administrativ (QRK) nr. 10\/2022 p\u00ebr licencimin e profesionist\u00ebve sh\u00ebndet\u00ebsor t\u00eb huaj dhe aktet e tjera ligjore n\u00eb fuqi.<\/p>\n<p>Njoftimin tuaj p\u00ebr angazhim mund ta d\u00ebrgoni adres\u00ebn e-mail: Msh.Aplikimi@rks-gov.net<\/p>\n","protected":false},"excerpt":{"rendered":"<p>Ministria e Sh\u00ebndet\u00ebsis\u00eb e cila ende vazhdon t\u00eb funksionoj pa minist\u00ebr, p\u00ebrmes nj\u00eb komunikate p\u00ebr media iu ka b\u00ebr\u00eb ftes\u00eb t\u00eb gjith\u00eb specialist\u00ebve n\u00eb fusha t\u00eb ndryshme mjek\u00ebsore q\u00eb jetojn\u00eb n\u00eb m\u00ebrgim p\u00ebr angazhim dhe pun\u00eb n\u00eb institucionet sh\u00ebndet\u00ebsore publike t\u00eb Kosov\u00ebs. Nga MSH thon\u00eb se ftesa u drejtohet specialist\u00ebve t\u00eb fushave mjek\u00ebsore pjes\u00ebtar\u00eb t\u00eb [&hellip;]<\/p>\n","protected":false},"author":1,"featured_media":4357,"comment_status":"closed","ping_status":"closed","sticky":false,"template":"","format":"standard","meta":{"_monsterinsights_skip_tracking":false,"_monsterinsights_sitenote_active":false,"_monsterinsights_sitenote_note":"","_monsterinsights_sitenote_category":0,"_uf_show_specific_survey":0,"_uf_disable_surveys":false,"footnotes":""},"categories":[23,15],"tags":[86],"yoast_head":"<!-- This site is optimized with the Yoast SEO plugin v21.5 - https:\/\/yoast.com\/wordpress\/plugins\/seo\/ -->\n<title>Kurti fton mjek\u00ebt q\u00eb jetojn\u00eb n\u00eb m\u00ebrgat\u00eb p\u00ebr t\u00eb punuar n\u00eb Kosov\u00eb<\/title>\n<meta name=\"robots\" content=\"index, follow, max-snippet:-1, max-image-preview:large, max-video-preview:-1\" \/>\n<link rel=\"canonical\" href=\"https:\/\/permbledhja.com\/sq\/kurti-fton-mjeket-qe-jetojne-ne-mergate-per-te-punuar-ne-kosove\/\" \/>\n<meta property=\"og:locale\" content=\"sq_AL\" \/>\n<meta property=\"og:type\" content=\"article\" \/>\n<meta property=\"og:title\" content=\"Kurti fton mjek\u00ebt q\u00eb jetojn\u00eb n\u00eb m\u00ebrgat\u00eb p\u00ebr t\u00eb punuar n\u00eb Kosov\u00eb\" \/>\n<meta property=\"og:description\" content=\"Ministria e Sh\u00ebndet\u00ebsis\u00eb e cila ende vazhdon t\u00eb funksionoj pa minist\u00ebr, p\u00ebrmes nj\u00eb komunikate p\u00ebr media iu ka b\u00ebr\u00eb ftes\u00eb t\u00eb gjith\u00eb specialist\u00ebve n\u00eb fusha t\u00eb ndryshme mjek\u00ebsore q\u00eb jetojn\u00eb n\u00eb m\u00ebrgim p\u00ebr angazhim dhe pun\u00eb n\u00eb institucionet sh\u00ebndet\u00ebsore publike t\u00eb Kosov\u00ebs. Nga MSH thon\u00eb se ftesa u drejtohet specialist\u00ebve t\u00eb fushave mjek\u00ebsore pjes\u00ebtar\u00eb t\u00eb [&hellip;]\" \/>\n<meta property=\"og:url\" content=\"https:\/\/permbledhja.com\/sq\/kurti-fton-mjeket-qe-jetojne-ne-mergate-per-te-punuar-ne-kosove\/\" \/>\n<meta property=\"og:site_name\" content=\"Ve\u00e7 artikuj p\u00ebrmbledh\u00ebs\" \/>\n<meta property=\"article:publisher\" content=\"https:\/\/www.facebook.com\/press07\/\" \/>\n<meta property=\"article:author\" content=\"https:\/\/www.facebook.com\/kafexhiu.muharrem\/\" \/>\n<meta property=\"article:published_time\" content=\"2022-11-05T09:23:08+00:00\" \/>\n<meta property=\"og:image\" content=\"https:\/\/permbledhja.com\/wp-content\/uploads\/2022\/08\/Albin-Kurti.png\" \/>\n\t<meta property=\"og:image:width\" content=\"715\" \/>\n\t<meta property=\"og:image:height\" content=\"412\" \/>\n\t<meta property=\"og:image:type\" content=\"image\/png\" \/>\n<meta name=\"author\" content=\"P\u00ebrmbledhja\" \/>\n<meta name=\"twitter:card\" content=\"summary_large_image\" \/>\n<meta name=\"twitter:label1\" content=\"Written by\" \/>\n\t<meta name=\"twitter:data1\" content=\"P\u00ebrmbledhja\" \/>\n\t<meta name=\"twitter:label2\" content=\"Est. reading time\" \/>\n\t<meta name=\"twitter:data2\" content=\"1 minut\u00eb\" \/>\n<script type=\"application\/ld+json\" class=\"yoast-schema-graph\">{\"@context\":\"https:\/\/schema.org\",\"@graph\":[{\"@type\":\"Article\",\"@id\":\"https:\/\/permbledhja.com\/kurti-fton-mjeket-qe-jetojne-ne-mergate-per-te-punuar-ne-kosove\/#article\",\"isPartOf\":{\"@id\":\"https:\/\/permbledhja.com\/kurti-fton-mjeket-qe-jetojne-ne-mergate-per-te-punuar-ne-kosove\/\"},\"author\":{\"name\":\"P\u00ebrmbledhja\",\"@id\":\"https:\/\/permbledhja.com\/#\/schema\/person\/0d064377258d3221e50693947b9eb4fe\"},\"headline\":\"Kurti fton mjek\u00ebt q\u00eb jetojn\u00eb n\u00eb m\u00ebrgat\u00eb p\u00ebr t\u00eb punuar n\u00eb Kosov\u00eb\",\"datePublished\":\"2022-11-05T09:23:08+00:00\",\"dateModified\":\"2022-11-05T09:23:08+00:00\",\"mainEntityOfPage\":{\"@id\":\"https:\/\/permbledhja.com\/kurti-fton-mjeket-qe-jetojne-ne-mergate-per-te-punuar-ne-kosove\/\"},\"wordCount\":280,\"publisher\":{\"@id\":\"https:\/\/permbledhja.com\/#organization\"},\"keywords\":[\"Albin Kurti\"],\"articleSection\":[\"Komb\u00ebtare\",\"Lajme\"],\"inLanguage\":\"sq\"},{\"@type\":\"WebPage\",\"@id\":\"https:\/\/permbledhja.com\/kurti-fton-mjeket-qe-jetojne-ne-mergate-per-te-punuar-ne-kosove\/\",\"url\":\"https:\/\/permbledhja.com\/kurti-fton-mjeket-qe-jetojne-ne-mergate-per-te-punuar-ne-kosove\/\",\"name\":\"Kurti fton mjek\u00ebt q\u00eb jetojn\u00eb n\u00eb m\u00ebrgat\u00eb p\u00ebr t\u00eb punuar n\u00eb Kosov\u00eb\",\"isPartOf\":{\"@id\":\"https:\/\/permbledhja.com\/#website\"},\"datePublished\":\"2022-11-05T09:23:08+00:00\",\"dateModified\":\"2022-11-05T09:23:08+00:00\",\"breadcrumb\":{\"@id\":\"https:\/\/permbledhja.com\/kurti-fton-mjeket-qe-jetojne-ne-mergate-per-te-punuar-ne-kosove\/#breadcrumb\"},\"inLanguage\":\"sq\",\"potentialAction\":[{\"@type\":\"ReadAction\",\"target\":[\"https:\/\/permbledhja.com\/kurti-fton-mjeket-qe-jetojne-ne-mergate-per-te-punuar-ne-kosove\/\"]}]},{\"@type\":\"BreadcrumbList\",\"@id\":\"https:\/\/permbledhja.com\/kurti-fton-mjeket-qe-jetojne-ne-mergate-per-te-punuar-ne-kosove\/#breadcrumb\",\"itemListElement\":[{\"@type\":\"ListItem\",\"position\":1,\"name\":\"Ballina\",\"item\":\"https:\/\/permbledhja.com\/sq\/\"},{\"@type\":\"ListItem\",\"position\":2,\"name\":\"Kurti fton mjek\u00ebt q\u00eb jetojn\u00eb n\u00eb m\u00ebrgat\u00eb p\u00ebr t\u00eb punuar n\u00eb Kosov\u00eb\"}]},{\"@type\":\"WebSite\",\"@id\":\"https:\/\/permbledhja.com\/#website\",\"url\":\"https:\/\/permbledhja.com\/\",\"name\":\"Ve\u00e7 artikuj p\u00ebrmbledh\u00ebs\",\"description\":\"\",\"publisher\":{\"@id\":\"https:\/\/permbledhja.com\/#organization\"},\"potentialAction\":[{\"@type\":\"SearchAction\",\"target\":{\"@type\":\"EntryPoint\",\"urlTemplate\":\"https:\/\/permbledhja.com\/?s={search_term_string}\"},\"query-input\":\"required name=search_term_string\"}],\"inLanguage\":\"sq\"},{\"@type\":\"Organization\",\"@id\":\"https:\/\/permbledhja.com\/#organization\",\"name\":\"MK Media & Pr\",\"url\":\"https:\/\/permbledhja.com\/\",\"logo\":{\"@type\":\"ImageObject\",\"inLanguage\":\"sq\",\"@id\":\"https:\/\/permbledhja.com\/#\/schema\/logo\/image\/\",\"url\":\"https:\/\/permbledhja.com\/wp-content\/uploads\/2021\/12\/07-Press-Logo.jpg\",\"contentUrl\":\"https:\/\/permbledhja.com\/wp-content\/uploads\/2021\/12\/07-Press-Logo.jpg\",\"width\":512,\"height\":512,\"caption\":\"MK Media & Pr\"},\"image\":{\"@id\":\"https:\/\/permbledhja.com\/#\/schema\/logo\/image\/\"},\"sameAs\":[\"https:\/\/www.facebook.com\/press07\/\"]},{\"@type\":\"Person\",\"@id\":\"https:\/\/permbledhja.com\/#\/schema\/person\/0d064377258d3221e50693947b9eb4fe\",\"name\":\"P\u00ebrmbledhja\",\"image\":{\"@type\":\"ImageObject\",\"inLanguage\":\"sq\",\"@id\":\"https:\/\/permbledhja.com\/#\/schema\/person\/image\/\",\"url\":\"https:\/\/permbledhja.com\/wp-content\/uploads\/2026\/01\/452004717_1040944174702970_8932037511805513407_n-96x96.jpg\",\"contentUrl\":\"https:\/\/permbledhja.com\/wp-content\/uploads\/2026\/01\/452004717_1040944174702970_8932037511805513407_n-96x96.jpg\",\"caption\":\"P\u00ebrmbledhja\"},\"sameAs\":[\"https:\/\/www.facebook.com\/kafexhiu.muharrem\/\",\"https:\/\/www.instagram.com\/muharrem_kafexhiu\/\"],\"url\":\"https:\/\/permbledhja.com\/sq\/author\/admin\/\"}]}<\/script>\n<!-- \/ Yoast SEO plugin. -->","yoast_head_json":{"title":"Kurti fton mjek\u00ebt q\u00eb jetojn\u00eb n\u00eb m\u00ebrgat\u00eb p\u00ebr t\u00eb punuar n\u00eb Kosov\u00eb","robots":{"index":"index","follow":"follow","max-snippet":"max-snippet:-1","max-image-preview":"max-image-preview:large","max-video-preview":"max-video-preview:-1"},"canonical":"https:\/\/permbledhja.com\/sq\/kurti-fton-mjeket-qe-jetojne-ne-mergate-per-te-punuar-ne-kosove\/","og_locale":"sq_AL","og_type":"article","og_title":"Kurti fton mjek\u00ebt q\u00eb jetojn\u00eb n\u00eb m\u00ebrgat\u00eb p\u00ebr t\u00eb punuar n\u00eb Kosov\u00eb","og_description":"Ministria e Sh\u00ebndet\u00ebsis\u00eb e cila ende vazhdon t\u00eb funksionoj pa minist\u00ebr, p\u00ebrmes nj\u00eb komunikate p\u00ebr media iu ka b\u00ebr\u00eb ftes\u00eb t\u00eb gjith\u00eb specialist\u00ebve n\u00eb fusha t\u00eb ndryshme mjek\u00ebsore q\u00eb jetojn\u00eb n\u00eb m\u00ebrgim p\u00ebr angazhim dhe pun\u00eb n\u00eb institucionet sh\u00ebndet\u00ebsore publike t\u00eb Kosov\u00ebs. Nga MSH thon\u00eb se ftesa u drejtohet specialist\u00ebve t\u00eb fushave mjek\u00ebsore pjes\u00ebtar\u00eb t\u00eb [&hellip;]","og_url":"https:\/\/permbledhja.com\/sq\/kurti-fton-mjeket-qe-jetojne-ne-mergate-per-te-punuar-ne-kosove\/","og_site_name":"Ve\u00e7 artikuj p\u00ebrmbledh\u00ebs","article_publisher":"https:\/\/www.facebook.com\/press07\/","article_author":"https:\/\/www.facebook.com\/kafexhiu.muharrem\/","article_published_time":"2022-11-05T09:23:08+00:00","og_image":[{"width":715,"height":412,"url":"https:\/\/permbledhja.com\/wp-content\/uploads\/2022\/08\/Albin-Kurti.png","type":"image\/png"}],"author":"P\u00ebrmbledhja","twitter_card":"summary_large_image","twitter_misc":{"Written by":"P\u00ebrmbledhja","Est. reading time":"1 minut\u00eb"},"schema":{"@context":"https:\/\/schema.org","@graph":[{"@type":"Article","@id":"https:\/\/permbledhja.com\/kurti-fton-mjeket-qe-jetojne-ne-mergate-per-te-punuar-ne-kosove\/#article","isPartOf":{"@id":"https:\/\/permbledhja.com\/kurti-fton-mjeket-qe-jetojne-ne-mergate-per-te-punuar-ne-kosove\/"},"author":{"name":"P\u00ebrmbledhja","@id":"https:\/\/permbledhja.com\/#\/schema\/person\/0d064377258d3221e50693947b9eb4fe"},"headline":"Kurti fton mjek\u00ebt q\u00eb jetojn\u00eb n\u00eb m\u00ebrgat\u00eb p\u00ebr t\u00eb punuar n\u00eb Kosov\u00eb","datePublished":"2022-11-05T09:23:08+00:00","dateModified":"2022-11-05T09:23:08+00:00","mainEntityOfPage":{"@id":"https:\/\/permbledhja.com\/kurti-fton-mjeket-qe-jetojne-ne-mergate-per-te-punuar-ne-kosove\/"},"wordCount":280,"publisher":{"@id":"https:\/\/permbledhja.com\/#organization"},"keywords":["Albin Kurti"],"articleSection":["Komb\u00ebtare","Lajme"],"inLanguage":"sq"},{"@type":"WebPage","@id":"https:\/\/permbledhja.com\/kurti-fton-mjeket-qe-jetojne-ne-mergate-per-te-punuar-ne-kosove\/","url":"https:\/\/permbledhja.com\/kurti-fton-mjeket-qe-jetojne-ne-mergate-per-te-punuar-ne-kosove\/","name":"Kurti fton mjek\u00ebt q\u00eb jetojn\u00eb n\u00eb m\u00ebrgat\u00eb p\u00ebr t\u00eb punuar n\u00eb Kosov\u00eb","isPartOf":{"@id":"https:\/\/permbledhja.com\/#website"},"datePublished":"2022-11-05T09:23:08+00:00","dateModified":"2022-11-05T09:23:08+00:00","breadcrumb":{"@id":"https:\/\/permbledhja.com\/kurti-fton-mjeket-qe-jetojne-ne-mergate-per-te-punuar-ne-kosove\/#breadcrumb"},"inLanguage":"sq","potentialAction":[{"@type":"ReadAction","target":["https:\/\/permbledhja.com\/kurti-fton-mjeket-qe-jetojne-ne-mergate-per-te-punuar-ne-kosove\/"]}]},{"@type":"BreadcrumbList","@id":"https:\/\/permbledhja.com\/kurti-fton-mjeket-qe-jetojne-ne-mergate-per-te-punuar-ne-kosove\/#breadcrumb","itemListElement":[{"@type":"ListItem","position":1,"name":"Ballina","item":"https:\/\/permbledhja.com\/sq\/"},{"@type":"ListItem","position":2,"name":"Kurti fton mjek\u00ebt q\u00eb jetojn\u00eb n\u00eb m\u00ebrgat\u00eb p\u00ebr t\u00eb punuar n\u00eb Kosov\u00eb"}]},{"@type":"WebSite","@id":"https:\/\/permbledhja.com\/#website","url":"https:\/\/permbledhja.com\/","name":"Ve\u00e7 artikuj p\u00ebrmbledh\u00ebs","description":"","publisher":{"@id":"https:\/\/permbledhja.com\/#organization"},"potentialAction":[{"@type":"SearchAction","target":{"@type":"EntryPoint","urlTemplate":"https:\/\/permbledhja.com\/?s={search_term_string}"},"query-input":"required name=search_term_string"}],"inLanguage":"sq"},{"@type":"Organization","@id":"https:\/\/permbledhja.com\/#organization","name":"MK Media & Pr","url":"https:\/\/permbledhja.com\/","logo":{"@type":"ImageObject","inLanguage":"sq","@id":"https:\/\/permbledhja.com\/#\/schema\/logo\/image\/","url":"https:\/\/permbledhja.com\/wp-content\/uploads\/2021\/12\/07-Press-Logo.jpg","contentUrl":"https:\/\/permbledhja.com\/wp-content\/uploads\/2021\/12\/07-Press-Logo.jpg","width":512,"height":512,"caption":"MK Media & Pr"},"image":{"@id":"https:\/\/permbledhja.com\/#\/schema\/logo\/image\/"},"sameAs":["https:\/\/www.facebook.com\/press07\/"]},{"@type":"Person","@id":"https:\/\/permbledhja.com\/#\/schema\/person\/0d064377258d3221e50693947b9eb4fe","name":"P\u00ebrmbledhja","image":{"@type":"ImageObject","inLanguage":"sq","@id":"https:\/\/permbledhja.com\/#\/schema\/person\/image\/","url":"https:\/\/permbledhja.com\/wp-content\/uploads\/2026\/01\/452004717_1040944174702970_8932037511805513407_n-96x96.jpg","contentUrl":"https:\/\/permbledhja.com\/wp-content\/uploads\/2026\/01\/452004717_1040944174702970_8932037511805513407_n-96x96.jpg","caption":"P\u00ebrmbledhja"},"sameAs":["https:\/\/www.facebook.com\/kafexhiu.muharrem\/","https:\/\/www.instagram.com\/muharrem_kafexhiu\/"],"url":"https:\/\/permbledhja.com\/sq\/author\/admin\/"}]}},"_links":{"self":[{"href":"https:\/\/permbledhja.com\/sq\/wp-json\/wp\/v2\/posts\/9566"}],"collection":[{"href":"https:\/\/permbledhja.com\/sq\/wp-json\/wp\/v2\/posts"}],"about":[{"href":"https:\/\/permbledhja.com\/sq\/wp-json\/wp\/v2\/types\/post"}],"author":[{"embeddable":true,"href":"https:\/\/permbledhja.com\/sq\/wp-json\/wp\/v2\/users\/1"}],"replies":[{"embeddable":true,"href":"https:\/\/permbledhja.com\/sq\/wp-json\/wp\/v2\/comments?post=9566"}],"version-history":[{"count":1,"href":"https:\/\/permbledhja.com\/sq\/wp-json\/wp\/v2\/posts\/9566\/revisions"}],"predecessor-version":[{"id":9567,"href":"https:\/\/permbledhja.com\/sq\/wp-json\/wp\/v2\/posts\/9566\/revisions\/9567"}],"wp:featuredmedia":[{"embeddable":true,"href":"https:\/\/permbledhja.com\/sq\/wp-json\/wp\/v2\/media\/4357"}],"wp:attachment":[{"href":"https:\/\/permbledhja.com\/sq\/wp-json\/wp\/v2\/media?parent=9566"}],"wp:term":[{"taxonomy":"category","embeddable":true,"href":"https:\/\/permbledhja.com\/sq\/wp-json\/wp\/v2\/categories?post=9566"},{"taxonomy":"post_tag","embeddable":true,"href":"https:\/\/permbledhja.com\/sq\/wp-json\/wp\/v2\/tags?post=9566"}],"curies":[{"name":"wp","href":"https:\/\/api.w.org\/{rel}","templated":true}]}}