{"id":9550,"date":"2022-11-05T09:06:21","date_gmt":"2022-11-05T09:06:21","guid":{"rendered":"https:\/\/permbledhja.com\/?p=9550"},"modified":"2022-11-05T09:06:21","modified_gmt":"2022-11-05T09:06:21","slug":"sot-dy-vite-nga-arrestimi-i-krereve-te-uck-se-nga-specialja","status":"publish","type":"post","link":"https:\/\/permbledhja.com\/sq\/sot-dy-vite-nga-arrestimi-i-krereve-te-uck-se-nga-specialja\/","title":{"rendered":"Sot dy vite nga arrestimi i krer\u00ebve t\u00eb U\u00c7K-s\u00eb nga Specialja"},"content":{"rendered":"<p><strong>Sot b\u00ebhen sakt\u00ebsisht dy vite prej arrestimit nga Specialja t\u00eb krer\u00ebve t\u00eb Ushtris\u00eb \u00c7lirimtare t\u00eb Kosov\u00ebs, Hashim Tha\u00e7i, Kadri Veseli, Rexhep Selimi e Jakup Krasniqi.<\/strong><\/p>\n<p>Ndon\u00ebse ka kaluar kjo periudh\u00eb kaq e gjat\u00eb kohore, gjyqi ndaj kat\u00ebr ish-funksionar\u00ebve ky\u00e7 t\u00eb U\u00c7K-s\u00eb s\u2019ka nisur ende, shkruan lajmi.net.<\/p>\n<p>Ata p\u00ebrballen n\u00eb Hag\u00eb me 10 akuza p\u00ebr krime lufte.<\/p>\n<p>N\u00eb koh\u00ebn kur ata kishin udh\u00ebtuar p\u00ebr Hag\u00eb, Hashim Tha\u00e7i mbante postin e presidentit, Kadri Veseli at\u00eb t\u00eb deputetit dhe kryetarit t\u00eb PDK-s\u00eb nd\u00ebrsa Rexhep Selimi vet\u00ebm at\u00eb t\u00eb deputetit.<\/p>\n<p>Pas arrestimit, ata kishin l\u00ebshuar t\u00eb gjitha funksionet politike publike.<\/p>\n<p>Deri tani, gjykat\u00ebsi paraprak ua ka refuzuar atyre \u00e7do k\u00ebrkes\u00eb t\u00eb p\u00ebraburgimit. P\u00ebrve\u00e7 gjyqtarit paraprak nj\u00ebjt\u00eb kan\u00eb vepruar edhe panelet tjera t\u00eb Apeleve e Supremes, dhomat k\u00ebto q\u00eb gjenden n\u00eb kuad\u00ebr t\u00eb Speciales.<\/p>\n<p>Ky proces, nga avokat\u00ebt deri tash \u00ebsht\u00eb cil\u00ebsuar si i tejzgjatur dhe me shum\u00eb kontradikta q\u00eb nuk jan\u00eb par\u00eb asnj\u00ebher\u00eb tjet\u00ebr n\u00eb nj\u00eb tribunal nd\u00ebrkomb\u00ebtar.<\/p>\n<p>Prokuroria nd\u00ebrkaq q\u00eb disa her\u00eb \u00ebsht\u00eb akuzuar p\u00ebr bashk\u00ebpunim me autoritetet serbe, vonesa t\u00eb q\u00ebllimshme n\u00eb nxjerrjen e materialeve, mos-zbatim t\u00eb urdh\u00ebrave, mos-zbatim t\u00eb afateve e shum\u00eb shkelje tjera.<\/p>\n<p>ZHVILLIME PROCEDURALE<\/p>\n<p>Pas arrestimit t\u00eb tyre nga Prokurori i Specializuar, Tha\u00e7i, Veseli, Selimi and Krasniqi u transferuan n\u00eb objektin e paraburgimit t\u00eb Dhomave t\u00eb Specializuara t\u00eb Kosov\u00ebs n\u00eb Hag\u00eb, m\u00eb 4 dhe 5 n\u00ebntor 2020.<\/p>\n<p>Seancat e paraqitjes s\u00eb par\u00eb t\u00eb Tha\u00e7it dhe Krasniqit u mbajt\u00ebn m\u00eb 9 n\u00ebntor 2020 para Gjykat\u00ebsit t\u00eb Procedur\u00ebs Paraprake, Nikola Giju. Gjat\u00eb k\u00ebtyre seancave, ata u vet\u00ebdeklaruan t\u00eb pafajsh\u00ebm n\u00eb lidhje me gjitha pikat e aktakuz\u00ebs.<\/p>\n<p>Seancat e paraqitjes s\u00eb par\u00eb t\u00eb Veselit dhe Selimit u mbajt\u00ebn p\u00ebrkat\u00ebsisht m\u00eb 10 dhe 11 n\u00ebntor. T\u00eb dy t\u00eb akuzuarit u vet\u00ebdeklaruan t\u00eb pafajsh\u00ebm n\u00eb lidhje me t\u00eb gjitha akuzat.<\/p>\n<p>M\u00eb 21 prill 2021, gjykat\u00ebsi i procedur\u00ebs paraprake miratoi k\u00ebrkesat e n\u00ebnt\u00eb viktimave dhe i pranoi ato si viktima pjes\u00ebmarr\u00ebse n\u00eb procesin gjyq\u00ebsor, Grupi I. M\u00eb 10 dhjetor 2021 dhe m\u00eb 25 maj 2022, gjykat\u00ebsi i procedur\u00ebs paraprake miratoi k\u00ebrkesat e nj\u00ebmb\u00ebdhjet\u00eb dhe dymb\u00ebdhjet\u00eb parashtruesve respektivisht si pjes\u00eb e t\u00eb nj\u00ebjtit grup.<\/p>\n<p>M\u00eb 17 dhjetor 2021, ZPS-ja e dor\u00ebzoi si rrept\u00ebsisht konfidenciale dhe ex parte dosjen e saj paraprake. Versioni i korrigjuar i dosjes paraprake t\u00eb ZPS-s\u00eb u dor\u00ebzua m\u00eb 24 shkurt 2022 (gjithashtu si konfidencial). N\u00eb urdhrin e tij gojor t\u00eb dat\u00ebs 20 maj 2022, Gjykat\u00ebsi i Procedur\u00ebs Paraprake urdh\u00ebroi ekipet e Mbrojtjes q\u00eb t\u2019i dor\u00ebzojn\u00eb dosjet e tyre paraprake deri m\u00eb 21 tetor 2022.<\/p>\n<p>M\u00eb 10 maj 2022, gjat\u00eb paraqitjeve t\u00eb tyre, t\u00eb kat\u00ebr t\u00eb akuzuarit u vet\u00ebdeklaruan t\u00eb pafajsh\u00ebm lidhur me akuzat e reja n\u00eb aktakuz\u00ebn e ndryshuar, t\u00eb dor\u00ebzuar m\u00eb 29 prill 2022.<\/p>\n","protected":false},"excerpt":{"rendered":"<p>Sot b\u00ebhen sakt\u00ebsisht dy vite prej arrestimit nga Specialja t\u00eb krer\u00ebve t\u00eb Ushtris\u00eb \u00c7lirimtare t\u00eb Kosov\u00ebs, Hashim Tha\u00e7i, Kadri Veseli, Rexhep Selimi e Jakup Krasniqi. Ndon\u00ebse ka kaluar kjo periudh\u00eb kaq e gjat\u00eb kohore, gjyqi ndaj kat\u00ebr ish-funksionar\u00ebve ky\u00e7 t\u00eb U\u00c7K-s\u00eb s\u2019ka nisur ende, shkruan lajmi.net. Ata p\u00ebrballen n\u00eb Hag\u00eb me 10 akuza p\u00ebr krime [&hellip;]<\/p>\n","protected":false},"author":1,"featured_media":9551,"comment_status":"closed","ping_status":"closed","sticky":false,"template":"","format":"standard","meta":{"_monsterinsights_skip_tracking":false,"_monsterinsights_sitenote_active":false,"_monsterinsights_sitenote_note":"","_monsterinsights_sitenote_category":0,"_uf_show_specific_survey":0,"_uf_disable_surveys":false,"footnotes":""},"categories":[22],"tags":[1085],"yoast_head":"<!-- This site is optimized with the Yoast SEO plugin v21.5 - https:\/\/yoast.com\/wordpress\/plugins\/seo\/ -->\n<title>Sot dy vite nga arrestimi i krer\u00ebve t\u00eb U\u00c7K-s\u00eb nga Specialja<\/title>\n<meta name=\"robots\" content=\"index, follow, max-snippet:-1, max-image-preview:large, max-video-preview:-1\" \/>\n<link rel=\"canonical\" href=\"https:\/\/permbledhja.com\/sq\/sot-dy-vite-nga-arrestimi-i-krereve-te-uck-se-nga-specialja\/\" \/>\n<meta property=\"og:locale\" content=\"sq_AL\" \/>\n<meta property=\"og:type\" content=\"article\" \/>\n<meta property=\"og:title\" content=\"Sot dy vite nga arrestimi i krer\u00ebve t\u00eb U\u00c7K-s\u00eb nga Specialja\" \/>\n<meta property=\"og:description\" content=\"Sot b\u00ebhen sakt\u00ebsisht dy vite prej arrestimit nga Specialja t\u00eb krer\u00ebve t\u00eb Ushtris\u00eb \u00c7lirimtare t\u00eb Kosov\u00ebs, Hashim Tha\u00e7i, Kadri Veseli, Rexhep Selimi e Jakup Krasniqi. Ndon\u00ebse ka kaluar kjo periudh\u00eb kaq e gjat\u00eb kohore, gjyqi ndaj kat\u00ebr ish-funksionar\u00ebve ky\u00e7 t\u00eb U\u00c7K-s\u00eb s\u2019ka nisur ende, shkruan lajmi.net. Ata p\u00ebrballen n\u00eb Hag\u00eb me 10 akuza p\u00ebr krime [&hellip;]\" \/>\n<meta property=\"og:url\" content=\"https:\/\/permbledhja.com\/sq\/sot-dy-vite-nga-arrestimi-i-krereve-te-uck-se-nga-specialja\/\" \/>\n<meta property=\"og:site_name\" content=\"Ve\u00e7 artikuj p\u00ebrmbledh\u00ebs\" \/>\n<meta property=\"article:publisher\" content=\"https:\/\/www.facebook.com\/press07\/\" \/>\n<meta property=\"article:author\" content=\"https:\/\/www.facebook.com\/kafexhiu.muharrem\/\" \/>\n<meta property=\"article:published_time\" content=\"2022-11-05T09:06:21+00:00\" \/>\n<meta property=\"og:image\" content=\"https:\/\/permbledhja.com\/wp-content\/uploads\/2022\/11\/3-1-1.png\" \/>\n\t<meta property=\"og:image:width\" content=\"914\" \/>\n\t<meta property=\"og:image:height\" content=\"633\" \/>\n\t<meta property=\"og:image:type\" content=\"image\/png\" \/>\n<meta name=\"author\" content=\"P\u00ebrmbledhja\" \/>\n<meta name=\"twitter:card\" content=\"summary_large_image\" \/>\n<meta name=\"twitter:label1\" content=\"Written by\" \/>\n\t<meta name=\"twitter:data1\" content=\"P\u00ebrmbledhja\" \/>\n\t<meta name=\"twitter:label2\" content=\"Est. reading time\" \/>\n\t<meta name=\"twitter:data2\" content=\"2 minuta\" \/>\n<script type=\"application\/ld+json\" class=\"yoast-schema-graph\">{\"@context\":\"https:\/\/schema.org\",\"@graph\":[{\"@type\":\"Article\",\"@id\":\"https:\/\/permbledhja.com\/sot-dy-vite-nga-arrestimi-i-krereve-te-uck-se-nga-specialja\/#article\",\"isPartOf\":{\"@id\":\"https:\/\/permbledhja.com\/sot-dy-vite-nga-arrestimi-i-krereve-te-uck-se-nga-specialja\/\"},\"author\":{\"name\":\"P\u00ebrmbledhja\",\"@id\":\"https:\/\/permbledhja.com\/#\/schema\/person\/0d064377258d3221e50693947b9eb4fe\"},\"headline\":\"Sot dy vite nga arrestimi i krer\u00ebve t\u00eb U\u00c7K-s\u00eb nga Specialja\",\"datePublished\":\"2022-11-05T09:06:21+00:00\",\"dateModified\":\"2022-11-05T09:06:21+00:00\",\"mainEntityOfPage\":{\"@id\":\"https:\/\/permbledhja.com\/sot-dy-vite-nga-arrestimi-i-krereve-te-uck-se-nga-specialja\/\"},\"wordCount\":504,\"publisher\":{\"@id\":\"https:\/\/permbledhja.com\/#organization\"},\"keywords\":[\"Specialja\"],\"articleSection\":[\"Ballina\"],\"inLanguage\":\"sq\"},{\"@type\":\"WebPage\",\"@id\":\"https:\/\/permbledhja.com\/sot-dy-vite-nga-arrestimi-i-krereve-te-uck-se-nga-specialja\/\",\"url\":\"https:\/\/permbledhja.com\/sot-dy-vite-nga-arrestimi-i-krereve-te-uck-se-nga-specialja\/\",\"name\":\"Sot dy vite nga arrestimi i krer\u00ebve t\u00eb U\u00c7K-s\u00eb nga Specialja\",\"isPartOf\":{\"@id\":\"https:\/\/permbledhja.com\/#website\"},\"datePublished\":\"2022-11-05T09:06:21+00:00\",\"dateModified\":\"2022-11-05T09:06:21+00:00\",\"breadcrumb\":{\"@id\":\"https:\/\/permbledhja.com\/sot-dy-vite-nga-arrestimi-i-krereve-te-uck-se-nga-specialja\/#breadcrumb\"},\"inLanguage\":\"sq\",\"potentialAction\":[{\"@type\":\"ReadAction\",\"target\":[\"https:\/\/permbledhja.com\/sot-dy-vite-nga-arrestimi-i-krereve-te-uck-se-nga-specialja\/\"]}]},{\"@type\":\"BreadcrumbList\",\"@id\":\"https:\/\/permbledhja.com\/sot-dy-vite-nga-arrestimi-i-krereve-te-uck-se-nga-specialja\/#breadcrumb\",\"itemListElement\":[{\"@type\":\"ListItem\",\"position\":1,\"name\":\"Ballina\",\"item\":\"https:\/\/permbledhja.com\/sq\/\"},{\"@type\":\"ListItem\",\"position\":2,\"name\":\"Sot dy vite nga arrestimi i krer\u00ebve t\u00eb U\u00c7K-s\u00eb nga Specialja\"}]},{\"@type\":\"WebSite\",\"@id\":\"https:\/\/permbledhja.com\/#website\",\"url\":\"https:\/\/permbledhja.com\/\",\"name\":\"Ve\u00e7 artikuj p\u00ebrmbledh\u00ebs\",\"description\":\"\",\"publisher\":{\"@id\":\"https:\/\/permbledhja.com\/#organization\"},\"potentialAction\":[{\"@type\":\"SearchAction\",\"target\":{\"@type\":\"EntryPoint\",\"urlTemplate\":\"https:\/\/permbledhja.com\/?s={search_term_string}\"},\"query-input\":\"required name=search_term_string\"}],\"inLanguage\":\"sq\"},{\"@type\":\"Organization\",\"@id\":\"https:\/\/permbledhja.com\/#organization\",\"name\":\"MK Media & Pr\",\"url\":\"https:\/\/permbledhja.com\/\",\"logo\":{\"@type\":\"ImageObject\",\"inLanguage\":\"sq\",\"@id\":\"https:\/\/permbledhja.com\/#\/schema\/logo\/image\/\",\"url\":\"https:\/\/permbledhja.com\/wp-content\/uploads\/2021\/12\/07-Press-Logo.jpg\",\"contentUrl\":\"https:\/\/permbledhja.com\/wp-content\/uploads\/2021\/12\/07-Press-Logo.jpg\",\"width\":512,\"height\":512,\"caption\":\"MK Media & Pr\"},\"image\":{\"@id\":\"https:\/\/permbledhja.com\/#\/schema\/logo\/image\/\"},\"sameAs\":[\"https:\/\/www.facebook.com\/press07\/\"]},{\"@type\":\"Person\",\"@id\":\"https:\/\/permbledhja.com\/#\/schema\/person\/0d064377258d3221e50693947b9eb4fe\",\"name\":\"P\u00ebrmbledhja\",\"image\":{\"@type\":\"ImageObject\",\"inLanguage\":\"sq\",\"@id\":\"https:\/\/permbledhja.com\/#\/schema\/person\/image\/\",\"url\":\"https:\/\/permbledhja.com\/wp-content\/uploads\/2026\/01\/452004717_1040944174702970_8932037511805513407_n-96x96.jpg\",\"contentUrl\":\"https:\/\/permbledhja.com\/wp-content\/uploads\/2026\/01\/452004717_1040944174702970_8932037511805513407_n-96x96.jpg\",\"caption\":\"P\u00ebrmbledhja\"},\"sameAs\":[\"https:\/\/www.facebook.com\/kafexhiu.muharrem\/\",\"https:\/\/www.instagram.com\/muharrem_kafexhiu\/\"],\"url\":\"https:\/\/permbledhja.com\/sq\/author\/admin\/\"}]}<\/script>\n<!-- \/ Yoast SEO plugin. -->","yoast_head_json":{"title":"Sot dy vite nga arrestimi i krer\u00ebve t\u00eb U\u00c7K-s\u00eb nga Specialja","robots":{"index":"index","follow":"follow","max-snippet":"max-snippet:-1","max-image-preview":"max-image-preview:large","max-video-preview":"max-video-preview:-1"},"canonical":"https:\/\/permbledhja.com\/sq\/sot-dy-vite-nga-arrestimi-i-krereve-te-uck-se-nga-specialja\/","og_locale":"sq_AL","og_type":"article","og_title":"Sot dy vite nga arrestimi i krer\u00ebve t\u00eb U\u00c7K-s\u00eb nga Specialja","og_description":"Sot b\u00ebhen sakt\u00ebsisht dy vite prej arrestimit nga Specialja t\u00eb krer\u00ebve t\u00eb Ushtris\u00eb \u00c7lirimtare t\u00eb Kosov\u00ebs, Hashim Tha\u00e7i, Kadri Veseli, Rexhep Selimi e Jakup Krasniqi. Ndon\u00ebse ka kaluar kjo periudh\u00eb kaq e gjat\u00eb kohore, gjyqi ndaj kat\u00ebr ish-funksionar\u00ebve ky\u00e7 t\u00eb U\u00c7K-s\u00eb s\u2019ka nisur ende, shkruan lajmi.net. Ata p\u00ebrballen n\u00eb Hag\u00eb me 10 akuza p\u00ebr krime [&hellip;]","og_url":"https:\/\/permbledhja.com\/sq\/sot-dy-vite-nga-arrestimi-i-krereve-te-uck-se-nga-specialja\/","og_site_name":"Ve\u00e7 artikuj p\u00ebrmbledh\u00ebs","article_publisher":"https:\/\/www.facebook.com\/press07\/","article_author":"https:\/\/www.facebook.com\/kafexhiu.muharrem\/","article_published_time":"2022-11-05T09:06:21+00:00","og_image":[{"width":914,"height":633,"url":"https:\/\/permbledhja.com\/wp-content\/uploads\/2022\/11\/3-1-1.png","type":"image\/png"}],"author":"P\u00ebrmbledhja","twitter_card":"summary_large_image","twitter_misc":{"Written by":"P\u00ebrmbledhja","Est. reading time":"2 minuta"},"schema":{"@context":"https:\/\/schema.org","@graph":[{"@type":"Article","@id":"https:\/\/permbledhja.com\/sot-dy-vite-nga-arrestimi-i-krereve-te-uck-se-nga-specialja\/#article","isPartOf":{"@id":"https:\/\/permbledhja.com\/sot-dy-vite-nga-arrestimi-i-krereve-te-uck-se-nga-specialja\/"},"author":{"name":"P\u00ebrmbledhja","@id":"https:\/\/permbledhja.com\/#\/schema\/person\/0d064377258d3221e50693947b9eb4fe"},"headline":"Sot dy vite nga arrestimi i krer\u00ebve t\u00eb U\u00c7K-s\u00eb nga Specialja","datePublished":"2022-11-05T09:06:21+00:00","dateModified":"2022-11-05T09:06:21+00:00","mainEntityOfPage":{"@id":"https:\/\/permbledhja.com\/sot-dy-vite-nga-arrestimi-i-krereve-te-uck-se-nga-specialja\/"},"wordCount":504,"publisher":{"@id":"https:\/\/permbledhja.com\/#organization"},"keywords":["Specialja"],"articleSection":["Ballina"],"inLanguage":"sq"},{"@type":"WebPage","@id":"https:\/\/permbledhja.com\/sot-dy-vite-nga-arrestimi-i-krereve-te-uck-se-nga-specialja\/","url":"https:\/\/permbledhja.com\/sot-dy-vite-nga-arrestimi-i-krereve-te-uck-se-nga-specialja\/","name":"Sot dy vite nga arrestimi i krer\u00ebve t\u00eb U\u00c7K-s\u00eb nga Specialja","isPartOf":{"@id":"https:\/\/permbledhja.com\/#website"},"datePublished":"2022-11-05T09:06:21+00:00","dateModified":"2022-11-05T09:06:21+00:00","breadcrumb":{"@id":"https:\/\/permbledhja.com\/sot-dy-vite-nga-arrestimi-i-krereve-te-uck-se-nga-specialja\/#breadcrumb"},"inLanguage":"sq","potentialAction":[{"@type":"ReadAction","target":["https:\/\/permbledhja.com\/sot-dy-vite-nga-arrestimi-i-krereve-te-uck-se-nga-specialja\/"]}]},{"@type":"BreadcrumbList","@id":"https:\/\/permbledhja.com\/sot-dy-vite-nga-arrestimi-i-krereve-te-uck-se-nga-specialja\/#breadcrumb","itemListElement":[{"@type":"ListItem","position":1,"name":"Ballina","item":"https:\/\/permbledhja.com\/sq\/"},{"@type":"ListItem","position":2,"name":"Sot dy vite nga arrestimi i krer\u00ebve t\u00eb U\u00c7K-s\u00eb nga Specialja"}]},{"@type":"WebSite","@id":"https:\/\/permbledhja.com\/#website","url":"https:\/\/permbledhja.com\/","name":"Ve\u00e7 artikuj p\u00ebrmbledh\u00ebs","description":"","publisher":{"@id":"https:\/\/permbledhja.com\/#organization"},"potentialAction":[{"@type":"SearchAction","target":{"@type":"EntryPoint","urlTemplate":"https:\/\/permbledhja.com\/?s={search_term_string}"},"query-input":"required name=search_term_string"}],"inLanguage":"sq"},{"@type":"Organization","@id":"https:\/\/permbledhja.com\/#organization","name":"MK Media & Pr","url":"https:\/\/permbledhja.com\/","logo":{"@type":"ImageObject","inLanguage":"sq","@id":"https:\/\/permbledhja.com\/#\/schema\/logo\/image\/","url":"https:\/\/permbledhja.com\/wp-content\/uploads\/2021\/12\/07-Press-Logo.jpg","contentUrl":"https:\/\/permbledhja.com\/wp-content\/uploads\/2021\/12\/07-Press-Logo.jpg","width":512,"height":512,"caption":"MK Media & Pr"},"image":{"@id":"https:\/\/permbledhja.com\/#\/schema\/logo\/image\/"},"sameAs":["https:\/\/www.facebook.com\/press07\/"]},{"@type":"Person","@id":"https:\/\/permbledhja.com\/#\/schema\/person\/0d064377258d3221e50693947b9eb4fe","name":"P\u00ebrmbledhja","image":{"@type":"ImageObject","inLanguage":"sq","@id":"https:\/\/permbledhja.com\/#\/schema\/person\/image\/","url":"https:\/\/permbledhja.com\/wp-content\/uploads\/2026\/01\/452004717_1040944174702970_8932037511805513407_n-96x96.jpg","contentUrl":"https:\/\/permbledhja.com\/wp-content\/uploads\/2026\/01\/452004717_1040944174702970_8932037511805513407_n-96x96.jpg","caption":"P\u00ebrmbledhja"},"sameAs":["https:\/\/www.facebook.com\/kafexhiu.muharrem\/","https:\/\/www.instagram.com\/muharrem_kafexhiu\/"],"url":"https:\/\/permbledhja.com\/sq\/author\/admin\/"}]}},"_links":{"self":[{"href":"https:\/\/permbledhja.com\/sq\/wp-json\/wp\/v2\/posts\/9550"}],"collection":[{"href":"https:\/\/permbledhja.com\/sq\/wp-json\/wp\/v2\/posts"}],"about":[{"href":"https:\/\/permbledhja.com\/sq\/wp-json\/wp\/v2\/types\/post"}],"author":[{"embeddable":true,"href":"https:\/\/permbledhja.com\/sq\/wp-json\/wp\/v2\/users\/1"}],"replies":[{"embeddable":true,"href":"https:\/\/permbledhja.com\/sq\/wp-json\/wp\/v2\/comments?post=9550"}],"version-history":[{"count":1,"href":"https:\/\/permbledhja.com\/sq\/wp-json\/wp\/v2\/posts\/9550\/revisions"}],"predecessor-version":[{"id":9553,"href":"https:\/\/permbledhja.com\/sq\/wp-json\/wp\/v2\/posts\/9550\/revisions\/9553"}],"wp:featuredmedia":[{"embeddable":true,"href":"https:\/\/permbledhja.com\/sq\/wp-json\/wp\/v2\/media\/9551"}],"wp:attachment":[{"href":"https:\/\/permbledhja.com\/sq\/wp-json\/wp\/v2\/media?parent=9550"}],"wp:term":[{"taxonomy":"category","embeddable":true,"href":"https:\/\/permbledhja.com\/sq\/wp-json\/wp\/v2\/categories?post=9550"},{"taxonomy":"post_tag","embeddable":true,"href":"https:\/\/permbledhja.com\/sq\/wp-json\/wp\/v2\/tags?post=9550"}],"curies":[{"name":"wp","href":"https:\/\/api.w.org\/{rel}","templated":true}]}}