{"id":9493,"date":"2022-11-04T11:06:05","date_gmt":"2022-11-04T11:06:05","guid":{"rendered":"https:\/\/permbledhja.com\/?p=9493"},"modified":"2022-11-04T11:06:05","modified_gmt":"2022-11-04T11:06:05","slug":"36-vjecarja-qe-u-ka-mbijetuar-12-tumoreve-mund-te-jete-celesi-per-sherimin-e-kancerit","status":"publish","type":"post","link":"https:\/\/permbledhja.com\/sq\/36-vjecarja-qe-u-ka-mbijetuar-12-tumoreve-mund-te-jete-celesi-per-sherimin-e-kancerit\/","title":{"rendered":"36-vje\u00e7arja q\u00eb u ka mbijetuar 12 tumoreve mund t\u00eb jet\u00eb \u00e7el\u00ebsi p\u00ebr sh\u00ebrimin e kancerit"},"content":{"rendered":"<p><strong>Nj\u00eb grua q\u00eb i ka mbijetuar disa tumoreve t\u00eb ndryshme mund t\u00eb jet\u00eb sekreti i sh\u00ebrimit t\u00eb kancerit, thon\u00eb shkenc\u00ebtar\u00ebt.<\/strong><\/p>\n<p>Pacientja e paidentifikuar, 36-vje\u00e7are, u diagnostikua me mas\u00ebn e par\u00eb kur ishte e vog\u00ebl dhe nj\u00eb rritje e re \u00ebsht\u00eb formuar \u00e7do dy vjet n\u00eb pjes\u00eb t\u00eb ndryshme t\u00eb trupit t\u00eb saj q\u00eb at\u00ebher\u00eb.<\/p>\n<p>Nga 12 tumoret e saj p\u00ebr t\u00eb cilat mjek\u00ebt din\u00eb, t\u00eb pakt\u00ebn pes\u00eb ishin kancerogjene t\u00eb formuara n\u00eb trurin e saj, qaf\u00ebn e mitr\u00ebs dhe zorr\u00ebn e trash\u00eb.<\/p>\n<p>Studiuesit n\u00eb Spanj\u00eb q\u00eb po monitorojn\u00eb gjendjen e saj thon\u00eb se sistemi i saj imunitar \u00ebsht\u00eb \u2018i jasht\u00ebzakonsh\u00ebm\u2019 n\u00eb mbylljen e kancerit.<\/p>\n<p>Ajo besohet t\u00eb jet\u00eb personi i vet\u00ebm n\u00eb bot\u00eb me nj\u00eb \u00e7uditshm\u00ebri gjenetike q\u00eb sh\u00ebrben si nj\u00eb thik\u00eb me dy tehe.<\/p>\n<p>Nga nj\u00ebra an\u00eb, ajo ka nj\u00eb aft\u00ebsi t\u00eb panatyrshme n\u00eb gjendje p\u00ebr t\u00eb mposhtur rritjet kancerogjene, por nga ana tjet\u00ebr, i b\u00ebn ata jasht\u00ebzakonisht t\u00eb ndjesh\u00ebm ndaj tumoreve q\u00eb formohen n\u00eb radh\u00eb t\u00eb par\u00eb.<\/p>\n<p>Ajo posedon dy mutacione n\u00eb gjenin MAD1L1, i cili n\u00eb rrethana normale duhet t\u00eb vras\u00eb nj\u00eb embrion p\u00ebrpara se t\u00eb ket\u00eb nj\u00eb shans p\u00ebr t\u2019u zhvilluar n\u00eb mit\u00ebr.<\/p>\n<p>Gjeni \u00ebsht\u00eb vendimtar n\u00eb procesin e ndarjes dhe proliferimit t\u00eb nj\u00eb qelize dhe mutacionet e b\u00ebjn\u00eb at\u00eb t\u00eb shkrihet dhe t\u00eb filloj\u00eb t\u00eb riprodhohet shum\u00eb. Kur qeliza fillon t\u00eb ndahet me nj\u00eb shpejt\u00ebsi q\u00eb nuk \u00ebsht\u00eb e nevojshme, mund t\u00eb \u00e7oj\u00eb n\u00eb rritje tumorale q\u00eb shpesh mund t\u00eb shnd\u00ebrrohet n\u00eb kancer.<\/p>\n<p>Dr. Marcus Malumbres, kreu i grupit t\u00eb kancerit n\u00eb Qendr\u00ebn Komb\u00ebtare Spanjolle t\u00eb K\u00ebrkimit t\u00eb Kancerit (CNIO), tha: \u201cNe ende nuk e kuptojm\u00eb se si ky individ mund t\u00eb ishte zhvilluar gjat\u00eb faz\u00ebs embrionale dhe as nuk mund t\u2019i kishte kap\u00ebrcyer t\u00eb gjitha k\u00ebto patologji\u201d.<\/p>\n<p>Nj\u00eb ekip nga CNIO n\u00eb Madrid publikoi raportin e tyre t\u00eb rastit mbi personin t\u00eb m\u00ebrkur\u00ebn.<\/p>\n<p>Shkenc\u00ebtar\u00ebt zbuluan se gruaja kishte m\u00eb shum\u00eb gjasa t\u00eb zhvillonte tumore dhe kancere p\u00ebr shkak t\u00eb mutacioneve n\u00eb gjenin MAD1L1. Gjendja e saj \u00ebsht\u00eb aq e rrall\u00eb sa nuk ka nj\u00eb em\u00ebr.<\/p>\n<p>Personi gjithashtu ka njolla n\u00eb l\u00ebkur\u00eb, mikrocefali, nj\u00eb gjendje ku koka e foshnj\u00ebs \u00ebsht\u00eb shum\u00eb m\u00eb e vog\u00ebl se sa pritej dhe kushte t\u00eb tjera fizike.<\/p>\n<p>Kur pacienti vizitoi p\u00ebr her\u00eb t\u00eb par\u00eb Nj\u00ebsin\u00eb Klinike t\u00eb Kancerit Familjar t\u00eb CNIO, u mor nj\u00eb most\u00ebr gjaku p\u00ebr t\u00eb renditur gjenet m\u00eb t\u00eb shpeshta t\u00eb p\u00ebrfshira n\u00eb kancerin e trash\u00ebguar, por nuk u zbulua asnj\u00eb ndryshim n\u00eb to.<\/p>\n<p><img loading=\"lazy\" decoding=\"async\" src=\"https:\/\/permbledhja.com\/wp-content\/uploads\/2022\/11\/mnmnmn.png\" alt=\"\" width=\"836\" height=\"501\" class=\"alignnone size-full wp-image-9496\" srcset=\"https:\/\/permbledhja.com\/wp-content\/uploads\/2022\/11\/mnmnmn.png 836w, https:\/\/permbledhja.com\/wp-content\/uploads\/2022\/11\/mnmnmn-300x180.png 300w, https:\/\/permbledhja.com\/wp-content\/uploads\/2022\/11\/mnmnmn-768x460.png 768w, https:\/\/permbledhja.com\/wp-content\/uploads\/2022\/11\/mnmnmn-18x12.png 18w\" sizes=\"(max-width: 836px) 100vw, 836px\" \/><\/p>\n<p>Studiuesit m\u00eb pas analizuan t\u00eb gjith\u00eb gjenomin e femr\u00ebs dhe gjet\u00ebn mutacione n\u00eb nj\u00eb gjen t\u00eb quajtur MAD1L1.<\/p>\n<p>Ky gjen \u00ebsht\u00eb thelb\u00ebsor n\u00eb procesin e ndarjes dhe proliferimit t\u00eb qelizave.<\/p>\n<p>Studiuesit analizuan efektin e mutacioneve dhe arrit\u00ebn n\u00eb p\u00ebrfundimin se ato shkaktojn\u00eb ndryshime n\u00eb numrin e kromozomeve n\u00eb qeliza. T\u00eb gjitha qelizat n\u00eb trupin e njeriut kan\u00eb 23 pal\u00eb kromozome.<\/p>\n<p>Modelet e kafsh\u00ebve kan\u00eb sugjeruar q\u00eb kur ka mutacione n\u00eb t\u00eb dyja kopjet e k\u00ebtij, gjeni secila vjen nga nj\u00eb prind, embrioni vdes.<\/p>\n<p>P\u00ebr habin\u00eb e studiuesve, personi n\u00eb k\u00ebt\u00eb rast ka mutacione n\u00eb t\u00eb dyja kopjet, por ka mbijetuar, duke b\u00ebr\u00eb nj\u00eb jet\u00eb normale si\u00e7 mund t\u00eb pritet nga dikush q\u00eb vuan nga sh\u00ebndeti i keq.<\/p>\n<p>Sipas Miguel Urioste, bashk\u00ebautori i studimit, i cili drejtoi Nj\u00ebsin\u00eb Klinike t\u00eb Kancerit Familjar t\u00eb CNIO deri n\u00eb pensionimin e tij n\u00eb janar t\u00eb k\u00ebtij viti, tha se asnj\u00eb rast tjet\u00ebr si ky nuk \u00ebsht\u00eb p\u00ebrshkruar ndonj\u00ebher\u00eb.<\/p>\n<p>Ai tha: \u201cAkademikisht nuk mund t\u00eb flasim p\u00ebr nj\u00eb sindrom\u00eb t\u00eb re sepse \u00ebsht\u00eb p\u00ebrshkrim i nj\u00eb rasti t\u00eb vet\u00ebm, por biologjikisht \u00ebsht\u00eb\u201d.<\/p>\n<p>Nd\u00ebrsa gjenet e tjera, mutacionet e t\u00eb cil\u00ebve ndryshojn\u00eb numrin e kromozomeve n\u00eb qeliza jan\u00eb t\u00eb njohura, studiuesit thon\u00eb se ky rast \u00ebsht\u00eb i ndrysh\u00ebm p\u00ebr shkak t\u00eb agresivitetit, p\u00ebrqindjes s\u00eb devijimeve q\u00eb prodhon dhe ndjeshm\u00ebris\u00eb ekstreme ndaj nj\u00eb numri t\u00eb madh t\u00eb tumoreve t\u00eb ndrysh\u00ebm.<\/p>\n<p>Ekipi i k\u00ebrkimit ishte i intriguar nga fakti se pes\u00eb kanceret agresive t\u00eb zhvilluara nga pacienti u zhduk\u00ebn relativisht leht\u00eb.<\/p>\n<p>Hipoteza e tyre \u00ebsht\u00eb se \u201cprodhimi i vazhduesh\u00ebm i qelizave t\u00eb ndryshuara ka gjeneruar nj\u00eb p\u00ebrgjigje kronike mbrojt\u00ebse te pacienti kund\u00ebr k\u00ebtyre qelizave, dhe kjo ndihmon q\u00eb tumoret t\u00eb zhduken\u201d.<\/p>\n<p>\u201cNe mendojm\u00eb se rritja e p\u00ebrgjigjes imune t\u00eb pacient\u00ebve t\u00eb tjer\u00eb do t\u2019i ndihmonte ata t\u00eb ndalonin zhvillimin e tumorit\u201d, shpjegoi Dr. Malumbres.<\/p>\n<p>Studiuesit thon\u00eb se nj\u00eb nga aspektet m\u00eb t\u00eb r\u00ebnd\u00ebsishme t\u00eb studimit \u00ebsht\u00eb zbulimi se sistemi imunitar \u00ebsht\u00eb i aft\u00eb t\u00eb l\u00ebshoj\u00eb nj\u00eb p\u00ebrgjigje mbrojt\u00ebse kund\u00ebr qelizave me numrin e gabuar t\u00eb kromozomeve.<\/p>\n<p>Gjetjet mund t\u00eb hapin opsione t\u00eb reja terapeutike n\u00eb t\u00eb ardhmen, sugjerojn\u00eb ata.<\/p>\n<p>Studimi \u00ebsht\u00eb publikuar n\u00eb revist\u00ebn Science Advances, shkruan DailyMail, transmeton Klankosova.tv.<\/p>\n","protected":false},"excerpt":{"rendered":"<p>Nj\u00eb grua q\u00eb i ka mbijetuar disa tumoreve t\u00eb ndryshme mund t\u00eb jet\u00eb sekreti i sh\u00ebrimit t\u00eb kancerit, thon\u00eb shkenc\u00ebtar\u00ebt. Pacientja e paidentifikuar, 36-vje\u00e7are, u diagnostikua me mas\u00ebn e par\u00eb kur ishte e vog\u00ebl dhe nj\u00eb rritje e re \u00ebsht\u00eb formuar \u00e7do dy vjet n\u00eb pjes\u00eb t\u00eb ndryshme t\u00eb trupit t\u00eb saj q\u00eb at\u00ebher\u00eb. Nga [&hellip;]<\/p>\n","protected":false},"author":1,"featured_media":9494,"comment_status":"closed","ping_status":"closed","sticky":false,"template":"","format":"standard","meta":{"_monsterinsights_skip_tracking":false,"_monsterinsights_sitenote_active":false,"_monsterinsights_sitenote_note":"","_monsterinsights_sitenote_category":0,"_uf_show_specific_survey":0,"_uf_disable_surveys":false,"footnotes":""},"categories":[23,15],"tags":[1079],"yoast_head":"<!-- This site is optimized with the Yoast SEO plugin v21.5 - https:\/\/yoast.com\/wordpress\/plugins\/seo\/ -->\n<title>36-vje\u00e7arja q\u00eb u ka mbijetuar 12 tumoreve mund t\u00eb jet\u00eb \u00e7el\u00ebsi p\u00ebr sh\u00ebrimin e kancerit<\/title>\n<meta name=\"robots\" content=\"index, follow, max-snippet:-1, max-image-preview:large, max-video-preview:-1\" \/>\n<link rel=\"canonical\" href=\"https:\/\/permbledhja.com\/sq\/36-vjecarja-qe-u-ka-mbijetuar-12-tumoreve-mund-te-jete-celesi-per-sherimin-e-kancerit\/\" \/>\n<meta property=\"og:locale\" content=\"sq_AL\" \/>\n<meta property=\"og:type\" content=\"article\" \/>\n<meta property=\"og:title\" content=\"36-vje\u00e7arja q\u00eb u ka mbijetuar 12 tumoreve mund t\u00eb jet\u00eb \u00e7el\u00ebsi p\u00ebr sh\u00ebrimin e kancerit\" \/>\n<meta property=\"og:description\" content=\"Nj\u00eb grua q\u00eb i ka mbijetuar disa tumoreve t\u00eb ndryshme mund t\u00eb jet\u00eb sekreti i sh\u00ebrimit t\u00eb kancerit, thon\u00eb shkenc\u00ebtar\u00ebt. Pacientja e paidentifikuar, 36-vje\u00e7are, u diagnostikua me mas\u00ebn e par\u00eb kur ishte e vog\u00ebl dhe nj\u00eb rritje e re \u00ebsht\u00eb formuar \u00e7do dy vjet n\u00eb pjes\u00eb t\u00eb ndryshme t\u00eb trupit t\u00eb saj q\u00eb at\u00ebher\u00eb. Nga [&hellip;]\" \/>\n<meta property=\"og:url\" content=\"https:\/\/permbledhja.com\/sq\/36-vjecarja-qe-u-ka-mbijetuar-12-tumoreve-mund-te-jete-celesi-per-sherimin-e-kancerit\/\" \/>\n<meta property=\"og:site_name\" content=\"Ve\u00e7 artikuj p\u00ebrmbledh\u00ebs\" \/>\n<meta property=\"article:publisher\" content=\"https:\/\/www.facebook.com\/press07\/\" \/>\n<meta property=\"article:author\" content=\"https:\/\/www.facebook.com\/kafexhiu.muharrem\/\" \/>\n<meta property=\"article:published_time\" content=\"2022-11-04T11:06:05+00:00\" \/>\n<meta property=\"og:image\" content=\"https:\/\/permbledhja.com\/wp-content\/uploads\/2022\/11\/spital.jpg\" \/>\n\t<meta property=\"og:image:width\" content=\"617\" \/>\n\t<meta property=\"og:image:height\" content=\"315\" \/>\n\t<meta property=\"og:image:type\" content=\"image\/jpeg\" \/>\n<meta name=\"author\" content=\"P\u00ebrmbledhja\" \/>\n<meta name=\"twitter:card\" content=\"summary_large_image\" \/>\n<meta name=\"twitter:label1\" content=\"Written by\" \/>\n\t<meta name=\"twitter:data1\" content=\"P\u00ebrmbledhja\" \/>\n\t<meta name=\"twitter:label2\" content=\"Est. reading time\" \/>\n\t<meta name=\"twitter:data2\" content=\"4 minuta\" \/>\n<script type=\"application\/ld+json\" class=\"yoast-schema-graph\">{\"@context\":\"https:\/\/schema.org\",\"@graph\":[{\"@type\":\"Article\",\"@id\":\"https:\/\/permbledhja.com\/36-vjecarja-qe-u-ka-mbijetuar-12-tumoreve-mund-te-jete-celesi-per-sherimin-e-kancerit\/#article\",\"isPartOf\":{\"@id\":\"https:\/\/permbledhja.com\/36-vjecarja-qe-u-ka-mbijetuar-12-tumoreve-mund-te-jete-celesi-per-sherimin-e-kancerit\/\"},\"author\":{\"name\":\"P\u00ebrmbledhja\",\"@id\":\"https:\/\/permbledhja.com\/#\/schema\/person\/0d064377258d3221e50693947b9eb4fe\"},\"headline\":\"36-vje\u00e7arja q\u00eb u ka mbijetuar 12 tumoreve mund t\u00eb jet\u00eb \u00e7el\u00ebsi p\u00ebr sh\u00ebrimin e kancerit\",\"datePublished\":\"2022-11-04T11:06:05+00:00\",\"dateModified\":\"2022-11-04T11:06:05+00:00\",\"mainEntityOfPage\":{\"@id\":\"https:\/\/permbledhja.com\/36-vjecarja-qe-u-ka-mbijetuar-12-tumoreve-mund-te-jete-celesi-per-sherimin-e-kancerit\/\"},\"wordCount\":867,\"publisher\":{\"@id\":\"https:\/\/permbledhja.com\/#organization\"},\"keywords\":[\"36-vje\u00e7arja\"],\"articleSection\":[\"Komb\u00ebtare\",\"Lajme\"],\"inLanguage\":\"sq\"},{\"@type\":\"WebPage\",\"@id\":\"https:\/\/permbledhja.com\/36-vjecarja-qe-u-ka-mbijetuar-12-tumoreve-mund-te-jete-celesi-per-sherimin-e-kancerit\/\",\"url\":\"https:\/\/permbledhja.com\/36-vjecarja-qe-u-ka-mbijetuar-12-tumoreve-mund-te-jete-celesi-per-sherimin-e-kancerit\/\",\"name\":\"36-vje\u00e7arja q\u00eb u ka mbijetuar 12 tumoreve mund t\u00eb jet\u00eb \u00e7el\u00ebsi p\u00ebr sh\u00ebrimin e kancerit\",\"isPartOf\":{\"@id\":\"https:\/\/permbledhja.com\/#website\"},\"datePublished\":\"2022-11-04T11:06:05+00:00\",\"dateModified\":\"2022-11-04T11:06:05+00:00\",\"breadcrumb\":{\"@id\":\"https:\/\/permbledhja.com\/36-vjecarja-qe-u-ka-mbijetuar-12-tumoreve-mund-te-jete-celesi-per-sherimin-e-kancerit\/#breadcrumb\"},\"inLanguage\":\"sq\",\"potentialAction\":[{\"@type\":\"ReadAction\",\"target\":[\"https:\/\/permbledhja.com\/36-vjecarja-qe-u-ka-mbijetuar-12-tumoreve-mund-te-jete-celesi-per-sherimin-e-kancerit\/\"]}]},{\"@type\":\"BreadcrumbList\",\"@id\":\"https:\/\/permbledhja.com\/36-vjecarja-qe-u-ka-mbijetuar-12-tumoreve-mund-te-jete-celesi-per-sherimin-e-kancerit\/#breadcrumb\",\"itemListElement\":[{\"@type\":\"ListItem\",\"position\":1,\"name\":\"Ballina\",\"item\":\"https:\/\/permbledhja.com\/sq\/\"},{\"@type\":\"ListItem\",\"position\":2,\"name\":\"36-vje\u00e7arja q\u00eb u ka mbijetuar 12 tumoreve mund t\u00eb jet\u00eb \u00e7el\u00ebsi p\u00ebr sh\u00ebrimin e kancerit\"}]},{\"@type\":\"WebSite\",\"@id\":\"https:\/\/permbledhja.com\/#website\",\"url\":\"https:\/\/permbledhja.com\/\",\"name\":\"Ve\u00e7 artikuj p\u00ebrmbledh\u00ebs\",\"description\":\"\",\"publisher\":{\"@id\":\"https:\/\/permbledhja.com\/#organization\"},\"potentialAction\":[{\"@type\":\"SearchAction\",\"target\":{\"@type\":\"EntryPoint\",\"urlTemplate\":\"https:\/\/permbledhja.com\/?s={search_term_string}\"},\"query-input\":\"required name=search_term_string\"}],\"inLanguage\":\"sq\"},{\"@type\":\"Organization\",\"@id\":\"https:\/\/permbledhja.com\/#organization\",\"name\":\"MK Media & Pr\",\"url\":\"https:\/\/permbledhja.com\/\",\"logo\":{\"@type\":\"ImageObject\",\"inLanguage\":\"sq\",\"@id\":\"https:\/\/permbledhja.com\/#\/schema\/logo\/image\/\",\"url\":\"https:\/\/permbledhja.com\/wp-content\/uploads\/2021\/12\/07-Press-Logo.jpg\",\"contentUrl\":\"https:\/\/permbledhja.com\/wp-content\/uploads\/2021\/12\/07-Press-Logo.jpg\",\"width\":512,\"height\":512,\"caption\":\"MK Media & Pr\"},\"image\":{\"@id\":\"https:\/\/permbledhja.com\/#\/schema\/logo\/image\/\"},\"sameAs\":[\"https:\/\/www.facebook.com\/press07\/\"]},{\"@type\":\"Person\",\"@id\":\"https:\/\/permbledhja.com\/#\/schema\/person\/0d064377258d3221e50693947b9eb4fe\",\"name\":\"P\u00ebrmbledhja\",\"image\":{\"@type\":\"ImageObject\",\"inLanguage\":\"sq\",\"@id\":\"https:\/\/permbledhja.com\/#\/schema\/person\/image\/\",\"url\":\"https:\/\/permbledhja.com\/wp-content\/uploads\/2026\/01\/452004717_1040944174702970_8932037511805513407_n-96x96.jpg\",\"contentUrl\":\"https:\/\/permbledhja.com\/wp-content\/uploads\/2026\/01\/452004717_1040944174702970_8932037511805513407_n-96x96.jpg\",\"caption\":\"P\u00ebrmbledhja\"},\"sameAs\":[\"https:\/\/www.facebook.com\/kafexhiu.muharrem\/\",\"https:\/\/www.instagram.com\/muharrem_kafexhiu\/\"],\"url\":\"https:\/\/permbledhja.com\/sq\/author\/admin\/\"}]}<\/script>\n<!-- \/ Yoast SEO plugin. -->","yoast_head_json":{"title":"36-vje\u00e7arja q\u00eb u ka mbijetuar 12 tumoreve mund t\u00eb jet\u00eb \u00e7el\u00ebsi p\u00ebr sh\u00ebrimin e kancerit","robots":{"index":"index","follow":"follow","max-snippet":"max-snippet:-1","max-image-preview":"max-image-preview:large","max-video-preview":"max-video-preview:-1"},"canonical":"https:\/\/permbledhja.com\/sq\/36-vjecarja-qe-u-ka-mbijetuar-12-tumoreve-mund-te-jete-celesi-per-sherimin-e-kancerit\/","og_locale":"sq_AL","og_type":"article","og_title":"36-vje\u00e7arja q\u00eb u ka mbijetuar 12 tumoreve mund t\u00eb jet\u00eb \u00e7el\u00ebsi p\u00ebr sh\u00ebrimin e kancerit","og_description":"Nj\u00eb grua q\u00eb i ka mbijetuar disa tumoreve t\u00eb ndryshme mund t\u00eb jet\u00eb sekreti i sh\u00ebrimit t\u00eb kancerit, thon\u00eb shkenc\u00ebtar\u00ebt. Pacientja e paidentifikuar, 36-vje\u00e7are, u diagnostikua me mas\u00ebn e par\u00eb kur ishte e vog\u00ebl dhe nj\u00eb rritje e re \u00ebsht\u00eb formuar \u00e7do dy vjet n\u00eb pjes\u00eb t\u00eb ndryshme t\u00eb trupit t\u00eb saj q\u00eb at\u00ebher\u00eb. Nga [&hellip;]","og_url":"https:\/\/permbledhja.com\/sq\/36-vjecarja-qe-u-ka-mbijetuar-12-tumoreve-mund-te-jete-celesi-per-sherimin-e-kancerit\/","og_site_name":"Ve\u00e7 artikuj p\u00ebrmbledh\u00ebs","article_publisher":"https:\/\/www.facebook.com\/press07\/","article_author":"https:\/\/www.facebook.com\/kafexhiu.muharrem\/","article_published_time":"2022-11-04T11:06:05+00:00","og_image":[{"width":617,"height":315,"url":"https:\/\/permbledhja.com\/wp-content\/uploads\/2022\/11\/spital.jpg","type":"image\/jpeg"}],"author":"P\u00ebrmbledhja","twitter_card":"summary_large_image","twitter_misc":{"Written by":"P\u00ebrmbledhja","Est. reading time":"4 minuta"},"schema":{"@context":"https:\/\/schema.org","@graph":[{"@type":"Article","@id":"https:\/\/permbledhja.com\/36-vjecarja-qe-u-ka-mbijetuar-12-tumoreve-mund-te-jete-celesi-per-sherimin-e-kancerit\/#article","isPartOf":{"@id":"https:\/\/permbledhja.com\/36-vjecarja-qe-u-ka-mbijetuar-12-tumoreve-mund-te-jete-celesi-per-sherimin-e-kancerit\/"},"author":{"name":"P\u00ebrmbledhja","@id":"https:\/\/permbledhja.com\/#\/schema\/person\/0d064377258d3221e50693947b9eb4fe"},"headline":"36-vje\u00e7arja q\u00eb u ka mbijetuar 12 tumoreve mund t\u00eb jet\u00eb \u00e7el\u00ebsi p\u00ebr sh\u00ebrimin e kancerit","datePublished":"2022-11-04T11:06:05+00:00","dateModified":"2022-11-04T11:06:05+00:00","mainEntityOfPage":{"@id":"https:\/\/permbledhja.com\/36-vjecarja-qe-u-ka-mbijetuar-12-tumoreve-mund-te-jete-celesi-per-sherimin-e-kancerit\/"},"wordCount":867,"publisher":{"@id":"https:\/\/permbledhja.com\/#organization"},"keywords":["36-vje\u00e7arja"],"articleSection":["Komb\u00ebtare","Lajme"],"inLanguage":"sq"},{"@type":"WebPage","@id":"https:\/\/permbledhja.com\/36-vjecarja-qe-u-ka-mbijetuar-12-tumoreve-mund-te-jete-celesi-per-sherimin-e-kancerit\/","url":"https:\/\/permbledhja.com\/36-vjecarja-qe-u-ka-mbijetuar-12-tumoreve-mund-te-jete-celesi-per-sherimin-e-kancerit\/","name":"36-vje\u00e7arja q\u00eb u ka mbijetuar 12 tumoreve mund t\u00eb jet\u00eb \u00e7el\u00ebsi p\u00ebr sh\u00ebrimin e kancerit","isPartOf":{"@id":"https:\/\/permbledhja.com\/#website"},"datePublished":"2022-11-04T11:06:05+00:00","dateModified":"2022-11-04T11:06:05+00:00","breadcrumb":{"@id":"https:\/\/permbledhja.com\/36-vjecarja-qe-u-ka-mbijetuar-12-tumoreve-mund-te-jete-celesi-per-sherimin-e-kancerit\/#breadcrumb"},"inLanguage":"sq","potentialAction":[{"@type":"ReadAction","target":["https:\/\/permbledhja.com\/36-vjecarja-qe-u-ka-mbijetuar-12-tumoreve-mund-te-jete-celesi-per-sherimin-e-kancerit\/"]}]},{"@type":"BreadcrumbList","@id":"https:\/\/permbledhja.com\/36-vjecarja-qe-u-ka-mbijetuar-12-tumoreve-mund-te-jete-celesi-per-sherimin-e-kancerit\/#breadcrumb","itemListElement":[{"@type":"ListItem","position":1,"name":"Ballina","item":"https:\/\/permbledhja.com\/sq\/"},{"@type":"ListItem","position":2,"name":"36-vje\u00e7arja q\u00eb u ka mbijetuar 12 tumoreve mund t\u00eb jet\u00eb \u00e7el\u00ebsi p\u00ebr sh\u00ebrimin e kancerit"}]},{"@type":"WebSite","@id":"https:\/\/permbledhja.com\/#website","url":"https:\/\/permbledhja.com\/","name":"Ve\u00e7 artikuj p\u00ebrmbledh\u00ebs","description":"","publisher":{"@id":"https:\/\/permbledhja.com\/#organization"},"potentialAction":[{"@type":"SearchAction","target":{"@type":"EntryPoint","urlTemplate":"https:\/\/permbledhja.com\/?s={search_term_string}"},"query-input":"required name=search_term_string"}],"inLanguage":"sq"},{"@type":"Organization","@id":"https:\/\/permbledhja.com\/#organization","name":"MK Media & Pr","url":"https:\/\/permbledhja.com\/","logo":{"@type":"ImageObject","inLanguage":"sq","@id":"https:\/\/permbledhja.com\/#\/schema\/logo\/image\/","url":"https:\/\/permbledhja.com\/wp-content\/uploads\/2021\/12\/07-Press-Logo.jpg","contentUrl":"https:\/\/permbledhja.com\/wp-content\/uploads\/2021\/12\/07-Press-Logo.jpg","width":512,"height":512,"caption":"MK Media & Pr"},"image":{"@id":"https:\/\/permbledhja.com\/#\/schema\/logo\/image\/"},"sameAs":["https:\/\/www.facebook.com\/press07\/"]},{"@type":"Person","@id":"https:\/\/permbledhja.com\/#\/schema\/person\/0d064377258d3221e50693947b9eb4fe","name":"P\u00ebrmbledhja","image":{"@type":"ImageObject","inLanguage":"sq","@id":"https:\/\/permbledhja.com\/#\/schema\/person\/image\/","url":"https:\/\/permbledhja.com\/wp-content\/uploads\/2026\/01\/452004717_1040944174702970_8932037511805513407_n-96x96.jpg","contentUrl":"https:\/\/permbledhja.com\/wp-content\/uploads\/2026\/01\/452004717_1040944174702970_8932037511805513407_n-96x96.jpg","caption":"P\u00ebrmbledhja"},"sameAs":["https:\/\/www.facebook.com\/kafexhiu.muharrem\/","https:\/\/www.instagram.com\/muharrem_kafexhiu\/"],"url":"https:\/\/permbledhja.com\/sq\/author\/admin\/"}]}},"_links":{"self":[{"href":"https:\/\/permbledhja.com\/sq\/wp-json\/wp\/v2\/posts\/9493"}],"collection":[{"href":"https:\/\/permbledhja.com\/sq\/wp-json\/wp\/v2\/posts"}],"about":[{"href":"https:\/\/permbledhja.com\/sq\/wp-json\/wp\/v2\/types\/post"}],"author":[{"embeddable":true,"href":"https:\/\/permbledhja.com\/sq\/wp-json\/wp\/v2\/users\/1"}],"replies":[{"embeddable":true,"href":"https:\/\/permbledhja.com\/sq\/wp-json\/wp\/v2\/comments?post=9493"}],"version-history":[{"count":1,"href":"https:\/\/permbledhja.com\/sq\/wp-json\/wp\/v2\/posts\/9493\/revisions"}],"predecessor-version":[{"id":9497,"href":"https:\/\/permbledhja.com\/sq\/wp-json\/wp\/v2\/posts\/9493\/revisions\/9497"}],"wp:featuredmedia":[{"embeddable":true,"href":"https:\/\/permbledhja.com\/sq\/wp-json\/wp\/v2\/media\/9494"}],"wp:attachment":[{"href":"https:\/\/permbledhja.com\/sq\/wp-json\/wp\/v2\/media?parent=9493"}],"wp:term":[{"taxonomy":"category","embeddable":true,"href":"https:\/\/permbledhja.com\/sq\/wp-json\/wp\/v2\/categories?post=9493"},{"taxonomy":"post_tag","embeddable":true,"href":"https:\/\/permbledhja.com\/sq\/wp-json\/wp\/v2\/tags?post=9493"}],"curies":[{"name":"wp","href":"https:\/\/api.w.org\/{rel}","templated":true}]}}