{"id":9199,"date":"2022-11-01T20:14:20","date_gmt":"2022-11-01T20:14:20","guid":{"rendered":"https:\/\/permbledhja.com\/?p=9199"},"modified":"2022-11-01T20:14:20","modified_gmt":"2022-11-01T20:14:20","slug":"mobilizimi-i-ushtrise-serbe-kfor-nderhyjme-nese-rrezikohet-stabiliteti","status":"publish","type":"post","link":"https:\/\/permbledhja.com\/sq\/mobilizimi-i-ushtrise-serbe-kfor-nderhyjme-nese-rrezikohet-stabiliteti\/","title":{"rendered":"\u201cMobilizimi i ushtris\u00eb serbe\u201d, KFOR: Nd\u00ebrhyjm\u00eb n\u00ebse rrezikohet stabiliteti"},"content":{"rendered":"<p>Ministri i Mbrojtjes s\u00eb Serbis\u00eb, Millosh Vu\u00e7eviq, sot ka deklaruar se me urdh\u00ebr t\u00eb presidentit serb, Aleksandar Vu\u00e7iq, ushtria serbe \u00ebsht\u00eb n\u00eb gjendje gatishm\u00ebrie p\u00ebr shkak t\u00eb situat\u00ebs n\u00eb Kosov\u00eb.<\/p>\n<p>E n\u00eb lidhje me k\u00ebt\u00eb \u00e7\u00ebshtje, KFOR-i ka b\u00ebr\u00eb t\u00eb ditur se \u00ebsht\u00eb duke monitoruar situat\u00ebn n\u00eb veri t\u00eb Kosov\u00ebs pas vendimit t\u00eb Qeveris\u00eb s\u00eb Kosov\u00ebs p\u00ebr targat ilegale nga Serbia.<\/p>\n<p>N\u00eb nj\u00eb p\u00ebrgjigje p\u00ebr lajmi.net, KFOR ka deklaruar se \u00ebsht\u00eb n\u00eb kontakt t\u00eb vazhduesh\u00ebm me p\u00ebrfaq\u00ebsuesit e institucioneve n\u00eb Kosov\u00eb, organizatave t\u00eb Siguris\u00eb s\u00eb Kosov\u00ebs dhe t\u00eb Shtabit t\u00eb P\u00ebrgjithsh\u00ebm t\u00eb Forcave t\u00eb Armatosura t\u00eb Serbis\u00eb.<\/p>\n<p>\u201cKFOR-i vazhdon t\u00eb kryej\u00eb \u00e7do dit\u00eb misionin e tij, bazuar n\u00eb Rezolut\u00ebn 1244 t\u00eb vitit 1999 t\u00eb K\u00ebshillit t\u00eb Sigurimit t\u00eb Kombeve t\u00eb Bashkuara, p\u00ebr t\u00eb siguruar nj\u00eb mjedis t\u00eb sigurt dhe lirin\u00eb e l\u00ebvizjes p\u00ebr t\u00eb gjitha komunitetet q\u00eb jetojn\u00eb n\u00eb Kosov\u00eb\u201d, thuhet n\u00eb p\u00ebrgjigje.<\/p>\n<p>Tutje, KFOR ka b\u00ebr\u00eb t\u00eb ditur se jan\u00eb t\u00eb p\u00ebrgatitur p\u00ebr t\u00eb nd\u00ebrhyr\u00eb n\u00eb rast se rrezikohet stabiliteti n\u00eb vend.<\/p>\n<p>\u201cTrupat e KFOR-it po monitorojn\u00eb nga af\u00ebr situat\u00ebn n\u00eb terren dhe jan\u00eb plot\u00ebsisht t\u00eb p\u00ebrgatitur p\u00ebr t\u00eb nd\u00ebrhyr\u00eb n\u00ebse rrezikohet stabiliteti, siguria dhe liria e l\u00ebvizjes. N\u00eb p\u00ebrgjith\u00ebsi, situata \u00ebsht\u00eb stabile dhe nuk ka pasur ndonj\u00eb ndryshim n\u00eb q\u00ebndrimin e forcave t\u00eb misionit t\u00eb KFOR-it t\u00eb udh\u00ebhequr nga NATO\u201d, kan\u00eb deklaruar nga KFOR-i p\u00ebr lajmi.net.<\/p>\n<p>N\u00eb fund, KFOR ka deklaruar se pal\u00ebt duhet t\u00eb shmangin veprimet dhe iniciativat e nj\u00ebanshme q\u00eb mund t\u00eb \u00e7ojn\u00eb n\u00eb p\u00ebrshkall\u00ebzim ose dhun\u00eb t\u00eb panevojshme.<\/p>\n<p>Kujtojm\u00eb se nd\u00ebrkomb\u00ebtar\u00ebt kishin k\u00ebrkuar nga Qeveria e Kosov\u00ebs q\u00eb afati p\u00ebr z\u00ebvend\u00ebsimin e targave ilegale n\u00eb Kosov\u00eb t\u00eb shtyhet p\u00ebr 12 muaj, por q\u00eb nga Qeveria kan\u00eb vendosur masa t\u00eb reja rreth targave.<\/p>\n<p>Sipas vendimit t\u00eb ri, duke nisur nga 1 n\u00ebntori deri m\u00eb 21 n\u00ebntor do t\u00eb ket\u00eb masa t\u00eb qortimit, nd\u00ebrsa nga 21 n\u00ebntori deri m\u00eb 21 janar do t\u00eb ket\u00eb masa t\u00eb gjobitjes. Nga ajo dat\u00eb, parashihet t\u00eb ket\u00eb targa provuese deri m\u00eb 21 prill, prej kur m\u00eb nuk do t\u00eb ket\u00eb targa ilegale fare n\u00eb qarkullim.<\/p>\n","protected":false},"excerpt":{"rendered":"<p>Ministri i Mbrojtjes s\u00eb Serbis\u00eb, Millosh Vu\u00e7eviq, sot ka deklaruar se me urdh\u00ebr t\u00eb presidentit serb, Aleksandar Vu\u00e7iq, ushtria serbe \u00ebsht\u00eb n\u00eb gjendje gatishm\u00ebrie p\u00ebr shkak t\u00eb situat\u00ebs n\u00eb Kosov\u00eb. E n\u00eb lidhje me k\u00ebt\u00eb \u00e7\u00ebshtje, KFOR-i ka b\u00ebr\u00eb t\u00eb ditur se \u00ebsht\u00eb duke monitoruar situat\u00ebn n\u00eb veri t\u00eb Kosov\u00ebs pas vendimit t\u00eb Qeveris\u00eb s\u00eb [&hellip;]<\/p>\n","protected":false},"author":1,"featured_media":3530,"comment_status":"closed","ping_status":"closed","sticky":false,"template":"","format":"standard","meta":{"_monsterinsights_skip_tracking":false,"_monsterinsights_sitenote_active":false,"_monsterinsights_sitenote_note":"","_monsterinsights_sitenote_category":0,"_uf_show_specific_survey":0,"_uf_disable_surveys":false,"footnotes":""},"categories":[23,15],"tags":[],"yoast_head":"<!-- This site is optimized with the Yoast SEO plugin v21.5 - https:\/\/yoast.com\/wordpress\/plugins\/seo\/ -->\n<title>\u201cMobilizimi i ushtris\u00eb serbe\u201d, KFOR: Nd\u00ebrhyjm\u00eb n\u00ebse rrezikohet stabiliteti<\/title>\n<meta name=\"robots\" content=\"index, follow, max-snippet:-1, max-image-preview:large, max-video-preview:-1\" \/>\n<link rel=\"canonical\" href=\"https:\/\/permbledhja.com\/sq\/mobilizimi-i-ushtrise-serbe-kfor-nderhyjme-nese-rrezikohet-stabiliteti\/\" \/>\n<meta property=\"og:locale\" content=\"sq_AL\" \/>\n<meta property=\"og:type\" content=\"article\" \/>\n<meta property=\"og:title\" content=\"\u201cMobilizimi i ushtris\u00eb serbe\u201d, KFOR: Nd\u00ebrhyjm\u00eb n\u00ebse rrezikohet stabiliteti\" \/>\n<meta property=\"og:description\" content=\"Ministri i Mbrojtjes s\u00eb Serbis\u00eb, Millosh Vu\u00e7eviq, sot ka deklaruar se me urdh\u00ebr t\u00eb presidentit serb, Aleksandar Vu\u00e7iq, ushtria serbe \u00ebsht\u00eb n\u00eb gjendje gatishm\u00ebrie p\u00ebr shkak t\u00eb situat\u00ebs n\u00eb Kosov\u00eb. E n\u00eb lidhje me k\u00ebt\u00eb \u00e7\u00ebshtje, KFOR-i ka b\u00ebr\u00eb t\u00eb ditur se \u00ebsht\u00eb duke monitoruar situat\u00ebn n\u00eb veri t\u00eb Kosov\u00ebs pas vendimit t\u00eb Qeveris\u00eb s\u00eb [&hellip;]\" \/>\n<meta property=\"og:url\" content=\"https:\/\/permbledhja.com\/sq\/mobilizimi-i-ushtrise-serbe-kfor-nderhyjme-nese-rrezikohet-stabiliteti\/\" \/>\n<meta property=\"og:site_name\" content=\"Ve\u00e7 artikuj p\u00ebrmbledh\u00ebs\" \/>\n<meta property=\"article:publisher\" content=\"https:\/\/www.facebook.com\/press07\/\" \/>\n<meta property=\"article:author\" content=\"https:\/\/www.facebook.com\/kafexhiu.muharrem\/\" \/>\n<meta property=\"article:published_time\" content=\"2022-11-01T20:14:20+00:00\" \/>\n<meta property=\"og:image\" content=\"https:\/\/permbledhja.com\/wp-content\/uploads\/2022\/08\/kfor-kosovo-07-600x360-1.jpg\" \/>\n\t<meta property=\"og:image:width\" content=\"600\" \/>\n\t<meta property=\"og:image:height\" content=\"360\" \/>\n\t<meta property=\"og:image:type\" content=\"image\/jpeg\" \/>\n<meta name=\"author\" content=\"P\u00ebrmbledhja\" \/>\n<meta name=\"twitter:card\" content=\"summary_large_image\" \/>\n<meta name=\"twitter:label1\" content=\"Written by\" \/>\n\t<meta name=\"twitter:data1\" content=\"P\u00ebrmbledhja\" \/>\n\t<meta name=\"twitter:label2\" content=\"Est. reading time\" \/>\n\t<meta name=\"twitter:data2\" content=\"2 minuta\" \/>\n<script type=\"application\/ld+json\" class=\"yoast-schema-graph\">{\"@context\":\"https:\/\/schema.org\",\"@graph\":[{\"@type\":\"Article\",\"@id\":\"https:\/\/permbledhja.com\/mobilizimi-i-ushtrise-serbe-kfor-nderhyjme-nese-rrezikohet-stabiliteti\/#article\",\"isPartOf\":{\"@id\":\"https:\/\/permbledhja.com\/mobilizimi-i-ushtrise-serbe-kfor-nderhyjme-nese-rrezikohet-stabiliteti\/\"},\"author\":{\"name\":\"P\u00ebrmbledhja\",\"@id\":\"https:\/\/permbledhja.com\/#\/schema\/person\/0d064377258d3221e50693947b9eb4fe\"},\"headline\":\"\u201cMobilizimi i ushtris\u00eb serbe\u201d, KFOR: Nd\u00ebrhyjm\u00eb n\u00ebse rrezikohet stabiliteti\",\"datePublished\":\"2022-11-01T20:14:20+00:00\",\"dateModified\":\"2022-11-01T20:14:20+00:00\",\"mainEntityOfPage\":{\"@id\":\"https:\/\/permbledhja.com\/mobilizimi-i-ushtrise-serbe-kfor-nderhyjme-nese-rrezikohet-stabiliteti\/\"},\"wordCount\":399,\"publisher\":{\"@id\":\"https:\/\/permbledhja.com\/#organization\"},\"articleSection\":[\"Komb\u00ebtare\",\"Lajme\"],\"inLanguage\":\"sq\"},{\"@type\":\"WebPage\",\"@id\":\"https:\/\/permbledhja.com\/mobilizimi-i-ushtrise-serbe-kfor-nderhyjme-nese-rrezikohet-stabiliteti\/\",\"url\":\"https:\/\/permbledhja.com\/mobilizimi-i-ushtrise-serbe-kfor-nderhyjme-nese-rrezikohet-stabiliteti\/\",\"name\":\"\u201cMobilizimi i ushtris\u00eb serbe\u201d, KFOR: Nd\u00ebrhyjm\u00eb n\u00ebse rrezikohet stabiliteti\",\"isPartOf\":{\"@id\":\"https:\/\/permbledhja.com\/#website\"},\"datePublished\":\"2022-11-01T20:14:20+00:00\",\"dateModified\":\"2022-11-01T20:14:20+00:00\",\"breadcrumb\":{\"@id\":\"https:\/\/permbledhja.com\/mobilizimi-i-ushtrise-serbe-kfor-nderhyjme-nese-rrezikohet-stabiliteti\/#breadcrumb\"},\"inLanguage\":\"sq\",\"potentialAction\":[{\"@type\":\"ReadAction\",\"target\":[\"https:\/\/permbledhja.com\/mobilizimi-i-ushtrise-serbe-kfor-nderhyjme-nese-rrezikohet-stabiliteti\/\"]}]},{\"@type\":\"BreadcrumbList\",\"@id\":\"https:\/\/permbledhja.com\/mobilizimi-i-ushtrise-serbe-kfor-nderhyjme-nese-rrezikohet-stabiliteti\/#breadcrumb\",\"itemListElement\":[{\"@type\":\"ListItem\",\"position\":1,\"name\":\"Ballina\",\"item\":\"https:\/\/permbledhja.com\/sq\/\"},{\"@type\":\"ListItem\",\"position\":2,\"name\":\"\u201cMobilizimi i ushtris\u00eb serbe\u201d, KFOR: Nd\u00ebrhyjm\u00eb n\u00ebse rrezikohet stabiliteti\"}]},{\"@type\":\"WebSite\",\"@id\":\"https:\/\/permbledhja.com\/#website\",\"url\":\"https:\/\/permbledhja.com\/\",\"name\":\"Ve\u00e7 artikuj p\u00ebrmbledh\u00ebs\",\"description\":\"\",\"publisher\":{\"@id\":\"https:\/\/permbledhja.com\/#organization\"},\"potentialAction\":[{\"@type\":\"SearchAction\",\"target\":{\"@type\":\"EntryPoint\",\"urlTemplate\":\"https:\/\/permbledhja.com\/?s={search_term_string}\"},\"query-input\":\"required name=search_term_string\"}],\"inLanguage\":\"sq\"},{\"@type\":\"Organization\",\"@id\":\"https:\/\/permbledhja.com\/#organization\",\"name\":\"MK Media & Pr\",\"url\":\"https:\/\/permbledhja.com\/\",\"logo\":{\"@type\":\"ImageObject\",\"inLanguage\":\"sq\",\"@id\":\"https:\/\/permbledhja.com\/#\/schema\/logo\/image\/\",\"url\":\"https:\/\/permbledhja.com\/wp-content\/uploads\/2021\/12\/07-Press-Logo.jpg\",\"contentUrl\":\"https:\/\/permbledhja.com\/wp-content\/uploads\/2021\/12\/07-Press-Logo.jpg\",\"width\":512,\"height\":512,\"caption\":\"MK Media & Pr\"},\"image\":{\"@id\":\"https:\/\/permbledhja.com\/#\/schema\/logo\/image\/\"},\"sameAs\":[\"https:\/\/www.facebook.com\/press07\/\"]},{\"@type\":\"Person\",\"@id\":\"https:\/\/permbledhja.com\/#\/schema\/person\/0d064377258d3221e50693947b9eb4fe\",\"name\":\"P\u00ebrmbledhja\",\"image\":{\"@type\":\"ImageObject\",\"inLanguage\":\"sq\",\"@id\":\"https:\/\/permbledhja.com\/#\/schema\/person\/image\/\",\"url\":\"https:\/\/permbledhja.com\/wp-content\/uploads\/2026\/01\/452004717_1040944174702970_8932037511805513407_n-96x96.jpg\",\"contentUrl\":\"https:\/\/permbledhja.com\/wp-content\/uploads\/2026\/01\/452004717_1040944174702970_8932037511805513407_n-96x96.jpg\",\"caption\":\"P\u00ebrmbledhja\"},\"sameAs\":[\"https:\/\/www.facebook.com\/kafexhiu.muharrem\/\",\"https:\/\/www.instagram.com\/muharrem_kafexhiu\/\"],\"url\":\"https:\/\/permbledhja.com\/sq\/author\/admin\/\"}]}<\/script>\n<!-- \/ Yoast SEO plugin. -->","yoast_head_json":{"title":"\u201cMobilizimi i ushtris\u00eb serbe\u201d, KFOR: Nd\u00ebrhyjm\u00eb n\u00ebse rrezikohet stabiliteti","robots":{"index":"index","follow":"follow","max-snippet":"max-snippet:-1","max-image-preview":"max-image-preview:large","max-video-preview":"max-video-preview:-1"},"canonical":"https:\/\/permbledhja.com\/sq\/mobilizimi-i-ushtrise-serbe-kfor-nderhyjme-nese-rrezikohet-stabiliteti\/","og_locale":"sq_AL","og_type":"article","og_title":"\u201cMobilizimi i ushtris\u00eb serbe\u201d, KFOR: Nd\u00ebrhyjm\u00eb n\u00ebse rrezikohet stabiliteti","og_description":"Ministri i Mbrojtjes s\u00eb Serbis\u00eb, Millosh Vu\u00e7eviq, sot ka deklaruar se me urdh\u00ebr t\u00eb presidentit serb, Aleksandar Vu\u00e7iq, ushtria serbe \u00ebsht\u00eb n\u00eb gjendje gatishm\u00ebrie p\u00ebr shkak t\u00eb situat\u00ebs n\u00eb Kosov\u00eb. E n\u00eb lidhje me k\u00ebt\u00eb \u00e7\u00ebshtje, KFOR-i ka b\u00ebr\u00eb t\u00eb ditur se \u00ebsht\u00eb duke monitoruar situat\u00ebn n\u00eb veri t\u00eb Kosov\u00ebs pas vendimit t\u00eb Qeveris\u00eb s\u00eb [&hellip;]","og_url":"https:\/\/permbledhja.com\/sq\/mobilizimi-i-ushtrise-serbe-kfor-nderhyjme-nese-rrezikohet-stabiliteti\/","og_site_name":"Ve\u00e7 artikuj p\u00ebrmbledh\u00ebs","article_publisher":"https:\/\/www.facebook.com\/press07\/","article_author":"https:\/\/www.facebook.com\/kafexhiu.muharrem\/","article_published_time":"2022-11-01T20:14:20+00:00","og_image":[{"width":600,"height":360,"url":"https:\/\/permbledhja.com\/wp-content\/uploads\/2022\/08\/kfor-kosovo-07-600x360-1.jpg","type":"image\/jpeg"}],"author":"P\u00ebrmbledhja","twitter_card":"summary_large_image","twitter_misc":{"Written by":"P\u00ebrmbledhja","Est. reading time":"2 minuta"},"schema":{"@context":"https:\/\/schema.org","@graph":[{"@type":"Article","@id":"https:\/\/permbledhja.com\/mobilizimi-i-ushtrise-serbe-kfor-nderhyjme-nese-rrezikohet-stabiliteti\/#article","isPartOf":{"@id":"https:\/\/permbledhja.com\/mobilizimi-i-ushtrise-serbe-kfor-nderhyjme-nese-rrezikohet-stabiliteti\/"},"author":{"name":"P\u00ebrmbledhja","@id":"https:\/\/permbledhja.com\/#\/schema\/person\/0d064377258d3221e50693947b9eb4fe"},"headline":"\u201cMobilizimi i ushtris\u00eb serbe\u201d, KFOR: Nd\u00ebrhyjm\u00eb n\u00ebse rrezikohet stabiliteti","datePublished":"2022-11-01T20:14:20+00:00","dateModified":"2022-11-01T20:14:20+00:00","mainEntityOfPage":{"@id":"https:\/\/permbledhja.com\/mobilizimi-i-ushtrise-serbe-kfor-nderhyjme-nese-rrezikohet-stabiliteti\/"},"wordCount":399,"publisher":{"@id":"https:\/\/permbledhja.com\/#organization"},"articleSection":["Komb\u00ebtare","Lajme"],"inLanguage":"sq"},{"@type":"WebPage","@id":"https:\/\/permbledhja.com\/mobilizimi-i-ushtrise-serbe-kfor-nderhyjme-nese-rrezikohet-stabiliteti\/","url":"https:\/\/permbledhja.com\/mobilizimi-i-ushtrise-serbe-kfor-nderhyjme-nese-rrezikohet-stabiliteti\/","name":"\u201cMobilizimi i ushtris\u00eb serbe\u201d, KFOR: Nd\u00ebrhyjm\u00eb n\u00ebse rrezikohet stabiliteti","isPartOf":{"@id":"https:\/\/permbledhja.com\/#website"},"datePublished":"2022-11-01T20:14:20+00:00","dateModified":"2022-11-01T20:14:20+00:00","breadcrumb":{"@id":"https:\/\/permbledhja.com\/mobilizimi-i-ushtrise-serbe-kfor-nderhyjme-nese-rrezikohet-stabiliteti\/#breadcrumb"},"inLanguage":"sq","potentialAction":[{"@type":"ReadAction","target":["https:\/\/permbledhja.com\/mobilizimi-i-ushtrise-serbe-kfor-nderhyjme-nese-rrezikohet-stabiliteti\/"]}]},{"@type":"BreadcrumbList","@id":"https:\/\/permbledhja.com\/mobilizimi-i-ushtrise-serbe-kfor-nderhyjme-nese-rrezikohet-stabiliteti\/#breadcrumb","itemListElement":[{"@type":"ListItem","position":1,"name":"Ballina","item":"https:\/\/permbledhja.com\/sq\/"},{"@type":"ListItem","position":2,"name":"\u201cMobilizimi i ushtris\u00eb serbe\u201d, KFOR: Nd\u00ebrhyjm\u00eb n\u00ebse rrezikohet stabiliteti"}]},{"@type":"WebSite","@id":"https:\/\/permbledhja.com\/#website","url":"https:\/\/permbledhja.com\/","name":"Ve\u00e7 artikuj p\u00ebrmbledh\u00ebs","description":"","publisher":{"@id":"https:\/\/permbledhja.com\/#organization"},"potentialAction":[{"@type":"SearchAction","target":{"@type":"EntryPoint","urlTemplate":"https:\/\/permbledhja.com\/?s={search_term_string}"},"query-input":"required name=search_term_string"}],"inLanguage":"sq"},{"@type":"Organization","@id":"https:\/\/permbledhja.com\/#organization","name":"MK Media & Pr","url":"https:\/\/permbledhja.com\/","logo":{"@type":"ImageObject","inLanguage":"sq","@id":"https:\/\/permbledhja.com\/#\/schema\/logo\/image\/","url":"https:\/\/permbledhja.com\/wp-content\/uploads\/2021\/12\/07-Press-Logo.jpg","contentUrl":"https:\/\/permbledhja.com\/wp-content\/uploads\/2021\/12\/07-Press-Logo.jpg","width":512,"height":512,"caption":"MK Media & Pr"},"image":{"@id":"https:\/\/permbledhja.com\/#\/schema\/logo\/image\/"},"sameAs":["https:\/\/www.facebook.com\/press07\/"]},{"@type":"Person","@id":"https:\/\/permbledhja.com\/#\/schema\/person\/0d064377258d3221e50693947b9eb4fe","name":"P\u00ebrmbledhja","image":{"@type":"ImageObject","inLanguage":"sq","@id":"https:\/\/permbledhja.com\/#\/schema\/person\/image\/","url":"https:\/\/permbledhja.com\/wp-content\/uploads\/2026\/01\/452004717_1040944174702970_8932037511805513407_n-96x96.jpg","contentUrl":"https:\/\/permbledhja.com\/wp-content\/uploads\/2026\/01\/452004717_1040944174702970_8932037511805513407_n-96x96.jpg","caption":"P\u00ebrmbledhja"},"sameAs":["https:\/\/www.facebook.com\/kafexhiu.muharrem\/","https:\/\/www.instagram.com\/muharrem_kafexhiu\/"],"url":"https:\/\/permbledhja.com\/sq\/author\/admin\/"}]}},"_links":{"self":[{"href":"https:\/\/permbledhja.com\/sq\/wp-json\/wp\/v2\/posts\/9199"}],"collection":[{"href":"https:\/\/permbledhja.com\/sq\/wp-json\/wp\/v2\/posts"}],"about":[{"href":"https:\/\/permbledhja.com\/sq\/wp-json\/wp\/v2\/types\/post"}],"author":[{"embeddable":true,"href":"https:\/\/permbledhja.com\/sq\/wp-json\/wp\/v2\/users\/1"}],"replies":[{"embeddable":true,"href":"https:\/\/permbledhja.com\/sq\/wp-json\/wp\/v2\/comments?post=9199"}],"version-history":[{"count":1,"href":"https:\/\/permbledhja.com\/sq\/wp-json\/wp\/v2\/posts\/9199\/revisions"}],"predecessor-version":[{"id":9200,"href":"https:\/\/permbledhja.com\/sq\/wp-json\/wp\/v2\/posts\/9199\/revisions\/9200"}],"wp:featuredmedia":[{"embeddable":true,"href":"https:\/\/permbledhja.com\/sq\/wp-json\/wp\/v2\/media\/3530"}],"wp:attachment":[{"href":"https:\/\/permbledhja.com\/sq\/wp-json\/wp\/v2\/media?parent=9199"}],"wp:term":[{"taxonomy":"category","embeddable":true,"href":"https:\/\/permbledhja.com\/sq\/wp-json\/wp\/v2\/categories?post=9199"},{"taxonomy":"post_tag","embeddable":true,"href":"https:\/\/permbledhja.com\/sq\/wp-json\/wp\/v2\/tags?post=9199"}],"curies":[{"name":"wp","href":"https:\/\/api.w.org\/{rel}","templated":true}]}}