{"id":9165,"date":"2022-11-01T15:27:03","date_gmt":"2022-11-01T15:27:03","guid":{"rendered":"https:\/\/permbledhja.com\/?p=9165"},"modified":"2022-11-01T15:27:03","modified_gmt":"2022-11-01T15:27:03","slug":"kerkohet-shtese-edhe-per-punonjesit-e-sektorit-privat","status":"publish","type":"post","link":"https:\/\/permbledhja.com\/sq\/kerkohet-shtese-edhe-per-punonjesit-e-sektorit-privat\/","title":{"rendered":"K\u00ebrkohet shtes\u00eb edhe p\u00ebr punonj\u00ebsit e sektorit privat"},"content":{"rendered":"<p><strong>Federata Sindikale e Pun\u00ebtor\u00ebve Teknik\u00eb t\u00eb Sektorit Privat t\u00eb Kosov\u00ebs ka k\u00ebrkuar nga Qeveria e Kosov\u00ebs shtesa edhe p\u00ebr punonj\u00ebsit e sektorit privat<\/strong>.<\/p>\n<p>Kryetari i k\u00ebsaj sindikate, Jusuf Azemi p\u00ebrmes nj\u00eb komunikate p\u00ebr media ka th\u00ebn\u00eb se pun\u00ebtor\u00ebt e sektorit privat n\u00eb Kosov\u00eb jan\u00eb kategori e grupit t\u00eb tret\u00eb t\u00eb njer\u00ebzimit.<\/p>\n<p>\u201cNuk mund t\u00eb vler\u00ebsohet ndryshe pos k\u00ebshtu, me shqet\u00ebsim t\u00eb madh e mor\u00ebm lajmin e dh\u00ebn\u00eb nga qeveria se vet\u00ebm pun\u00ebtor\u00ebt e sektorit publik t\u00eb Kosov\u00ebs duhet stimuluar me nga 50 e 100 euro p\u00ebr tre muaj radhazi, dhe n\u00eb sektorin privat jo. N\u00ebse dikush duhet stimuluar at\u00ebher\u00eb ata jan\u00eb pun\u00ebtor\u00ebt e sektorit privat, ata jan\u00eb m\u00eb t\u00eb varf\u00ebr, ata jan\u00eb me paga dyfish m\u00eb t\u00eb vogla, ata jan\u00eb shum\u00eb m\u00eb pak t\u00eb mbrojtur nga ligji, ata m\u00eb s\u00eb shumti financojn\u00eb p\u00ebr buxhetin e shtetit\u201d, thuhet n\u00eb komunikat\u00eb.<\/p>\n<p>M\u00eb tej, n\u00eb k\u00ebt\u00eb komunikat\u00eb thuhet se kjo sindikat\u00eb i \u00ebsht\u00eb drejtuar edhe p\u00ebrmes nj\u00eb letre, kryeministrit t\u00eb Kosov\u00ebs, Albin Kurti dhe ministrit t\u00eb Financave, Hekuran Murati, q\u00eb t\u2019i heqin kusht\u00ebzimet p\u00ebr kompanit\u00eb private.<\/p>\n<p>Qeveria e Kosov\u00ebs n\u00eb masat p\u00ebr ta luftuar inflacionin, ka ndihmuar punonj\u00ebsit e sektorit publik me nga 50 euro p\u00ebr tre muaj rresht.<\/p>\n<p>Me nga 100 euro jan\u00eb ndihmuar pensionist\u00ebt, nd\u00ebrsa 100 euro u jan\u00eb premtuar edhe student\u00ebve dhe punonj\u00ebsve t\u00eb nd\u00ebrmarrjeve publike.<\/p>\n<p>&nbsp;<\/p>\n","protected":false},"excerpt":{"rendered":"<p>Federata Sindikale e Pun\u00ebtor\u00ebve Teknik\u00eb t\u00eb Sektorit Privat t\u00eb Kosov\u00ebs ka k\u00ebrkuar nga Qeveria e Kosov\u00ebs shtesa edhe p\u00ebr punonj\u00ebsit e sektorit privat. Kryetari i k\u00ebsaj sindikate, Jusuf Azemi p\u00ebrmes nj\u00eb komunikate p\u00ebr media ka th\u00ebn\u00eb se pun\u00ebtor\u00ebt e sektorit privat n\u00eb Kosov\u00eb jan\u00eb kategori e grupit t\u00eb tret\u00eb t\u00eb njer\u00ebzimit. \u201cNuk mund t\u00eb vler\u00ebsohet [&hellip;]<\/p>\n","protected":false},"author":1,"featured_media":5138,"comment_status":"closed","ping_status":"closed","sticky":false,"template":"","format":"standard","meta":{"_monsterinsights_skip_tracking":false,"_monsterinsights_sitenote_active":false,"_monsterinsights_sitenote_note":"","_monsterinsights_sitenote_category":0,"_uf_show_specific_survey":0,"_uf_disable_surveys":false,"footnotes":""},"categories":[23,15],"tags":[],"yoast_head":"<!-- This site is optimized with the Yoast SEO plugin v21.5 - https:\/\/yoast.com\/wordpress\/plugins\/seo\/ -->\n<title>K\u00ebrkohet shtes\u00eb edhe p\u00ebr punonj\u00ebsit e sektorit privat<\/title>\n<meta name=\"robots\" content=\"index, follow, max-snippet:-1, max-image-preview:large, max-video-preview:-1\" \/>\n<link rel=\"canonical\" href=\"https:\/\/permbledhja.com\/sq\/kerkohet-shtese-edhe-per-punonjesit-e-sektorit-privat\/\" \/>\n<meta property=\"og:locale\" content=\"sq_AL\" \/>\n<meta property=\"og:type\" content=\"article\" \/>\n<meta property=\"og:title\" content=\"K\u00ebrkohet shtes\u00eb edhe p\u00ebr punonj\u00ebsit e sektorit privat\" \/>\n<meta property=\"og:description\" content=\"Federata Sindikale e Pun\u00ebtor\u00ebve Teknik\u00eb t\u00eb Sektorit Privat t\u00eb Kosov\u00ebs ka k\u00ebrkuar nga Qeveria e Kosov\u00ebs shtesa edhe p\u00ebr punonj\u00ebsit e sektorit privat. Kryetari i k\u00ebsaj sindikate, Jusuf Azemi p\u00ebrmes nj\u00eb komunikate p\u00ebr media ka th\u00ebn\u00eb se pun\u00ebtor\u00ebt e sektorit privat n\u00eb Kosov\u00eb jan\u00eb kategori e grupit t\u00eb tret\u00eb t\u00eb njer\u00ebzimit. \u201cNuk mund t\u00eb vler\u00ebsohet [&hellip;]\" \/>\n<meta property=\"og:url\" content=\"https:\/\/permbledhja.com\/sq\/kerkohet-shtese-edhe-per-punonjesit-e-sektorit-privat\/\" \/>\n<meta property=\"og:site_name\" content=\"Ve\u00e7 artikuj p\u00ebrmbledh\u00ebs\" \/>\n<meta property=\"article:publisher\" content=\"https:\/\/www.facebook.com\/press07\/\" \/>\n<meta property=\"article:author\" content=\"https:\/\/www.facebook.com\/kafexhiu.muharrem\/\" \/>\n<meta property=\"article:published_time\" content=\"2022-11-01T15:27:03+00:00\" \/>\n<meta property=\"og:image\" content=\"https:\/\/permbledhja.com\/wp-content\/uploads\/2022\/09\/Untitled-design-9.png\" \/>\n\t<meta property=\"og:image:width\" content=\"1920\" \/>\n\t<meta property=\"og:image:height\" content=\"1080\" \/>\n\t<meta property=\"og:image:type\" content=\"image\/png\" \/>\n<meta name=\"author\" content=\"P\u00ebrmbledhja\" \/>\n<meta name=\"twitter:card\" content=\"summary_large_image\" \/>\n<meta name=\"twitter:label1\" content=\"Written by\" \/>\n\t<meta name=\"twitter:data1\" content=\"P\u00ebrmbledhja\" \/>\n\t<meta name=\"twitter:label2\" content=\"Est. reading time\" \/>\n\t<meta name=\"twitter:data2\" content=\"2 minuta\" \/>\n<script type=\"application\/ld+json\" class=\"yoast-schema-graph\">{\"@context\":\"https:\/\/schema.org\",\"@graph\":[{\"@type\":\"Article\",\"@id\":\"https:\/\/permbledhja.com\/kerkohet-shtese-edhe-per-punonjesit-e-sektorit-privat\/#article\",\"isPartOf\":{\"@id\":\"https:\/\/permbledhja.com\/kerkohet-shtese-edhe-per-punonjesit-e-sektorit-privat\/\"},\"author\":{\"name\":\"P\u00ebrmbledhja\",\"@id\":\"https:\/\/permbledhja.com\/#\/schema\/person\/0d064377258d3221e50693947b9eb4fe\"},\"headline\":\"K\u00ebrkohet shtes\u00eb edhe p\u00ebr punonj\u00ebsit e sektorit privat\",\"datePublished\":\"2022-11-01T15:27:03+00:00\",\"dateModified\":\"2022-11-01T15:27:03+00:00\",\"mainEntityOfPage\":{\"@id\":\"https:\/\/permbledhja.com\/kerkohet-shtese-edhe-per-punonjesit-e-sektorit-privat\/\"},\"wordCount\":268,\"publisher\":{\"@id\":\"https:\/\/permbledhja.com\/#organization\"},\"articleSection\":[\"Komb\u00ebtare\",\"Lajme\"],\"inLanguage\":\"sq\"},{\"@type\":\"WebPage\",\"@id\":\"https:\/\/permbledhja.com\/kerkohet-shtese-edhe-per-punonjesit-e-sektorit-privat\/\",\"url\":\"https:\/\/permbledhja.com\/kerkohet-shtese-edhe-per-punonjesit-e-sektorit-privat\/\",\"name\":\"K\u00ebrkohet shtes\u00eb edhe p\u00ebr punonj\u00ebsit e sektorit privat\",\"isPartOf\":{\"@id\":\"https:\/\/permbledhja.com\/#website\"},\"datePublished\":\"2022-11-01T15:27:03+00:00\",\"dateModified\":\"2022-11-01T15:27:03+00:00\",\"breadcrumb\":{\"@id\":\"https:\/\/permbledhja.com\/kerkohet-shtese-edhe-per-punonjesit-e-sektorit-privat\/#breadcrumb\"},\"inLanguage\":\"sq\",\"potentialAction\":[{\"@type\":\"ReadAction\",\"target\":[\"https:\/\/permbledhja.com\/kerkohet-shtese-edhe-per-punonjesit-e-sektorit-privat\/\"]}]},{\"@type\":\"BreadcrumbList\",\"@id\":\"https:\/\/permbledhja.com\/kerkohet-shtese-edhe-per-punonjesit-e-sektorit-privat\/#breadcrumb\",\"itemListElement\":[{\"@type\":\"ListItem\",\"position\":1,\"name\":\"Ballina\",\"item\":\"https:\/\/permbledhja.com\/sq\/\"},{\"@type\":\"ListItem\",\"position\":2,\"name\":\"K\u00ebrkohet shtes\u00eb edhe p\u00ebr punonj\u00ebsit e sektorit privat\"}]},{\"@type\":\"WebSite\",\"@id\":\"https:\/\/permbledhja.com\/#website\",\"url\":\"https:\/\/permbledhja.com\/\",\"name\":\"Ve\u00e7 artikuj p\u00ebrmbledh\u00ebs\",\"description\":\"\",\"publisher\":{\"@id\":\"https:\/\/permbledhja.com\/#organization\"},\"potentialAction\":[{\"@type\":\"SearchAction\",\"target\":{\"@type\":\"EntryPoint\",\"urlTemplate\":\"https:\/\/permbledhja.com\/?s={search_term_string}\"},\"query-input\":\"required name=search_term_string\"}],\"inLanguage\":\"sq\"},{\"@type\":\"Organization\",\"@id\":\"https:\/\/permbledhja.com\/#organization\",\"name\":\"MK Media & Pr\",\"url\":\"https:\/\/permbledhja.com\/\",\"logo\":{\"@type\":\"ImageObject\",\"inLanguage\":\"sq\",\"@id\":\"https:\/\/permbledhja.com\/#\/schema\/logo\/image\/\",\"url\":\"https:\/\/permbledhja.com\/wp-content\/uploads\/2021\/12\/07-Press-Logo.jpg\",\"contentUrl\":\"https:\/\/permbledhja.com\/wp-content\/uploads\/2021\/12\/07-Press-Logo.jpg\",\"width\":512,\"height\":512,\"caption\":\"MK Media & Pr\"},\"image\":{\"@id\":\"https:\/\/permbledhja.com\/#\/schema\/logo\/image\/\"},\"sameAs\":[\"https:\/\/www.facebook.com\/press07\/\"]},{\"@type\":\"Person\",\"@id\":\"https:\/\/permbledhja.com\/#\/schema\/person\/0d064377258d3221e50693947b9eb4fe\",\"name\":\"P\u00ebrmbledhja\",\"image\":{\"@type\":\"ImageObject\",\"inLanguage\":\"sq\",\"@id\":\"https:\/\/permbledhja.com\/#\/schema\/person\/image\/\",\"url\":\"https:\/\/permbledhja.com\/wp-content\/uploads\/2026\/01\/452004717_1040944174702970_8932037511805513407_n-96x96.jpg\",\"contentUrl\":\"https:\/\/permbledhja.com\/wp-content\/uploads\/2026\/01\/452004717_1040944174702970_8932037511805513407_n-96x96.jpg\",\"caption\":\"P\u00ebrmbledhja\"},\"sameAs\":[\"https:\/\/www.facebook.com\/kafexhiu.muharrem\/\",\"https:\/\/www.instagram.com\/muharrem_kafexhiu\/\"],\"url\":\"https:\/\/permbledhja.com\/sq\/author\/admin\/\"}]}<\/script>\n<!-- \/ Yoast SEO plugin. -->","yoast_head_json":{"title":"K\u00ebrkohet shtes\u00eb edhe p\u00ebr punonj\u00ebsit e sektorit privat","robots":{"index":"index","follow":"follow","max-snippet":"max-snippet:-1","max-image-preview":"max-image-preview:large","max-video-preview":"max-video-preview:-1"},"canonical":"https:\/\/permbledhja.com\/sq\/kerkohet-shtese-edhe-per-punonjesit-e-sektorit-privat\/","og_locale":"sq_AL","og_type":"article","og_title":"K\u00ebrkohet shtes\u00eb edhe p\u00ebr punonj\u00ebsit e sektorit privat","og_description":"Federata Sindikale e Pun\u00ebtor\u00ebve Teknik\u00eb t\u00eb Sektorit Privat t\u00eb Kosov\u00ebs ka k\u00ebrkuar nga Qeveria e Kosov\u00ebs shtesa edhe p\u00ebr punonj\u00ebsit e sektorit privat. Kryetari i k\u00ebsaj sindikate, Jusuf Azemi p\u00ebrmes nj\u00eb komunikate p\u00ebr media ka th\u00ebn\u00eb se pun\u00ebtor\u00ebt e sektorit privat n\u00eb Kosov\u00eb jan\u00eb kategori e grupit t\u00eb tret\u00eb t\u00eb njer\u00ebzimit. \u201cNuk mund t\u00eb vler\u00ebsohet [&hellip;]","og_url":"https:\/\/permbledhja.com\/sq\/kerkohet-shtese-edhe-per-punonjesit-e-sektorit-privat\/","og_site_name":"Ve\u00e7 artikuj p\u00ebrmbledh\u00ebs","article_publisher":"https:\/\/www.facebook.com\/press07\/","article_author":"https:\/\/www.facebook.com\/kafexhiu.muharrem\/","article_published_time":"2022-11-01T15:27:03+00:00","og_image":[{"width":1920,"height":1080,"url":"https:\/\/permbledhja.com\/wp-content\/uploads\/2022\/09\/Untitled-design-9.png","type":"image\/png"}],"author":"P\u00ebrmbledhja","twitter_card":"summary_large_image","twitter_misc":{"Written by":"P\u00ebrmbledhja","Est. reading time":"2 minuta"},"schema":{"@context":"https:\/\/schema.org","@graph":[{"@type":"Article","@id":"https:\/\/permbledhja.com\/kerkohet-shtese-edhe-per-punonjesit-e-sektorit-privat\/#article","isPartOf":{"@id":"https:\/\/permbledhja.com\/kerkohet-shtese-edhe-per-punonjesit-e-sektorit-privat\/"},"author":{"name":"P\u00ebrmbledhja","@id":"https:\/\/permbledhja.com\/#\/schema\/person\/0d064377258d3221e50693947b9eb4fe"},"headline":"K\u00ebrkohet shtes\u00eb edhe p\u00ebr punonj\u00ebsit e sektorit privat","datePublished":"2022-11-01T15:27:03+00:00","dateModified":"2022-11-01T15:27:03+00:00","mainEntityOfPage":{"@id":"https:\/\/permbledhja.com\/kerkohet-shtese-edhe-per-punonjesit-e-sektorit-privat\/"},"wordCount":268,"publisher":{"@id":"https:\/\/permbledhja.com\/#organization"},"articleSection":["Komb\u00ebtare","Lajme"],"inLanguage":"sq"},{"@type":"WebPage","@id":"https:\/\/permbledhja.com\/kerkohet-shtese-edhe-per-punonjesit-e-sektorit-privat\/","url":"https:\/\/permbledhja.com\/kerkohet-shtese-edhe-per-punonjesit-e-sektorit-privat\/","name":"K\u00ebrkohet shtes\u00eb edhe p\u00ebr punonj\u00ebsit e sektorit privat","isPartOf":{"@id":"https:\/\/permbledhja.com\/#website"},"datePublished":"2022-11-01T15:27:03+00:00","dateModified":"2022-11-01T15:27:03+00:00","breadcrumb":{"@id":"https:\/\/permbledhja.com\/kerkohet-shtese-edhe-per-punonjesit-e-sektorit-privat\/#breadcrumb"},"inLanguage":"sq","potentialAction":[{"@type":"ReadAction","target":["https:\/\/permbledhja.com\/kerkohet-shtese-edhe-per-punonjesit-e-sektorit-privat\/"]}]},{"@type":"BreadcrumbList","@id":"https:\/\/permbledhja.com\/kerkohet-shtese-edhe-per-punonjesit-e-sektorit-privat\/#breadcrumb","itemListElement":[{"@type":"ListItem","position":1,"name":"Ballina","item":"https:\/\/permbledhja.com\/sq\/"},{"@type":"ListItem","position":2,"name":"K\u00ebrkohet shtes\u00eb edhe p\u00ebr punonj\u00ebsit e sektorit privat"}]},{"@type":"WebSite","@id":"https:\/\/permbledhja.com\/#website","url":"https:\/\/permbledhja.com\/","name":"Ve\u00e7 artikuj p\u00ebrmbledh\u00ebs","description":"","publisher":{"@id":"https:\/\/permbledhja.com\/#organization"},"potentialAction":[{"@type":"SearchAction","target":{"@type":"EntryPoint","urlTemplate":"https:\/\/permbledhja.com\/?s={search_term_string}"},"query-input":"required name=search_term_string"}],"inLanguage":"sq"},{"@type":"Organization","@id":"https:\/\/permbledhja.com\/#organization","name":"MK Media & Pr","url":"https:\/\/permbledhja.com\/","logo":{"@type":"ImageObject","inLanguage":"sq","@id":"https:\/\/permbledhja.com\/#\/schema\/logo\/image\/","url":"https:\/\/permbledhja.com\/wp-content\/uploads\/2021\/12\/07-Press-Logo.jpg","contentUrl":"https:\/\/permbledhja.com\/wp-content\/uploads\/2021\/12\/07-Press-Logo.jpg","width":512,"height":512,"caption":"MK Media & Pr"},"image":{"@id":"https:\/\/permbledhja.com\/#\/schema\/logo\/image\/"},"sameAs":["https:\/\/www.facebook.com\/press07\/"]},{"@type":"Person","@id":"https:\/\/permbledhja.com\/#\/schema\/person\/0d064377258d3221e50693947b9eb4fe","name":"P\u00ebrmbledhja","image":{"@type":"ImageObject","inLanguage":"sq","@id":"https:\/\/permbledhja.com\/#\/schema\/person\/image\/","url":"https:\/\/permbledhja.com\/wp-content\/uploads\/2026\/01\/452004717_1040944174702970_8932037511805513407_n-96x96.jpg","contentUrl":"https:\/\/permbledhja.com\/wp-content\/uploads\/2026\/01\/452004717_1040944174702970_8932037511805513407_n-96x96.jpg","caption":"P\u00ebrmbledhja"},"sameAs":["https:\/\/www.facebook.com\/kafexhiu.muharrem\/","https:\/\/www.instagram.com\/muharrem_kafexhiu\/"],"url":"https:\/\/permbledhja.com\/sq\/author\/admin\/"}]}},"_links":{"self":[{"href":"https:\/\/permbledhja.com\/sq\/wp-json\/wp\/v2\/posts\/9165"}],"collection":[{"href":"https:\/\/permbledhja.com\/sq\/wp-json\/wp\/v2\/posts"}],"about":[{"href":"https:\/\/permbledhja.com\/sq\/wp-json\/wp\/v2\/types\/post"}],"author":[{"embeddable":true,"href":"https:\/\/permbledhja.com\/sq\/wp-json\/wp\/v2\/users\/1"}],"replies":[{"embeddable":true,"href":"https:\/\/permbledhja.com\/sq\/wp-json\/wp\/v2\/comments?post=9165"}],"version-history":[{"count":1,"href":"https:\/\/permbledhja.com\/sq\/wp-json\/wp\/v2\/posts\/9165\/revisions"}],"predecessor-version":[{"id":9166,"href":"https:\/\/permbledhja.com\/sq\/wp-json\/wp\/v2\/posts\/9165\/revisions\/9166"}],"wp:featuredmedia":[{"embeddable":true,"href":"https:\/\/permbledhja.com\/sq\/wp-json\/wp\/v2\/media\/5138"}],"wp:attachment":[{"href":"https:\/\/permbledhja.com\/sq\/wp-json\/wp\/v2\/media?parent=9165"}],"wp:term":[{"taxonomy":"category","embeddable":true,"href":"https:\/\/permbledhja.com\/sq\/wp-json\/wp\/v2\/categories?post=9165"},{"taxonomy":"post_tag","embeddable":true,"href":"https:\/\/permbledhja.com\/sq\/wp-json\/wp\/v2\/tags?post=9165"}],"curies":[{"name":"wp","href":"https:\/\/api.w.org\/{rel}","templated":true}]}}