{"id":9129,"date":"2022-11-01T12:20:13","date_gmt":"2022-11-01T12:20:13","guid":{"rendered":"https:\/\/permbledhja.com\/?p=9129"},"modified":"2022-11-01T12:20:13","modified_gmt":"2022-11-01T12:20:13","slug":"40-qortime-per-ngasesit-me-targa-ilegale-ne-jarinje","status":"publish","type":"post","link":"https:\/\/permbledhja.com\/sq\/40-qortime-per-ngasesit-me-targa-ilegale-ne-jarinje\/","title":{"rendered":"\u200b40 qortime p\u00ebr ngas\u00ebsit me targa ilegale n\u00eb Jarinje"},"content":{"rendered":"<p><strong>Qytetar\u00ebt serb\u00eb t\u00eb cil\u00ebt n\u00eb automjetet e tyre bartin targa nga e kaluara me akronimet KM dhe t\u00eb qyteteve tjera t\u00eb Kosov\u00ebs, gjat\u00eb qarkullimit t\u00eb tyre nga Kosova drejt Serbis\u00eb dhe anasjelltas p\u00ebrmes kufirit t\u00eb Jarinjes, jan\u00eb pajisur me dokumente qortimi nga Policia e Kosov\u00ebs.<\/strong><\/p>\n<p>KosovaPress m\u00ebson nga burime brenda zyrtar\u00ebve n\u00eb kufirin e Jarinjes se q\u00eb nga fillimi i zbatimit t\u00eb vendimit t\u00eb qeveris\u00eb dhe deri n\u00eb koh\u00ebn kur po raportojm\u00eb jan\u00eb shqiptuar rreth 40 qortime n\u00eb k\u00ebt\u00eb pik\u00eb kufitare.<\/p>\n<p>Gjat\u00eb magjistrales Mitrovic\u00eb \u2013 Leposaviq \u2013 Jarinje, jan\u00eb v\u00ebrejtur automjete me pjes\u00ebtar\u00eb t\u00eb KFOR-it n\u00eb disa lokacione, nd\u00ebrsa krejt pran\u00eb kufirit t\u00eb Jarinjes po q\u00ebndrojn\u00eb pjes\u00ebtar\u00eb t\u00eb EULEX-it.<\/p>\n<p>Shumica prej tyre nuk kan\u00eb pranuar t\u00eb flasin para kamer\u00ebs, ndon\u00ebse prapa saj kan\u00eb th\u00ebn\u00eb se nuk do t\u2019i regjistrojn\u00eb automjetet me targa RKS. K\u00ebta t\u00eb fundit kan\u00eb pohuar se kan\u00eb pranuar qortimin p\u00ebr targat ilegale.<\/p>\n<p>Ndryshe, sot ka filluar zbatimi i vendimit t\u00eb Qeveris\u00eb s\u00eb Republik\u00ebs t\u00eb Kosov\u00ebs p\u00ebr targat ilegale, sipas t\u00eb cilit serb\u00ebt do t\u00eb marrin vet\u00ebm v\u00ebrejtje deri m\u00eb 21 n\u00ebntor, si faz\u00eb e par\u00eb e konvertimit t\u00eb targave n\u00eb RKS, nd\u00ebrkoh\u00eb q\u00eb situata e p\u00ebrgjithshme e siguris\u00eb n\u00eb veri t\u00eb vendit \u00ebsht\u00eb e qet\u00eb.<\/p>\n<p>Z\u00ebdh\u00ebn\u00ebsi i Departamentit Amerikan t\u00eb Shtetit, Ned Price, ka th\u00ebn\u00eb se Shtetet e Bashkuara t\u00eb Amerik\u00ebs jan\u00eb t\u00eb zhg\u00ebnjyera dhe t\u00eb shqet\u00ebsuara q\u00eb Qeveria e Kosov\u00ebs ka refuzuar k\u00ebrkes\u00ebn dhe k\u00ebshill\u00ebn e aleat\u00ebve nd\u00ebrkomb\u00ebtar p\u00ebr zgjatjen e afatit p\u00ebr implementimin e vendimit p\u00ebr targat.<\/p>\n","protected":false},"excerpt":{"rendered":"<p>Qytetar\u00ebt serb\u00eb t\u00eb cil\u00ebt n\u00eb automjetet e tyre bartin targa nga e kaluara me akronimet KM dhe t\u00eb qyteteve tjera t\u00eb Kosov\u00ebs, gjat\u00eb qarkullimit t\u00eb tyre nga Kosova drejt Serbis\u00eb dhe anasjelltas p\u00ebrmes kufirit t\u00eb Jarinjes, jan\u00eb pajisur me dokumente qortimi nga Policia e Kosov\u00ebs. KosovaPress m\u00ebson nga burime brenda zyrtar\u00ebve n\u00eb kufirin e Jarinjes [&hellip;]<\/p>\n","protected":false},"author":1,"featured_media":9130,"comment_status":"closed","ping_status":"closed","sticky":false,"template":"","format":"standard","meta":{"_monsterinsights_skip_tracking":false,"_monsterinsights_sitenote_active":false,"_monsterinsights_sitenote_note":"","_monsterinsights_sitenote_category":0,"_uf_show_specific_survey":0,"_uf_disable_surveys":false,"footnotes":""},"categories":[23,15],"tags":[1043,1044],"yoast_head":"<!-- This site is optimized with the Yoast SEO plugin v21.5 - https:\/\/yoast.com\/wordpress\/plugins\/seo\/ -->\n<title>\u200b40 qortime p\u00ebr ngas\u00ebsit me targa ilegale n\u00eb Jarinje<\/title>\n<meta name=\"robots\" content=\"index, follow, max-snippet:-1, max-image-preview:large, max-video-preview:-1\" \/>\n<link rel=\"canonical\" href=\"https:\/\/permbledhja.com\/sq\/40-qortime-per-ngasesit-me-targa-ilegale-ne-jarinje\/\" \/>\n<meta property=\"og:locale\" content=\"sq_AL\" \/>\n<meta property=\"og:type\" content=\"article\" \/>\n<meta property=\"og:title\" content=\"\u200b40 qortime p\u00ebr ngas\u00ebsit me targa ilegale n\u00eb Jarinje\" \/>\n<meta property=\"og:description\" content=\"Qytetar\u00ebt serb\u00eb t\u00eb cil\u00ebt n\u00eb automjetet e tyre bartin targa nga e kaluara me akronimet KM dhe t\u00eb qyteteve tjera t\u00eb Kosov\u00ebs, gjat\u00eb qarkullimit t\u00eb tyre nga Kosova drejt Serbis\u00eb dhe anasjelltas p\u00ebrmes kufirit t\u00eb Jarinjes, jan\u00eb pajisur me dokumente qortimi nga Policia e Kosov\u00ebs. KosovaPress m\u00ebson nga burime brenda zyrtar\u00ebve n\u00eb kufirin e Jarinjes [&hellip;]\" \/>\n<meta property=\"og:url\" content=\"https:\/\/permbledhja.com\/sq\/40-qortime-per-ngasesit-me-targa-ilegale-ne-jarinje\/\" \/>\n<meta property=\"og:site_name\" content=\"Ve\u00e7 artikuj p\u00ebrmbledh\u00ebs\" \/>\n<meta property=\"article:publisher\" content=\"https:\/\/www.facebook.com\/press07\/\" \/>\n<meta property=\"article:author\" content=\"https:\/\/www.facebook.com\/kafexhiu.muharrem\/\" \/>\n<meta property=\"article:published_time\" content=\"2022-11-01T12:20:13+00:00\" \/>\n<meta property=\"og:image\" content=\"https:\/\/permbledhja.com\/wp-content\/uploads\/2022\/11\/kk.png\" \/>\n\t<meta property=\"og:image:width\" content=\"1100\" \/>\n\t<meta property=\"og:image:height\" content=\"708\" \/>\n\t<meta property=\"og:image:type\" content=\"image\/png\" \/>\n<meta name=\"author\" content=\"P\u00ebrmbledhja\" \/>\n<meta name=\"twitter:card\" content=\"summary_large_image\" \/>\n<meta name=\"twitter:label1\" content=\"Written by\" \/>\n\t<meta name=\"twitter:data1\" content=\"P\u00ebrmbledhja\" \/>\n\t<meta name=\"twitter:label2\" content=\"Est. reading time\" \/>\n\t<meta name=\"twitter:data2\" content=\"1 minut\u00eb\" \/>\n<script type=\"application\/ld+json\" class=\"yoast-schema-graph\">{\"@context\":\"https:\/\/schema.org\",\"@graph\":[{\"@type\":\"Article\",\"@id\":\"https:\/\/permbledhja.com\/40-qortime-per-ngasesit-me-targa-ilegale-ne-jarinje\/#article\",\"isPartOf\":{\"@id\":\"https:\/\/permbledhja.com\/40-qortime-per-ngasesit-me-targa-ilegale-ne-jarinje\/\"},\"author\":{\"name\":\"P\u00ebrmbledhja\",\"@id\":\"https:\/\/permbledhja.com\/#\/schema\/person\/0d064377258d3221e50693947b9eb4fe\"},\"headline\":\"\u200b40 qortime p\u00ebr ngas\u00ebsit me targa ilegale n\u00eb Jarinje\",\"datePublished\":\"2022-11-01T12:20:13+00:00\",\"dateModified\":\"2022-11-01T12:20:13+00:00\",\"mainEntityOfPage\":{\"@id\":\"https:\/\/permbledhja.com\/40-qortime-per-ngasesit-me-targa-ilegale-ne-jarinje\/\"},\"wordCount\":295,\"publisher\":{\"@id\":\"https:\/\/permbledhja.com\/#organization\"},\"keywords\":[\"Ngas\u00ebsit\",\"Qortime\"],\"articleSection\":[\"Komb\u00ebtare\",\"Lajme\"],\"inLanguage\":\"sq\"},{\"@type\":\"WebPage\",\"@id\":\"https:\/\/permbledhja.com\/40-qortime-per-ngasesit-me-targa-ilegale-ne-jarinje\/\",\"url\":\"https:\/\/permbledhja.com\/40-qortime-per-ngasesit-me-targa-ilegale-ne-jarinje\/\",\"name\":\"\u200b40 qortime p\u00ebr ngas\u00ebsit me targa ilegale n\u00eb Jarinje\",\"isPartOf\":{\"@id\":\"https:\/\/permbledhja.com\/#website\"},\"datePublished\":\"2022-11-01T12:20:13+00:00\",\"dateModified\":\"2022-11-01T12:20:13+00:00\",\"breadcrumb\":{\"@id\":\"https:\/\/permbledhja.com\/40-qortime-per-ngasesit-me-targa-ilegale-ne-jarinje\/#breadcrumb\"},\"inLanguage\":\"sq\",\"potentialAction\":[{\"@type\":\"ReadAction\",\"target\":[\"https:\/\/permbledhja.com\/40-qortime-per-ngasesit-me-targa-ilegale-ne-jarinje\/\"]}]},{\"@type\":\"BreadcrumbList\",\"@id\":\"https:\/\/permbledhja.com\/40-qortime-per-ngasesit-me-targa-ilegale-ne-jarinje\/#breadcrumb\",\"itemListElement\":[{\"@type\":\"ListItem\",\"position\":1,\"name\":\"Ballina\",\"item\":\"https:\/\/permbledhja.com\/sq\/\"},{\"@type\":\"ListItem\",\"position\":2,\"name\":\"\u200b40 qortime p\u00ebr ngas\u00ebsit me targa ilegale n\u00eb Jarinje\"}]},{\"@type\":\"WebSite\",\"@id\":\"https:\/\/permbledhja.com\/#website\",\"url\":\"https:\/\/permbledhja.com\/\",\"name\":\"Ve\u00e7 artikuj p\u00ebrmbledh\u00ebs\",\"description\":\"\",\"publisher\":{\"@id\":\"https:\/\/permbledhja.com\/#organization\"},\"potentialAction\":[{\"@type\":\"SearchAction\",\"target\":{\"@type\":\"EntryPoint\",\"urlTemplate\":\"https:\/\/permbledhja.com\/?s={search_term_string}\"},\"query-input\":\"required name=search_term_string\"}],\"inLanguage\":\"sq\"},{\"@type\":\"Organization\",\"@id\":\"https:\/\/permbledhja.com\/#organization\",\"name\":\"MK Media & Pr\",\"url\":\"https:\/\/permbledhja.com\/\",\"logo\":{\"@type\":\"ImageObject\",\"inLanguage\":\"sq\",\"@id\":\"https:\/\/permbledhja.com\/#\/schema\/logo\/image\/\",\"url\":\"https:\/\/permbledhja.com\/wp-content\/uploads\/2021\/12\/07-Press-Logo.jpg\",\"contentUrl\":\"https:\/\/permbledhja.com\/wp-content\/uploads\/2021\/12\/07-Press-Logo.jpg\",\"width\":512,\"height\":512,\"caption\":\"MK Media & Pr\"},\"image\":{\"@id\":\"https:\/\/permbledhja.com\/#\/schema\/logo\/image\/\"},\"sameAs\":[\"https:\/\/www.facebook.com\/press07\/\"]},{\"@type\":\"Person\",\"@id\":\"https:\/\/permbledhja.com\/#\/schema\/person\/0d064377258d3221e50693947b9eb4fe\",\"name\":\"P\u00ebrmbledhja\",\"image\":{\"@type\":\"ImageObject\",\"inLanguage\":\"sq\",\"@id\":\"https:\/\/permbledhja.com\/#\/schema\/person\/image\/\",\"url\":\"https:\/\/permbledhja.com\/wp-content\/uploads\/2026\/01\/452004717_1040944174702970_8932037511805513407_n-96x96.jpg\",\"contentUrl\":\"https:\/\/permbledhja.com\/wp-content\/uploads\/2026\/01\/452004717_1040944174702970_8932037511805513407_n-96x96.jpg\",\"caption\":\"P\u00ebrmbledhja\"},\"sameAs\":[\"https:\/\/www.facebook.com\/kafexhiu.muharrem\/\",\"https:\/\/www.instagram.com\/muharrem_kafexhiu\/\"],\"url\":\"https:\/\/permbledhja.com\/sq\/author\/admin\/\"}]}<\/script>\n<!-- \/ Yoast SEO plugin. -->","yoast_head_json":{"title":"\u200b40 qortime p\u00ebr ngas\u00ebsit me targa ilegale n\u00eb Jarinje","robots":{"index":"index","follow":"follow","max-snippet":"max-snippet:-1","max-image-preview":"max-image-preview:large","max-video-preview":"max-video-preview:-1"},"canonical":"https:\/\/permbledhja.com\/sq\/40-qortime-per-ngasesit-me-targa-ilegale-ne-jarinje\/","og_locale":"sq_AL","og_type":"article","og_title":"\u200b40 qortime p\u00ebr ngas\u00ebsit me targa ilegale n\u00eb Jarinje","og_description":"Qytetar\u00ebt serb\u00eb t\u00eb cil\u00ebt n\u00eb automjetet e tyre bartin targa nga e kaluara me akronimet KM dhe t\u00eb qyteteve tjera t\u00eb Kosov\u00ebs, gjat\u00eb qarkullimit t\u00eb tyre nga Kosova drejt Serbis\u00eb dhe anasjelltas p\u00ebrmes kufirit t\u00eb Jarinjes, jan\u00eb pajisur me dokumente qortimi nga Policia e Kosov\u00ebs. KosovaPress m\u00ebson nga burime brenda zyrtar\u00ebve n\u00eb kufirin e Jarinjes [&hellip;]","og_url":"https:\/\/permbledhja.com\/sq\/40-qortime-per-ngasesit-me-targa-ilegale-ne-jarinje\/","og_site_name":"Ve\u00e7 artikuj p\u00ebrmbledh\u00ebs","article_publisher":"https:\/\/www.facebook.com\/press07\/","article_author":"https:\/\/www.facebook.com\/kafexhiu.muharrem\/","article_published_time":"2022-11-01T12:20:13+00:00","og_image":[{"width":1100,"height":708,"url":"https:\/\/permbledhja.com\/wp-content\/uploads\/2022\/11\/kk.png","type":"image\/png"}],"author":"P\u00ebrmbledhja","twitter_card":"summary_large_image","twitter_misc":{"Written by":"P\u00ebrmbledhja","Est. reading time":"1 minut\u00eb"},"schema":{"@context":"https:\/\/schema.org","@graph":[{"@type":"Article","@id":"https:\/\/permbledhja.com\/40-qortime-per-ngasesit-me-targa-ilegale-ne-jarinje\/#article","isPartOf":{"@id":"https:\/\/permbledhja.com\/40-qortime-per-ngasesit-me-targa-ilegale-ne-jarinje\/"},"author":{"name":"P\u00ebrmbledhja","@id":"https:\/\/permbledhja.com\/#\/schema\/person\/0d064377258d3221e50693947b9eb4fe"},"headline":"\u200b40 qortime p\u00ebr ngas\u00ebsit me targa ilegale n\u00eb Jarinje","datePublished":"2022-11-01T12:20:13+00:00","dateModified":"2022-11-01T12:20:13+00:00","mainEntityOfPage":{"@id":"https:\/\/permbledhja.com\/40-qortime-per-ngasesit-me-targa-ilegale-ne-jarinje\/"},"wordCount":295,"publisher":{"@id":"https:\/\/permbledhja.com\/#organization"},"keywords":["Ngas\u00ebsit","Qortime"],"articleSection":["Komb\u00ebtare","Lajme"],"inLanguage":"sq"},{"@type":"WebPage","@id":"https:\/\/permbledhja.com\/40-qortime-per-ngasesit-me-targa-ilegale-ne-jarinje\/","url":"https:\/\/permbledhja.com\/40-qortime-per-ngasesit-me-targa-ilegale-ne-jarinje\/","name":"\u200b40 qortime p\u00ebr ngas\u00ebsit me targa ilegale n\u00eb Jarinje","isPartOf":{"@id":"https:\/\/permbledhja.com\/#website"},"datePublished":"2022-11-01T12:20:13+00:00","dateModified":"2022-11-01T12:20:13+00:00","breadcrumb":{"@id":"https:\/\/permbledhja.com\/40-qortime-per-ngasesit-me-targa-ilegale-ne-jarinje\/#breadcrumb"},"inLanguage":"sq","potentialAction":[{"@type":"ReadAction","target":["https:\/\/permbledhja.com\/40-qortime-per-ngasesit-me-targa-ilegale-ne-jarinje\/"]}]},{"@type":"BreadcrumbList","@id":"https:\/\/permbledhja.com\/40-qortime-per-ngasesit-me-targa-ilegale-ne-jarinje\/#breadcrumb","itemListElement":[{"@type":"ListItem","position":1,"name":"Ballina","item":"https:\/\/permbledhja.com\/sq\/"},{"@type":"ListItem","position":2,"name":"\u200b40 qortime p\u00ebr ngas\u00ebsit me targa ilegale n\u00eb Jarinje"}]},{"@type":"WebSite","@id":"https:\/\/permbledhja.com\/#website","url":"https:\/\/permbledhja.com\/","name":"Ve\u00e7 artikuj p\u00ebrmbledh\u00ebs","description":"","publisher":{"@id":"https:\/\/permbledhja.com\/#organization"},"potentialAction":[{"@type":"SearchAction","target":{"@type":"EntryPoint","urlTemplate":"https:\/\/permbledhja.com\/?s={search_term_string}"},"query-input":"required name=search_term_string"}],"inLanguage":"sq"},{"@type":"Organization","@id":"https:\/\/permbledhja.com\/#organization","name":"MK Media & Pr","url":"https:\/\/permbledhja.com\/","logo":{"@type":"ImageObject","inLanguage":"sq","@id":"https:\/\/permbledhja.com\/#\/schema\/logo\/image\/","url":"https:\/\/permbledhja.com\/wp-content\/uploads\/2021\/12\/07-Press-Logo.jpg","contentUrl":"https:\/\/permbledhja.com\/wp-content\/uploads\/2021\/12\/07-Press-Logo.jpg","width":512,"height":512,"caption":"MK Media & Pr"},"image":{"@id":"https:\/\/permbledhja.com\/#\/schema\/logo\/image\/"},"sameAs":["https:\/\/www.facebook.com\/press07\/"]},{"@type":"Person","@id":"https:\/\/permbledhja.com\/#\/schema\/person\/0d064377258d3221e50693947b9eb4fe","name":"P\u00ebrmbledhja","image":{"@type":"ImageObject","inLanguage":"sq","@id":"https:\/\/permbledhja.com\/#\/schema\/person\/image\/","url":"https:\/\/permbledhja.com\/wp-content\/uploads\/2026\/01\/452004717_1040944174702970_8932037511805513407_n-96x96.jpg","contentUrl":"https:\/\/permbledhja.com\/wp-content\/uploads\/2026\/01\/452004717_1040944174702970_8932037511805513407_n-96x96.jpg","caption":"P\u00ebrmbledhja"},"sameAs":["https:\/\/www.facebook.com\/kafexhiu.muharrem\/","https:\/\/www.instagram.com\/muharrem_kafexhiu\/"],"url":"https:\/\/permbledhja.com\/sq\/author\/admin\/"}]}},"_links":{"self":[{"href":"https:\/\/permbledhja.com\/sq\/wp-json\/wp\/v2\/posts\/9129"}],"collection":[{"href":"https:\/\/permbledhja.com\/sq\/wp-json\/wp\/v2\/posts"}],"about":[{"href":"https:\/\/permbledhja.com\/sq\/wp-json\/wp\/v2\/types\/post"}],"author":[{"embeddable":true,"href":"https:\/\/permbledhja.com\/sq\/wp-json\/wp\/v2\/users\/1"}],"replies":[{"embeddable":true,"href":"https:\/\/permbledhja.com\/sq\/wp-json\/wp\/v2\/comments?post=9129"}],"version-history":[{"count":1,"href":"https:\/\/permbledhja.com\/sq\/wp-json\/wp\/v2\/posts\/9129\/revisions"}],"predecessor-version":[{"id":9131,"href":"https:\/\/permbledhja.com\/sq\/wp-json\/wp\/v2\/posts\/9129\/revisions\/9131"}],"wp:featuredmedia":[{"embeddable":true,"href":"https:\/\/permbledhja.com\/sq\/wp-json\/wp\/v2\/media\/9130"}],"wp:attachment":[{"href":"https:\/\/permbledhja.com\/sq\/wp-json\/wp\/v2\/media?parent=9129"}],"wp:term":[{"taxonomy":"category","embeddable":true,"href":"https:\/\/permbledhja.com\/sq\/wp-json\/wp\/v2\/categories?post=9129"},{"taxonomy":"post_tag","embeddable":true,"href":"https:\/\/permbledhja.com\/sq\/wp-json\/wp\/v2\/tags?post=9129"}],"curies":[{"name":"wp","href":"https:\/\/api.w.org\/{rel}","templated":true}]}}