{"id":9119,"date":"2022-11-01T12:13:03","date_gmt":"2022-11-01T12:13:03","guid":{"rendered":"https:\/\/permbledhja.com\/?p=9119"},"modified":"2022-11-01T12:13:03","modified_gmt":"2022-11-01T12:13:03","slug":"diplomati-britanik-kosova-dhe-shqiperia-do-te-bashkohen","status":"publish","type":"post","link":"https:\/\/permbledhja.com\/sq\/diplomati-britanik-kosova-dhe-shqiperia-do-te-bashkohen\/","title":{"rendered":"Diplomati britanik: Kosova dhe Shqip\u00ebria do t\u00eb bashkohen"},"content":{"rendered":"<p><strong>Timothy Less, diplomat britanik nga Qendra Gjeopolitike n\u00eb Universitetin Cambridge, mendon se n\u00eb nj\u00eb plan afatgjat\u00eb Kosova dhe Shqip\u00ebria mund t\u00eb bashkohen.<\/strong><\/p>\n<p>K\u00ebto komente ai i b\u00ebri n\u00eb nj\u00eb intervist\u00eb p\u00ebr televizioni T\u00ebv\u00eb1, ku tha se rreziku q\u00eb vjen Serbia po e shtyn Kosov\u00ebn af\u00ebr Shqip\u00ebris\u00eb. Ai shtoj se p\u00ebr k\u00ebt\u00eb ka edhe vullnet qytetar nga t\u00eb dyja vendet.<\/p>\n<p>Less thot\u00eb se rreziku q\u00eb po vjen nga Serbia, po e shtyn Kosov\u00ebn af\u00ebr Shqip\u00ebris\u00eb.<\/p>\n<p>P\u00ebrve\u00e7 k\u00ebsaj, britaniku thot\u00eb se ka vullnet nga qytetar\u00ebt e t\u00eb dyja vendeve q\u00eb t\u00eb b\u00ebhet bashkimi komb\u00ebtar.<\/p>\n<p>\u201cSa i p\u00ebrket Kosov\u00ebs dhe Shqip\u00ebris\u00eb, mendoj se t\u00eb dyja do t\u00eb bashkohen n\u00eb planin afatgjat\u00eb. Ato ndajn\u00eb nj\u00eb identitet t\u00eb p\u00ebrbashk\u00ebt- shqiptar, dhe shumica e njer\u00ebzve n\u00eb t\u00eb dy vendet duan t\u00eb formojn\u00eb nj\u00eb shtet t\u00eb vet\u00ebm shqiptar. Ka edhe shtyt\u00ebs t\u00eb duksh\u00ebm p\u00ebr k\u00ebt\u00eb proces, duke p\u00ebrfshir\u00eb var\u00ebsin\u00eb e Kosov\u00ebs nga Shqip\u00ebria p\u00ebr tregtin\u00eb me bot\u00ebn e jashtme dhe k\u00ebrc\u00ebnimi q\u00eb i vjen Kosov\u00ebs nga Serbia\u201d, u shpreh ai.<\/p>\n<p>Britaniku parasheh konflikte n\u00eb pjes\u00ebn veriore t\u00eb Kosov\u00ebs, q\u00eb sipas tij do t\u00eb prodhoj edhe rritje t\u00eb nacionalizmit serb.<\/p>\n<p>\u201cN\u00ebse kjo ndodh n\u00eb periudh\u00ebn afatshkurt\u00ebr dhe afatmesme, ndoshta do t\u00eb jet\u00eb p\u00ebr shkak t\u00eb nj\u00eb p\u00ebrplasjeje n\u00eb veri t\u00eb Kosov\u00ebs. Un\u00eb mund t\u00eb imagjinoj disa skenare n\u00eb t\u00eb cilat Kosova vazhdon t\u00eb mbroj\u00eb sovranitetin e saj mbi veriun, duke \u00e7uar n\u00eb nj\u00eb incident vdekjeprur\u00ebs me serb\u00ebt. Serbia m\u00eb pas hakmerret duke vendosur ushtrin\u00eb e saj n\u00eb veri t\u00eb Kosov\u00ebs dhe Kosova i afrohet Shqip\u00ebris\u00eb p\u00ebr mbrojtje. Serb\u00ebt e Bosnj\u00ebs m\u00eb pas mund t\u00eb shfryt\u00ebzojn\u00eb nj\u00eb rritje t\u00eb nacionalizmit n\u00eb Serbi p\u00ebr t\u00eb shpallur pavar\u00ebsin\u00eb e tyre. Mes nj\u00eb tronditjeje m\u00eb t\u00eb gjer\u00eb n\u00eb rajon, Kosova dhe Shqip\u00ebria bashkohen\u201d, shtoi ai.<\/p>\n<p>Tutje, diplomati e sheh nj\u00eb situat\u00eb shum\u00eb t\u00eb ndjeshme edhe n\u00eb Bosnje dhe Hercegovin\u00eb, ku nuk e p\u00ebrjashton mund\u00ebsin\u00eb p\u00ebr nj\u00eb riorganizim territorial t\u00eb vendit p\u00ebr shkak t\u00eb kroat\u00ebve dhe serb\u00ebve.<\/p>\n","protected":false},"excerpt":{"rendered":"<p>Timothy Less, diplomat britanik nga Qendra Gjeopolitike n\u00eb Universitetin Cambridge, mendon se n\u00eb nj\u00eb plan afatgjat\u00eb Kosova dhe Shqip\u00ebria mund t\u00eb bashkohen. K\u00ebto komente ai i b\u00ebri n\u00eb nj\u00eb intervist\u00eb p\u00ebr televizioni T\u00ebv\u00eb1, ku tha se rreziku q\u00eb vjen Serbia po e shtyn Kosov\u00ebn af\u00ebr Shqip\u00ebris\u00eb. Ai shtoj se p\u00ebr k\u00ebt\u00eb ka edhe vullnet qytetar [&hellip;]<\/p>\n","protected":false},"author":1,"featured_media":9120,"comment_status":"closed","ping_status":"closed","sticky":false,"template":"","format":"standard","meta":{"_monsterinsights_skip_tracking":false,"_monsterinsights_sitenote_active":false,"_monsterinsights_sitenote_note":"","_monsterinsights_sitenote_category":0,"_uf_show_specific_survey":0,"_uf_disable_surveys":false,"footnotes":""},"categories":[23,15],"tags":[],"yoast_head":"<!-- This site is optimized with the Yoast SEO plugin v21.5 - https:\/\/yoast.com\/wordpress\/plugins\/seo\/ -->\n<title>Diplomati britanik: Kosova dhe Shqip\u00ebria do t\u00eb bashkohen<\/title>\n<meta name=\"robots\" content=\"index, follow, max-snippet:-1, max-image-preview:large, max-video-preview:-1\" \/>\n<link rel=\"canonical\" href=\"https:\/\/permbledhja.com\/sq\/diplomati-britanik-kosova-dhe-shqiperia-do-te-bashkohen\/\" \/>\n<meta property=\"og:locale\" content=\"sq_AL\" \/>\n<meta property=\"og:type\" content=\"article\" \/>\n<meta property=\"og:title\" content=\"Diplomati britanik: Kosova dhe Shqip\u00ebria do t\u00eb bashkohen\" \/>\n<meta property=\"og:description\" content=\"Timothy Less, diplomat britanik nga Qendra Gjeopolitike n\u00eb Universitetin Cambridge, mendon se n\u00eb nj\u00eb plan afatgjat\u00eb Kosova dhe Shqip\u00ebria mund t\u00eb bashkohen. K\u00ebto komente ai i b\u00ebri n\u00eb nj\u00eb intervist\u00eb p\u00ebr televizioni T\u00ebv\u00eb1, ku tha se rreziku q\u00eb vjen Serbia po e shtyn Kosov\u00ebn af\u00ebr Shqip\u00ebris\u00eb. Ai shtoj se p\u00ebr k\u00ebt\u00eb ka edhe vullnet qytetar [&hellip;]\" \/>\n<meta property=\"og:url\" content=\"https:\/\/permbledhja.com\/sq\/diplomati-britanik-kosova-dhe-shqiperia-do-te-bashkohen\/\" \/>\n<meta property=\"og:site_name\" content=\"Ve\u00e7 artikuj p\u00ebrmbledh\u00ebs\" \/>\n<meta property=\"article:publisher\" content=\"https:\/\/www.facebook.com\/press07\/\" \/>\n<meta property=\"article:author\" content=\"https:\/\/www.facebook.com\/kafexhiu.muharrem\/\" \/>\n<meta property=\"article:published_time\" content=\"2022-11-01T12:13:03+00:00\" \/>\n<meta property=\"og:image\" content=\"https:\/\/permbledhja.com\/wp-content\/uploads\/2022\/11\/Timothy-Less.jpg\" \/>\n\t<meta property=\"og:image:width\" content=\"850\" \/>\n\t<meta property=\"og:image:height\" content=\"510\" \/>\n\t<meta property=\"og:image:type\" content=\"image\/jpeg\" \/>\n<meta name=\"author\" content=\"P\u00ebrmbledhja\" \/>\n<meta name=\"twitter:card\" content=\"summary_large_image\" \/>\n<meta name=\"twitter:label1\" content=\"Written by\" \/>\n\t<meta name=\"twitter:data1\" content=\"P\u00ebrmbledhja\" \/>\n\t<meta name=\"twitter:label2\" content=\"Est. reading time\" \/>\n\t<meta name=\"twitter:data2\" content=\"2 minuta\" \/>\n<script type=\"application\/ld+json\" class=\"yoast-schema-graph\">{\"@context\":\"https:\/\/schema.org\",\"@graph\":[{\"@type\":\"Article\",\"@id\":\"https:\/\/permbledhja.com\/diplomati-britanik-kosova-dhe-shqiperia-do-te-bashkohen\/#article\",\"isPartOf\":{\"@id\":\"https:\/\/permbledhja.com\/diplomati-britanik-kosova-dhe-shqiperia-do-te-bashkohen\/\"},\"author\":{\"name\":\"P\u00ebrmbledhja\",\"@id\":\"https:\/\/permbledhja.com\/#\/schema\/person\/0d064377258d3221e50693947b9eb4fe\"},\"headline\":\"Diplomati britanik: Kosova dhe Shqip\u00ebria do t\u00eb bashkohen\",\"datePublished\":\"2022-11-01T12:13:03+00:00\",\"dateModified\":\"2022-11-01T12:13:03+00:00\",\"mainEntityOfPage\":{\"@id\":\"https:\/\/permbledhja.com\/diplomati-britanik-kosova-dhe-shqiperia-do-te-bashkohen\/\"},\"wordCount\":386,\"publisher\":{\"@id\":\"https:\/\/permbledhja.com\/#organization\"},\"articleSection\":[\"Komb\u00ebtare\",\"Lajme\"],\"inLanguage\":\"sq\"},{\"@type\":\"WebPage\",\"@id\":\"https:\/\/permbledhja.com\/diplomati-britanik-kosova-dhe-shqiperia-do-te-bashkohen\/\",\"url\":\"https:\/\/permbledhja.com\/diplomati-britanik-kosova-dhe-shqiperia-do-te-bashkohen\/\",\"name\":\"Diplomati britanik: Kosova dhe Shqip\u00ebria do t\u00eb bashkohen\",\"isPartOf\":{\"@id\":\"https:\/\/permbledhja.com\/#website\"},\"datePublished\":\"2022-11-01T12:13:03+00:00\",\"dateModified\":\"2022-11-01T12:13:03+00:00\",\"breadcrumb\":{\"@id\":\"https:\/\/permbledhja.com\/diplomati-britanik-kosova-dhe-shqiperia-do-te-bashkohen\/#breadcrumb\"},\"inLanguage\":\"sq\",\"potentialAction\":[{\"@type\":\"ReadAction\",\"target\":[\"https:\/\/permbledhja.com\/diplomati-britanik-kosova-dhe-shqiperia-do-te-bashkohen\/\"]}]},{\"@type\":\"BreadcrumbList\",\"@id\":\"https:\/\/permbledhja.com\/diplomati-britanik-kosova-dhe-shqiperia-do-te-bashkohen\/#breadcrumb\",\"itemListElement\":[{\"@type\":\"ListItem\",\"position\":1,\"name\":\"Ballina\",\"item\":\"https:\/\/permbledhja.com\/sq\/\"},{\"@type\":\"ListItem\",\"position\":2,\"name\":\"Diplomati britanik: Kosova dhe Shqip\u00ebria do t\u00eb bashkohen\"}]},{\"@type\":\"WebSite\",\"@id\":\"https:\/\/permbledhja.com\/#website\",\"url\":\"https:\/\/permbledhja.com\/\",\"name\":\"Ve\u00e7 artikuj p\u00ebrmbledh\u00ebs\",\"description\":\"\",\"publisher\":{\"@id\":\"https:\/\/permbledhja.com\/#organization\"},\"potentialAction\":[{\"@type\":\"SearchAction\",\"target\":{\"@type\":\"EntryPoint\",\"urlTemplate\":\"https:\/\/permbledhja.com\/?s={search_term_string}\"},\"query-input\":\"required name=search_term_string\"}],\"inLanguage\":\"sq\"},{\"@type\":\"Organization\",\"@id\":\"https:\/\/permbledhja.com\/#organization\",\"name\":\"MK Media & Pr\",\"url\":\"https:\/\/permbledhja.com\/\",\"logo\":{\"@type\":\"ImageObject\",\"inLanguage\":\"sq\",\"@id\":\"https:\/\/permbledhja.com\/#\/schema\/logo\/image\/\",\"url\":\"https:\/\/permbledhja.com\/wp-content\/uploads\/2021\/12\/07-Press-Logo.jpg\",\"contentUrl\":\"https:\/\/permbledhja.com\/wp-content\/uploads\/2021\/12\/07-Press-Logo.jpg\",\"width\":512,\"height\":512,\"caption\":\"MK Media & Pr\"},\"image\":{\"@id\":\"https:\/\/permbledhja.com\/#\/schema\/logo\/image\/\"},\"sameAs\":[\"https:\/\/www.facebook.com\/press07\/\"]},{\"@type\":\"Person\",\"@id\":\"https:\/\/permbledhja.com\/#\/schema\/person\/0d064377258d3221e50693947b9eb4fe\",\"name\":\"P\u00ebrmbledhja\",\"image\":{\"@type\":\"ImageObject\",\"inLanguage\":\"sq\",\"@id\":\"https:\/\/permbledhja.com\/#\/schema\/person\/image\/\",\"url\":\"https:\/\/permbledhja.com\/wp-content\/uploads\/2026\/01\/452004717_1040944174702970_8932037511805513407_n-96x96.jpg\",\"contentUrl\":\"https:\/\/permbledhja.com\/wp-content\/uploads\/2026\/01\/452004717_1040944174702970_8932037511805513407_n-96x96.jpg\",\"caption\":\"P\u00ebrmbledhja\"},\"sameAs\":[\"https:\/\/www.facebook.com\/kafexhiu.muharrem\/\",\"https:\/\/www.instagram.com\/muharrem_kafexhiu\/\"],\"url\":\"https:\/\/permbledhja.com\/sq\/author\/admin\/\"}]}<\/script>\n<!-- \/ Yoast SEO plugin. -->","yoast_head_json":{"title":"Diplomati britanik: Kosova dhe Shqip\u00ebria do t\u00eb bashkohen","robots":{"index":"index","follow":"follow","max-snippet":"max-snippet:-1","max-image-preview":"max-image-preview:large","max-video-preview":"max-video-preview:-1"},"canonical":"https:\/\/permbledhja.com\/sq\/diplomati-britanik-kosova-dhe-shqiperia-do-te-bashkohen\/","og_locale":"sq_AL","og_type":"article","og_title":"Diplomati britanik: Kosova dhe Shqip\u00ebria do t\u00eb bashkohen","og_description":"Timothy Less, diplomat britanik nga Qendra Gjeopolitike n\u00eb Universitetin Cambridge, mendon se n\u00eb nj\u00eb plan afatgjat\u00eb Kosova dhe Shqip\u00ebria mund t\u00eb bashkohen. K\u00ebto komente ai i b\u00ebri n\u00eb nj\u00eb intervist\u00eb p\u00ebr televizioni T\u00ebv\u00eb1, ku tha se rreziku q\u00eb vjen Serbia po e shtyn Kosov\u00ebn af\u00ebr Shqip\u00ebris\u00eb. Ai shtoj se p\u00ebr k\u00ebt\u00eb ka edhe vullnet qytetar [&hellip;]","og_url":"https:\/\/permbledhja.com\/sq\/diplomati-britanik-kosova-dhe-shqiperia-do-te-bashkohen\/","og_site_name":"Ve\u00e7 artikuj p\u00ebrmbledh\u00ebs","article_publisher":"https:\/\/www.facebook.com\/press07\/","article_author":"https:\/\/www.facebook.com\/kafexhiu.muharrem\/","article_published_time":"2022-11-01T12:13:03+00:00","og_image":[{"width":850,"height":510,"url":"https:\/\/permbledhja.com\/wp-content\/uploads\/2022\/11\/Timothy-Less.jpg","type":"image\/jpeg"}],"author":"P\u00ebrmbledhja","twitter_card":"summary_large_image","twitter_misc":{"Written by":"P\u00ebrmbledhja","Est. reading time":"2 minuta"},"schema":{"@context":"https:\/\/schema.org","@graph":[{"@type":"Article","@id":"https:\/\/permbledhja.com\/diplomati-britanik-kosova-dhe-shqiperia-do-te-bashkohen\/#article","isPartOf":{"@id":"https:\/\/permbledhja.com\/diplomati-britanik-kosova-dhe-shqiperia-do-te-bashkohen\/"},"author":{"name":"P\u00ebrmbledhja","@id":"https:\/\/permbledhja.com\/#\/schema\/person\/0d064377258d3221e50693947b9eb4fe"},"headline":"Diplomati britanik: Kosova dhe Shqip\u00ebria do t\u00eb bashkohen","datePublished":"2022-11-01T12:13:03+00:00","dateModified":"2022-11-01T12:13:03+00:00","mainEntityOfPage":{"@id":"https:\/\/permbledhja.com\/diplomati-britanik-kosova-dhe-shqiperia-do-te-bashkohen\/"},"wordCount":386,"publisher":{"@id":"https:\/\/permbledhja.com\/#organization"},"articleSection":["Komb\u00ebtare","Lajme"],"inLanguage":"sq"},{"@type":"WebPage","@id":"https:\/\/permbledhja.com\/diplomati-britanik-kosova-dhe-shqiperia-do-te-bashkohen\/","url":"https:\/\/permbledhja.com\/diplomati-britanik-kosova-dhe-shqiperia-do-te-bashkohen\/","name":"Diplomati britanik: Kosova dhe Shqip\u00ebria do t\u00eb bashkohen","isPartOf":{"@id":"https:\/\/permbledhja.com\/#website"},"datePublished":"2022-11-01T12:13:03+00:00","dateModified":"2022-11-01T12:13:03+00:00","breadcrumb":{"@id":"https:\/\/permbledhja.com\/diplomati-britanik-kosova-dhe-shqiperia-do-te-bashkohen\/#breadcrumb"},"inLanguage":"sq","potentialAction":[{"@type":"ReadAction","target":["https:\/\/permbledhja.com\/diplomati-britanik-kosova-dhe-shqiperia-do-te-bashkohen\/"]}]},{"@type":"BreadcrumbList","@id":"https:\/\/permbledhja.com\/diplomati-britanik-kosova-dhe-shqiperia-do-te-bashkohen\/#breadcrumb","itemListElement":[{"@type":"ListItem","position":1,"name":"Ballina","item":"https:\/\/permbledhja.com\/sq\/"},{"@type":"ListItem","position":2,"name":"Diplomati britanik: Kosova dhe Shqip\u00ebria do t\u00eb bashkohen"}]},{"@type":"WebSite","@id":"https:\/\/permbledhja.com\/#website","url":"https:\/\/permbledhja.com\/","name":"Ve\u00e7 artikuj p\u00ebrmbledh\u00ebs","description":"","publisher":{"@id":"https:\/\/permbledhja.com\/#organization"},"potentialAction":[{"@type":"SearchAction","target":{"@type":"EntryPoint","urlTemplate":"https:\/\/permbledhja.com\/?s={search_term_string}"},"query-input":"required name=search_term_string"}],"inLanguage":"sq"},{"@type":"Organization","@id":"https:\/\/permbledhja.com\/#organization","name":"MK Media & Pr","url":"https:\/\/permbledhja.com\/","logo":{"@type":"ImageObject","inLanguage":"sq","@id":"https:\/\/permbledhja.com\/#\/schema\/logo\/image\/","url":"https:\/\/permbledhja.com\/wp-content\/uploads\/2021\/12\/07-Press-Logo.jpg","contentUrl":"https:\/\/permbledhja.com\/wp-content\/uploads\/2021\/12\/07-Press-Logo.jpg","width":512,"height":512,"caption":"MK Media & Pr"},"image":{"@id":"https:\/\/permbledhja.com\/#\/schema\/logo\/image\/"},"sameAs":["https:\/\/www.facebook.com\/press07\/"]},{"@type":"Person","@id":"https:\/\/permbledhja.com\/#\/schema\/person\/0d064377258d3221e50693947b9eb4fe","name":"P\u00ebrmbledhja","image":{"@type":"ImageObject","inLanguage":"sq","@id":"https:\/\/permbledhja.com\/#\/schema\/person\/image\/","url":"https:\/\/permbledhja.com\/wp-content\/uploads\/2026\/01\/452004717_1040944174702970_8932037511805513407_n-96x96.jpg","contentUrl":"https:\/\/permbledhja.com\/wp-content\/uploads\/2026\/01\/452004717_1040944174702970_8932037511805513407_n-96x96.jpg","caption":"P\u00ebrmbledhja"},"sameAs":["https:\/\/www.facebook.com\/kafexhiu.muharrem\/","https:\/\/www.instagram.com\/muharrem_kafexhiu\/"],"url":"https:\/\/permbledhja.com\/sq\/author\/admin\/"}]}},"_links":{"self":[{"href":"https:\/\/permbledhja.com\/sq\/wp-json\/wp\/v2\/posts\/9119"}],"collection":[{"href":"https:\/\/permbledhja.com\/sq\/wp-json\/wp\/v2\/posts"}],"about":[{"href":"https:\/\/permbledhja.com\/sq\/wp-json\/wp\/v2\/types\/post"}],"author":[{"embeddable":true,"href":"https:\/\/permbledhja.com\/sq\/wp-json\/wp\/v2\/users\/1"}],"replies":[{"embeddable":true,"href":"https:\/\/permbledhja.com\/sq\/wp-json\/wp\/v2\/comments?post=9119"}],"version-history":[{"count":1,"href":"https:\/\/permbledhja.com\/sq\/wp-json\/wp\/v2\/posts\/9119\/revisions"}],"predecessor-version":[{"id":9121,"href":"https:\/\/permbledhja.com\/sq\/wp-json\/wp\/v2\/posts\/9119\/revisions\/9121"}],"wp:featuredmedia":[{"embeddable":true,"href":"https:\/\/permbledhja.com\/sq\/wp-json\/wp\/v2\/media\/9120"}],"wp:attachment":[{"href":"https:\/\/permbledhja.com\/sq\/wp-json\/wp\/v2\/media?parent=9119"}],"wp:term":[{"taxonomy":"category","embeddable":true,"href":"https:\/\/permbledhja.com\/sq\/wp-json\/wp\/v2\/categories?post=9119"},{"taxonomy":"post_tag","embeddable":true,"href":"https:\/\/permbledhja.com\/sq\/wp-json\/wp\/v2\/tags?post=9119"}],"curies":[{"name":"wp","href":"https:\/\/api.w.org\/{rel}","templated":true}]}}