{"id":8951,"date":"2022-10-30T08:49:04","date_gmt":"2022-10-30T08:49:04","guid":{"rendered":"https:\/\/permbledhja.com\/?p=8951"},"modified":"2022-10-30T08:49:04","modified_gmt":"2022-10-30T08:49:04","slug":"propozohet-takse-per-hyrje-ne-prishtine-5-deri-ne-10-euro","status":"publish","type":"post","link":"https:\/\/permbledhja.com\/sq\/propozohet-takse-per-hyrje-ne-prishtine-5-deri-ne-10-euro\/","title":{"rendered":"Propozohet taks\u00eb p\u00ebr hyrje n\u00eb Prishtin\u00eb &#8211; 5 deri n\u00eb 10 euro"},"content":{"rendered":"<p><strong>Valon Prestreshi, ish-kryetar i Autoritetit Kosovar t\u00eb Konkurrenc\u00ebs, ka komentuar eksperimentin me qarkullim nj\u00ebkahor t\u00eb kryetarit t\u00eb Prishtin\u00ebs, P\u00ebrparim Rama.<\/strong><\/p>\n<p>Ai ka th\u00ebn\u00eb se k\u00ebt\u00eb t\u00eb diele nuk ka trafik, andaj unaza po funksionon mir\u00eb.<\/p>\n<p>\u201cPo sot e diele dhe nuk ka trafik, dhe unaza po funksionon sa m\u00eb mir\u00eb\u201d, vler\u00ebsoi ai.<\/p>\n<p>Ish-kryetari i AKK, q\u00eb \u00ebsht\u00eb i af\u00ebrt me LDK-n\u00eb, e cila udh\u00ebheq me Prishtin\u00ebn tha se Rama duhet t\u00eb mos e ndaloj\u00eb k\u00ebt\u00eb rregullim t\u00eb trafikut.<\/p>\n<p>Madje, z.Prestreshi ka b\u00ebr\u00eb edhe nj\u00eb sugjerim, duke shkruar se duhet t\u00eb ket\u00eb nj\u00eb taks\u00eb p\u00ebr t\u00eb hyr\u00eb n\u00eb kryeqytet.<\/p>\n<p>\u201cPikat e rampave gjithashtu! Tash ve\u00e7 qitne n\u00eb Kuvend Komunal taksem p\u00ebr me hy n\u00eb kryqytet, 10 euro apo 5!\u201d, shkroi nd\u00ebr t\u00eb tjera z.Prestreshi.<\/p>\n<p><img loading=\"lazy\" decoding=\"async\" src=\"https:\/\/permbledhja.com\/wp-content\/uploads\/2022\/10\/313483001_797036698251792_9158892269524218032_n.jpg\" alt=\"\" width=\"1080\" height=\"1077\" class=\"alignnone size-full wp-image-8953\" srcset=\"https:\/\/permbledhja.com\/wp-content\/uploads\/2022\/10\/313483001_797036698251792_9158892269524218032_n.jpg 1080w, https:\/\/permbledhja.com\/wp-content\/uploads\/2022\/10\/313483001_797036698251792_9158892269524218032_n-300x300.jpg 300w, https:\/\/permbledhja.com\/wp-content\/uploads\/2022\/10\/313483001_797036698251792_9158892269524218032_n-1024x1021.jpg 1024w, https:\/\/permbledhja.com\/wp-content\/uploads\/2022\/10\/313483001_797036698251792_9158892269524218032_n-150x150.jpg 150w, https:\/\/permbledhja.com\/wp-content\/uploads\/2022\/10\/313483001_797036698251792_9158892269524218032_n-768x766.jpg 768w, https:\/\/permbledhja.com\/wp-content\/uploads\/2022\/10\/313483001_797036698251792_9158892269524218032_n-12x12.jpg 12w, https:\/\/permbledhja.com\/wp-content\/uploads\/2022\/10\/313483001_797036698251792_9158892269524218032_n-400x400.jpg 400w\" sizes=\"(max-width: 1080px) 100vw, 1080px\" \/><\/p>\n","protected":false},"excerpt":{"rendered":"<p>Valon Prestreshi, ish-kryetar i Autoritetit Kosovar t\u00eb Konkurrenc\u00ebs, ka komentuar eksperimentin me qarkullim nj\u00ebkahor t\u00eb kryetarit t\u00eb Prishtin\u00ebs, P\u00ebrparim Rama. Ai ka th\u00ebn\u00eb se k\u00ebt\u00eb t\u00eb diele nuk ka trafik, andaj unaza po funksionon mir\u00eb. \u201cPo sot e diele dhe nuk ka trafik, dhe unaza po funksionon sa m\u00eb mir\u00eb\u201d, vler\u00ebsoi ai. Ish-kryetari i AKK, [&hellip;]<\/p>\n","protected":false},"author":1,"featured_media":8952,"comment_status":"closed","ping_status":"closed","sticky":false,"template":"","format":"standard","meta":{"_monsterinsights_skip_tracking":false,"_monsterinsights_sitenote_active":false,"_monsterinsights_sitenote_note":"","_monsterinsights_sitenote_category":0,"_uf_show_specific_survey":0,"_uf_disable_surveys":false,"footnotes":""},"categories":[23,15],"tags":[585],"yoast_head":"<!-- This site is optimized with the Yoast SEO plugin v21.5 - https:\/\/yoast.com\/wordpress\/plugins\/seo\/ -->\n<title>Propozohet taks\u00eb p\u00ebr hyrje n\u00eb Prishtin\u00eb - 5 deri n\u00eb 10 euro<\/title>\n<meta name=\"robots\" content=\"index, follow, max-snippet:-1, max-image-preview:large, max-video-preview:-1\" \/>\n<link rel=\"canonical\" href=\"https:\/\/permbledhja.com\/sq\/propozohet-takse-per-hyrje-ne-prishtine-5-deri-ne-10-euro\/\" \/>\n<meta property=\"og:locale\" content=\"sq_AL\" \/>\n<meta property=\"og:type\" content=\"article\" \/>\n<meta property=\"og:title\" content=\"Propozohet taks\u00eb p\u00ebr hyrje n\u00eb Prishtin\u00eb - 5 deri n\u00eb 10 euro\" \/>\n<meta property=\"og:description\" content=\"Valon Prestreshi, ish-kryetar i Autoritetit Kosovar t\u00eb Konkurrenc\u00ebs, ka komentuar eksperimentin me qarkullim nj\u00ebkahor t\u00eb kryetarit t\u00eb Prishtin\u00ebs, P\u00ebrparim Rama. Ai ka th\u00ebn\u00eb se k\u00ebt\u00eb t\u00eb diele nuk ka trafik, andaj unaza po funksionon mir\u00eb. \u201cPo sot e diele dhe nuk ka trafik, dhe unaza po funksionon sa m\u00eb mir\u00eb\u201d, vler\u00ebsoi ai. Ish-kryetari i AKK, [&hellip;]\" \/>\n<meta property=\"og:url\" content=\"https:\/\/permbledhja.com\/sq\/propozohet-takse-per-hyrje-ne-prishtine-5-deri-ne-10-euro\/\" \/>\n<meta property=\"og:site_name\" content=\"Ve\u00e7 artikuj p\u00ebrmbledh\u00ebs\" \/>\n<meta property=\"article:publisher\" content=\"https:\/\/www.facebook.com\/press07\/\" \/>\n<meta property=\"article:author\" content=\"https:\/\/www.facebook.com\/kafexhiu.muharrem\/\" \/>\n<meta property=\"article:published_time\" content=\"2022-10-30T08:49:04+00:00\" \/>\n<meta property=\"og:image\" content=\"https:\/\/permbledhja.com\/wp-content\/uploads\/2022\/10\/prishtina-696x432-1.jpg\" \/>\n\t<meta property=\"og:image:width\" content=\"696\" \/>\n\t<meta property=\"og:image:height\" content=\"432\" \/>\n\t<meta property=\"og:image:type\" content=\"image\/jpeg\" \/>\n<meta name=\"author\" content=\"P\u00ebrmbledhja\" \/>\n<meta name=\"twitter:card\" content=\"summary_large_image\" \/>\n<meta name=\"twitter:label1\" content=\"Written by\" \/>\n\t<meta name=\"twitter:data1\" content=\"P\u00ebrmbledhja\" \/>\n\t<meta name=\"twitter:label2\" content=\"Est. reading time\" \/>\n\t<meta name=\"twitter:data2\" content=\"1 minut\u00eb\" \/>\n<script type=\"application\/ld+json\" class=\"yoast-schema-graph\">{\"@context\":\"https:\/\/schema.org\",\"@graph\":[{\"@type\":\"Article\",\"@id\":\"https:\/\/permbledhja.com\/propozohet-takse-per-hyrje-ne-prishtine-5-deri-ne-10-euro\/#article\",\"isPartOf\":{\"@id\":\"https:\/\/permbledhja.com\/propozohet-takse-per-hyrje-ne-prishtine-5-deri-ne-10-euro\/\"},\"author\":{\"name\":\"P\u00ebrmbledhja\",\"@id\":\"https:\/\/permbledhja.com\/#\/schema\/person\/0d064377258d3221e50693947b9eb4fe\"},\"headline\":\"Propozohet taks\u00eb p\u00ebr hyrje n\u00eb Prishtin\u00eb &#8211; 5 deri n\u00eb 10 euro\",\"datePublished\":\"2022-10-30T08:49:04+00:00\",\"dateModified\":\"2022-10-30T08:49:04+00:00\",\"mainEntityOfPage\":{\"@id\":\"https:\/\/permbledhja.com\/propozohet-takse-per-hyrje-ne-prishtine-5-deri-ne-10-euro\/\"},\"wordCount\":149,\"publisher\":{\"@id\":\"https:\/\/permbledhja.com\/#organization\"},\"keywords\":[\"Taks\u00eb\"],\"articleSection\":[\"Komb\u00ebtare\",\"Lajme\"],\"inLanguage\":\"sq\"},{\"@type\":\"WebPage\",\"@id\":\"https:\/\/permbledhja.com\/propozohet-takse-per-hyrje-ne-prishtine-5-deri-ne-10-euro\/\",\"url\":\"https:\/\/permbledhja.com\/propozohet-takse-per-hyrje-ne-prishtine-5-deri-ne-10-euro\/\",\"name\":\"Propozohet taks\u00eb p\u00ebr hyrje n\u00eb Prishtin\u00eb - 5 deri n\u00eb 10 euro\",\"isPartOf\":{\"@id\":\"https:\/\/permbledhja.com\/#website\"},\"datePublished\":\"2022-10-30T08:49:04+00:00\",\"dateModified\":\"2022-10-30T08:49:04+00:00\",\"breadcrumb\":{\"@id\":\"https:\/\/permbledhja.com\/propozohet-takse-per-hyrje-ne-prishtine-5-deri-ne-10-euro\/#breadcrumb\"},\"inLanguage\":\"sq\",\"potentialAction\":[{\"@type\":\"ReadAction\",\"target\":[\"https:\/\/permbledhja.com\/propozohet-takse-per-hyrje-ne-prishtine-5-deri-ne-10-euro\/\"]}]},{\"@type\":\"BreadcrumbList\",\"@id\":\"https:\/\/permbledhja.com\/propozohet-takse-per-hyrje-ne-prishtine-5-deri-ne-10-euro\/#breadcrumb\",\"itemListElement\":[{\"@type\":\"ListItem\",\"position\":1,\"name\":\"Ballina\",\"item\":\"https:\/\/permbledhja.com\/sq\/\"},{\"@type\":\"ListItem\",\"position\":2,\"name\":\"Propozohet taks\u00eb p\u00ebr hyrje n\u00eb Prishtin\u00eb &#8211; 5 deri n\u00eb 10 euro\"}]},{\"@type\":\"WebSite\",\"@id\":\"https:\/\/permbledhja.com\/#website\",\"url\":\"https:\/\/permbledhja.com\/\",\"name\":\"Ve\u00e7 artikuj p\u00ebrmbledh\u00ebs\",\"description\":\"\",\"publisher\":{\"@id\":\"https:\/\/permbledhja.com\/#organization\"},\"potentialAction\":[{\"@type\":\"SearchAction\",\"target\":{\"@type\":\"EntryPoint\",\"urlTemplate\":\"https:\/\/permbledhja.com\/?s={search_term_string}\"},\"query-input\":\"required name=search_term_string\"}],\"inLanguage\":\"sq\"},{\"@type\":\"Organization\",\"@id\":\"https:\/\/permbledhja.com\/#organization\",\"name\":\"MK Media & Pr\",\"url\":\"https:\/\/permbledhja.com\/\",\"logo\":{\"@type\":\"ImageObject\",\"inLanguage\":\"sq\",\"@id\":\"https:\/\/permbledhja.com\/#\/schema\/logo\/image\/\",\"url\":\"https:\/\/permbledhja.com\/wp-content\/uploads\/2021\/12\/07-Press-Logo.jpg\",\"contentUrl\":\"https:\/\/permbledhja.com\/wp-content\/uploads\/2021\/12\/07-Press-Logo.jpg\",\"width\":512,\"height\":512,\"caption\":\"MK Media & Pr\"},\"image\":{\"@id\":\"https:\/\/permbledhja.com\/#\/schema\/logo\/image\/\"},\"sameAs\":[\"https:\/\/www.facebook.com\/press07\/\"]},{\"@type\":\"Person\",\"@id\":\"https:\/\/permbledhja.com\/#\/schema\/person\/0d064377258d3221e50693947b9eb4fe\",\"name\":\"P\u00ebrmbledhja\",\"image\":{\"@type\":\"ImageObject\",\"inLanguage\":\"sq\",\"@id\":\"https:\/\/permbledhja.com\/#\/schema\/person\/image\/\",\"url\":\"https:\/\/permbledhja.com\/wp-content\/uploads\/2026\/01\/452004717_1040944174702970_8932037511805513407_n-96x96.jpg\",\"contentUrl\":\"https:\/\/permbledhja.com\/wp-content\/uploads\/2026\/01\/452004717_1040944174702970_8932037511805513407_n-96x96.jpg\",\"caption\":\"P\u00ebrmbledhja\"},\"sameAs\":[\"https:\/\/www.facebook.com\/kafexhiu.muharrem\/\",\"https:\/\/www.instagram.com\/muharrem_kafexhiu\/\"],\"url\":\"https:\/\/permbledhja.com\/sq\/author\/admin\/\"}]}<\/script>\n<!-- \/ Yoast SEO plugin. -->","yoast_head_json":{"title":"Propozohet taks\u00eb p\u00ebr hyrje n\u00eb Prishtin\u00eb - 5 deri n\u00eb 10 euro","robots":{"index":"index","follow":"follow","max-snippet":"max-snippet:-1","max-image-preview":"max-image-preview:large","max-video-preview":"max-video-preview:-1"},"canonical":"https:\/\/permbledhja.com\/sq\/propozohet-takse-per-hyrje-ne-prishtine-5-deri-ne-10-euro\/","og_locale":"sq_AL","og_type":"article","og_title":"Propozohet taks\u00eb p\u00ebr hyrje n\u00eb Prishtin\u00eb - 5 deri n\u00eb 10 euro","og_description":"Valon Prestreshi, ish-kryetar i Autoritetit Kosovar t\u00eb Konkurrenc\u00ebs, ka komentuar eksperimentin me qarkullim nj\u00ebkahor t\u00eb kryetarit t\u00eb Prishtin\u00ebs, P\u00ebrparim Rama. Ai ka th\u00ebn\u00eb se k\u00ebt\u00eb t\u00eb diele nuk ka trafik, andaj unaza po funksionon mir\u00eb. \u201cPo sot e diele dhe nuk ka trafik, dhe unaza po funksionon sa m\u00eb mir\u00eb\u201d, vler\u00ebsoi ai. Ish-kryetari i AKK, [&hellip;]","og_url":"https:\/\/permbledhja.com\/sq\/propozohet-takse-per-hyrje-ne-prishtine-5-deri-ne-10-euro\/","og_site_name":"Ve\u00e7 artikuj p\u00ebrmbledh\u00ebs","article_publisher":"https:\/\/www.facebook.com\/press07\/","article_author":"https:\/\/www.facebook.com\/kafexhiu.muharrem\/","article_published_time":"2022-10-30T08:49:04+00:00","og_image":[{"width":696,"height":432,"url":"https:\/\/permbledhja.com\/wp-content\/uploads\/2022\/10\/prishtina-696x432-1.jpg","type":"image\/jpeg"}],"author":"P\u00ebrmbledhja","twitter_card":"summary_large_image","twitter_misc":{"Written by":"P\u00ebrmbledhja","Est. reading time":"1 minut\u00eb"},"schema":{"@context":"https:\/\/schema.org","@graph":[{"@type":"Article","@id":"https:\/\/permbledhja.com\/propozohet-takse-per-hyrje-ne-prishtine-5-deri-ne-10-euro\/#article","isPartOf":{"@id":"https:\/\/permbledhja.com\/propozohet-takse-per-hyrje-ne-prishtine-5-deri-ne-10-euro\/"},"author":{"name":"P\u00ebrmbledhja","@id":"https:\/\/permbledhja.com\/#\/schema\/person\/0d064377258d3221e50693947b9eb4fe"},"headline":"Propozohet taks\u00eb p\u00ebr hyrje n\u00eb Prishtin\u00eb &#8211; 5 deri n\u00eb 10 euro","datePublished":"2022-10-30T08:49:04+00:00","dateModified":"2022-10-30T08:49:04+00:00","mainEntityOfPage":{"@id":"https:\/\/permbledhja.com\/propozohet-takse-per-hyrje-ne-prishtine-5-deri-ne-10-euro\/"},"wordCount":149,"publisher":{"@id":"https:\/\/permbledhja.com\/#organization"},"keywords":["Taks\u00eb"],"articleSection":["Komb\u00ebtare","Lajme"],"inLanguage":"sq"},{"@type":"WebPage","@id":"https:\/\/permbledhja.com\/propozohet-takse-per-hyrje-ne-prishtine-5-deri-ne-10-euro\/","url":"https:\/\/permbledhja.com\/propozohet-takse-per-hyrje-ne-prishtine-5-deri-ne-10-euro\/","name":"Propozohet taks\u00eb p\u00ebr hyrje n\u00eb Prishtin\u00eb - 5 deri n\u00eb 10 euro","isPartOf":{"@id":"https:\/\/permbledhja.com\/#website"},"datePublished":"2022-10-30T08:49:04+00:00","dateModified":"2022-10-30T08:49:04+00:00","breadcrumb":{"@id":"https:\/\/permbledhja.com\/propozohet-takse-per-hyrje-ne-prishtine-5-deri-ne-10-euro\/#breadcrumb"},"inLanguage":"sq","potentialAction":[{"@type":"ReadAction","target":["https:\/\/permbledhja.com\/propozohet-takse-per-hyrje-ne-prishtine-5-deri-ne-10-euro\/"]}]},{"@type":"BreadcrumbList","@id":"https:\/\/permbledhja.com\/propozohet-takse-per-hyrje-ne-prishtine-5-deri-ne-10-euro\/#breadcrumb","itemListElement":[{"@type":"ListItem","position":1,"name":"Ballina","item":"https:\/\/permbledhja.com\/sq\/"},{"@type":"ListItem","position":2,"name":"Propozohet taks\u00eb p\u00ebr hyrje n\u00eb Prishtin\u00eb &#8211; 5 deri n\u00eb 10 euro"}]},{"@type":"WebSite","@id":"https:\/\/permbledhja.com\/#website","url":"https:\/\/permbledhja.com\/","name":"Ve\u00e7 artikuj p\u00ebrmbledh\u00ebs","description":"","publisher":{"@id":"https:\/\/permbledhja.com\/#organization"},"potentialAction":[{"@type":"SearchAction","target":{"@type":"EntryPoint","urlTemplate":"https:\/\/permbledhja.com\/?s={search_term_string}"},"query-input":"required name=search_term_string"}],"inLanguage":"sq"},{"@type":"Organization","@id":"https:\/\/permbledhja.com\/#organization","name":"MK Media & Pr","url":"https:\/\/permbledhja.com\/","logo":{"@type":"ImageObject","inLanguage":"sq","@id":"https:\/\/permbledhja.com\/#\/schema\/logo\/image\/","url":"https:\/\/permbledhja.com\/wp-content\/uploads\/2021\/12\/07-Press-Logo.jpg","contentUrl":"https:\/\/permbledhja.com\/wp-content\/uploads\/2021\/12\/07-Press-Logo.jpg","width":512,"height":512,"caption":"MK Media & Pr"},"image":{"@id":"https:\/\/permbledhja.com\/#\/schema\/logo\/image\/"},"sameAs":["https:\/\/www.facebook.com\/press07\/"]},{"@type":"Person","@id":"https:\/\/permbledhja.com\/#\/schema\/person\/0d064377258d3221e50693947b9eb4fe","name":"P\u00ebrmbledhja","image":{"@type":"ImageObject","inLanguage":"sq","@id":"https:\/\/permbledhja.com\/#\/schema\/person\/image\/","url":"https:\/\/permbledhja.com\/wp-content\/uploads\/2026\/01\/452004717_1040944174702970_8932037511805513407_n-96x96.jpg","contentUrl":"https:\/\/permbledhja.com\/wp-content\/uploads\/2026\/01\/452004717_1040944174702970_8932037511805513407_n-96x96.jpg","caption":"P\u00ebrmbledhja"},"sameAs":["https:\/\/www.facebook.com\/kafexhiu.muharrem\/","https:\/\/www.instagram.com\/muharrem_kafexhiu\/"],"url":"https:\/\/permbledhja.com\/sq\/author\/admin\/"}]}},"_links":{"self":[{"href":"https:\/\/permbledhja.com\/sq\/wp-json\/wp\/v2\/posts\/8951"}],"collection":[{"href":"https:\/\/permbledhja.com\/sq\/wp-json\/wp\/v2\/posts"}],"about":[{"href":"https:\/\/permbledhja.com\/sq\/wp-json\/wp\/v2\/types\/post"}],"author":[{"embeddable":true,"href":"https:\/\/permbledhja.com\/sq\/wp-json\/wp\/v2\/users\/1"}],"replies":[{"embeddable":true,"href":"https:\/\/permbledhja.com\/sq\/wp-json\/wp\/v2\/comments?post=8951"}],"version-history":[{"count":1,"href":"https:\/\/permbledhja.com\/sq\/wp-json\/wp\/v2\/posts\/8951\/revisions"}],"predecessor-version":[{"id":8954,"href":"https:\/\/permbledhja.com\/sq\/wp-json\/wp\/v2\/posts\/8951\/revisions\/8954"}],"wp:featuredmedia":[{"embeddable":true,"href":"https:\/\/permbledhja.com\/sq\/wp-json\/wp\/v2\/media\/8952"}],"wp:attachment":[{"href":"https:\/\/permbledhja.com\/sq\/wp-json\/wp\/v2\/media?parent=8951"}],"wp:term":[{"taxonomy":"category","embeddable":true,"href":"https:\/\/permbledhja.com\/sq\/wp-json\/wp\/v2\/categories?post=8951"},{"taxonomy":"post_tag","embeddable":true,"href":"https:\/\/permbledhja.com\/sq\/wp-json\/wp\/v2\/tags?post=8951"}],"curies":[{"name":"wp","href":"https:\/\/api.w.org\/{rel}","templated":true}]}}