{"id":8896,"date":"2022-10-29T07:40:51","date_gmt":"2022-10-29T07:40:51","guid":{"rendered":"https:\/\/permbledhja.com\/?p=8896"},"modified":"2022-10-29T07:40:51","modified_gmt":"2022-10-29T07:40:51","slug":"e-fundit-kercenohet-rende-kryetari-i-lipjanit-imri-ahmeti","status":"publish","type":"post","link":"https:\/\/permbledhja.com\/sq\/e-fundit-kercenohet-rende-kryetari-i-lipjanit-imri-ahmeti\/","title":{"rendered":"E FUNDIT: K\u00ebrc\u00ebnohet r\u00ebnd\u00eb kryetari i Lipjanit, Imri Ahmeti"},"content":{"rendered":"<p>Zyrtar\u00ebt shtet\u00ebror\u00eb, duke p\u00ebrfshir\u00eb edhe pozita t\u00eb larta t\u00eb shtetit shpesh kan\u00eb qen\u00eb cak i k\u00ebrc\u00ebnimeve nga persona e grupe t\u00eb ndryshme dhe p\u00ebr pasoj\u00eb kan\u00eb k\u00ebrkuar ndihm\u00eb e mbrojtje nga Policia. P\u00ebr nj\u00eb rast t\u00eb till\u00eb tashm\u00eb ka nisur hetimet Prokuroria Themelore n\u00eb Prishtin\u00eb, pas denoncimit t\u00eb nj\u00eb rasti ku viktim\u00eb \u00ebsht\u00eb kryetari i nj\u00eb komune.<\/p>\n<p>Burimet e Sinjalit kan\u00eb b\u00ebr\u00eb me dije se b\u00ebhet fjal\u00eb p\u00ebr t\u00eb parin e komun\u00ebs s\u00eb Lipjanit, kryetarin Imri Ahmeti, i cili \u00ebsht\u00eb k\u00ebrc\u00ebnuar nga nj\u00eb m\u00ebrgimtar nga Zvicra, t\u00eb premten n\u00eb mesdit\u00eb. Por k\u00ebt\u00eb her\u00eb kanosja nga personi i dyshuar (em\u00ebr i njohur p\u00ebr redaksin\u00eb) nuk erdhi n\u00eb m\u00ebnyr\u00eb direkte.<\/p>\n<p>Sinjali m\u00ebson se sipas informacioneve t\u00eb para, i dyshuari e kishte kanosur seriozisht Imri Ahmetin p\u00ebrmes djalit t\u00eb tij, t\u00eb cilit ia kishte l\u00ebn\u00eb nj\u00eb mesazh n\u00eb rrjete sociale, q\u00eb kishte t\u00eb b\u00ebnte me nj\u00eb projekt t\u00eb komun\u00ebs s\u00eb Lipjanit.<\/p>\n<p>T\u00eb nj\u00ebjtat burime thon\u00eb se i dyshuari e ka k\u00ebrc\u00ebnuar kryetarin e Lipjanit p\u00ebr shkak t\u00eb nj\u00eb projekti t\u00eb komun\u00ebs q\u00eb lidhej me shpron\u00ebsimet, e q\u00eb si\u00e7 duket e ka mllefosur t\u00eb dyshuarin, i cili ka vendosur q\u00eb t\u2019i \u00e7oj\u00eb selam Ahmetit p\u00ebrmes djalit t\u00eb tij.<\/p>\n<p>Mesazhi q\u00eb pranoi i biri i kryetarit Ahmeti i b\u00ebri ata q\u00eb t\u2019ia m\u00ebsyjn\u00eb Policis\u00eb p\u00ebr ta raportuar rastin, ku edhe kan\u00eb dh\u00ebn\u00eb deklaratat e tyre para hetusve policor\u00eb p\u00ebr k\u00ebrc\u00ebnimin q\u00eb kan\u00eb pranuar.<\/p>\n<p>Si rezultat i denoncimit, Prokurori i Shtetit ka marr\u00eb vendim p\u00ebr inicimin e rastit dhe nisjen e hetimeve n\u00eb drejtim t\u00eb vepr\u00ebs penale \u201cKanosja\u201d, derisa t\u00eb sigurohet prezenca e t\u00eb dyshuarit, i cili ndodhet n\u00eb Zvic\u00ebr<\/p>\n","protected":false},"excerpt":{"rendered":"<p>Zyrtar\u00ebt shtet\u00ebror\u00eb, duke p\u00ebrfshir\u00eb edhe pozita t\u00eb larta t\u00eb shtetit shpesh kan\u00eb qen\u00eb cak i k\u00ebrc\u00ebnimeve nga persona e grupe t\u00eb ndryshme dhe p\u00ebr pasoj\u00eb kan\u00eb k\u00ebrkuar ndihm\u00eb e mbrojtje nga Policia. P\u00ebr nj\u00eb rast t\u00eb till\u00eb tashm\u00eb ka nisur hetimet Prokuroria Themelore n\u00eb Prishtin\u00eb, pas denoncimit t\u00eb nj\u00eb rasti ku viktim\u00eb \u00ebsht\u00eb kryetari i [&hellip;]<\/p>\n","protected":false},"author":1,"featured_media":8897,"comment_status":"closed","ping_status":"closed","sticky":false,"template":"","format":"standard","meta":{"_monsterinsights_skip_tracking":false,"_monsterinsights_sitenote_active":false,"_monsterinsights_sitenote_note":"","_monsterinsights_sitenote_category":0,"_uf_show_specific_survey":0,"_uf_disable_surveys":false,"footnotes":""},"categories":[23,15],"tags":[],"yoast_head":"<!-- This site is optimized with the Yoast SEO plugin v21.5 - https:\/\/yoast.com\/wordpress\/plugins\/seo\/ -->\n<title>E FUNDIT: K\u00ebrc\u00ebnohet r\u00ebnd\u00eb kryetari i Lipjanit, Imri Ahmeti<\/title>\n<meta name=\"robots\" content=\"index, follow, max-snippet:-1, max-image-preview:large, max-video-preview:-1\" \/>\n<link rel=\"canonical\" href=\"https:\/\/permbledhja.com\/sq\/e-fundit-kercenohet-rende-kryetari-i-lipjanit-imri-ahmeti\/\" \/>\n<meta property=\"og:locale\" content=\"sq_AL\" \/>\n<meta property=\"og:type\" content=\"article\" \/>\n<meta property=\"og:title\" content=\"E FUNDIT: K\u00ebrc\u00ebnohet r\u00ebnd\u00eb kryetari i Lipjanit, Imri Ahmeti\" \/>\n<meta property=\"og:description\" content=\"Zyrtar\u00ebt shtet\u00ebror\u00eb, duke p\u00ebrfshir\u00eb edhe pozita t\u00eb larta t\u00eb shtetit shpesh kan\u00eb qen\u00eb cak i k\u00ebrc\u00ebnimeve nga persona e grupe t\u00eb ndryshme dhe p\u00ebr pasoj\u00eb kan\u00eb k\u00ebrkuar ndihm\u00eb e mbrojtje nga Policia. P\u00ebr nj\u00eb rast t\u00eb till\u00eb tashm\u00eb ka nisur hetimet Prokuroria Themelore n\u00eb Prishtin\u00eb, pas denoncimit t\u00eb nj\u00eb rasti ku viktim\u00eb \u00ebsht\u00eb kryetari i [&hellip;]\" \/>\n<meta property=\"og:url\" content=\"https:\/\/permbledhja.com\/sq\/e-fundit-kercenohet-rende-kryetari-i-lipjanit-imri-ahmeti\/\" \/>\n<meta property=\"og:site_name\" content=\"Ve\u00e7 artikuj p\u00ebrmbledh\u00ebs\" \/>\n<meta property=\"article:publisher\" content=\"https:\/\/www.facebook.com\/press07\/\" \/>\n<meta property=\"article:author\" content=\"https:\/\/www.facebook.com\/kafexhiu.muharrem\/\" \/>\n<meta property=\"article:published_time\" content=\"2022-10-29T07:40:51+00:00\" \/>\n<meta property=\"og:image\" content=\"https:\/\/permbledhja.com\/wp-content\/uploads\/2022\/10\/imri-ahmeti-780x439-1.jpg\" \/>\n\t<meta property=\"og:image:width\" content=\"780\" \/>\n\t<meta property=\"og:image:height\" content=\"439\" \/>\n\t<meta property=\"og:image:type\" content=\"image\/jpeg\" \/>\n<meta name=\"author\" content=\"P\u00ebrmbledhja\" \/>\n<meta name=\"twitter:card\" content=\"summary_large_image\" \/>\n<meta name=\"twitter:label1\" content=\"Written by\" \/>\n\t<meta name=\"twitter:data1\" content=\"P\u00ebrmbledhja\" \/>\n\t<meta name=\"twitter:label2\" content=\"Est. reading time\" \/>\n\t<meta name=\"twitter:data2\" content=\"2 minuta\" \/>\n<script type=\"application\/ld+json\" class=\"yoast-schema-graph\">{\"@context\":\"https:\/\/schema.org\",\"@graph\":[{\"@type\":\"Article\",\"@id\":\"https:\/\/permbledhja.com\/e-fundit-kercenohet-rende-kryetari-i-lipjanit-imri-ahmeti\/#article\",\"isPartOf\":{\"@id\":\"https:\/\/permbledhja.com\/e-fundit-kercenohet-rende-kryetari-i-lipjanit-imri-ahmeti\/\"},\"author\":{\"name\":\"P\u00ebrmbledhja\",\"@id\":\"https:\/\/permbledhja.com\/#\/schema\/person\/0d064377258d3221e50693947b9eb4fe\"},\"headline\":\"E FUNDIT: K\u00ebrc\u00ebnohet r\u00ebnd\u00eb kryetari i Lipjanit, Imri Ahmeti\",\"datePublished\":\"2022-10-29T07:40:51+00:00\",\"dateModified\":\"2022-10-29T07:40:51+00:00\",\"mainEntityOfPage\":{\"@id\":\"https:\/\/permbledhja.com\/e-fundit-kercenohet-rende-kryetari-i-lipjanit-imri-ahmeti\/\"},\"wordCount\":319,\"publisher\":{\"@id\":\"https:\/\/permbledhja.com\/#organization\"},\"articleSection\":[\"Komb\u00ebtare\",\"Lajme\"],\"inLanguage\":\"sq\"},{\"@type\":\"WebPage\",\"@id\":\"https:\/\/permbledhja.com\/e-fundit-kercenohet-rende-kryetari-i-lipjanit-imri-ahmeti\/\",\"url\":\"https:\/\/permbledhja.com\/e-fundit-kercenohet-rende-kryetari-i-lipjanit-imri-ahmeti\/\",\"name\":\"E FUNDIT: K\u00ebrc\u00ebnohet r\u00ebnd\u00eb kryetari i Lipjanit, Imri Ahmeti\",\"isPartOf\":{\"@id\":\"https:\/\/permbledhja.com\/#website\"},\"datePublished\":\"2022-10-29T07:40:51+00:00\",\"dateModified\":\"2022-10-29T07:40:51+00:00\",\"breadcrumb\":{\"@id\":\"https:\/\/permbledhja.com\/e-fundit-kercenohet-rende-kryetari-i-lipjanit-imri-ahmeti\/#breadcrumb\"},\"inLanguage\":\"sq\",\"potentialAction\":[{\"@type\":\"ReadAction\",\"target\":[\"https:\/\/permbledhja.com\/e-fundit-kercenohet-rende-kryetari-i-lipjanit-imri-ahmeti\/\"]}]},{\"@type\":\"BreadcrumbList\",\"@id\":\"https:\/\/permbledhja.com\/e-fundit-kercenohet-rende-kryetari-i-lipjanit-imri-ahmeti\/#breadcrumb\",\"itemListElement\":[{\"@type\":\"ListItem\",\"position\":1,\"name\":\"Ballina\",\"item\":\"https:\/\/permbledhja.com\/sq\/\"},{\"@type\":\"ListItem\",\"position\":2,\"name\":\"E FUNDIT: K\u00ebrc\u00ebnohet r\u00ebnd\u00eb kryetari i Lipjanit, Imri Ahmeti\"}]},{\"@type\":\"WebSite\",\"@id\":\"https:\/\/permbledhja.com\/#website\",\"url\":\"https:\/\/permbledhja.com\/\",\"name\":\"Ve\u00e7 artikuj p\u00ebrmbledh\u00ebs\",\"description\":\"\",\"publisher\":{\"@id\":\"https:\/\/permbledhja.com\/#organization\"},\"potentialAction\":[{\"@type\":\"SearchAction\",\"target\":{\"@type\":\"EntryPoint\",\"urlTemplate\":\"https:\/\/permbledhja.com\/?s={search_term_string}\"},\"query-input\":\"required name=search_term_string\"}],\"inLanguage\":\"sq\"},{\"@type\":\"Organization\",\"@id\":\"https:\/\/permbledhja.com\/#organization\",\"name\":\"MK Media & Pr\",\"url\":\"https:\/\/permbledhja.com\/\",\"logo\":{\"@type\":\"ImageObject\",\"inLanguage\":\"sq\",\"@id\":\"https:\/\/permbledhja.com\/#\/schema\/logo\/image\/\",\"url\":\"https:\/\/permbledhja.com\/wp-content\/uploads\/2021\/12\/07-Press-Logo.jpg\",\"contentUrl\":\"https:\/\/permbledhja.com\/wp-content\/uploads\/2021\/12\/07-Press-Logo.jpg\",\"width\":512,\"height\":512,\"caption\":\"MK Media & Pr\"},\"image\":{\"@id\":\"https:\/\/permbledhja.com\/#\/schema\/logo\/image\/\"},\"sameAs\":[\"https:\/\/www.facebook.com\/press07\/\"]},{\"@type\":\"Person\",\"@id\":\"https:\/\/permbledhja.com\/#\/schema\/person\/0d064377258d3221e50693947b9eb4fe\",\"name\":\"P\u00ebrmbledhja\",\"image\":{\"@type\":\"ImageObject\",\"inLanguage\":\"sq\",\"@id\":\"https:\/\/permbledhja.com\/#\/schema\/person\/image\/\",\"url\":\"https:\/\/permbledhja.com\/wp-content\/uploads\/2026\/01\/452004717_1040944174702970_8932037511805513407_n-96x96.jpg\",\"contentUrl\":\"https:\/\/permbledhja.com\/wp-content\/uploads\/2026\/01\/452004717_1040944174702970_8932037511805513407_n-96x96.jpg\",\"caption\":\"P\u00ebrmbledhja\"},\"sameAs\":[\"https:\/\/www.facebook.com\/kafexhiu.muharrem\/\",\"https:\/\/www.instagram.com\/muharrem_kafexhiu\/\"],\"url\":\"https:\/\/permbledhja.com\/sq\/author\/admin\/\"}]}<\/script>\n<!-- \/ Yoast SEO plugin. -->","yoast_head_json":{"title":"E FUNDIT: K\u00ebrc\u00ebnohet r\u00ebnd\u00eb kryetari i Lipjanit, Imri Ahmeti","robots":{"index":"index","follow":"follow","max-snippet":"max-snippet:-1","max-image-preview":"max-image-preview:large","max-video-preview":"max-video-preview:-1"},"canonical":"https:\/\/permbledhja.com\/sq\/e-fundit-kercenohet-rende-kryetari-i-lipjanit-imri-ahmeti\/","og_locale":"sq_AL","og_type":"article","og_title":"E FUNDIT: K\u00ebrc\u00ebnohet r\u00ebnd\u00eb kryetari i Lipjanit, Imri Ahmeti","og_description":"Zyrtar\u00ebt shtet\u00ebror\u00eb, duke p\u00ebrfshir\u00eb edhe pozita t\u00eb larta t\u00eb shtetit shpesh kan\u00eb qen\u00eb cak i k\u00ebrc\u00ebnimeve nga persona e grupe t\u00eb ndryshme dhe p\u00ebr pasoj\u00eb kan\u00eb k\u00ebrkuar ndihm\u00eb e mbrojtje nga Policia. P\u00ebr nj\u00eb rast t\u00eb till\u00eb tashm\u00eb ka nisur hetimet Prokuroria Themelore n\u00eb Prishtin\u00eb, pas denoncimit t\u00eb nj\u00eb rasti ku viktim\u00eb \u00ebsht\u00eb kryetari i [&hellip;]","og_url":"https:\/\/permbledhja.com\/sq\/e-fundit-kercenohet-rende-kryetari-i-lipjanit-imri-ahmeti\/","og_site_name":"Ve\u00e7 artikuj p\u00ebrmbledh\u00ebs","article_publisher":"https:\/\/www.facebook.com\/press07\/","article_author":"https:\/\/www.facebook.com\/kafexhiu.muharrem\/","article_published_time":"2022-10-29T07:40:51+00:00","og_image":[{"width":780,"height":439,"url":"https:\/\/permbledhja.com\/wp-content\/uploads\/2022\/10\/imri-ahmeti-780x439-1.jpg","type":"image\/jpeg"}],"author":"P\u00ebrmbledhja","twitter_card":"summary_large_image","twitter_misc":{"Written by":"P\u00ebrmbledhja","Est. reading time":"2 minuta"},"schema":{"@context":"https:\/\/schema.org","@graph":[{"@type":"Article","@id":"https:\/\/permbledhja.com\/e-fundit-kercenohet-rende-kryetari-i-lipjanit-imri-ahmeti\/#article","isPartOf":{"@id":"https:\/\/permbledhja.com\/e-fundit-kercenohet-rende-kryetari-i-lipjanit-imri-ahmeti\/"},"author":{"name":"P\u00ebrmbledhja","@id":"https:\/\/permbledhja.com\/#\/schema\/person\/0d064377258d3221e50693947b9eb4fe"},"headline":"E FUNDIT: K\u00ebrc\u00ebnohet r\u00ebnd\u00eb kryetari i Lipjanit, Imri Ahmeti","datePublished":"2022-10-29T07:40:51+00:00","dateModified":"2022-10-29T07:40:51+00:00","mainEntityOfPage":{"@id":"https:\/\/permbledhja.com\/e-fundit-kercenohet-rende-kryetari-i-lipjanit-imri-ahmeti\/"},"wordCount":319,"publisher":{"@id":"https:\/\/permbledhja.com\/#organization"},"articleSection":["Komb\u00ebtare","Lajme"],"inLanguage":"sq"},{"@type":"WebPage","@id":"https:\/\/permbledhja.com\/e-fundit-kercenohet-rende-kryetari-i-lipjanit-imri-ahmeti\/","url":"https:\/\/permbledhja.com\/e-fundit-kercenohet-rende-kryetari-i-lipjanit-imri-ahmeti\/","name":"E FUNDIT: K\u00ebrc\u00ebnohet r\u00ebnd\u00eb kryetari i Lipjanit, Imri Ahmeti","isPartOf":{"@id":"https:\/\/permbledhja.com\/#website"},"datePublished":"2022-10-29T07:40:51+00:00","dateModified":"2022-10-29T07:40:51+00:00","breadcrumb":{"@id":"https:\/\/permbledhja.com\/e-fundit-kercenohet-rende-kryetari-i-lipjanit-imri-ahmeti\/#breadcrumb"},"inLanguage":"sq","potentialAction":[{"@type":"ReadAction","target":["https:\/\/permbledhja.com\/e-fundit-kercenohet-rende-kryetari-i-lipjanit-imri-ahmeti\/"]}]},{"@type":"BreadcrumbList","@id":"https:\/\/permbledhja.com\/e-fundit-kercenohet-rende-kryetari-i-lipjanit-imri-ahmeti\/#breadcrumb","itemListElement":[{"@type":"ListItem","position":1,"name":"Ballina","item":"https:\/\/permbledhja.com\/sq\/"},{"@type":"ListItem","position":2,"name":"E FUNDIT: K\u00ebrc\u00ebnohet r\u00ebnd\u00eb kryetari i Lipjanit, Imri Ahmeti"}]},{"@type":"WebSite","@id":"https:\/\/permbledhja.com\/#website","url":"https:\/\/permbledhja.com\/","name":"Ve\u00e7 artikuj p\u00ebrmbledh\u00ebs","description":"","publisher":{"@id":"https:\/\/permbledhja.com\/#organization"},"potentialAction":[{"@type":"SearchAction","target":{"@type":"EntryPoint","urlTemplate":"https:\/\/permbledhja.com\/?s={search_term_string}"},"query-input":"required name=search_term_string"}],"inLanguage":"sq"},{"@type":"Organization","@id":"https:\/\/permbledhja.com\/#organization","name":"MK Media & Pr","url":"https:\/\/permbledhja.com\/","logo":{"@type":"ImageObject","inLanguage":"sq","@id":"https:\/\/permbledhja.com\/#\/schema\/logo\/image\/","url":"https:\/\/permbledhja.com\/wp-content\/uploads\/2021\/12\/07-Press-Logo.jpg","contentUrl":"https:\/\/permbledhja.com\/wp-content\/uploads\/2021\/12\/07-Press-Logo.jpg","width":512,"height":512,"caption":"MK Media & Pr"},"image":{"@id":"https:\/\/permbledhja.com\/#\/schema\/logo\/image\/"},"sameAs":["https:\/\/www.facebook.com\/press07\/"]},{"@type":"Person","@id":"https:\/\/permbledhja.com\/#\/schema\/person\/0d064377258d3221e50693947b9eb4fe","name":"P\u00ebrmbledhja","image":{"@type":"ImageObject","inLanguage":"sq","@id":"https:\/\/permbledhja.com\/#\/schema\/person\/image\/","url":"https:\/\/permbledhja.com\/wp-content\/uploads\/2026\/01\/452004717_1040944174702970_8932037511805513407_n-96x96.jpg","contentUrl":"https:\/\/permbledhja.com\/wp-content\/uploads\/2026\/01\/452004717_1040944174702970_8932037511805513407_n-96x96.jpg","caption":"P\u00ebrmbledhja"},"sameAs":["https:\/\/www.facebook.com\/kafexhiu.muharrem\/","https:\/\/www.instagram.com\/muharrem_kafexhiu\/"],"url":"https:\/\/permbledhja.com\/sq\/author\/admin\/"}]}},"_links":{"self":[{"href":"https:\/\/permbledhja.com\/sq\/wp-json\/wp\/v2\/posts\/8896"}],"collection":[{"href":"https:\/\/permbledhja.com\/sq\/wp-json\/wp\/v2\/posts"}],"about":[{"href":"https:\/\/permbledhja.com\/sq\/wp-json\/wp\/v2\/types\/post"}],"author":[{"embeddable":true,"href":"https:\/\/permbledhja.com\/sq\/wp-json\/wp\/v2\/users\/1"}],"replies":[{"embeddable":true,"href":"https:\/\/permbledhja.com\/sq\/wp-json\/wp\/v2\/comments?post=8896"}],"version-history":[{"count":1,"href":"https:\/\/permbledhja.com\/sq\/wp-json\/wp\/v2\/posts\/8896\/revisions"}],"predecessor-version":[{"id":8898,"href":"https:\/\/permbledhja.com\/sq\/wp-json\/wp\/v2\/posts\/8896\/revisions\/8898"}],"wp:featuredmedia":[{"embeddable":true,"href":"https:\/\/permbledhja.com\/sq\/wp-json\/wp\/v2\/media\/8897"}],"wp:attachment":[{"href":"https:\/\/permbledhja.com\/sq\/wp-json\/wp\/v2\/media?parent=8896"}],"wp:term":[{"taxonomy":"category","embeddable":true,"href":"https:\/\/permbledhja.com\/sq\/wp-json\/wp\/v2\/categories?post=8896"},{"taxonomy":"post_tag","embeddable":true,"href":"https:\/\/permbledhja.com\/sq\/wp-json\/wp\/v2\/tags?post=8896"}],"curies":[{"name":"wp","href":"https:\/\/api.w.org\/{rel}","templated":true}]}}