{"id":885,"date":"2022-07-02T18:54:57","date_gmt":"2022-07-02T18:54:57","guid":{"rendered":"https:\/\/permbledhja.com\/?p=885"},"modified":"2022-07-02T18:54:57","modified_gmt":"2022-07-02T18:54:57","slug":"e-kundershtuan-per-9-vite-tash-vv-krenohet-se-me-marreveshjen-per-energjine-po-e-kontrollojne-veriun","status":"publish","type":"post","link":"https:\/\/permbledhja.com\/sq\/e-kundershtuan-per-9-vite-tash-vv-krenohet-se-me-marreveshjen-per-energjine-po-e-kontrollojne-veriun\/","title":{"rendered":"E kund\u00ebrshtuan p\u00ebr 9 vite, tash VV krenohet se me marr\u00ebveshjen p\u00ebr energjin\u00eb \u201cpo e kontrollojn\u00eb\u201d veriun"},"content":{"rendered":"<p><strong>Partia n\u00eb pushtet ka vendosur q\u00eb n\u00eb t\u00eb shtun\u00ebn mbr\u00ebma t\u00eb b\u00ebj\u00eb pak politik\u00eb m\u00eb nj\u00eb video n\u00eb Facebook, duke tentuar t\u00eb sjellin nj\u00eb rezym\u00eb t\u00eb gjendjes n\u00eb veri t\u00eb Kosov\u00ebs nd\u00ebr vite.<\/strong><\/p>\n<p>N\u00eb fillim t\u00eb asaj video, shfaqen pamje me z\u00eb t\u00eb ish-presidentit t\u00eb Kosov\u00ebs, Hashim Tha\u00e7i i cili pas lufte thoshte se kosovar\u00ebt do t\u00eb kthehen n\u00eb pronat e sht\u00ebpit\u00eb e tyre n\u00eb veri t\u00eb Kosov\u00ebs, shkruan lajmi.net.<\/p>\n<p>M\u00eb tutje, n\u00eb k\u00ebt\u00eb video t\u00eb L\u00ebvizjes Vet\u00ebvendosje thuhet se politikan\u00ebt kosovar\u00eb kan\u00eb investuar n\u00eb veri, nd\u00ebrkoh\u00eb q\u00eb Serbia vazhdonte, si\u00e7 e quajn\u00eb ata \u201ckolonizimin\u201d duke nd\u00ebrtuar lagje n\u00eb veri t\u00eb Mitrovic\u00ebs.<\/p>\n<p>Por, ajo q\u00eb bie n\u00eb sy \u00ebsht\u00eb fakti se p\u00ebrmendet edhe pagesa e rrym\u00ebs p\u00ebr serb\u00ebt e veriut nga institucionet e Kosov\u00ebs.<\/p>\n<p>\u201cPo integrohet veriu na thoshin politkan\u00ebt tan\u00eb q\u00eb kishin filluar t\u00eb investojn\u00eb n\u00eb kriptovaluta, nd\u00ebrkoh\u00eb q\u00eb Serbia po vazhdonte kolonizimin duke nd\u00ebrtuar lagje t\u00eb t\u00ebra si Lugina e Diellit. Po integrohet veriu na thoshin, gjersa ne ua paguanim qindra miliona euro energji elektrike q\u00eb ata t\u00eb hapin rrug\u00eb t\u00eb reja t\u00eb kontraband\u00ebs e t\u2019i shtojn\u00eb pajisjet p\u00ebr kriptovaluta. 20 vjet zgjati kjo gjendje. Sa her\u00eb thuhej integrim b\u00ebhej ndonj\u00eb ndarje e m\u00ebtejm\u00eb. Dikur madje than\u00eb se veriu nuk vyen gj\u00eb, duhet ta japim se \u00ebsht\u00eb dhurat\u00eb e Rankoviqit. Ky \u00ebsht\u00eb pra veriu q\u00eb na e kan\u00eb l\u00ebn\u00eb PDK, LDK, AAK: territor q\u00eb atyre ju sjell t\u00eb ardhura e Serbis\u00eb mund\u00ebsi t\u00eb reja kolonizimi\u201d, thuhet n\u00eb at\u00eb video.<\/p>\n<p>Gjithashtu, pak m\u00eb von\u00eb, n\u00eb video p\u00ebrmendet fakti se tani serb\u00ebt e veriut do t\u00eb paguajn\u00eb energjin\u00eb elektrike. Por, nj\u00eb gj\u00eb nuk p\u00ebrmendet n\u00eb k\u00ebt\u00eb video. Fakti q\u00eb marr\u00ebveshja p\u00ebr energjin\u00eb q\u00eb tash do t\u2019i obligoj\u00eb serb\u00ebt t\u00eb paguajn\u00eb faturat, \u00ebsht\u00eb e nj\u00ebjta e viteve 2013 dhe 2015 t\u00eb cil\u00ebn VV e kund\u00ebrshtuan dhe penguan implementimin e saj.<\/p>\n<p>\u201cMe vet\u00ebm nj\u00eb vit e gjysm\u00eb qeverisje t\u00eb kryeministrit Kurti, referendumi i Serbis\u00eb nuk u lejua t\u00eb mbahej. Zgjedhjet e Serbis\u00eb, q\u00eb p\u00ebr 20 vjet u mbajt\u00ebn pa penges\u00eb, nuk u lejuan. Energjia elektrike q\u00eb p\u00ebr 20 vjet nuk u pagua, tash e tutje do t\u00eb paguhet. Aty ku m\u00eb par\u00eb policia shkonte vet\u00ebm me helikopter, u nd\u00ebrtuan tri stacione t\u00eb reja policore. Mallrat e padoganuara u konfiskuan. Rrug\u00ebt e kontraband\u00ebs u mbyll\u00ebn. Qendrat e kriptovalutave u mbyll\u00ebn. Laborator\u00ebt e prodhimit t\u00eb drogave u mbyll\u00ebn. U vendos rend dhe ligj si n\u00eb asnj\u00eb pjes\u00eb tjet\u00ebr t\u00eb Republik\u00ebs s\u00eb Kosov\u00ebs\u201d, thuhet n\u00eb video.<\/p>\n<p>Me t\u00eb ardhur n\u00eb qeveri L\u00ebvizja Vet\u00ebvendosje, m\u00eb sakt\u00ebsisht z\u00ebvend\u00ebskryeministri i Kosov\u00ebs nga ky subjekt politik, Besnik Bislimi vendosi q\u00eb ta n\u00ebnshkruaj nj\u00eb udh\u00ebrr\u00ebfyes, kryek\u00ebput t\u00eb bazuar n\u00eb dy marr\u00ebveshjet e viteve m\u00eb par\u00eb q\u00eb i obligonte serb\u00ebt t\u00eb paguajn\u00eb energjin\u00eb elektrike.<\/p>\n<p>Madje, nga Kosova u licencua kompania t\u00eb cil\u00ebn e L\u00ebvizja Vet\u00ebvendosje n\u00ebp\u00ebrmjet nj\u00eb komunikate e kishin p\u00ebrmendur edhe me em\u00ebr. B\u00ebhet fjal\u00eb p\u00ebr \u201cElektroserverin\u201d e marr\u00ebveshjes s\u00eb energjis\u00eb q\u00eb dikur p\u00ebr L\u00ebvizjen Vet\u00ebvendosje \u201clegalizonte nd\u00ebrhyrjen e Serbis\u00eb n\u00eb Kosov\u00eb dhe pamund\u00ebsonte unifikimin me Shqip\u00ebrin\u00eb\u201d. <\/p>\n","protected":false},"excerpt":{"rendered":"<p>Partia n\u00eb pushtet ka vendosur q\u00eb n\u00eb t\u00eb shtun\u00ebn mbr\u00ebma t\u00eb b\u00ebj\u00eb pak politik\u00eb m\u00eb nj\u00eb video n\u00eb Facebook, duke tentuar t\u00eb sjellin nj\u00eb rezym\u00eb t\u00eb gjendjes n\u00eb veri t\u00eb Kosov\u00ebs nd\u00ebr vite. N\u00eb fillim t\u00eb asaj video, shfaqen pamje me z\u00eb t\u00eb ish-presidentit t\u00eb Kosov\u00ebs, Hashim Tha\u00e7i i cili pas lufte thoshte se kosovar\u00ebt [&hellip;]<\/p>\n","protected":false},"author":1,"featured_media":886,"comment_status":"closed","ping_status":"closed","sticky":false,"template":"","format":"standard","meta":{"_monsterinsights_skip_tracking":false,"_monsterinsights_sitenote_active":false,"_monsterinsights_sitenote_note":"","_monsterinsights_sitenote_category":0,"_uf_show_specific_survey":0,"_uf_disable_surveys":false,"footnotes":""},"categories":[23,15],"tags":[45,91,90],"yoast_head":"<!-- This site is optimized with the Yoast SEO plugin v21.5 - https:\/\/yoast.com\/wordpress\/plugins\/seo\/ -->\n<title>E kund\u00ebrshtuan p\u00ebr 9 vite, tash VV krenohet se me marr\u00ebveshjen p\u00ebr energjin\u00eb \u201cpo e kontrollojn\u00eb\u201d veriun<\/title>\n<meta name=\"robots\" content=\"index, follow, max-snippet:-1, max-image-preview:large, max-video-preview:-1\" \/>\n<link rel=\"canonical\" href=\"https:\/\/permbledhja.com\/sq\/e-kundershtuan-per-9-vite-tash-vv-krenohet-se-me-marreveshjen-per-energjine-po-e-kontrollojne-veriun\/\" \/>\n<meta property=\"og:locale\" content=\"sq_AL\" \/>\n<meta property=\"og:type\" content=\"article\" \/>\n<meta property=\"og:title\" content=\"E kund\u00ebrshtuan p\u00ebr 9 vite, tash VV krenohet se me marr\u00ebveshjen p\u00ebr energjin\u00eb \u201cpo e kontrollojn\u00eb\u201d veriun\" \/>\n<meta property=\"og:description\" content=\"Partia n\u00eb pushtet ka vendosur q\u00eb n\u00eb t\u00eb shtun\u00ebn mbr\u00ebma t\u00eb b\u00ebj\u00eb pak politik\u00eb m\u00eb nj\u00eb video n\u00eb Facebook, duke tentuar t\u00eb sjellin nj\u00eb rezym\u00eb t\u00eb gjendjes n\u00eb veri t\u00eb Kosov\u00ebs nd\u00ebr vite. N\u00eb fillim t\u00eb asaj video, shfaqen pamje me z\u00eb t\u00eb ish-presidentit t\u00eb Kosov\u00ebs, Hashim Tha\u00e7i i cili pas lufte thoshte se kosovar\u00ebt [&hellip;]\" \/>\n<meta property=\"og:url\" content=\"https:\/\/permbledhja.com\/sq\/e-kundershtuan-per-9-vite-tash-vv-krenohet-se-me-marreveshjen-per-energjine-po-e-kontrollojne-veriun\/\" \/>\n<meta property=\"og:site_name\" content=\"Ve\u00e7 artikuj p\u00ebrmbledh\u00ebs\" \/>\n<meta property=\"article:publisher\" content=\"https:\/\/www.facebook.com\/press07\/\" \/>\n<meta property=\"article:author\" content=\"https:\/\/www.facebook.com\/kafexhiu.muharrem\/\" \/>\n<meta property=\"article:published_time\" content=\"2022-07-02T18:54:57+00:00\" \/>\n<meta property=\"og:image\" content=\"https:\/\/permbledhja.com\/wp-content\/uploads\/2022\/07\/Screenshot_6-1.png\" \/>\n\t<meta property=\"og:image:width\" content=\"946\" \/>\n\t<meta property=\"og:image:height\" content=\"626\" \/>\n\t<meta property=\"og:image:type\" content=\"image\/png\" \/>\n<meta name=\"author\" content=\"P\u00ebrmbledhja\" \/>\n<meta name=\"twitter:card\" content=\"summary_large_image\" \/>\n<meta name=\"twitter:label1\" content=\"Written by\" \/>\n\t<meta name=\"twitter:data1\" content=\"P\u00ebrmbledhja\" \/>\n\t<meta name=\"twitter:label2\" content=\"Est. reading time\" \/>\n\t<meta name=\"twitter:data2\" content=\"3 minuta\" \/>\n<script type=\"application\/ld+json\" class=\"yoast-schema-graph\">{\"@context\":\"https:\/\/schema.org\",\"@graph\":[{\"@type\":\"Article\",\"@id\":\"https:\/\/permbledhja.com\/e-kundershtuan-per-9-vite-tash-vv-krenohet-se-me-marreveshjen-per-energjine-po-e-kontrollojne-veriun\/#article\",\"isPartOf\":{\"@id\":\"https:\/\/permbledhja.com\/e-kundershtuan-per-9-vite-tash-vv-krenohet-se-me-marreveshjen-per-energjine-po-e-kontrollojne-veriun\/\"},\"author\":{\"name\":\"P\u00ebrmbledhja\",\"@id\":\"https:\/\/permbledhja.com\/#\/schema\/person\/0d064377258d3221e50693947b9eb4fe\"},\"headline\":\"E kund\u00ebrshtuan p\u00ebr 9 vite, tash VV krenohet se me marr\u00ebveshjen p\u00ebr energjin\u00eb \u201cpo e kontrollojn\u00eb\u201d veriun\",\"datePublished\":\"2022-07-02T18:54:57+00:00\",\"dateModified\":\"2022-07-02T18:54:57+00:00\",\"mainEntityOfPage\":{\"@id\":\"https:\/\/permbledhja.com\/e-kundershtuan-per-9-vite-tash-vv-krenohet-se-me-marreveshjen-per-energjine-po-e-kontrollojne-veriun\/\"},\"wordCount\":590,\"publisher\":{\"@id\":\"https:\/\/permbledhja.com\/#organization\"},\"keywords\":[\"Kurti\",\"Veriu\",\"VV\"],\"articleSection\":[\"Komb\u00ebtare\",\"Lajme\"],\"inLanguage\":\"sq\"},{\"@type\":\"WebPage\",\"@id\":\"https:\/\/permbledhja.com\/e-kundershtuan-per-9-vite-tash-vv-krenohet-se-me-marreveshjen-per-energjine-po-e-kontrollojne-veriun\/\",\"url\":\"https:\/\/permbledhja.com\/e-kundershtuan-per-9-vite-tash-vv-krenohet-se-me-marreveshjen-per-energjine-po-e-kontrollojne-veriun\/\",\"name\":\"E kund\u00ebrshtuan p\u00ebr 9 vite, tash VV krenohet se me marr\u00ebveshjen p\u00ebr energjin\u00eb \u201cpo e kontrollojn\u00eb\u201d veriun\",\"isPartOf\":{\"@id\":\"https:\/\/permbledhja.com\/#website\"},\"datePublished\":\"2022-07-02T18:54:57+00:00\",\"dateModified\":\"2022-07-02T18:54:57+00:00\",\"breadcrumb\":{\"@id\":\"https:\/\/permbledhja.com\/e-kundershtuan-per-9-vite-tash-vv-krenohet-se-me-marreveshjen-per-energjine-po-e-kontrollojne-veriun\/#breadcrumb\"},\"inLanguage\":\"sq\",\"potentialAction\":[{\"@type\":\"ReadAction\",\"target\":[\"https:\/\/permbledhja.com\/e-kundershtuan-per-9-vite-tash-vv-krenohet-se-me-marreveshjen-per-energjine-po-e-kontrollojne-veriun\/\"]}]},{\"@type\":\"BreadcrumbList\",\"@id\":\"https:\/\/permbledhja.com\/e-kundershtuan-per-9-vite-tash-vv-krenohet-se-me-marreveshjen-per-energjine-po-e-kontrollojne-veriun\/#breadcrumb\",\"itemListElement\":[{\"@type\":\"ListItem\",\"position\":1,\"name\":\"Ballina\",\"item\":\"https:\/\/permbledhja.com\/sq\/\"},{\"@type\":\"ListItem\",\"position\":2,\"name\":\"E kund\u00ebrshtuan p\u00ebr 9 vite, tash VV krenohet se me marr\u00ebveshjen p\u00ebr energjin\u00eb \u201cpo e kontrollojn\u00eb\u201d veriun\"}]},{\"@type\":\"WebSite\",\"@id\":\"https:\/\/permbledhja.com\/#website\",\"url\":\"https:\/\/permbledhja.com\/\",\"name\":\"Ve\u00e7 artikuj p\u00ebrmbledh\u00ebs\",\"description\":\"\",\"publisher\":{\"@id\":\"https:\/\/permbledhja.com\/#organization\"},\"potentialAction\":[{\"@type\":\"SearchAction\",\"target\":{\"@type\":\"EntryPoint\",\"urlTemplate\":\"https:\/\/permbledhja.com\/?s={search_term_string}\"},\"query-input\":\"required name=search_term_string\"}],\"inLanguage\":\"sq\"},{\"@type\":\"Organization\",\"@id\":\"https:\/\/permbledhja.com\/#organization\",\"name\":\"MK Media & Pr\",\"url\":\"https:\/\/permbledhja.com\/\",\"logo\":{\"@type\":\"ImageObject\",\"inLanguage\":\"sq\",\"@id\":\"https:\/\/permbledhja.com\/#\/schema\/logo\/image\/\",\"url\":\"https:\/\/permbledhja.com\/wp-content\/uploads\/2021\/12\/07-Press-Logo.jpg\",\"contentUrl\":\"https:\/\/permbledhja.com\/wp-content\/uploads\/2021\/12\/07-Press-Logo.jpg\",\"width\":512,\"height\":512,\"caption\":\"MK Media & Pr\"},\"image\":{\"@id\":\"https:\/\/permbledhja.com\/#\/schema\/logo\/image\/\"},\"sameAs\":[\"https:\/\/www.facebook.com\/press07\/\"]},{\"@type\":\"Person\",\"@id\":\"https:\/\/permbledhja.com\/#\/schema\/person\/0d064377258d3221e50693947b9eb4fe\",\"name\":\"P\u00ebrmbledhja\",\"image\":{\"@type\":\"ImageObject\",\"inLanguage\":\"sq\",\"@id\":\"https:\/\/permbledhja.com\/#\/schema\/person\/image\/\",\"url\":\"https:\/\/permbledhja.com\/wp-content\/uploads\/2026\/01\/452004717_1040944174702970_8932037511805513407_n-96x96.jpg\",\"contentUrl\":\"https:\/\/permbledhja.com\/wp-content\/uploads\/2026\/01\/452004717_1040944174702970_8932037511805513407_n-96x96.jpg\",\"caption\":\"P\u00ebrmbledhja\"},\"sameAs\":[\"https:\/\/www.facebook.com\/kafexhiu.muharrem\/\",\"https:\/\/www.instagram.com\/muharrem_kafexhiu\/\"],\"url\":\"https:\/\/permbledhja.com\/sq\/author\/admin\/\"}]}<\/script>\n<!-- \/ Yoast SEO plugin. -->","yoast_head_json":{"title":"E kund\u00ebrshtuan p\u00ebr 9 vite, tash VV krenohet se me marr\u00ebveshjen p\u00ebr energjin\u00eb \u201cpo e kontrollojn\u00eb\u201d veriun","robots":{"index":"index","follow":"follow","max-snippet":"max-snippet:-1","max-image-preview":"max-image-preview:large","max-video-preview":"max-video-preview:-1"},"canonical":"https:\/\/permbledhja.com\/sq\/e-kundershtuan-per-9-vite-tash-vv-krenohet-se-me-marreveshjen-per-energjine-po-e-kontrollojne-veriun\/","og_locale":"sq_AL","og_type":"article","og_title":"E kund\u00ebrshtuan p\u00ebr 9 vite, tash VV krenohet se me marr\u00ebveshjen p\u00ebr energjin\u00eb \u201cpo e kontrollojn\u00eb\u201d veriun","og_description":"Partia n\u00eb pushtet ka vendosur q\u00eb n\u00eb t\u00eb shtun\u00ebn mbr\u00ebma t\u00eb b\u00ebj\u00eb pak politik\u00eb m\u00eb nj\u00eb video n\u00eb Facebook, duke tentuar t\u00eb sjellin nj\u00eb rezym\u00eb t\u00eb gjendjes n\u00eb veri t\u00eb Kosov\u00ebs nd\u00ebr vite. N\u00eb fillim t\u00eb asaj video, shfaqen pamje me z\u00eb t\u00eb ish-presidentit t\u00eb Kosov\u00ebs, Hashim Tha\u00e7i i cili pas lufte thoshte se kosovar\u00ebt [&hellip;]","og_url":"https:\/\/permbledhja.com\/sq\/e-kundershtuan-per-9-vite-tash-vv-krenohet-se-me-marreveshjen-per-energjine-po-e-kontrollojne-veriun\/","og_site_name":"Ve\u00e7 artikuj p\u00ebrmbledh\u00ebs","article_publisher":"https:\/\/www.facebook.com\/press07\/","article_author":"https:\/\/www.facebook.com\/kafexhiu.muharrem\/","article_published_time":"2022-07-02T18:54:57+00:00","og_image":[{"width":946,"height":626,"url":"https:\/\/permbledhja.com\/wp-content\/uploads\/2022\/07\/Screenshot_6-1.png","type":"image\/png"}],"author":"P\u00ebrmbledhja","twitter_card":"summary_large_image","twitter_misc":{"Written by":"P\u00ebrmbledhja","Est. reading time":"3 minuta"},"schema":{"@context":"https:\/\/schema.org","@graph":[{"@type":"Article","@id":"https:\/\/permbledhja.com\/e-kundershtuan-per-9-vite-tash-vv-krenohet-se-me-marreveshjen-per-energjine-po-e-kontrollojne-veriun\/#article","isPartOf":{"@id":"https:\/\/permbledhja.com\/e-kundershtuan-per-9-vite-tash-vv-krenohet-se-me-marreveshjen-per-energjine-po-e-kontrollojne-veriun\/"},"author":{"name":"P\u00ebrmbledhja","@id":"https:\/\/permbledhja.com\/#\/schema\/person\/0d064377258d3221e50693947b9eb4fe"},"headline":"E kund\u00ebrshtuan p\u00ebr 9 vite, tash VV krenohet se me marr\u00ebveshjen p\u00ebr energjin\u00eb \u201cpo e kontrollojn\u00eb\u201d veriun","datePublished":"2022-07-02T18:54:57+00:00","dateModified":"2022-07-02T18:54:57+00:00","mainEntityOfPage":{"@id":"https:\/\/permbledhja.com\/e-kundershtuan-per-9-vite-tash-vv-krenohet-se-me-marreveshjen-per-energjine-po-e-kontrollojne-veriun\/"},"wordCount":590,"publisher":{"@id":"https:\/\/permbledhja.com\/#organization"},"keywords":["Kurti","Veriu","VV"],"articleSection":["Komb\u00ebtare","Lajme"],"inLanguage":"sq"},{"@type":"WebPage","@id":"https:\/\/permbledhja.com\/e-kundershtuan-per-9-vite-tash-vv-krenohet-se-me-marreveshjen-per-energjine-po-e-kontrollojne-veriun\/","url":"https:\/\/permbledhja.com\/e-kundershtuan-per-9-vite-tash-vv-krenohet-se-me-marreveshjen-per-energjine-po-e-kontrollojne-veriun\/","name":"E kund\u00ebrshtuan p\u00ebr 9 vite, tash VV krenohet se me marr\u00ebveshjen p\u00ebr energjin\u00eb \u201cpo e kontrollojn\u00eb\u201d veriun","isPartOf":{"@id":"https:\/\/permbledhja.com\/#website"},"datePublished":"2022-07-02T18:54:57+00:00","dateModified":"2022-07-02T18:54:57+00:00","breadcrumb":{"@id":"https:\/\/permbledhja.com\/e-kundershtuan-per-9-vite-tash-vv-krenohet-se-me-marreveshjen-per-energjine-po-e-kontrollojne-veriun\/#breadcrumb"},"inLanguage":"sq","potentialAction":[{"@type":"ReadAction","target":["https:\/\/permbledhja.com\/e-kundershtuan-per-9-vite-tash-vv-krenohet-se-me-marreveshjen-per-energjine-po-e-kontrollojne-veriun\/"]}]},{"@type":"BreadcrumbList","@id":"https:\/\/permbledhja.com\/e-kundershtuan-per-9-vite-tash-vv-krenohet-se-me-marreveshjen-per-energjine-po-e-kontrollojne-veriun\/#breadcrumb","itemListElement":[{"@type":"ListItem","position":1,"name":"Ballina","item":"https:\/\/permbledhja.com\/sq\/"},{"@type":"ListItem","position":2,"name":"E kund\u00ebrshtuan p\u00ebr 9 vite, tash VV krenohet se me marr\u00ebveshjen p\u00ebr energjin\u00eb \u201cpo e kontrollojn\u00eb\u201d veriun"}]},{"@type":"WebSite","@id":"https:\/\/permbledhja.com\/#website","url":"https:\/\/permbledhja.com\/","name":"Ve\u00e7 artikuj p\u00ebrmbledh\u00ebs","description":"","publisher":{"@id":"https:\/\/permbledhja.com\/#organization"},"potentialAction":[{"@type":"SearchAction","target":{"@type":"EntryPoint","urlTemplate":"https:\/\/permbledhja.com\/?s={search_term_string}"},"query-input":"required name=search_term_string"}],"inLanguage":"sq"},{"@type":"Organization","@id":"https:\/\/permbledhja.com\/#organization","name":"MK Media & Pr","url":"https:\/\/permbledhja.com\/","logo":{"@type":"ImageObject","inLanguage":"sq","@id":"https:\/\/permbledhja.com\/#\/schema\/logo\/image\/","url":"https:\/\/permbledhja.com\/wp-content\/uploads\/2021\/12\/07-Press-Logo.jpg","contentUrl":"https:\/\/permbledhja.com\/wp-content\/uploads\/2021\/12\/07-Press-Logo.jpg","width":512,"height":512,"caption":"MK Media & Pr"},"image":{"@id":"https:\/\/permbledhja.com\/#\/schema\/logo\/image\/"},"sameAs":["https:\/\/www.facebook.com\/press07\/"]},{"@type":"Person","@id":"https:\/\/permbledhja.com\/#\/schema\/person\/0d064377258d3221e50693947b9eb4fe","name":"P\u00ebrmbledhja","image":{"@type":"ImageObject","inLanguage":"sq","@id":"https:\/\/permbledhja.com\/#\/schema\/person\/image\/","url":"https:\/\/permbledhja.com\/wp-content\/uploads\/2026\/01\/452004717_1040944174702970_8932037511805513407_n-96x96.jpg","contentUrl":"https:\/\/permbledhja.com\/wp-content\/uploads\/2026\/01\/452004717_1040944174702970_8932037511805513407_n-96x96.jpg","caption":"P\u00ebrmbledhja"},"sameAs":["https:\/\/www.facebook.com\/kafexhiu.muharrem\/","https:\/\/www.instagram.com\/muharrem_kafexhiu\/"],"url":"https:\/\/permbledhja.com\/sq\/author\/admin\/"}]}},"_links":{"self":[{"href":"https:\/\/permbledhja.com\/sq\/wp-json\/wp\/v2\/posts\/885"}],"collection":[{"href":"https:\/\/permbledhja.com\/sq\/wp-json\/wp\/v2\/posts"}],"about":[{"href":"https:\/\/permbledhja.com\/sq\/wp-json\/wp\/v2\/types\/post"}],"author":[{"embeddable":true,"href":"https:\/\/permbledhja.com\/sq\/wp-json\/wp\/v2\/users\/1"}],"replies":[{"embeddable":true,"href":"https:\/\/permbledhja.com\/sq\/wp-json\/wp\/v2\/comments?post=885"}],"version-history":[{"count":2,"href":"https:\/\/permbledhja.com\/sq\/wp-json\/wp\/v2\/posts\/885\/revisions"}],"predecessor-version":[{"id":888,"href":"https:\/\/permbledhja.com\/sq\/wp-json\/wp\/v2\/posts\/885\/revisions\/888"}],"wp:featuredmedia":[{"embeddable":true,"href":"https:\/\/permbledhja.com\/sq\/wp-json\/wp\/v2\/media\/886"}],"wp:attachment":[{"href":"https:\/\/permbledhja.com\/sq\/wp-json\/wp\/v2\/media?parent=885"}],"wp:term":[{"taxonomy":"category","embeddable":true,"href":"https:\/\/permbledhja.com\/sq\/wp-json\/wp\/v2\/categories?post=885"},{"taxonomy":"post_tag","embeddable":true,"href":"https:\/\/permbledhja.com\/sq\/wp-json\/wp\/v2\/tags?post=885"}],"curies":[{"name":"wp","href":"https:\/\/api.w.org\/{rel}","templated":true}]}}