{"id":8826,"date":"2022-10-28T10:45:14","date_gmt":"2022-10-28T10:45:14","guid":{"rendered":"https:\/\/permbledhja.com\/?p=8826"},"modified":"2022-10-28T10:45:14","modified_gmt":"2022-10-28T10:45:14","slug":"sguxon-me-pase-frajer-as-mu-martu-se-te-mbys-kom-me-ta-hup-jeten-i-riu-ne-gjilan-kercenon-ish-bashkeshorten-e-tij","status":"publish","type":"post","link":"https:\/\/permbledhja.com\/sq\/sguxon-me-pase-frajer-as-mu-martu-se-te-mbys-kom-me-ta-hup-jeten-i-riu-ne-gjilan-kercenon-ish-bashkeshorten-e-tij\/","title":{"rendered":"\u201cS\u2019guxon me pas\u00eb frajer as m\u2019u martu se t\u00eb mbys, kom me ta hup jet\u00ebn\u201d\/ I riu n\u00eb Gjilan k\u00ebrc\u00ebnon ish bashk\u00ebshorten e tij"},"content":{"rendered":"<p>Ka shum\u00eb raste kur grat\u00eb kosovare nuk \u2018shp\u00ebtojn\u00eb\u2019 nga dhuna psikike e fizike edhe pse zgjedhin q\u00eb t\u00eb shkuror\u00ebzohen e t\u00eb ndajn\u00eb rrug\u00ebt me bashk\u00ebshort\u00ebt e tyre, t\u00eb cil\u00ebt u shkaktojn\u00eb telashe. Edhe pas ndarjes, shum\u00eb nga ta nuk i l\u00ebn\u00eb rehat ish-partneret e tyre.<\/p>\n<p>Me tortura psikike po p\u00ebrballet edhe nj\u00eb 19-vje\u00e7are n\u00eb Gjilan, e cila dyshohet se vazhdimisht k\u00ebrc\u00ebnohet nga ish bashk\u00ebshorti i saj.<\/p>\n<p>Help Ukraine! Don\u2019t Let Russia Trample On Democratic Values<br \/>\nHELPUA<br \/>\nSinjali m\u00ebson se i dyshuari i d\u00ebrgon \u2018selame\u2019 duke e paralajm\u00ebruar se ajo s\u2019guxon t\u00eb ket\u00eb lidhje dashurie me ask\u00ebnd tjet\u00ebr, e aq m\u00eb pak t\u00eb martohet s\u00ebrish sepse sipas 22-vje\u00e7arit, ajo ende \u00ebsht\u00eb gruaja e tij. P\u00ebrpos k\u00ebtyre, i dyshuari i ka th\u00ebn\u00eb se do ia humb jet\u00ebn.<\/p>\n<p>P\u00ebrball\u00eb k\u00ebsaj situate e reja \u00ebsht\u00eb detyruar t\u00eb denoncoj\u00eb rastin n\u00eb Polici, ku para hetuesve ka rr\u00ebfyer gjith\u00eb tmerrin t\u00eb cilin po e p\u00ebrjeton. Ajo ka b\u00ebr\u00eb t\u00eb ditur se ka pasur frik\u00eb q\u00eb ta raportoj\u00eb rastin m\u00eb par\u00eb, p\u00ebr shkak t\u00eb k\u00ebrc\u00ebnimeve nga i dyshuari.<\/p>\n<p>22-vje\u00e7ari \u00ebsht\u00eb arritur q\u00eb t\u00eb arrestohet dhe i nj\u00ebjti ka pranuar se e ka kanosur ish bashk\u00ebshorten e tij, duke th\u00ebn\u00eb se ai ende e konsideron se \u00ebsht\u00eb i martuar me t\u00eb.<\/p>\n<p>Policia n\u00eb koordinim me Prokurorin\u00eb ka kryer bastisje n\u00eb sht\u00ebpin\u00eb e t\u00eb dyshuarit ku kan\u00eb gjetur dhe konfiskuar nj\u00eb thik\u00eb.<\/p>\n<p>Me urdh\u00ebr t\u00eb prokurorit, ndaj t\u00eb dyshuarit i \u00ebsht\u00eb caktuar masa e ndalimit n\u00eb koh\u00ebzgjatje prej 48 or\u00ebsh dhe i nj\u00ebjti do t\u00eb hetohet n\u00ebn dyshimet p\u00ebr kryerjen e vepr\u00ebs penale \u2018Dhun\u00eb n\u00eb familje\u2019.<\/p>\n","protected":false},"excerpt":{"rendered":"<p>Ka shum\u00eb raste kur grat\u00eb kosovare nuk \u2018shp\u00ebtojn\u00eb\u2019 nga dhuna psikike e fizike edhe pse zgjedhin q\u00eb t\u00eb shkuror\u00ebzohen e t\u00eb ndajn\u00eb rrug\u00ebt me bashk\u00ebshort\u00ebt e tyre, t\u00eb cil\u00ebt u shkaktojn\u00eb telashe. Edhe pas ndarjes, shum\u00eb nga ta nuk i l\u00ebn\u00eb rehat ish-partneret e tyre. Me tortura psikike po p\u00ebrballet edhe nj\u00eb 19-vje\u00e7are n\u00eb Gjilan, [&hellip;]<\/p>\n","protected":false},"author":1,"featured_media":1896,"comment_status":"closed","ping_status":"closed","sticky":false,"template":"","format":"standard","meta":{"_monsterinsights_skip_tracking":false,"_monsterinsights_sitenote_active":false,"_monsterinsights_sitenote_note":"","_monsterinsights_sitenote_category":0,"_uf_show_specific_survey":0,"_uf_disable_surveys":false,"footnotes":""},"categories":[23,15],"tags":[],"yoast_head":"<!-- This site is optimized with the Yoast SEO plugin v21.5 - https:\/\/yoast.com\/wordpress\/plugins\/seo\/ -->\n<title>\u201cS\u2019guxon me pas\u00eb frajer as m\u2019u martu se t\u00eb mbys, kom me ta hup jet\u00ebn\u201d\/ I riu n\u00eb Gjilan k\u00ebrc\u00ebnon ish bashk\u00ebshorten e tij<\/title>\n<meta name=\"robots\" content=\"index, follow, max-snippet:-1, max-image-preview:large, max-video-preview:-1\" \/>\n<link rel=\"canonical\" href=\"https:\/\/permbledhja.com\/sq\/sguxon-me-pase-frajer-as-mu-martu-se-te-mbys-kom-me-ta-hup-jeten-i-riu-ne-gjilan-kercenon-ish-bashkeshorten-e-tij\/\" \/>\n<meta property=\"og:locale\" content=\"sq_AL\" \/>\n<meta property=\"og:type\" content=\"article\" \/>\n<meta property=\"og:title\" content=\"\u201cS\u2019guxon me pas\u00eb frajer as m\u2019u martu se t\u00eb mbys, kom me ta hup jet\u00ebn\u201d\/ I riu n\u00eb Gjilan k\u00ebrc\u00ebnon ish bashk\u00ebshorten e tij\" \/>\n<meta property=\"og:description\" content=\"Ka shum\u00eb raste kur grat\u00eb kosovare nuk \u2018shp\u00ebtojn\u00eb\u2019 nga dhuna psikike e fizike edhe pse zgjedhin q\u00eb t\u00eb shkuror\u00ebzohen e t\u00eb ndajn\u00eb rrug\u00ebt me bashk\u00ebshort\u00ebt e tyre, t\u00eb cil\u00ebt u shkaktojn\u00eb telashe. Edhe pas ndarjes, shum\u00eb nga ta nuk i l\u00ebn\u00eb rehat ish-partneret e tyre. Me tortura psikike po p\u00ebrballet edhe nj\u00eb 19-vje\u00e7are n\u00eb Gjilan, [&hellip;]\" \/>\n<meta property=\"og:url\" content=\"https:\/\/permbledhja.com\/sq\/sguxon-me-pase-frajer-as-mu-martu-se-te-mbys-kom-me-ta-hup-jeten-i-riu-ne-gjilan-kercenon-ish-bashkeshorten-e-tij\/\" \/>\n<meta property=\"og:site_name\" content=\"Ve\u00e7 artikuj p\u00ebrmbledh\u00ebs\" \/>\n<meta property=\"article:publisher\" content=\"https:\/\/www.facebook.com\/press07\/\" \/>\n<meta property=\"article:author\" content=\"https:\/\/www.facebook.com\/kafexhiu.muharrem\/\" \/>\n<meta property=\"article:published_time\" content=\"2022-10-28T10:45:14+00:00\" \/>\n<meta property=\"og:image\" content=\"https:\/\/permbledhja.com\/wp-content\/uploads\/2022\/07\/policia-750x375-1.jpg\" \/>\n\t<meta property=\"og:image:width\" content=\"750\" \/>\n\t<meta property=\"og:image:height\" content=\"375\" \/>\n\t<meta property=\"og:image:type\" content=\"image\/jpeg\" \/>\n<meta name=\"author\" content=\"P\u00ebrmbledhja\" \/>\n<meta name=\"twitter:card\" content=\"summary_large_image\" \/>\n<meta name=\"twitter:label1\" content=\"Written by\" \/>\n\t<meta name=\"twitter:data1\" content=\"P\u00ebrmbledhja\" \/>\n\t<meta name=\"twitter:label2\" content=\"Est. reading time\" \/>\n\t<meta name=\"twitter:data2\" content=\"2 minuta\" \/>\n<script type=\"application\/ld+json\" class=\"yoast-schema-graph\">{\"@context\":\"https:\/\/schema.org\",\"@graph\":[{\"@type\":\"Article\",\"@id\":\"https:\/\/permbledhja.com\/sguxon-me-pase-frajer-as-mu-martu-se-te-mbys-kom-me-ta-hup-jeten-i-riu-ne-gjilan-kercenon-ish-bashkeshorten-e-tij\/#article\",\"isPartOf\":{\"@id\":\"https:\/\/permbledhja.com\/sguxon-me-pase-frajer-as-mu-martu-se-te-mbys-kom-me-ta-hup-jeten-i-riu-ne-gjilan-kercenon-ish-bashkeshorten-e-tij\/\"},\"author\":{\"name\":\"P\u00ebrmbledhja\",\"@id\":\"https:\/\/permbledhja.com\/#\/schema\/person\/0d064377258d3221e50693947b9eb4fe\"},\"headline\":\"\u201cS\u2019guxon me pas\u00eb frajer as m\u2019u martu se t\u00eb mbys, kom me ta hup jet\u00ebn\u201d\/ I riu n\u00eb Gjilan k\u00ebrc\u00ebnon ish bashk\u00ebshorten e tij\",\"datePublished\":\"2022-10-28T10:45:14+00:00\",\"dateModified\":\"2022-10-28T10:45:14+00:00\",\"mainEntityOfPage\":{\"@id\":\"https:\/\/permbledhja.com\/sguxon-me-pase-frajer-as-mu-martu-se-te-mbys-kom-me-ta-hup-jeten-i-riu-ne-gjilan-kercenon-ish-bashkeshorten-e-tij\/\"},\"wordCount\":331,\"publisher\":{\"@id\":\"https:\/\/permbledhja.com\/#organization\"},\"articleSection\":[\"Komb\u00ebtare\",\"Lajme\"],\"inLanguage\":\"sq\"},{\"@type\":\"WebPage\",\"@id\":\"https:\/\/permbledhja.com\/sguxon-me-pase-frajer-as-mu-martu-se-te-mbys-kom-me-ta-hup-jeten-i-riu-ne-gjilan-kercenon-ish-bashkeshorten-e-tij\/\",\"url\":\"https:\/\/permbledhja.com\/sguxon-me-pase-frajer-as-mu-martu-se-te-mbys-kom-me-ta-hup-jeten-i-riu-ne-gjilan-kercenon-ish-bashkeshorten-e-tij\/\",\"name\":\"\u201cS\u2019guxon me pas\u00eb frajer as m\u2019u martu se t\u00eb mbys, kom me ta hup jet\u00ebn\u201d\/ I riu n\u00eb Gjilan k\u00ebrc\u00ebnon ish bashk\u00ebshorten e tij\",\"isPartOf\":{\"@id\":\"https:\/\/permbledhja.com\/#website\"},\"datePublished\":\"2022-10-28T10:45:14+00:00\",\"dateModified\":\"2022-10-28T10:45:14+00:00\",\"breadcrumb\":{\"@id\":\"https:\/\/permbledhja.com\/sguxon-me-pase-frajer-as-mu-martu-se-te-mbys-kom-me-ta-hup-jeten-i-riu-ne-gjilan-kercenon-ish-bashkeshorten-e-tij\/#breadcrumb\"},\"inLanguage\":\"sq\",\"potentialAction\":[{\"@type\":\"ReadAction\",\"target\":[\"https:\/\/permbledhja.com\/sguxon-me-pase-frajer-as-mu-martu-se-te-mbys-kom-me-ta-hup-jeten-i-riu-ne-gjilan-kercenon-ish-bashkeshorten-e-tij\/\"]}]},{\"@type\":\"BreadcrumbList\",\"@id\":\"https:\/\/permbledhja.com\/sguxon-me-pase-frajer-as-mu-martu-se-te-mbys-kom-me-ta-hup-jeten-i-riu-ne-gjilan-kercenon-ish-bashkeshorten-e-tij\/#breadcrumb\",\"itemListElement\":[{\"@type\":\"ListItem\",\"position\":1,\"name\":\"Ballina\",\"item\":\"https:\/\/permbledhja.com\/sq\/\"},{\"@type\":\"ListItem\",\"position\":2,\"name\":\"\u201cS\u2019guxon me pas\u00eb frajer as m\u2019u martu se t\u00eb mbys, kom me ta hup jet\u00ebn\u201d\/ I riu n\u00eb Gjilan k\u00ebrc\u00ebnon ish bashk\u00ebshorten e tij\"}]},{\"@type\":\"WebSite\",\"@id\":\"https:\/\/permbledhja.com\/#website\",\"url\":\"https:\/\/permbledhja.com\/\",\"name\":\"Ve\u00e7 artikuj p\u00ebrmbledh\u00ebs\",\"description\":\"\",\"publisher\":{\"@id\":\"https:\/\/permbledhja.com\/#organization\"},\"potentialAction\":[{\"@type\":\"SearchAction\",\"target\":{\"@type\":\"EntryPoint\",\"urlTemplate\":\"https:\/\/permbledhja.com\/?s={search_term_string}\"},\"query-input\":\"required name=search_term_string\"}],\"inLanguage\":\"sq\"},{\"@type\":\"Organization\",\"@id\":\"https:\/\/permbledhja.com\/#organization\",\"name\":\"MK Media & Pr\",\"url\":\"https:\/\/permbledhja.com\/\",\"logo\":{\"@type\":\"ImageObject\",\"inLanguage\":\"sq\",\"@id\":\"https:\/\/permbledhja.com\/#\/schema\/logo\/image\/\",\"url\":\"https:\/\/permbledhja.com\/wp-content\/uploads\/2021\/12\/07-Press-Logo.jpg\",\"contentUrl\":\"https:\/\/permbledhja.com\/wp-content\/uploads\/2021\/12\/07-Press-Logo.jpg\",\"width\":512,\"height\":512,\"caption\":\"MK Media & Pr\"},\"image\":{\"@id\":\"https:\/\/permbledhja.com\/#\/schema\/logo\/image\/\"},\"sameAs\":[\"https:\/\/www.facebook.com\/press07\/\"]},{\"@type\":\"Person\",\"@id\":\"https:\/\/permbledhja.com\/#\/schema\/person\/0d064377258d3221e50693947b9eb4fe\",\"name\":\"P\u00ebrmbledhja\",\"image\":{\"@type\":\"ImageObject\",\"inLanguage\":\"sq\",\"@id\":\"https:\/\/permbledhja.com\/#\/schema\/person\/image\/\",\"url\":\"https:\/\/permbledhja.com\/wp-content\/uploads\/2026\/01\/452004717_1040944174702970_8932037511805513407_n-96x96.jpg\",\"contentUrl\":\"https:\/\/permbledhja.com\/wp-content\/uploads\/2026\/01\/452004717_1040944174702970_8932037511805513407_n-96x96.jpg\",\"caption\":\"P\u00ebrmbledhja\"},\"sameAs\":[\"https:\/\/www.facebook.com\/kafexhiu.muharrem\/\",\"https:\/\/www.instagram.com\/muharrem_kafexhiu\/\"],\"url\":\"https:\/\/permbledhja.com\/sq\/author\/admin\/\"}]}<\/script>\n<!-- \/ Yoast SEO plugin. -->","yoast_head_json":{"title":"\u201cS\u2019guxon me pas\u00eb frajer as m\u2019u martu se t\u00eb mbys, kom me ta hup jet\u00ebn\u201d\/ I riu n\u00eb Gjilan k\u00ebrc\u00ebnon ish bashk\u00ebshorten e tij","robots":{"index":"index","follow":"follow","max-snippet":"max-snippet:-1","max-image-preview":"max-image-preview:large","max-video-preview":"max-video-preview:-1"},"canonical":"https:\/\/permbledhja.com\/sq\/sguxon-me-pase-frajer-as-mu-martu-se-te-mbys-kom-me-ta-hup-jeten-i-riu-ne-gjilan-kercenon-ish-bashkeshorten-e-tij\/","og_locale":"sq_AL","og_type":"article","og_title":"\u201cS\u2019guxon me pas\u00eb frajer as m\u2019u martu se t\u00eb mbys, kom me ta hup jet\u00ebn\u201d\/ I riu n\u00eb Gjilan k\u00ebrc\u00ebnon ish bashk\u00ebshorten e tij","og_description":"Ka shum\u00eb raste kur grat\u00eb kosovare nuk \u2018shp\u00ebtojn\u00eb\u2019 nga dhuna psikike e fizike edhe pse zgjedhin q\u00eb t\u00eb shkuror\u00ebzohen e t\u00eb ndajn\u00eb rrug\u00ebt me bashk\u00ebshort\u00ebt e tyre, t\u00eb cil\u00ebt u shkaktojn\u00eb telashe. Edhe pas ndarjes, shum\u00eb nga ta nuk i l\u00ebn\u00eb rehat ish-partneret e tyre. Me tortura psikike po p\u00ebrballet edhe nj\u00eb 19-vje\u00e7are n\u00eb Gjilan, [&hellip;]","og_url":"https:\/\/permbledhja.com\/sq\/sguxon-me-pase-frajer-as-mu-martu-se-te-mbys-kom-me-ta-hup-jeten-i-riu-ne-gjilan-kercenon-ish-bashkeshorten-e-tij\/","og_site_name":"Ve\u00e7 artikuj p\u00ebrmbledh\u00ebs","article_publisher":"https:\/\/www.facebook.com\/press07\/","article_author":"https:\/\/www.facebook.com\/kafexhiu.muharrem\/","article_published_time":"2022-10-28T10:45:14+00:00","og_image":[{"width":750,"height":375,"url":"https:\/\/permbledhja.com\/wp-content\/uploads\/2022\/07\/policia-750x375-1.jpg","type":"image\/jpeg"}],"author":"P\u00ebrmbledhja","twitter_card":"summary_large_image","twitter_misc":{"Written by":"P\u00ebrmbledhja","Est. reading time":"2 minuta"},"schema":{"@context":"https:\/\/schema.org","@graph":[{"@type":"Article","@id":"https:\/\/permbledhja.com\/sguxon-me-pase-frajer-as-mu-martu-se-te-mbys-kom-me-ta-hup-jeten-i-riu-ne-gjilan-kercenon-ish-bashkeshorten-e-tij\/#article","isPartOf":{"@id":"https:\/\/permbledhja.com\/sguxon-me-pase-frajer-as-mu-martu-se-te-mbys-kom-me-ta-hup-jeten-i-riu-ne-gjilan-kercenon-ish-bashkeshorten-e-tij\/"},"author":{"name":"P\u00ebrmbledhja","@id":"https:\/\/permbledhja.com\/#\/schema\/person\/0d064377258d3221e50693947b9eb4fe"},"headline":"\u201cS\u2019guxon me pas\u00eb frajer as m\u2019u martu se t\u00eb mbys, kom me ta hup jet\u00ebn\u201d\/ I riu n\u00eb Gjilan k\u00ebrc\u00ebnon ish bashk\u00ebshorten e tij","datePublished":"2022-10-28T10:45:14+00:00","dateModified":"2022-10-28T10:45:14+00:00","mainEntityOfPage":{"@id":"https:\/\/permbledhja.com\/sguxon-me-pase-frajer-as-mu-martu-se-te-mbys-kom-me-ta-hup-jeten-i-riu-ne-gjilan-kercenon-ish-bashkeshorten-e-tij\/"},"wordCount":331,"publisher":{"@id":"https:\/\/permbledhja.com\/#organization"},"articleSection":["Komb\u00ebtare","Lajme"],"inLanguage":"sq"},{"@type":"WebPage","@id":"https:\/\/permbledhja.com\/sguxon-me-pase-frajer-as-mu-martu-se-te-mbys-kom-me-ta-hup-jeten-i-riu-ne-gjilan-kercenon-ish-bashkeshorten-e-tij\/","url":"https:\/\/permbledhja.com\/sguxon-me-pase-frajer-as-mu-martu-se-te-mbys-kom-me-ta-hup-jeten-i-riu-ne-gjilan-kercenon-ish-bashkeshorten-e-tij\/","name":"\u201cS\u2019guxon me pas\u00eb frajer as m\u2019u martu se t\u00eb mbys, kom me ta hup jet\u00ebn\u201d\/ I riu n\u00eb Gjilan k\u00ebrc\u00ebnon ish bashk\u00ebshorten e tij","isPartOf":{"@id":"https:\/\/permbledhja.com\/#website"},"datePublished":"2022-10-28T10:45:14+00:00","dateModified":"2022-10-28T10:45:14+00:00","breadcrumb":{"@id":"https:\/\/permbledhja.com\/sguxon-me-pase-frajer-as-mu-martu-se-te-mbys-kom-me-ta-hup-jeten-i-riu-ne-gjilan-kercenon-ish-bashkeshorten-e-tij\/#breadcrumb"},"inLanguage":"sq","potentialAction":[{"@type":"ReadAction","target":["https:\/\/permbledhja.com\/sguxon-me-pase-frajer-as-mu-martu-se-te-mbys-kom-me-ta-hup-jeten-i-riu-ne-gjilan-kercenon-ish-bashkeshorten-e-tij\/"]}]},{"@type":"BreadcrumbList","@id":"https:\/\/permbledhja.com\/sguxon-me-pase-frajer-as-mu-martu-se-te-mbys-kom-me-ta-hup-jeten-i-riu-ne-gjilan-kercenon-ish-bashkeshorten-e-tij\/#breadcrumb","itemListElement":[{"@type":"ListItem","position":1,"name":"Ballina","item":"https:\/\/permbledhja.com\/sq\/"},{"@type":"ListItem","position":2,"name":"\u201cS\u2019guxon me pas\u00eb frajer as m\u2019u martu se t\u00eb mbys, kom me ta hup jet\u00ebn\u201d\/ I riu n\u00eb Gjilan k\u00ebrc\u00ebnon ish bashk\u00ebshorten e tij"}]},{"@type":"WebSite","@id":"https:\/\/permbledhja.com\/#website","url":"https:\/\/permbledhja.com\/","name":"Ve\u00e7 artikuj p\u00ebrmbledh\u00ebs","description":"","publisher":{"@id":"https:\/\/permbledhja.com\/#organization"},"potentialAction":[{"@type":"SearchAction","target":{"@type":"EntryPoint","urlTemplate":"https:\/\/permbledhja.com\/?s={search_term_string}"},"query-input":"required name=search_term_string"}],"inLanguage":"sq"},{"@type":"Organization","@id":"https:\/\/permbledhja.com\/#organization","name":"MK Media & Pr","url":"https:\/\/permbledhja.com\/","logo":{"@type":"ImageObject","inLanguage":"sq","@id":"https:\/\/permbledhja.com\/#\/schema\/logo\/image\/","url":"https:\/\/permbledhja.com\/wp-content\/uploads\/2021\/12\/07-Press-Logo.jpg","contentUrl":"https:\/\/permbledhja.com\/wp-content\/uploads\/2021\/12\/07-Press-Logo.jpg","width":512,"height":512,"caption":"MK Media & Pr"},"image":{"@id":"https:\/\/permbledhja.com\/#\/schema\/logo\/image\/"},"sameAs":["https:\/\/www.facebook.com\/press07\/"]},{"@type":"Person","@id":"https:\/\/permbledhja.com\/#\/schema\/person\/0d064377258d3221e50693947b9eb4fe","name":"P\u00ebrmbledhja","image":{"@type":"ImageObject","inLanguage":"sq","@id":"https:\/\/permbledhja.com\/#\/schema\/person\/image\/","url":"https:\/\/permbledhja.com\/wp-content\/uploads\/2026\/01\/452004717_1040944174702970_8932037511805513407_n-96x96.jpg","contentUrl":"https:\/\/permbledhja.com\/wp-content\/uploads\/2026\/01\/452004717_1040944174702970_8932037511805513407_n-96x96.jpg","caption":"P\u00ebrmbledhja"},"sameAs":["https:\/\/www.facebook.com\/kafexhiu.muharrem\/","https:\/\/www.instagram.com\/muharrem_kafexhiu\/"],"url":"https:\/\/permbledhja.com\/sq\/author\/admin\/"}]}},"_links":{"self":[{"href":"https:\/\/permbledhja.com\/sq\/wp-json\/wp\/v2\/posts\/8826"}],"collection":[{"href":"https:\/\/permbledhja.com\/sq\/wp-json\/wp\/v2\/posts"}],"about":[{"href":"https:\/\/permbledhja.com\/sq\/wp-json\/wp\/v2\/types\/post"}],"author":[{"embeddable":true,"href":"https:\/\/permbledhja.com\/sq\/wp-json\/wp\/v2\/users\/1"}],"replies":[{"embeddable":true,"href":"https:\/\/permbledhja.com\/sq\/wp-json\/wp\/v2\/comments?post=8826"}],"version-history":[{"count":1,"href":"https:\/\/permbledhja.com\/sq\/wp-json\/wp\/v2\/posts\/8826\/revisions"}],"predecessor-version":[{"id":8829,"href":"https:\/\/permbledhja.com\/sq\/wp-json\/wp\/v2\/posts\/8826\/revisions\/8829"}],"wp:featuredmedia":[{"embeddable":true,"href":"https:\/\/permbledhja.com\/sq\/wp-json\/wp\/v2\/media\/1896"}],"wp:attachment":[{"href":"https:\/\/permbledhja.com\/sq\/wp-json\/wp\/v2\/media?parent=8826"}],"wp:term":[{"taxonomy":"category","embeddable":true,"href":"https:\/\/permbledhja.com\/sq\/wp-json\/wp\/v2\/categories?post=8826"},{"taxonomy":"post_tag","embeddable":true,"href":"https:\/\/permbledhja.com\/sq\/wp-json\/wp\/v2\/tags?post=8826"}],"curies":[{"name":"wp","href":"https:\/\/api.w.org\/{rel}","templated":true}]}}