{"id":8778,"date":"2022-10-27T10:55:18","date_gmt":"2022-10-27T10:55:18","guid":{"rendered":"https:\/\/permbledhja.com\/?p=8778"},"modified":"2022-10-27T10:55:18","modified_gmt":"2022-10-27T10:55:18","slug":"be-ja-do-ta-ndihmoje-kosoven-rreth-krizes-energjetike","status":"publish","type":"post","link":"https:\/\/permbledhja.com\/sq\/be-ja-do-ta-ndihmoje-kosoven-rreth-krizes-energjetike\/","title":{"rendered":"BE-ja do ta ndihmoj\u00eb Kosov\u00ebn rreth kriz\u00ebs energjetike"},"content":{"rendered":"<p><strong>Bashkimi Evropian pritet t\u00eb ndaj\u00eb 75 milion\u00eb euro si ndihm\u00eb t\u00eb menj\u00ebhershme p\u00ebr Kosov\u00ebn n\u00eb p\u00ebrballimin e kriz\u00ebs energjetike.<\/strong><\/p>\n<p>K\u00ebshtu ka b\u00ebr\u00eb t\u00eb ditur presidentja e Komisionit Evropian, Ursula Von der Leyen, e cila vizitoi Kosov\u00ebn m\u00eb 27 tetor.<\/p>\n<p>\u201cNe do t\u00eb finalizojm\u00eb t\u00eb gjitha procedurat e nevojshme deri n\u00eb fund t\u00eb vitit q\u00eb ju t\u00eb mund t\u00eb merrni fondin q\u00eb n\u00eb janar\u201d, tha ajo n\u00eb nj\u00eb konferenc\u00eb t\u00eb p\u00ebrbashk\u00ebt pas takimit me presidenten e Kosov\u00ebs, Vjosa Osmani.<\/p>\n<p>Evropa aktualisht po p\u00ebrballet me nj\u00eb kriz\u00eb energjetike si pasoj\u00eb e luft\u00ebs s\u00eb Rusis\u00eb n\u00eb Ukrain\u00eb. Furnizimi me gaz p\u00ebr ngrohje, por edhe energji elektrike \u00ebsht\u00eb paralajm\u00ebruar se do t\u00eb v\u00ebshtir\u00ebsohet gjat\u00eb k\u00ebtij dimri.<\/p>\n<p>Presidentja e Kosov\u00ebs, Vjosa Osmani, duke falenderuar BE-n\u00eb p\u00ebr k\u00ebt\u00eb mb\u00ebshtetje, tha se \u201c\u00ebsht\u00eb vendimtare q\u00eb BE-ja t\u00eb \u201cna q\u00ebndroj\u00eb pran\u00eb dhe t\u00eb na mb\u00ebshtes\u00eb me p\u00ebrballje me krizat, si ajo energjetike\u201d.<\/p>\n<p>Kosova siguron shumic\u00ebn e furnizimit me energji elektrike p\u00ebrmes prodhimit t\u00eb saj me qymyr. Nevoja p\u00ebr import t\u00eb energjis\u00eb rritet gjat\u00eb dimrit, pasi kapacitetet vendore nuk mbulojn\u00eb nevojat p\u00ebr gjith\u00eb vendin.<\/p>\n<p>P\u00ebrve\u00e7 mb\u00ebshtetjes s\u00eb menj\u00ebhershme p\u00ebr kriz\u00ebn aktuale, Von der Leyen tha se pritet t\u00eb ket\u00eb nj\u00eb investim tjet\u00ebr prej 500 milion\u00eb eurosh p\u00ebr t\u00eb gjith\u00eb rajonin e Ballkanit Per\u00ebndimor.<\/p>\n<p>\u201cDuam t&#8217;iu ndihmojm\u00eb n\u00eb pavar\u00ebsin\u00eb tuaj energjetike. Qasja jon\u00eb \u00ebsht\u00eb se do t\u00eb ofojm\u00eb mb\u00ebshtetje t\u00eb fort\u00eb p\u00ebr t\u00eb nd\u00ebrtuar kapacitete t\u00eb reja, p\u00ebr t\u00eb z\u00ebvend\u00ebsuar qymyrin me energji t\u00eb rip\u00ebritshme\u201d, tha ajo.<\/p>\n","protected":false},"excerpt":{"rendered":"<p>Bashkimi Evropian pritet t\u00eb ndaj\u00eb 75 milion\u00eb euro si ndihm\u00eb t\u00eb menj\u00ebhershme p\u00ebr Kosov\u00ebn n\u00eb p\u00ebrballimin e kriz\u00ebs energjetike. K\u00ebshtu ka b\u00ebr\u00eb t\u00eb ditur presidentja e Komisionit Evropian, Ursula Von der Leyen, e cila vizitoi Kosov\u00ebn m\u00eb 27 tetor. \u201cNe do t\u00eb finalizojm\u00eb t\u00eb gjitha procedurat e nevojshme deri n\u00eb fund t\u00eb vitit q\u00eb ju [&hellip;]<\/p>\n","protected":false},"author":1,"featured_media":8779,"comment_status":"closed","ping_status":"closed","sticky":false,"template":"","format":"standard","meta":{"_monsterinsights_skip_tracking":false,"_monsterinsights_sitenote_active":false,"_monsterinsights_sitenote_note":"","_monsterinsights_sitenote_category":0,"_uf_show_specific_survey":0,"_uf_disable_surveys":false,"footnotes":""},"categories":[23,15],"tags":[487,605],"yoast_head":"<!-- This site is optimized with the Yoast SEO plugin v21.5 - https:\/\/yoast.com\/wordpress\/plugins\/seo\/ -->\n<title>BE-ja do ta ndihmoj\u00eb Kosov\u00ebn rreth kriz\u00ebs energjetike<\/title>\n<meta name=\"robots\" content=\"index, follow, max-snippet:-1, max-image-preview:large, max-video-preview:-1\" \/>\n<link rel=\"canonical\" href=\"https:\/\/permbledhja.com\/sq\/be-ja-do-ta-ndihmoje-kosoven-rreth-krizes-energjetike\/\" \/>\n<meta property=\"og:locale\" content=\"sq_AL\" \/>\n<meta property=\"og:type\" content=\"article\" \/>\n<meta property=\"og:title\" content=\"BE-ja do ta ndihmoj\u00eb Kosov\u00ebn rreth kriz\u00ebs energjetike\" \/>\n<meta property=\"og:description\" content=\"Bashkimi Evropian pritet t\u00eb ndaj\u00eb 75 milion\u00eb euro si ndihm\u00eb t\u00eb menj\u00ebhershme p\u00ebr Kosov\u00ebn n\u00eb p\u00ebrballimin e kriz\u00ebs energjetike. K\u00ebshtu ka b\u00ebr\u00eb t\u00eb ditur presidentja e Komisionit Evropian, Ursula Von der Leyen, e cila vizitoi Kosov\u00ebn m\u00eb 27 tetor. \u201cNe do t\u00eb finalizojm\u00eb t\u00eb gjitha procedurat e nevojshme deri n\u00eb fund t\u00eb vitit q\u00eb ju [&hellip;]\" \/>\n<meta property=\"og:url\" content=\"https:\/\/permbledhja.com\/sq\/be-ja-do-ta-ndihmoje-kosoven-rreth-krizes-energjetike\/\" \/>\n<meta property=\"og:site_name\" content=\"Ve\u00e7 artikuj p\u00ebrmbledh\u00ebs\" \/>\n<meta property=\"article:publisher\" content=\"https:\/\/www.facebook.com\/press07\/\" \/>\n<meta property=\"article:author\" content=\"https:\/\/www.facebook.com\/kafexhiu.muharrem\/\" \/>\n<meta property=\"article:published_time\" content=\"2022-10-27T10:55:18+00:00\" \/>\n<meta property=\"og:image\" content=\"https:\/\/permbledhja.com\/wp-content\/uploads\/2022\/10\/krizen.png\" \/>\n\t<meta property=\"og:image:width\" content=\"720\" \/>\n\t<meta property=\"og:image:height\" content=\"408\" \/>\n\t<meta property=\"og:image:type\" content=\"image\/png\" \/>\n<meta name=\"author\" content=\"P\u00ebrmbledhja\" \/>\n<meta name=\"twitter:card\" content=\"summary_large_image\" \/>\n<meta name=\"twitter:label1\" content=\"Written by\" \/>\n\t<meta name=\"twitter:data1\" content=\"P\u00ebrmbledhja\" \/>\n\t<meta name=\"twitter:label2\" content=\"Est. reading time\" \/>\n\t<meta name=\"twitter:data2\" content=\"1 minut\u00eb\" \/>\n<script type=\"application\/ld+json\" class=\"yoast-schema-graph\">{\"@context\":\"https:\/\/schema.org\",\"@graph\":[{\"@type\":\"Article\",\"@id\":\"https:\/\/permbledhja.com\/be-ja-do-ta-ndihmoje-kosoven-rreth-krizes-energjetike\/#article\",\"isPartOf\":{\"@id\":\"https:\/\/permbledhja.com\/be-ja-do-ta-ndihmoje-kosoven-rreth-krizes-energjetike\/\"},\"author\":{\"name\":\"P\u00ebrmbledhja\",\"@id\":\"https:\/\/permbledhja.com\/#\/schema\/person\/0d064377258d3221e50693947b9eb4fe\"},\"headline\":\"BE-ja do ta ndihmoj\u00eb Kosov\u00ebn rreth kriz\u00ebs energjetike\",\"datePublished\":\"2022-10-27T10:55:18+00:00\",\"dateModified\":\"2022-10-27T10:55:18+00:00\",\"mainEntityOfPage\":{\"@id\":\"https:\/\/permbledhja.com\/be-ja-do-ta-ndihmoje-kosoven-rreth-krizes-energjetike\/\"},\"wordCount\":289,\"publisher\":{\"@id\":\"https:\/\/permbledhja.com\/#organization\"},\"keywords\":[\"BE\",\"Kriza energjetike\"],\"articleSection\":[\"Komb\u00ebtare\",\"Lajme\"],\"inLanguage\":\"sq\"},{\"@type\":\"WebPage\",\"@id\":\"https:\/\/permbledhja.com\/be-ja-do-ta-ndihmoje-kosoven-rreth-krizes-energjetike\/\",\"url\":\"https:\/\/permbledhja.com\/be-ja-do-ta-ndihmoje-kosoven-rreth-krizes-energjetike\/\",\"name\":\"BE-ja do ta ndihmoj\u00eb Kosov\u00ebn rreth kriz\u00ebs energjetike\",\"isPartOf\":{\"@id\":\"https:\/\/permbledhja.com\/#website\"},\"datePublished\":\"2022-10-27T10:55:18+00:00\",\"dateModified\":\"2022-10-27T10:55:18+00:00\",\"breadcrumb\":{\"@id\":\"https:\/\/permbledhja.com\/be-ja-do-ta-ndihmoje-kosoven-rreth-krizes-energjetike\/#breadcrumb\"},\"inLanguage\":\"sq\",\"potentialAction\":[{\"@type\":\"ReadAction\",\"target\":[\"https:\/\/permbledhja.com\/be-ja-do-ta-ndihmoje-kosoven-rreth-krizes-energjetike\/\"]}]},{\"@type\":\"BreadcrumbList\",\"@id\":\"https:\/\/permbledhja.com\/be-ja-do-ta-ndihmoje-kosoven-rreth-krizes-energjetike\/#breadcrumb\",\"itemListElement\":[{\"@type\":\"ListItem\",\"position\":1,\"name\":\"Ballina\",\"item\":\"https:\/\/permbledhja.com\/sq\/\"},{\"@type\":\"ListItem\",\"position\":2,\"name\":\"BE-ja do ta ndihmoj\u00eb Kosov\u00ebn rreth kriz\u00ebs energjetike\"}]},{\"@type\":\"WebSite\",\"@id\":\"https:\/\/permbledhja.com\/#website\",\"url\":\"https:\/\/permbledhja.com\/\",\"name\":\"Ve\u00e7 artikuj p\u00ebrmbledh\u00ebs\",\"description\":\"\",\"publisher\":{\"@id\":\"https:\/\/permbledhja.com\/#organization\"},\"potentialAction\":[{\"@type\":\"SearchAction\",\"target\":{\"@type\":\"EntryPoint\",\"urlTemplate\":\"https:\/\/permbledhja.com\/?s={search_term_string}\"},\"query-input\":\"required name=search_term_string\"}],\"inLanguage\":\"sq\"},{\"@type\":\"Organization\",\"@id\":\"https:\/\/permbledhja.com\/#organization\",\"name\":\"MK Media & Pr\",\"url\":\"https:\/\/permbledhja.com\/\",\"logo\":{\"@type\":\"ImageObject\",\"inLanguage\":\"sq\",\"@id\":\"https:\/\/permbledhja.com\/#\/schema\/logo\/image\/\",\"url\":\"https:\/\/permbledhja.com\/wp-content\/uploads\/2021\/12\/07-Press-Logo.jpg\",\"contentUrl\":\"https:\/\/permbledhja.com\/wp-content\/uploads\/2021\/12\/07-Press-Logo.jpg\",\"width\":512,\"height\":512,\"caption\":\"MK Media & Pr\"},\"image\":{\"@id\":\"https:\/\/permbledhja.com\/#\/schema\/logo\/image\/\"},\"sameAs\":[\"https:\/\/www.facebook.com\/press07\/\"]},{\"@type\":\"Person\",\"@id\":\"https:\/\/permbledhja.com\/#\/schema\/person\/0d064377258d3221e50693947b9eb4fe\",\"name\":\"P\u00ebrmbledhja\",\"image\":{\"@type\":\"ImageObject\",\"inLanguage\":\"sq\",\"@id\":\"https:\/\/permbledhja.com\/#\/schema\/person\/image\/\",\"url\":\"https:\/\/permbledhja.com\/wp-content\/uploads\/2026\/01\/452004717_1040944174702970_8932037511805513407_n-96x96.jpg\",\"contentUrl\":\"https:\/\/permbledhja.com\/wp-content\/uploads\/2026\/01\/452004717_1040944174702970_8932037511805513407_n-96x96.jpg\",\"caption\":\"P\u00ebrmbledhja\"},\"sameAs\":[\"https:\/\/www.facebook.com\/kafexhiu.muharrem\/\",\"https:\/\/www.instagram.com\/muharrem_kafexhiu\/\"],\"url\":\"https:\/\/permbledhja.com\/sq\/author\/admin\/\"}]}<\/script>\n<!-- \/ Yoast SEO plugin. -->","yoast_head_json":{"title":"BE-ja do ta ndihmoj\u00eb Kosov\u00ebn rreth kriz\u00ebs energjetike","robots":{"index":"index","follow":"follow","max-snippet":"max-snippet:-1","max-image-preview":"max-image-preview:large","max-video-preview":"max-video-preview:-1"},"canonical":"https:\/\/permbledhja.com\/sq\/be-ja-do-ta-ndihmoje-kosoven-rreth-krizes-energjetike\/","og_locale":"sq_AL","og_type":"article","og_title":"BE-ja do ta ndihmoj\u00eb Kosov\u00ebn rreth kriz\u00ebs energjetike","og_description":"Bashkimi Evropian pritet t\u00eb ndaj\u00eb 75 milion\u00eb euro si ndihm\u00eb t\u00eb menj\u00ebhershme p\u00ebr Kosov\u00ebn n\u00eb p\u00ebrballimin e kriz\u00ebs energjetike. K\u00ebshtu ka b\u00ebr\u00eb t\u00eb ditur presidentja e Komisionit Evropian, Ursula Von der Leyen, e cila vizitoi Kosov\u00ebn m\u00eb 27 tetor. \u201cNe do t\u00eb finalizojm\u00eb t\u00eb gjitha procedurat e nevojshme deri n\u00eb fund t\u00eb vitit q\u00eb ju [&hellip;]","og_url":"https:\/\/permbledhja.com\/sq\/be-ja-do-ta-ndihmoje-kosoven-rreth-krizes-energjetike\/","og_site_name":"Ve\u00e7 artikuj p\u00ebrmbledh\u00ebs","article_publisher":"https:\/\/www.facebook.com\/press07\/","article_author":"https:\/\/www.facebook.com\/kafexhiu.muharrem\/","article_published_time":"2022-10-27T10:55:18+00:00","og_image":[{"width":720,"height":408,"url":"https:\/\/permbledhja.com\/wp-content\/uploads\/2022\/10\/krizen.png","type":"image\/png"}],"author":"P\u00ebrmbledhja","twitter_card":"summary_large_image","twitter_misc":{"Written by":"P\u00ebrmbledhja","Est. reading time":"1 minut\u00eb"},"schema":{"@context":"https:\/\/schema.org","@graph":[{"@type":"Article","@id":"https:\/\/permbledhja.com\/be-ja-do-ta-ndihmoje-kosoven-rreth-krizes-energjetike\/#article","isPartOf":{"@id":"https:\/\/permbledhja.com\/be-ja-do-ta-ndihmoje-kosoven-rreth-krizes-energjetike\/"},"author":{"name":"P\u00ebrmbledhja","@id":"https:\/\/permbledhja.com\/#\/schema\/person\/0d064377258d3221e50693947b9eb4fe"},"headline":"BE-ja do ta ndihmoj\u00eb Kosov\u00ebn rreth kriz\u00ebs energjetike","datePublished":"2022-10-27T10:55:18+00:00","dateModified":"2022-10-27T10:55:18+00:00","mainEntityOfPage":{"@id":"https:\/\/permbledhja.com\/be-ja-do-ta-ndihmoje-kosoven-rreth-krizes-energjetike\/"},"wordCount":289,"publisher":{"@id":"https:\/\/permbledhja.com\/#organization"},"keywords":["BE","Kriza energjetike"],"articleSection":["Komb\u00ebtare","Lajme"],"inLanguage":"sq"},{"@type":"WebPage","@id":"https:\/\/permbledhja.com\/be-ja-do-ta-ndihmoje-kosoven-rreth-krizes-energjetike\/","url":"https:\/\/permbledhja.com\/be-ja-do-ta-ndihmoje-kosoven-rreth-krizes-energjetike\/","name":"BE-ja do ta ndihmoj\u00eb Kosov\u00ebn rreth kriz\u00ebs energjetike","isPartOf":{"@id":"https:\/\/permbledhja.com\/#website"},"datePublished":"2022-10-27T10:55:18+00:00","dateModified":"2022-10-27T10:55:18+00:00","breadcrumb":{"@id":"https:\/\/permbledhja.com\/be-ja-do-ta-ndihmoje-kosoven-rreth-krizes-energjetike\/#breadcrumb"},"inLanguage":"sq","potentialAction":[{"@type":"ReadAction","target":["https:\/\/permbledhja.com\/be-ja-do-ta-ndihmoje-kosoven-rreth-krizes-energjetike\/"]}]},{"@type":"BreadcrumbList","@id":"https:\/\/permbledhja.com\/be-ja-do-ta-ndihmoje-kosoven-rreth-krizes-energjetike\/#breadcrumb","itemListElement":[{"@type":"ListItem","position":1,"name":"Ballina","item":"https:\/\/permbledhja.com\/sq\/"},{"@type":"ListItem","position":2,"name":"BE-ja do ta ndihmoj\u00eb Kosov\u00ebn rreth kriz\u00ebs energjetike"}]},{"@type":"WebSite","@id":"https:\/\/permbledhja.com\/#website","url":"https:\/\/permbledhja.com\/","name":"Ve\u00e7 artikuj p\u00ebrmbledh\u00ebs","description":"","publisher":{"@id":"https:\/\/permbledhja.com\/#organization"},"potentialAction":[{"@type":"SearchAction","target":{"@type":"EntryPoint","urlTemplate":"https:\/\/permbledhja.com\/?s={search_term_string}"},"query-input":"required name=search_term_string"}],"inLanguage":"sq"},{"@type":"Organization","@id":"https:\/\/permbledhja.com\/#organization","name":"MK Media & Pr","url":"https:\/\/permbledhja.com\/","logo":{"@type":"ImageObject","inLanguage":"sq","@id":"https:\/\/permbledhja.com\/#\/schema\/logo\/image\/","url":"https:\/\/permbledhja.com\/wp-content\/uploads\/2021\/12\/07-Press-Logo.jpg","contentUrl":"https:\/\/permbledhja.com\/wp-content\/uploads\/2021\/12\/07-Press-Logo.jpg","width":512,"height":512,"caption":"MK Media & Pr"},"image":{"@id":"https:\/\/permbledhja.com\/#\/schema\/logo\/image\/"},"sameAs":["https:\/\/www.facebook.com\/press07\/"]},{"@type":"Person","@id":"https:\/\/permbledhja.com\/#\/schema\/person\/0d064377258d3221e50693947b9eb4fe","name":"P\u00ebrmbledhja","image":{"@type":"ImageObject","inLanguage":"sq","@id":"https:\/\/permbledhja.com\/#\/schema\/person\/image\/","url":"https:\/\/permbledhja.com\/wp-content\/uploads\/2026\/01\/452004717_1040944174702970_8932037511805513407_n-96x96.jpg","contentUrl":"https:\/\/permbledhja.com\/wp-content\/uploads\/2026\/01\/452004717_1040944174702970_8932037511805513407_n-96x96.jpg","caption":"P\u00ebrmbledhja"},"sameAs":["https:\/\/www.facebook.com\/kafexhiu.muharrem\/","https:\/\/www.instagram.com\/muharrem_kafexhiu\/"],"url":"https:\/\/permbledhja.com\/sq\/author\/admin\/"}]}},"_links":{"self":[{"href":"https:\/\/permbledhja.com\/sq\/wp-json\/wp\/v2\/posts\/8778"}],"collection":[{"href":"https:\/\/permbledhja.com\/sq\/wp-json\/wp\/v2\/posts"}],"about":[{"href":"https:\/\/permbledhja.com\/sq\/wp-json\/wp\/v2\/types\/post"}],"author":[{"embeddable":true,"href":"https:\/\/permbledhja.com\/sq\/wp-json\/wp\/v2\/users\/1"}],"replies":[{"embeddable":true,"href":"https:\/\/permbledhja.com\/sq\/wp-json\/wp\/v2\/comments?post=8778"}],"version-history":[{"count":1,"href":"https:\/\/permbledhja.com\/sq\/wp-json\/wp\/v2\/posts\/8778\/revisions"}],"predecessor-version":[{"id":8780,"href":"https:\/\/permbledhja.com\/sq\/wp-json\/wp\/v2\/posts\/8778\/revisions\/8780"}],"wp:featuredmedia":[{"embeddable":true,"href":"https:\/\/permbledhja.com\/sq\/wp-json\/wp\/v2\/media\/8779"}],"wp:attachment":[{"href":"https:\/\/permbledhja.com\/sq\/wp-json\/wp\/v2\/media?parent=8778"}],"wp:term":[{"taxonomy":"category","embeddable":true,"href":"https:\/\/permbledhja.com\/sq\/wp-json\/wp\/v2\/categories?post=8778"},{"taxonomy":"post_tag","embeddable":true,"href":"https:\/\/permbledhja.com\/sq\/wp-json\/wp\/v2\/tags?post=8778"}],"curies":[{"name":"wp","href":"https:\/\/api.w.org\/{rel}","templated":true}]}}