{"id":8714,"date":"2022-10-26T20:09:18","date_gmt":"2022-10-26T20:09:18","guid":{"rendered":"https:\/\/permbledhja.com\/?p=8714"},"modified":"2022-10-26T20:09:18","modified_gmt":"2022-10-26T20:09:18","slug":"biznesmeni-kosovar-kerkon-qe-paga-minimale-te-behet-700-euro","status":"publish","type":"post","link":"https:\/\/permbledhja.com\/sq\/biznesmeni-kosovar-kerkon-qe-paga-minimale-te-behet-700-euro\/","title":{"rendered":"Biznesmeni kosovar k\u00ebrkon q\u00eb paga minimale t\u00eb b\u00ebhet 700 euro"},"content":{"rendered":"<p>Nj\u00eb nd\u00ebr biznesmen\u00ebt m\u00eb t\u00eb suksessh\u00ebm t\u00eb Kosov\u00ebs, nj\u00ebkoh\u00ebsisht ish-deputet i Kuvendit, Ramiz Kelmendi, n\u00eb nj\u00eb intervist\u00eb p\u00ebr Indeksonline ka folur p\u00ebr zhvillimet e fundit n\u00eb vend, duke filluar nga pakot e ndara nga Qeveria Kurti, e deri tek ikja e fuqis\u00eb pun\u00ebtore.<\/p>\n<p>Kelmendi komentoi dy pakot ekonomike t\u00eb ndara ku i quajti pako sociale.<\/p>\n<p>\u201cK\u00ebto pakot ekonomike zakonisht un\u00eb i quaj pako sociale, t\u00eb cilat jan\u00eb shp\u00ebrndar\u00eb p\u00ebr qytetar\u00ebt dhe si t\u00eb tilla ato e ndihmojn\u00eb konsumin, e ndihmojn\u00eb mir\u00ebqenien sociale por q\u00eb praktikisht nuk ndikojjn\u00eb n\u00eb ngritje ekonomike q\u00eb kemi nevoj\u00eb dhe n\u00eb hapjen e vendeve t\u00eb pun\u00ebs. E ndihmojn\u00eb n\u00eb rritjen e kapacitetit t\u00eb prodhimit po qe ato mjete t\u00eb destinuara shkojn\u00eb n\u00eb blerjen e produkteve t\u00eb vendit sikur k\u00ebto pako t\u00eb kishin qen\u00eb pako m\u00eb q\u00ebllim dhe ekskluzivisht t\u00eb blerjes s\u00eb produkteve vendore un\u00eb besoj q\u00eb ajo kishte m\u00eb rrit\u00eb edhe mir\u00ebqenien e t\u00eb pun\u00ebsuarve, e cila \u00ebsht\u00eb shum\u00eb e domosdoshme, kishte m\u00eb rrit\u00eb edhe prodhimtarin ekzistuese por q\u00eb nuk kishte me ndiku n\u00eb ngritjen e prodhimtareve t\u00eb reja\u201d, theksoj\u00eb Kelmendi.<\/p>\n<p>Kelmendi foli edhe p\u00ebr ikjen e fuqis\u00eb s\u00eb pun\u00ebtoreve, ku theksoj\u00eb se i gjith\u00eb problemi q\u00ebndron tek taksa doganore, sipas tij nuk ka asnj\u00eb vend n\u00eb bot\u00eb q\u00eb sanksionon vendin e tij me dogan\u00eb.<\/p>\n<p>\u201cN\u00eb k\u00ebt\u00eb rast kemi dy lloj p\u00ebrballjesh, p\u00ebrballje psikologjike, ku nj\u00eb pjes\u00eb e madhe e qytetar\u00ebve e kan\u00eb ndar\u00eb mendjen dhe nj\u00eb koh\u00eb t\u00eb gjat\u00eb orarit t\u00eb pun\u00ebs po mendojn\u00eb si t\u00eb largohen nga vendi duke pritur vizat n\u00eb vazhdim\u00ebsi, dhe ajo po ndikon n\u00eb efektin dhe sh\u00ebrbimin ndaj konsumator\u00ebve. E dyta \u00ebsht\u00eb largimi i t\u00eb gjith\u00eb atyreve q\u00eb jan\u00eb n\u00eb pun\u00ebsim q\u00eb kan\u00eb paga t\u00eb mira, por edhe q\u00eb kan\u00eb njohuri, e normalisht nuk ka mbetur asnj\u00eb deg\u00eb e ekonomis\u00eb s\u00eb vendit q\u00eb nuk po preket nga ky largim. M\u00eb e keqja \u00ebsht\u00eb ta vajtosh, nuk mundet e kaluar t\u00eb ndikoj\u00eb n\u00eb t\u00eb ardhmen, n\u00eb t\u00eb kaluar\u00ebn ka operuar nj\u00eb qeveri tjet\u00ebr, n\u00eb t\u00eb tashmen operon nj\u00eb qeveri tjet\u00ebr e cila nuk ka pasur koh\u00eb q\u00eb t\u00eb p\u00ebrgatit\u00ebt p\u00ebr k\u00ebto paralajm\u00ebrime q\u00eb kan\u00eb qen\u00eb edhe me her\u00ebt dhe \u00e7do form\u00eb e arsyetimit kjo nuk e ndal\u00eb fuqin\u00eb pun\u00ebtore, qeveria ka gjithmon\u00eb obligime t\u00eb pa kompensoheshe. N\u00ebse ne jemi nj\u00eb prodhimtari q\u00eb duhet t\u00eb zhvilloj\u00eb duhet t\u00eb b\u00ebjm\u00eb di\u00e7ka p\u00ebr ta, n\u00eb duhet t\u00eb heqim taksen doganore, n\u00eb m\u00ebnyre q\u00eb prodhimtari t\u00eb zhvillohet, nuk ka shtet n\u00eb bot\u00eb q\u00eb e sanksionon prodhimin e vet\u00eb me dogan\u00eb, nd\u00ebrsa shtetet tjera p\u00ebrve\u00e7 q\u00eb nuk kan\u00eb dogan\u00eb japin edhe subvencionime p\u00ebr eksporte dhe subvencionime p\u00ebr fuqin\u00eb pun\u00ebtore\u201d, b\u00ebri t\u00eb ditur Kelmendi.<\/p>\n<p>Ish-deputeti i kuvendit t\u00eb Kosov\u00ebs, kritikoi qeverin\u00eb p\u00ebr mos bashk\u00ebpunim dhe komunikim ndaj k\u00ebrkesave t\u00eb afarist\u00ebve.<\/p>\n<p>Sipas tij nuk ndalet largimi me fjal\u00eb t\u00eb mir\u00eb, por m\u00eb perspektiva.<\/p>\n<p>\u201cKjo \u00ebsht\u00eb e mang\u00ebt, nuk ndalet largimi nga Kosova as m\u00eb fjal\u00eb t\u00eb mira as m\u00eb lutje, as me aman, as m\u00eb d\u00ebrman q\u00eb themi popullore por ndalet m\u00eb perspektiv\u00eb. T\u00eb rinjt\u00eb jan\u00eb duke e ditur se jeta, paraja, po mund t\u00eb fitohet dhe duhet t\u00eb fitohet n\u00eb momentin kur e ki edhe mosh\u00ebn. Hajde t\u00eb ja mund\u00ebsojm\u00eb, ka shum\u00eb ide, shum\u00eb njer\u00ebz dashamir\u00eb q\u00eb e dojn\u00eb vendin, shum\u00eb m\u00eb tep\u00ebr se k\u00ebta q\u00eb jan\u00eb zgjedhur, p\u00ebr arsyeje se p.sh. un\u00eb konkretisht e dua Kosov\u00ebn, se Kosova \u00ebsht\u00eb vendi im, un\u00eb k\u00ebtu kam lindur dhe k\u00ebtu kam d\u00ebshir\u00eb t\u00eb vdes\u00eb. M\u00eb vajtojn\u00eb zemra kur e shoh njer\u00ebzit q\u00eb dalin p\u00ebr nj\u00eb t\u00eb ardhme m\u00eb t\u00eb mir\u00eb, t\u00eb domosdoshme, jo q\u00eb dalin p\u00ebr nj\u00eb lluks ekstra. \u201d, shtoi nd\u00ebr t\u00eb tjera Kelmendi.<\/p>\n<p>Ai theksoj\u00eb se nuk ka m\u00eb fuqi ekonomike, politike, patriotike q\u00eb mund t\u2019i rikthej\u00eb ato n\u00eb Kosov\u00eb.<\/p>\n<p>Biznesmeni Kelmendi tregoi p\u00ebr rrog\u00ebn minimale n\u00eb kompanit\u00eb q\u00eb udh\u00ebheq ai, por tha se \u00ebsht\u00eb i mendimit se rrog\u00eb minimale n\u00eb Kosov\u00eb nuk duhet t\u00eb ket\u00eb n\u00ebn 700 euro.<\/p>\n<p>\u201cN\u00eb momentin q\u00eb ki nj\u00eb gjendje t\u00eb qytetar\u00ebve me hyrje t\u00eb vogla dhe nuk ki investime dhe zhvillime t\u00eb fuqishme ekonomike t\u00eb ardhurat jan\u00eb efekt i k\u00ebtyre dy faktor\u00ebve. Tek un\u00eb nuk ka pag\u00eb n\u00ebn 380 euro, plus m\u00ebngjesi dhe sigurimi sh\u00ebndet\u00ebsore dhe t\u00eb tjera, kjo \u00ebsht\u00eb paga m\u00eb e vog\u00ebl e atij q\u00eb futet n\u00eb pun\u00eb. Q\u00ebllimet \u00eb mija jan\u00eb q\u00eb nuk duhet t\u00eb ket\u00eb pag\u00eb nd\u00ebr 700 euro, por efekti ndaj pun\u00ebs dhe koh\u00ebs s\u00eb pun\u00ebs duhet t\u00eb rritet, ne duhet t\u00eb krijojm\u00eb patriotizmin n\u00eb ta form\u00eb sa qe kur shkojm\u00eb n\u00eb vendin e pun\u00ebs t\u00eb p\u00ebrkushtohemi p\u00ebr pun\u00eb. N\u00eb vendet e per\u00ebndimit ta marrin telefon in kur t\u00eb shkojsh\u00eb n\u00eb pun\u00eb, nuk t\u00eb lejoj\u00eb t\u00eb hysh me lexu komunikimin, tek ne i ke t\u00eb gjitha n\u00eb dispozicione\u201d , vijoj\u00eb ish-deputeti.<\/p>\n<p>Kelmendi nd\u00ebr t\u00eb tjera foli edhe p\u00ebr akciz\u00ebn e derivateve, sipas tij nga kompanit\u00eb duhet t\u00eb kompensohet pun\u00ebtor\u00ebve \u00e7mimet e shkuarjes n\u00eb pun\u00eb.<\/p>\n<p>\u201cQeveria duhet ti vendos n\u00eb peshore gj\u00ebrat, akciza n\u00eb derivatet e naft\u00ebs e leht\u00ebson shumic\u00ebs s\u00eb qytetar\u00ebve ardhjen n\u00eb pun\u00eb, \u00e7do ardhje n\u00eb pun\u00eb e shton efektin social n\u00eb familje, prandaj akciza p\u00ebr ata q\u00eb vijn\u00eb n\u00eb pun\u00eb, ka mund\u00ebsi t\u00eb mbetet akciza por t\u00eb reforndohet akciza p\u00ebr koston e shpenzimeve t\u00eb transportit t\u00eb pun\u00ebsuarit n\u00eb pun\u00eb. P.sh. n\u00ebse nj\u00eb i pun\u00ebsuar e ka rrog\u00ebn 300-400 euro, dhe vij\u00eb n\u00eb Fush\u00eb Kosov\u00eb apo qend\u00ebr t\u00eb Prishtin\u00ebs apo n\u00eb Sllatin\u00eb aty q\u00eb duhet t\u2019i nderoje disa autobus\u00eb. Kostoja e shkuarjes n\u00eb pun\u00eb \u00ebsht\u00eb 50-60 euro duhet t\u00eb kompensohet, e koston e larg\u00ebsis\u00eb p\u00ebr ta mbajtur qytetarin n\u00eb vendin e pun\u00ebs dhe t\u2019i kompensoj\u00eb q\u00eb ai mos t\u00eb pretoj\u00eb t\u00eb shkoj\u00eb n\u00eb nj\u00eb vende pune m\u00eb larg sja kompenson p\u00ebr koston n\u00eb m\u00ebnyre q\u00eb ai atje t\u00eb jet\u00eb i k\u00ebnaqur\u201d, ka shtuar ai.\/Indeksonline\/<\/p>\n","protected":false},"excerpt":{"rendered":"<p>Nj\u00eb nd\u00ebr biznesmen\u00ebt m\u00eb t\u00eb suksessh\u00ebm t\u00eb Kosov\u00ebs, nj\u00ebkoh\u00ebsisht ish-deputet i Kuvendit, Ramiz Kelmendi, n\u00eb nj\u00eb intervist\u00eb p\u00ebr Indeksonline ka folur p\u00ebr zhvillimet e fundit n\u00eb vend, duke filluar nga pakot e ndara nga Qeveria Kurti, e deri tek ikja e fuqis\u00eb pun\u00ebtore. Kelmendi komentoi dy pakot ekonomike t\u00eb ndara ku i quajti pako sociale. [&hellip;]<\/p>\n","protected":false},"author":1,"featured_media":6739,"comment_status":"closed","ping_status":"closed","sticky":false,"template":"","format":"standard","meta":{"_monsterinsights_skip_tracking":false,"_monsterinsights_sitenote_active":false,"_monsterinsights_sitenote_note":"","_monsterinsights_sitenote_category":0,"_uf_show_specific_survey":0,"_uf_disable_surveys":false,"footnotes":""},"categories":[22,23,15],"tags":[],"yoast_head":"<!-- This site is optimized with the Yoast SEO plugin v21.5 - https:\/\/yoast.com\/wordpress\/plugins\/seo\/ -->\n<title>Biznesmeni kosovar k\u00ebrkon q\u00eb paga minimale t\u00eb b\u00ebhet 700 euro<\/title>\n<meta name=\"robots\" content=\"index, follow, max-snippet:-1, max-image-preview:large, max-video-preview:-1\" \/>\n<link rel=\"canonical\" href=\"https:\/\/permbledhja.com\/sq\/biznesmeni-kosovar-kerkon-qe-paga-minimale-te-behet-700-euro\/\" \/>\n<meta property=\"og:locale\" content=\"sq_AL\" \/>\n<meta property=\"og:type\" content=\"article\" \/>\n<meta property=\"og:title\" content=\"Biznesmeni kosovar k\u00ebrkon q\u00eb paga minimale t\u00eb b\u00ebhet 700 euro\" \/>\n<meta property=\"og:description\" content=\"Nj\u00eb nd\u00ebr biznesmen\u00ebt m\u00eb t\u00eb suksessh\u00ebm t\u00eb Kosov\u00ebs, nj\u00ebkoh\u00ebsisht ish-deputet i Kuvendit, Ramiz Kelmendi, n\u00eb nj\u00eb intervist\u00eb p\u00ebr Indeksonline ka folur p\u00ebr zhvillimet e fundit n\u00eb vend, duke filluar nga pakot e ndara nga Qeveria Kurti, e deri tek ikja e fuqis\u00eb pun\u00ebtore. Kelmendi komentoi dy pakot ekonomike t\u00eb ndara ku i quajti pako sociale. [&hellip;]\" \/>\n<meta property=\"og:url\" content=\"https:\/\/permbledhja.com\/sq\/biznesmeni-kosovar-kerkon-qe-paga-minimale-te-behet-700-euro\/\" \/>\n<meta property=\"og:site_name\" content=\"Ve\u00e7 artikuj p\u00ebrmbledh\u00ebs\" \/>\n<meta property=\"article:publisher\" content=\"https:\/\/www.facebook.com\/press07\/\" \/>\n<meta property=\"article:author\" content=\"https:\/\/www.facebook.com\/kafexhiu.muharrem\/\" \/>\n<meta property=\"article:published_time\" content=\"2022-10-26T20:09:18+00:00\" \/>\n<meta property=\"og:image\" content=\"https:\/\/permbledhja.com\/wp-content\/uploads\/2022\/09\/auto_pare-leke-euro-monedhe-banka1533673049-696x363-1392x726-1-696x363-1-600x360-1.jpg\" \/>\n\t<meta property=\"og:image:width\" content=\"600\" \/>\n\t<meta property=\"og:image:height\" content=\"360\" \/>\n\t<meta property=\"og:image:type\" content=\"image\/jpeg\" \/>\n<meta name=\"author\" content=\"P\u00ebrmbledhja\" \/>\n<meta name=\"twitter:card\" content=\"summary_large_image\" \/>\n<meta name=\"twitter:label1\" content=\"Written by\" \/>\n\t<meta name=\"twitter:data1\" content=\"P\u00ebrmbledhja\" \/>\n\t<meta name=\"twitter:label2\" content=\"Est. reading time\" \/>\n\t<meta name=\"twitter:data2\" content=\"5 minuta\" \/>\n<script type=\"application\/ld+json\" class=\"yoast-schema-graph\">{\"@context\":\"https:\/\/schema.org\",\"@graph\":[{\"@type\":\"Article\",\"@id\":\"https:\/\/permbledhja.com\/biznesmeni-kosovar-kerkon-qe-paga-minimale-te-behet-700-euro\/#article\",\"isPartOf\":{\"@id\":\"https:\/\/permbledhja.com\/biznesmeni-kosovar-kerkon-qe-paga-minimale-te-behet-700-euro\/\"},\"author\":{\"name\":\"P\u00ebrmbledhja\",\"@id\":\"https:\/\/permbledhja.com\/#\/schema\/person\/0d064377258d3221e50693947b9eb4fe\"},\"headline\":\"Biznesmeni kosovar k\u00ebrkon q\u00eb paga minimale t\u00eb b\u00ebhet 700 euro\",\"datePublished\":\"2022-10-26T20:09:18+00:00\",\"dateModified\":\"2022-10-26T20:09:18+00:00\",\"mainEntityOfPage\":{\"@id\":\"https:\/\/permbledhja.com\/biznesmeni-kosovar-kerkon-qe-paga-minimale-te-behet-700-euro\/\"},\"wordCount\":1059,\"publisher\":{\"@id\":\"https:\/\/permbledhja.com\/#organization\"},\"articleSection\":[\"Ballina\",\"Komb\u00ebtare\",\"Lajme\"],\"inLanguage\":\"sq\"},{\"@type\":\"WebPage\",\"@id\":\"https:\/\/permbledhja.com\/biznesmeni-kosovar-kerkon-qe-paga-minimale-te-behet-700-euro\/\",\"url\":\"https:\/\/permbledhja.com\/biznesmeni-kosovar-kerkon-qe-paga-minimale-te-behet-700-euro\/\",\"name\":\"Biznesmeni kosovar k\u00ebrkon q\u00eb paga minimale t\u00eb b\u00ebhet 700 euro\",\"isPartOf\":{\"@id\":\"https:\/\/permbledhja.com\/#website\"},\"datePublished\":\"2022-10-26T20:09:18+00:00\",\"dateModified\":\"2022-10-26T20:09:18+00:00\",\"breadcrumb\":{\"@id\":\"https:\/\/permbledhja.com\/biznesmeni-kosovar-kerkon-qe-paga-minimale-te-behet-700-euro\/#breadcrumb\"},\"inLanguage\":\"sq\",\"potentialAction\":[{\"@type\":\"ReadAction\",\"target\":[\"https:\/\/permbledhja.com\/biznesmeni-kosovar-kerkon-qe-paga-minimale-te-behet-700-euro\/\"]}]},{\"@type\":\"BreadcrumbList\",\"@id\":\"https:\/\/permbledhja.com\/biznesmeni-kosovar-kerkon-qe-paga-minimale-te-behet-700-euro\/#breadcrumb\",\"itemListElement\":[{\"@type\":\"ListItem\",\"position\":1,\"name\":\"Ballina\",\"item\":\"https:\/\/permbledhja.com\/sq\/\"},{\"@type\":\"ListItem\",\"position\":2,\"name\":\"Biznesmeni kosovar k\u00ebrkon q\u00eb paga minimale t\u00eb b\u00ebhet 700 euro\"}]},{\"@type\":\"WebSite\",\"@id\":\"https:\/\/permbledhja.com\/#website\",\"url\":\"https:\/\/permbledhja.com\/\",\"name\":\"Ve\u00e7 artikuj p\u00ebrmbledh\u00ebs\",\"description\":\"\",\"publisher\":{\"@id\":\"https:\/\/permbledhja.com\/#organization\"},\"potentialAction\":[{\"@type\":\"SearchAction\",\"target\":{\"@type\":\"EntryPoint\",\"urlTemplate\":\"https:\/\/permbledhja.com\/?s={search_term_string}\"},\"query-input\":\"required name=search_term_string\"}],\"inLanguage\":\"sq\"},{\"@type\":\"Organization\",\"@id\":\"https:\/\/permbledhja.com\/#organization\",\"name\":\"MK Media & Pr\",\"url\":\"https:\/\/permbledhja.com\/\",\"logo\":{\"@type\":\"ImageObject\",\"inLanguage\":\"sq\",\"@id\":\"https:\/\/permbledhja.com\/#\/schema\/logo\/image\/\",\"url\":\"https:\/\/permbledhja.com\/wp-content\/uploads\/2021\/12\/07-Press-Logo.jpg\",\"contentUrl\":\"https:\/\/permbledhja.com\/wp-content\/uploads\/2021\/12\/07-Press-Logo.jpg\",\"width\":512,\"height\":512,\"caption\":\"MK Media & Pr\"},\"image\":{\"@id\":\"https:\/\/permbledhja.com\/#\/schema\/logo\/image\/\"},\"sameAs\":[\"https:\/\/www.facebook.com\/press07\/\"]},{\"@type\":\"Person\",\"@id\":\"https:\/\/permbledhja.com\/#\/schema\/person\/0d064377258d3221e50693947b9eb4fe\",\"name\":\"P\u00ebrmbledhja\",\"image\":{\"@type\":\"ImageObject\",\"inLanguage\":\"sq\",\"@id\":\"https:\/\/permbledhja.com\/#\/schema\/person\/image\/\",\"url\":\"https:\/\/permbledhja.com\/wp-content\/uploads\/2026\/01\/452004717_1040944174702970_8932037511805513407_n-96x96.jpg\",\"contentUrl\":\"https:\/\/permbledhja.com\/wp-content\/uploads\/2026\/01\/452004717_1040944174702970_8932037511805513407_n-96x96.jpg\",\"caption\":\"P\u00ebrmbledhja\"},\"sameAs\":[\"https:\/\/www.facebook.com\/kafexhiu.muharrem\/\",\"https:\/\/www.instagram.com\/muharrem_kafexhiu\/\"],\"url\":\"https:\/\/permbledhja.com\/sq\/author\/admin\/\"}]}<\/script>\n<!-- \/ Yoast SEO plugin. -->","yoast_head_json":{"title":"Biznesmeni kosovar k\u00ebrkon q\u00eb paga minimale t\u00eb b\u00ebhet 700 euro","robots":{"index":"index","follow":"follow","max-snippet":"max-snippet:-1","max-image-preview":"max-image-preview:large","max-video-preview":"max-video-preview:-1"},"canonical":"https:\/\/permbledhja.com\/sq\/biznesmeni-kosovar-kerkon-qe-paga-minimale-te-behet-700-euro\/","og_locale":"sq_AL","og_type":"article","og_title":"Biznesmeni kosovar k\u00ebrkon q\u00eb paga minimale t\u00eb b\u00ebhet 700 euro","og_description":"Nj\u00eb nd\u00ebr biznesmen\u00ebt m\u00eb t\u00eb suksessh\u00ebm t\u00eb Kosov\u00ebs, nj\u00ebkoh\u00ebsisht ish-deputet i Kuvendit, Ramiz Kelmendi, n\u00eb nj\u00eb intervist\u00eb p\u00ebr Indeksonline ka folur p\u00ebr zhvillimet e fundit n\u00eb vend, duke filluar nga pakot e ndara nga Qeveria Kurti, e deri tek ikja e fuqis\u00eb pun\u00ebtore. Kelmendi komentoi dy pakot ekonomike t\u00eb ndara ku i quajti pako sociale. [&hellip;]","og_url":"https:\/\/permbledhja.com\/sq\/biznesmeni-kosovar-kerkon-qe-paga-minimale-te-behet-700-euro\/","og_site_name":"Ve\u00e7 artikuj p\u00ebrmbledh\u00ebs","article_publisher":"https:\/\/www.facebook.com\/press07\/","article_author":"https:\/\/www.facebook.com\/kafexhiu.muharrem\/","article_published_time":"2022-10-26T20:09:18+00:00","og_image":[{"width":600,"height":360,"url":"https:\/\/permbledhja.com\/wp-content\/uploads\/2022\/09\/auto_pare-leke-euro-monedhe-banka1533673049-696x363-1392x726-1-696x363-1-600x360-1.jpg","type":"image\/jpeg"}],"author":"P\u00ebrmbledhja","twitter_card":"summary_large_image","twitter_misc":{"Written by":"P\u00ebrmbledhja","Est. reading time":"5 minuta"},"schema":{"@context":"https:\/\/schema.org","@graph":[{"@type":"Article","@id":"https:\/\/permbledhja.com\/biznesmeni-kosovar-kerkon-qe-paga-minimale-te-behet-700-euro\/#article","isPartOf":{"@id":"https:\/\/permbledhja.com\/biznesmeni-kosovar-kerkon-qe-paga-minimale-te-behet-700-euro\/"},"author":{"name":"P\u00ebrmbledhja","@id":"https:\/\/permbledhja.com\/#\/schema\/person\/0d064377258d3221e50693947b9eb4fe"},"headline":"Biznesmeni kosovar k\u00ebrkon q\u00eb paga minimale t\u00eb b\u00ebhet 700 euro","datePublished":"2022-10-26T20:09:18+00:00","dateModified":"2022-10-26T20:09:18+00:00","mainEntityOfPage":{"@id":"https:\/\/permbledhja.com\/biznesmeni-kosovar-kerkon-qe-paga-minimale-te-behet-700-euro\/"},"wordCount":1059,"publisher":{"@id":"https:\/\/permbledhja.com\/#organization"},"articleSection":["Ballina","Komb\u00ebtare","Lajme"],"inLanguage":"sq"},{"@type":"WebPage","@id":"https:\/\/permbledhja.com\/biznesmeni-kosovar-kerkon-qe-paga-minimale-te-behet-700-euro\/","url":"https:\/\/permbledhja.com\/biznesmeni-kosovar-kerkon-qe-paga-minimale-te-behet-700-euro\/","name":"Biznesmeni kosovar k\u00ebrkon q\u00eb paga minimale t\u00eb b\u00ebhet 700 euro","isPartOf":{"@id":"https:\/\/permbledhja.com\/#website"},"datePublished":"2022-10-26T20:09:18+00:00","dateModified":"2022-10-26T20:09:18+00:00","breadcrumb":{"@id":"https:\/\/permbledhja.com\/biznesmeni-kosovar-kerkon-qe-paga-minimale-te-behet-700-euro\/#breadcrumb"},"inLanguage":"sq","potentialAction":[{"@type":"ReadAction","target":["https:\/\/permbledhja.com\/biznesmeni-kosovar-kerkon-qe-paga-minimale-te-behet-700-euro\/"]}]},{"@type":"BreadcrumbList","@id":"https:\/\/permbledhja.com\/biznesmeni-kosovar-kerkon-qe-paga-minimale-te-behet-700-euro\/#breadcrumb","itemListElement":[{"@type":"ListItem","position":1,"name":"Ballina","item":"https:\/\/permbledhja.com\/sq\/"},{"@type":"ListItem","position":2,"name":"Biznesmeni kosovar k\u00ebrkon q\u00eb paga minimale t\u00eb b\u00ebhet 700 euro"}]},{"@type":"WebSite","@id":"https:\/\/permbledhja.com\/#website","url":"https:\/\/permbledhja.com\/","name":"Ve\u00e7 artikuj p\u00ebrmbledh\u00ebs","description":"","publisher":{"@id":"https:\/\/permbledhja.com\/#organization"},"potentialAction":[{"@type":"SearchAction","target":{"@type":"EntryPoint","urlTemplate":"https:\/\/permbledhja.com\/?s={search_term_string}"},"query-input":"required name=search_term_string"}],"inLanguage":"sq"},{"@type":"Organization","@id":"https:\/\/permbledhja.com\/#organization","name":"MK Media & Pr","url":"https:\/\/permbledhja.com\/","logo":{"@type":"ImageObject","inLanguage":"sq","@id":"https:\/\/permbledhja.com\/#\/schema\/logo\/image\/","url":"https:\/\/permbledhja.com\/wp-content\/uploads\/2021\/12\/07-Press-Logo.jpg","contentUrl":"https:\/\/permbledhja.com\/wp-content\/uploads\/2021\/12\/07-Press-Logo.jpg","width":512,"height":512,"caption":"MK Media & Pr"},"image":{"@id":"https:\/\/permbledhja.com\/#\/schema\/logo\/image\/"},"sameAs":["https:\/\/www.facebook.com\/press07\/"]},{"@type":"Person","@id":"https:\/\/permbledhja.com\/#\/schema\/person\/0d064377258d3221e50693947b9eb4fe","name":"P\u00ebrmbledhja","image":{"@type":"ImageObject","inLanguage":"sq","@id":"https:\/\/permbledhja.com\/#\/schema\/person\/image\/","url":"https:\/\/permbledhja.com\/wp-content\/uploads\/2026\/01\/452004717_1040944174702970_8932037511805513407_n-96x96.jpg","contentUrl":"https:\/\/permbledhja.com\/wp-content\/uploads\/2026\/01\/452004717_1040944174702970_8932037511805513407_n-96x96.jpg","caption":"P\u00ebrmbledhja"},"sameAs":["https:\/\/www.facebook.com\/kafexhiu.muharrem\/","https:\/\/www.instagram.com\/muharrem_kafexhiu\/"],"url":"https:\/\/permbledhja.com\/sq\/author\/admin\/"}]}},"_links":{"self":[{"href":"https:\/\/permbledhja.com\/sq\/wp-json\/wp\/v2\/posts\/8714"}],"collection":[{"href":"https:\/\/permbledhja.com\/sq\/wp-json\/wp\/v2\/posts"}],"about":[{"href":"https:\/\/permbledhja.com\/sq\/wp-json\/wp\/v2\/types\/post"}],"author":[{"embeddable":true,"href":"https:\/\/permbledhja.com\/sq\/wp-json\/wp\/v2\/users\/1"}],"replies":[{"embeddable":true,"href":"https:\/\/permbledhja.com\/sq\/wp-json\/wp\/v2\/comments?post=8714"}],"version-history":[{"count":1,"href":"https:\/\/permbledhja.com\/sq\/wp-json\/wp\/v2\/posts\/8714\/revisions"}],"predecessor-version":[{"id":8715,"href":"https:\/\/permbledhja.com\/sq\/wp-json\/wp\/v2\/posts\/8714\/revisions\/8715"}],"wp:featuredmedia":[{"embeddable":true,"href":"https:\/\/permbledhja.com\/sq\/wp-json\/wp\/v2\/media\/6739"}],"wp:attachment":[{"href":"https:\/\/permbledhja.com\/sq\/wp-json\/wp\/v2\/media?parent=8714"}],"wp:term":[{"taxonomy":"category","embeddable":true,"href":"https:\/\/permbledhja.com\/sq\/wp-json\/wp\/v2\/categories?post=8714"},{"taxonomy":"post_tag","embeddable":true,"href":"https:\/\/permbledhja.com\/sq\/wp-json\/wp\/v2\/tags?post=8714"}],"curies":[{"name":"wp","href":"https:\/\/api.w.org\/{rel}","templated":true}]}}