{"id":8621,"date":"2022-10-26T07:14:17","date_gmt":"2022-10-26T07:14:17","guid":{"rendered":"https:\/\/permbledhja.com\/?p=8621"},"modified":"2022-10-26T07:14:17","modified_gmt":"2022-10-26T07:14:17","slug":"per-pak-dite-projektligji-per-trustin-pritet-tu-dergohet-deputeteve","status":"publish","type":"post","link":"https:\/\/permbledhja.com\/sq\/per-pak-dite-projektligji-per-trustin-pritet-tu-dergohet-deputeteve\/","title":{"rendered":"P\u00ebr pak dit\u00eb, Projektligji p\u00ebr Trustin pritet t\u2019u d\u00ebrgohet deputet\u00ebve"},"content":{"rendered":"<p><strong>Afati p\u00ebrfundoi t\u00eb premten. Por, brenda k\u00ebtij afati kohor Qeveria e Kosov\u00ebs nuk dha mendim rreth Projektligjit p\u00ebr t\u00ebrheqjen e mjeteve nga Trusti<\/strong>.<\/p>\n<p>Andaj ky projektligj do t\u00eb kthehet n\u00eb Kuvend dhe do t\u00eb trajtohet sipas procedur\u00ebs p\u00ebr miratimin e ligjeve.<\/p>\n<p>Fillimisht do ju p\u00ebrcillet deputet\u00ebve pastaj do d\u00ebrgohet n\u00eb Kuvend p\u00ebr votim.<\/p>\n<p>T\u00ebrheqjen e k\u00ebtyre mjeteve po e k\u00ebrkon edhe ekonomisti, Imer Raci.<\/p>\n<p>E t\u00ebrheqjen e nj\u00eb pjes\u00eb nga kursimet pensionale po e presin edhe nj\u00eb pjes\u00eb e qytetar\u00ebve.<\/p>\n<p>Ata thon\u00eb se me k\u00ebto mjete do t\u2019i kryenin disa obligime t\u00eb sezon\u00ebs s\u00eb dimrit.<\/p>\n<p>Por jo t\u00eb gjith\u00eb pajtohen me k\u00ebt\u00eb ide.<\/p>\n<p>P\u00ebr t\u00ebrheqjen e mjeteve nga Trusti ishte organizuar edhe nj\u00eb peticion, ku mbi 20 mij\u00eb qytetar\u00eb kishin k\u00ebrkuar t\u00eb marrin nj\u00eb pjes\u00eb t\u00eb kursimeve pensionale.<\/p>\n","protected":false},"excerpt":{"rendered":"<p>Afati p\u00ebrfundoi t\u00eb premten. Por, brenda k\u00ebtij afati kohor Qeveria e Kosov\u00ebs nuk dha mendim rreth Projektligjit p\u00ebr t\u00ebrheqjen e mjeteve nga Trusti. Andaj ky projektligj do t\u00eb kthehet n\u00eb Kuvend dhe do t\u00eb trajtohet sipas procedur\u00ebs p\u00ebr miratimin e ligjeve. Fillimisht do ju p\u00ebrcillet deputet\u00ebve pastaj do d\u00ebrgohet n\u00eb Kuvend p\u00ebr votim. T\u00ebrheqjen e [&hellip;]<\/p>\n","protected":false},"author":1,"featured_media":8568,"comment_status":"closed","ping_status":"closed","sticky":false,"template":"","format":"standard","meta":{"_monsterinsights_skip_tracking":false,"_monsterinsights_sitenote_active":false,"_monsterinsights_sitenote_note":"","_monsterinsights_sitenote_category":0,"_uf_show_specific_survey":0,"_uf_disable_surveys":false,"footnotes":""},"categories":[23,15],"tags":[],"yoast_head":"<!-- This site is optimized with the Yoast SEO plugin v21.5 - https:\/\/yoast.com\/wordpress\/plugins\/seo\/ -->\n<title>P\u00ebr pak dit\u00eb, Projektligji p\u00ebr Trustin pritet t\u2019u d\u00ebrgohet deputet\u00ebve<\/title>\n<meta name=\"robots\" content=\"index, follow, max-snippet:-1, max-image-preview:large, max-video-preview:-1\" \/>\n<link rel=\"canonical\" href=\"https:\/\/permbledhja.com\/sq\/per-pak-dite-projektligji-per-trustin-pritet-tu-dergohet-deputeteve\/\" \/>\n<meta property=\"og:locale\" content=\"sq_AL\" \/>\n<meta property=\"og:type\" content=\"article\" \/>\n<meta property=\"og:title\" content=\"P\u00ebr pak dit\u00eb, Projektligji p\u00ebr Trustin pritet t\u2019u d\u00ebrgohet deputet\u00ebve\" \/>\n<meta property=\"og:description\" content=\"Afati p\u00ebrfundoi t\u00eb premten. Por, brenda k\u00ebtij afati kohor Qeveria e Kosov\u00ebs nuk dha mendim rreth Projektligjit p\u00ebr t\u00ebrheqjen e mjeteve nga Trusti. Andaj ky projektligj do t\u00eb kthehet n\u00eb Kuvend dhe do t\u00eb trajtohet sipas procedur\u00ebs p\u00ebr miratimin e ligjeve. Fillimisht do ju p\u00ebrcillet deputet\u00ebve pastaj do d\u00ebrgohet n\u00eb Kuvend p\u00ebr votim. T\u00ebrheqjen e [&hellip;]\" \/>\n<meta property=\"og:url\" content=\"https:\/\/permbledhja.com\/sq\/per-pak-dite-projektligji-per-trustin-pritet-tu-dergohet-deputeteve\/\" \/>\n<meta property=\"og:site_name\" content=\"Ve\u00e7 artikuj p\u00ebrmbledh\u00ebs\" \/>\n<meta property=\"article:publisher\" content=\"https:\/\/www.facebook.com\/press07\/\" \/>\n<meta property=\"article:author\" content=\"https:\/\/www.facebook.com\/kafexhiu.muharrem\/\" \/>\n<meta property=\"article:published_time\" content=\"2022-10-26T07:14:17+00:00\" \/>\n<meta property=\"og:image\" content=\"https:\/\/permbledhja.com\/wp-content\/uploads\/2022\/10\/Trusti-Pensional-i-Kosoves-8951828577123.jpg\" \/>\n\t<meta property=\"og:image:width\" content=\"1024\" \/>\n\t<meta property=\"og:image:height\" content=\"576\" \/>\n\t<meta property=\"og:image:type\" content=\"image\/jpeg\" \/>\n<meta name=\"author\" content=\"P\u00ebrmbledhja\" \/>\n<meta name=\"twitter:card\" content=\"summary_large_image\" \/>\n<meta name=\"twitter:label1\" content=\"Written by\" \/>\n\t<meta name=\"twitter:data1\" content=\"P\u00ebrmbledhja\" \/>\n\t<meta name=\"twitter:label2\" content=\"Est. reading time\" \/>\n\t<meta name=\"twitter:data2\" content=\"1 minut\u00eb\" \/>\n<script type=\"application\/ld+json\" class=\"yoast-schema-graph\">{\"@context\":\"https:\/\/schema.org\",\"@graph\":[{\"@type\":\"Article\",\"@id\":\"https:\/\/permbledhja.com\/per-pak-dite-projektligji-per-trustin-pritet-tu-dergohet-deputeteve\/#article\",\"isPartOf\":{\"@id\":\"https:\/\/permbledhja.com\/per-pak-dite-projektligji-per-trustin-pritet-tu-dergohet-deputeteve\/\"},\"author\":{\"name\":\"P\u00ebrmbledhja\",\"@id\":\"https:\/\/permbledhja.com\/#\/schema\/person\/0d064377258d3221e50693947b9eb4fe\"},\"headline\":\"P\u00ebr pak dit\u00eb, Projektligji p\u00ebr Trustin pritet t\u2019u d\u00ebrgohet deputet\u00ebve\",\"datePublished\":\"2022-10-26T07:14:17+00:00\",\"dateModified\":\"2022-10-26T07:14:17+00:00\",\"mainEntityOfPage\":{\"@id\":\"https:\/\/permbledhja.com\/per-pak-dite-projektligji-per-trustin-pritet-tu-dergohet-deputeteve\/\"},\"wordCount\":165,\"publisher\":{\"@id\":\"https:\/\/permbledhja.com\/#organization\"},\"articleSection\":[\"Komb\u00ebtare\",\"Lajme\"],\"inLanguage\":\"sq\"},{\"@type\":\"WebPage\",\"@id\":\"https:\/\/permbledhja.com\/per-pak-dite-projektligji-per-trustin-pritet-tu-dergohet-deputeteve\/\",\"url\":\"https:\/\/permbledhja.com\/per-pak-dite-projektligji-per-trustin-pritet-tu-dergohet-deputeteve\/\",\"name\":\"P\u00ebr pak dit\u00eb, Projektligji p\u00ebr Trustin pritet t\u2019u d\u00ebrgohet deputet\u00ebve\",\"isPartOf\":{\"@id\":\"https:\/\/permbledhja.com\/#website\"},\"datePublished\":\"2022-10-26T07:14:17+00:00\",\"dateModified\":\"2022-10-26T07:14:17+00:00\",\"breadcrumb\":{\"@id\":\"https:\/\/permbledhja.com\/per-pak-dite-projektligji-per-trustin-pritet-tu-dergohet-deputeteve\/#breadcrumb\"},\"inLanguage\":\"sq\",\"potentialAction\":[{\"@type\":\"ReadAction\",\"target\":[\"https:\/\/permbledhja.com\/per-pak-dite-projektligji-per-trustin-pritet-tu-dergohet-deputeteve\/\"]}]},{\"@type\":\"BreadcrumbList\",\"@id\":\"https:\/\/permbledhja.com\/per-pak-dite-projektligji-per-trustin-pritet-tu-dergohet-deputeteve\/#breadcrumb\",\"itemListElement\":[{\"@type\":\"ListItem\",\"position\":1,\"name\":\"Ballina\",\"item\":\"https:\/\/permbledhja.com\/sq\/\"},{\"@type\":\"ListItem\",\"position\":2,\"name\":\"P\u00ebr pak dit\u00eb, Projektligji p\u00ebr Trustin pritet t\u2019u d\u00ebrgohet deputet\u00ebve\"}]},{\"@type\":\"WebSite\",\"@id\":\"https:\/\/permbledhja.com\/#website\",\"url\":\"https:\/\/permbledhja.com\/\",\"name\":\"Ve\u00e7 artikuj p\u00ebrmbledh\u00ebs\",\"description\":\"\",\"publisher\":{\"@id\":\"https:\/\/permbledhja.com\/#organization\"},\"potentialAction\":[{\"@type\":\"SearchAction\",\"target\":{\"@type\":\"EntryPoint\",\"urlTemplate\":\"https:\/\/permbledhja.com\/?s={search_term_string}\"},\"query-input\":\"required name=search_term_string\"}],\"inLanguage\":\"sq\"},{\"@type\":\"Organization\",\"@id\":\"https:\/\/permbledhja.com\/#organization\",\"name\":\"MK Media & Pr\",\"url\":\"https:\/\/permbledhja.com\/\",\"logo\":{\"@type\":\"ImageObject\",\"inLanguage\":\"sq\",\"@id\":\"https:\/\/permbledhja.com\/#\/schema\/logo\/image\/\",\"url\":\"https:\/\/permbledhja.com\/wp-content\/uploads\/2021\/12\/07-Press-Logo.jpg\",\"contentUrl\":\"https:\/\/permbledhja.com\/wp-content\/uploads\/2021\/12\/07-Press-Logo.jpg\",\"width\":512,\"height\":512,\"caption\":\"MK Media & Pr\"},\"image\":{\"@id\":\"https:\/\/permbledhja.com\/#\/schema\/logo\/image\/\"},\"sameAs\":[\"https:\/\/www.facebook.com\/press07\/\"]},{\"@type\":\"Person\",\"@id\":\"https:\/\/permbledhja.com\/#\/schema\/person\/0d064377258d3221e50693947b9eb4fe\",\"name\":\"P\u00ebrmbledhja\",\"image\":{\"@type\":\"ImageObject\",\"inLanguage\":\"sq\",\"@id\":\"https:\/\/permbledhja.com\/#\/schema\/person\/image\/\",\"url\":\"https:\/\/permbledhja.com\/wp-content\/uploads\/2026\/01\/452004717_1040944174702970_8932037511805513407_n-96x96.jpg\",\"contentUrl\":\"https:\/\/permbledhja.com\/wp-content\/uploads\/2026\/01\/452004717_1040944174702970_8932037511805513407_n-96x96.jpg\",\"caption\":\"P\u00ebrmbledhja\"},\"sameAs\":[\"https:\/\/www.facebook.com\/kafexhiu.muharrem\/\",\"https:\/\/www.instagram.com\/muharrem_kafexhiu\/\"],\"url\":\"https:\/\/permbledhja.com\/sq\/author\/admin\/\"}]}<\/script>\n<!-- \/ Yoast SEO plugin. -->","yoast_head_json":{"title":"P\u00ebr pak dit\u00eb, Projektligji p\u00ebr Trustin pritet t\u2019u d\u00ebrgohet deputet\u00ebve","robots":{"index":"index","follow":"follow","max-snippet":"max-snippet:-1","max-image-preview":"max-image-preview:large","max-video-preview":"max-video-preview:-1"},"canonical":"https:\/\/permbledhja.com\/sq\/per-pak-dite-projektligji-per-trustin-pritet-tu-dergohet-deputeteve\/","og_locale":"sq_AL","og_type":"article","og_title":"P\u00ebr pak dit\u00eb, Projektligji p\u00ebr Trustin pritet t\u2019u d\u00ebrgohet deputet\u00ebve","og_description":"Afati p\u00ebrfundoi t\u00eb premten. Por, brenda k\u00ebtij afati kohor Qeveria e Kosov\u00ebs nuk dha mendim rreth Projektligjit p\u00ebr t\u00ebrheqjen e mjeteve nga Trusti. Andaj ky projektligj do t\u00eb kthehet n\u00eb Kuvend dhe do t\u00eb trajtohet sipas procedur\u00ebs p\u00ebr miratimin e ligjeve. Fillimisht do ju p\u00ebrcillet deputet\u00ebve pastaj do d\u00ebrgohet n\u00eb Kuvend p\u00ebr votim. T\u00ebrheqjen e [&hellip;]","og_url":"https:\/\/permbledhja.com\/sq\/per-pak-dite-projektligji-per-trustin-pritet-tu-dergohet-deputeteve\/","og_site_name":"Ve\u00e7 artikuj p\u00ebrmbledh\u00ebs","article_publisher":"https:\/\/www.facebook.com\/press07\/","article_author":"https:\/\/www.facebook.com\/kafexhiu.muharrem\/","article_published_time":"2022-10-26T07:14:17+00:00","og_image":[{"width":1024,"height":576,"url":"https:\/\/permbledhja.com\/wp-content\/uploads\/2022\/10\/Trusti-Pensional-i-Kosoves-8951828577123.jpg","type":"image\/jpeg"}],"author":"P\u00ebrmbledhja","twitter_card":"summary_large_image","twitter_misc":{"Written by":"P\u00ebrmbledhja","Est. reading time":"1 minut\u00eb"},"schema":{"@context":"https:\/\/schema.org","@graph":[{"@type":"Article","@id":"https:\/\/permbledhja.com\/per-pak-dite-projektligji-per-trustin-pritet-tu-dergohet-deputeteve\/#article","isPartOf":{"@id":"https:\/\/permbledhja.com\/per-pak-dite-projektligji-per-trustin-pritet-tu-dergohet-deputeteve\/"},"author":{"name":"P\u00ebrmbledhja","@id":"https:\/\/permbledhja.com\/#\/schema\/person\/0d064377258d3221e50693947b9eb4fe"},"headline":"P\u00ebr pak dit\u00eb, Projektligji p\u00ebr Trustin pritet t\u2019u d\u00ebrgohet deputet\u00ebve","datePublished":"2022-10-26T07:14:17+00:00","dateModified":"2022-10-26T07:14:17+00:00","mainEntityOfPage":{"@id":"https:\/\/permbledhja.com\/per-pak-dite-projektligji-per-trustin-pritet-tu-dergohet-deputeteve\/"},"wordCount":165,"publisher":{"@id":"https:\/\/permbledhja.com\/#organization"},"articleSection":["Komb\u00ebtare","Lajme"],"inLanguage":"sq"},{"@type":"WebPage","@id":"https:\/\/permbledhja.com\/per-pak-dite-projektligji-per-trustin-pritet-tu-dergohet-deputeteve\/","url":"https:\/\/permbledhja.com\/per-pak-dite-projektligji-per-trustin-pritet-tu-dergohet-deputeteve\/","name":"P\u00ebr pak dit\u00eb, Projektligji p\u00ebr Trustin pritet t\u2019u d\u00ebrgohet deputet\u00ebve","isPartOf":{"@id":"https:\/\/permbledhja.com\/#website"},"datePublished":"2022-10-26T07:14:17+00:00","dateModified":"2022-10-26T07:14:17+00:00","breadcrumb":{"@id":"https:\/\/permbledhja.com\/per-pak-dite-projektligji-per-trustin-pritet-tu-dergohet-deputeteve\/#breadcrumb"},"inLanguage":"sq","potentialAction":[{"@type":"ReadAction","target":["https:\/\/permbledhja.com\/per-pak-dite-projektligji-per-trustin-pritet-tu-dergohet-deputeteve\/"]}]},{"@type":"BreadcrumbList","@id":"https:\/\/permbledhja.com\/per-pak-dite-projektligji-per-trustin-pritet-tu-dergohet-deputeteve\/#breadcrumb","itemListElement":[{"@type":"ListItem","position":1,"name":"Ballina","item":"https:\/\/permbledhja.com\/sq\/"},{"@type":"ListItem","position":2,"name":"P\u00ebr pak dit\u00eb, Projektligji p\u00ebr Trustin pritet t\u2019u d\u00ebrgohet deputet\u00ebve"}]},{"@type":"WebSite","@id":"https:\/\/permbledhja.com\/#website","url":"https:\/\/permbledhja.com\/","name":"Ve\u00e7 artikuj p\u00ebrmbledh\u00ebs","description":"","publisher":{"@id":"https:\/\/permbledhja.com\/#organization"},"potentialAction":[{"@type":"SearchAction","target":{"@type":"EntryPoint","urlTemplate":"https:\/\/permbledhja.com\/?s={search_term_string}"},"query-input":"required name=search_term_string"}],"inLanguage":"sq"},{"@type":"Organization","@id":"https:\/\/permbledhja.com\/#organization","name":"MK Media & Pr","url":"https:\/\/permbledhja.com\/","logo":{"@type":"ImageObject","inLanguage":"sq","@id":"https:\/\/permbledhja.com\/#\/schema\/logo\/image\/","url":"https:\/\/permbledhja.com\/wp-content\/uploads\/2021\/12\/07-Press-Logo.jpg","contentUrl":"https:\/\/permbledhja.com\/wp-content\/uploads\/2021\/12\/07-Press-Logo.jpg","width":512,"height":512,"caption":"MK Media & Pr"},"image":{"@id":"https:\/\/permbledhja.com\/#\/schema\/logo\/image\/"},"sameAs":["https:\/\/www.facebook.com\/press07\/"]},{"@type":"Person","@id":"https:\/\/permbledhja.com\/#\/schema\/person\/0d064377258d3221e50693947b9eb4fe","name":"P\u00ebrmbledhja","image":{"@type":"ImageObject","inLanguage":"sq","@id":"https:\/\/permbledhja.com\/#\/schema\/person\/image\/","url":"https:\/\/permbledhja.com\/wp-content\/uploads\/2026\/01\/452004717_1040944174702970_8932037511805513407_n-96x96.jpg","contentUrl":"https:\/\/permbledhja.com\/wp-content\/uploads\/2026\/01\/452004717_1040944174702970_8932037511805513407_n-96x96.jpg","caption":"P\u00ebrmbledhja"},"sameAs":["https:\/\/www.facebook.com\/kafexhiu.muharrem\/","https:\/\/www.instagram.com\/muharrem_kafexhiu\/"],"url":"https:\/\/permbledhja.com\/sq\/author\/admin\/"}]}},"_links":{"self":[{"href":"https:\/\/permbledhja.com\/sq\/wp-json\/wp\/v2\/posts\/8621"}],"collection":[{"href":"https:\/\/permbledhja.com\/sq\/wp-json\/wp\/v2\/posts"}],"about":[{"href":"https:\/\/permbledhja.com\/sq\/wp-json\/wp\/v2\/types\/post"}],"author":[{"embeddable":true,"href":"https:\/\/permbledhja.com\/sq\/wp-json\/wp\/v2\/users\/1"}],"replies":[{"embeddable":true,"href":"https:\/\/permbledhja.com\/sq\/wp-json\/wp\/v2\/comments?post=8621"}],"version-history":[{"count":1,"href":"https:\/\/permbledhja.com\/sq\/wp-json\/wp\/v2\/posts\/8621\/revisions"}],"predecessor-version":[{"id":8622,"href":"https:\/\/permbledhja.com\/sq\/wp-json\/wp\/v2\/posts\/8621\/revisions\/8622"}],"wp:featuredmedia":[{"embeddable":true,"href":"https:\/\/permbledhja.com\/sq\/wp-json\/wp\/v2\/media\/8568"}],"wp:attachment":[{"href":"https:\/\/permbledhja.com\/sq\/wp-json\/wp\/v2\/media?parent=8621"}],"wp:term":[{"taxonomy":"category","embeddable":true,"href":"https:\/\/permbledhja.com\/sq\/wp-json\/wp\/v2\/categories?post=8621"},{"taxonomy":"post_tag","embeddable":true,"href":"https:\/\/permbledhja.com\/sq\/wp-json\/wp\/v2\/tags?post=8621"}],"curies":[{"name":"wp","href":"https:\/\/api.w.org\/{rel}","templated":true}]}}