{"id":8491,"date":"2022-10-23T09:44:48","date_gmt":"2022-10-23T09:44:48","guid":{"rendered":"https:\/\/permbledhja.com\/?p=8491"},"modified":"2022-10-23T09:44:48","modified_gmt":"2022-10-23T09:44:48","slug":"ish-ministrja-e-jashtme-kurti-ta-shtyje-afatin-per-targat-bandat-do-te-aktivizohen-ne-veri","status":"publish","type":"post","link":"https:\/\/permbledhja.com\/sq\/ish-ministrja-e-jashtme-kurti-ta-shtyje-afatin-per-targat-bandat-do-te-aktivizohen-ne-veri\/","title":{"rendered":"Ish-ministrja e Jashtme: Kurti ta shtyj\u00eb afatin p\u00ebr targat, bandat do t\u00eb aktivizohen n\u00eb veri"},"content":{"rendered":"<p>Ish-ministrja e Jashtme e Kosov\u00ebs, Meliza Haradinaj-Stublla, i ka k\u00ebrkuar kryeministrit Kurti q\u00eb t\u00eb shtyej\u00eb afatin p\u00ebr targat t\u00eb pakt\u00ebn edhe p\u00ebr dy muaj.<br \/>\nSipas saj, n\u00ebse nuk ka shtyerje t\u00eb re \u201c\u00ebsht\u00eb e pritshme q\u00eb bandat do t\u00eb aktivizohen p\u00ebrs\u00ebri jav\u00ebn e ardhshme me rivendosjen e barrikadave, duke shkaktuar tension artificial n\u00eb veri\u201d.<\/p>\n<p>Ajo ka k\u00ebrkuar q\u00eb qeveria t\u00eb shtyej\u00eb afatin edhe p\u00ebr dy muaj.<\/p>\n<p>\u201cQeveria t\u00eb b\u00ebj\u00eb shtyerjen vet\u00ebm edhe p\u00ebr 2 muaj (jo 10 sa k\u00ebrkohet) dhe poashtu t\u00eb paralajm\u00ebroj\u00eb se pas dat\u00ebs 31 dhjetor 2022 secila vetur\u00eb me targa ilegale do t\u00eb konfiskohet deri n\u00eb konvertim n\u00eb targa RKS\u201d, thuhet n\u00eb reagimin e saj.<\/p>\n<p>Postimi i saj i plot\u00eb:<\/p>\n<p>KM KURTI T\u00cb SHTYEJ\u00cb AFATIN P\u00cbR TARGAT, N\u00cb MIR\u00cbBESIM NDAJ AMERIK\u00cbS!<\/p>\n<p>Dy muaj m\u00eb par\u00eb, Kurti kusht\u00ebzoi shtyerjen me heqjen e barrikadave nga bandat kriminale t\u00eb Vu\u00e7iqit, duke i b\u00ebr\u00eb praktikisht ata hisedar\u00eb t\u00eb \u2018paqes dhe rendit e ligjit\u2019 n\u00eb veri.<\/p>\n<p>N\u00ebse nuk ka shtyerje t\u00eb re, \u00ebsht\u00eb e pritshme q\u00eb bandat do t\u00eb aktivizohen p\u00ebrs\u00ebri jav\u00ebn e ardhshme me rivendosjen e barrikadave, duke shkaktuar tension artificial n\u00eb veri.<\/p>\n<p>K\u00ebt\u00eb her\u00eb, KM Kurti t\u2019ia fal\u00eb mir\u00ebbesimin aleatit ton\u00eb amerikan dhe t\u00eb pranoj\u00eb nj\u00eb shtyerje t\u00eb fundit fare p\u00ebr konvertimin e targave, e mos t\u00eb pritet derisa bandat kriminale riaktivizohen dhe rrjedhimisht b\u00ebhen s\u00ebrish pal\u00eb vendimtare n\u00eb shtensionimin e situat\u00ebs me kusht\u00ebzime ndaj Qeveris\u00eb s\u00eb Kosov\u00ebs.<\/p>\n<p>Qeveria t\u00eb b\u00ebj\u00eb shtyerjen vet\u00ebm edhe p\u00ebr 2 muaj (jo 10 sa k\u00ebrkohet) dhe poashtu t\u00eb paralajm\u00ebroj\u00eb se pas dat\u00ebs 31 dhjetor 2022 secila vetur\u00eb me targa ilegale do t\u00eb konfiskohet deri n\u00eb konvertim n\u00eb targa RKS!<\/p>\n<p>M\u00eb pas, ky l\u00ebshim (lexo: koncesion) t\u00eb p\u00ebrdoret si lev\u00eb n\u00eb dialog p\u00ebr t\u00eb shtuar presionin ndaj Serbis\u00eb si pal\u00eb destruktive dhe k\u00ebrc\u00ebnuese e vazhdueshme e siguris\u00eb\/paqes n\u00eb Ballkan, si dhe p\u00ebr t\u00eb avancuar shtrierjen e pakompromis t\u00eb rendit e ligjit n\u00eb veriun e vendit.<\/p>\n","protected":false},"excerpt":{"rendered":"<p>Ish-ministrja e Jashtme e Kosov\u00ebs, Meliza Haradinaj-Stublla, i ka k\u00ebrkuar kryeministrit Kurti q\u00eb t\u00eb shtyej\u00eb afatin p\u00ebr targat t\u00eb pakt\u00ebn edhe p\u00ebr dy muaj. Sipas saj, n\u00ebse nuk ka shtyerje t\u00eb re \u201c\u00ebsht\u00eb e pritshme q\u00eb bandat do t\u00eb aktivizohen p\u00ebrs\u00ebri jav\u00ebn e ardhshme me rivendosjen e barrikadave, duke shkaktuar tension artificial n\u00eb veri\u201d. Ajo [&hellip;]<\/p>\n","protected":false},"author":1,"featured_media":8492,"comment_status":"closed","ping_status":"closed","sticky":false,"template":"","format":"standard","meta":{"_monsterinsights_skip_tracking":false,"_monsterinsights_sitenote_active":false,"_monsterinsights_sitenote_note":"","_monsterinsights_sitenote_category":0,"_uf_show_specific_survey":0,"_uf_disable_surveys":false,"footnotes":""},"categories":[23,15],"tags":[986],"yoast_head":"<!-- This site is optimized with the Yoast SEO plugin v21.5 - https:\/\/yoast.com\/wordpress\/plugins\/seo\/ -->\n<title>Ish-ministrja e Jashtme: Kurti ta shtyj\u00eb afatin p\u00ebr targat, bandat do t\u00eb aktivizohen n\u00eb veri<\/title>\n<meta name=\"robots\" content=\"index, follow, max-snippet:-1, max-image-preview:large, max-video-preview:-1\" \/>\n<link rel=\"canonical\" href=\"https:\/\/permbledhja.com\/sq\/ish-ministrja-e-jashtme-kurti-ta-shtyje-afatin-per-targat-bandat-do-te-aktivizohen-ne-veri\/\" \/>\n<meta property=\"og:locale\" content=\"sq_AL\" \/>\n<meta property=\"og:type\" content=\"article\" \/>\n<meta property=\"og:title\" content=\"Ish-ministrja e Jashtme: Kurti ta shtyj\u00eb afatin p\u00ebr targat, bandat do t\u00eb aktivizohen n\u00eb veri\" \/>\n<meta property=\"og:description\" content=\"Ish-ministrja e Jashtme e Kosov\u00ebs, Meliza Haradinaj-Stublla, i ka k\u00ebrkuar kryeministrit Kurti q\u00eb t\u00eb shtyej\u00eb afatin p\u00ebr targat t\u00eb pakt\u00ebn edhe p\u00ebr dy muaj. Sipas saj, n\u00ebse nuk ka shtyerje t\u00eb re \u201c\u00ebsht\u00eb e pritshme q\u00eb bandat do t\u00eb aktivizohen p\u00ebrs\u00ebri jav\u00ebn e ardhshme me rivendosjen e barrikadave, duke shkaktuar tension artificial n\u00eb veri\u201d. Ajo [&hellip;]\" \/>\n<meta property=\"og:url\" content=\"https:\/\/permbledhja.com\/sq\/ish-ministrja-e-jashtme-kurti-ta-shtyje-afatin-per-targat-bandat-do-te-aktivizohen-ne-veri\/\" \/>\n<meta property=\"og:site_name\" content=\"Ve\u00e7 artikuj p\u00ebrmbledh\u00ebs\" \/>\n<meta property=\"article:publisher\" content=\"https:\/\/www.facebook.com\/press07\/\" \/>\n<meta property=\"article:author\" content=\"https:\/\/www.facebook.com\/kafexhiu.muharrem\/\" \/>\n<meta property=\"article:published_time\" content=\"2022-10-23T09:44:48+00:00\" \/>\n<meta property=\"og:image\" content=\"https:\/\/permbledhja.com\/wp-content\/uploads\/2022\/10\/23123213123123.png\" \/>\n\t<meta property=\"og:image:width\" content=\"902\" \/>\n\t<meta property=\"og:image:height\" content=\"622\" \/>\n\t<meta property=\"og:image:type\" content=\"image\/png\" \/>\n<meta name=\"author\" content=\"P\u00ebrmbledhja\" \/>\n<meta name=\"twitter:card\" content=\"summary_large_image\" \/>\n<meta name=\"twitter:label1\" content=\"Written by\" \/>\n\t<meta name=\"twitter:data1\" content=\"P\u00ebrmbledhja\" \/>\n\t<meta name=\"twitter:label2\" content=\"Est. reading time\" \/>\n\t<meta name=\"twitter:data2\" content=\"2 minuta\" \/>\n<script type=\"application\/ld+json\" class=\"yoast-schema-graph\">{\"@context\":\"https:\/\/schema.org\",\"@graph\":[{\"@type\":\"Article\",\"@id\":\"https:\/\/permbledhja.com\/ish-ministrja-e-jashtme-kurti-ta-shtyje-afatin-per-targat-bandat-do-te-aktivizohen-ne-veri\/#article\",\"isPartOf\":{\"@id\":\"https:\/\/permbledhja.com\/ish-ministrja-e-jashtme-kurti-ta-shtyje-afatin-per-targat-bandat-do-te-aktivizohen-ne-veri\/\"},\"author\":{\"name\":\"P\u00ebrmbledhja\",\"@id\":\"https:\/\/permbledhja.com\/#\/schema\/person\/0d064377258d3221e50693947b9eb4fe\"},\"headline\":\"Ish-ministrja e Jashtme: Kurti ta shtyj\u00eb afatin p\u00ebr targat, bandat do t\u00eb aktivizohen n\u00eb veri\",\"datePublished\":\"2022-10-23T09:44:48+00:00\",\"dateModified\":\"2022-10-23T09:44:48+00:00\",\"mainEntityOfPage\":{\"@id\":\"https:\/\/permbledhja.com\/ish-ministrja-e-jashtme-kurti-ta-shtyje-afatin-per-targat-bandat-do-te-aktivizohen-ne-veri\/\"},\"wordCount\":367,\"publisher\":{\"@id\":\"https:\/\/permbledhja.com\/#organization\"},\"keywords\":[\"Meliza Haradinaj\"],\"articleSection\":[\"Komb\u00ebtare\",\"Lajme\"],\"inLanguage\":\"sq\"},{\"@type\":\"WebPage\",\"@id\":\"https:\/\/permbledhja.com\/ish-ministrja-e-jashtme-kurti-ta-shtyje-afatin-per-targat-bandat-do-te-aktivizohen-ne-veri\/\",\"url\":\"https:\/\/permbledhja.com\/ish-ministrja-e-jashtme-kurti-ta-shtyje-afatin-per-targat-bandat-do-te-aktivizohen-ne-veri\/\",\"name\":\"Ish-ministrja e Jashtme: Kurti ta shtyj\u00eb afatin p\u00ebr targat, bandat do t\u00eb aktivizohen n\u00eb veri\",\"isPartOf\":{\"@id\":\"https:\/\/permbledhja.com\/#website\"},\"datePublished\":\"2022-10-23T09:44:48+00:00\",\"dateModified\":\"2022-10-23T09:44:48+00:00\",\"breadcrumb\":{\"@id\":\"https:\/\/permbledhja.com\/ish-ministrja-e-jashtme-kurti-ta-shtyje-afatin-per-targat-bandat-do-te-aktivizohen-ne-veri\/#breadcrumb\"},\"inLanguage\":\"sq\",\"potentialAction\":[{\"@type\":\"ReadAction\",\"target\":[\"https:\/\/permbledhja.com\/ish-ministrja-e-jashtme-kurti-ta-shtyje-afatin-per-targat-bandat-do-te-aktivizohen-ne-veri\/\"]}]},{\"@type\":\"BreadcrumbList\",\"@id\":\"https:\/\/permbledhja.com\/ish-ministrja-e-jashtme-kurti-ta-shtyje-afatin-per-targat-bandat-do-te-aktivizohen-ne-veri\/#breadcrumb\",\"itemListElement\":[{\"@type\":\"ListItem\",\"position\":1,\"name\":\"Ballina\",\"item\":\"https:\/\/permbledhja.com\/sq\/\"},{\"@type\":\"ListItem\",\"position\":2,\"name\":\"Ish-ministrja e Jashtme: Kurti ta shtyj\u00eb afatin p\u00ebr targat, bandat do t\u00eb aktivizohen n\u00eb veri\"}]},{\"@type\":\"WebSite\",\"@id\":\"https:\/\/permbledhja.com\/#website\",\"url\":\"https:\/\/permbledhja.com\/\",\"name\":\"Ve\u00e7 artikuj p\u00ebrmbledh\u00ebs\",\"description\":\"\",\"publisher\":{\"@id\":\"https:\/\/permbledhja.com\/#organization\"},\"potentialAction\":[{\"@type\":\"SearchAction\",\"target\":{\"@type\":\"EntryPoint\",\"urlTemplate\":\"https:\/\/permbledhja.com\/?s={search_term_string}\"},\"query-input\":\"required name=search_term_string\"}],\"inLanguage\":\"sq\"},{\"@type\":\"Organization\",\"@id\":\"https:\/\/permbledhja.com\/#organization\",\"name\":\"MK Media & Pr\",\"url\":\"https:\/\/permbledhja.com\/\",\"logo\":{\"@type\":\"ImageObject\",\"inLanguage\":\"sq\",\"@id\":\"https:\/\/permbledhja.com\/#\/schema\/logo\/image\/\",\"url\":\"https:\/\/permbledhja.com\/wp-content\/uploads\/2021\/12\/07-Press-Logo.jpg\",\"contentUrl\":\"https:\/\/permbledhja.com\/wp-content\/uploads\/2021\/12\/07-Press-Logo.jpg\",\"width\":512,\"height\":512,\"caption\":\"MK Media & Pr\"},\"image\":{\"@id\":\"https:\/\/permbledhja.com\/#\/schema\/logo\/image\/\"},\"sameAs\":[\"https:\/\/www.facebook.com\/press07\/\"]},{\"@type\":\"Person\",\"@id\":\"https:\/\/permbledhja.com\/#\/schema\/person\/0d064377258d3221e50693947b9eb4fe\",\"name\":\"P\u00ebrmbledhja\",\"image\":{\"@type\":\"ImageObject\",\"inLanguage\":\"sq\",\"@id\":\"https:\/\/permbledhja.com\/#\/schema\/person\/image\/\",\"url\":\"https:\/\/permbledhja.com\/wp-content\/uploads\/2026\/01\/452004717_1040944174702970_8932037511805513407_n-96x96.jpg\",\"contentUrl\":\"https:\/\/permbledhja.com\/wp-content\/uploads\/2026\/01\/452004717_1040944174702970_8932037511805513407_n-96x96.jpg\",\"caption\":\"P\u00ebrmbledhja\"},\"sameAs\":[\"https:\/\/www.facebook.com\/kafexhiu.muharrem\/\",\"https:\/\/www.instagram.com\/muharrem_kafexhiu\/\"],\"url\":\"https:\/\/permbledhja.com\/sq\/author\/admin\/\"}]}<\/script>\n<!-- \/ Yoast SEO plugin. -->","yoast_head_json":{"title":"Ish-ministrja e Jashtme: Kurti ta shtyj\u00eb afatin p\u00ebr targat, bandat do t\u00eb aktivizohen n\u00eb veri","robots":{"index":"index","follow":"follow","max-snippet":"max-snippet:-1","max-image-preview":"max-image-preview:large","max-video-preview":"max-video-preview:-1"},"canonical":"https:\/\/permbledhja.com\/sq\/ish-ministrja-e-jashtme-kurti-ta-shtyje-afatin-per-targat-bandat-do-te-aktivizohen-ne-veri\/","og_locale":"sq_AL","og_type":"article","og_title":"Ish-ministrja e Jashtme: Kurti ta shtyj\u00eb afatin p\u00ebr targat, bandat do t\u00eb aktivizohen n\u00eb veri","og_description":"Ish-ministrja e Jashtme e Kosov\u00ebs, Meliza Haradinaj-Stublla, i ka k\u00ebrkuar kryeministrit Kurti q\u00eb t\u00eb shtyej\u00eb afatin p\u00ebr targat t\u00eb pakt\u00ebn edhe p\u00ebr dy muaj. Sipas saj, n\u00ebse nuk ka shtyerje t\u00eb re \u201c\u00ebsht\u00eb e pritshme q\u00eb bandat do t\u00eb aktivizohen p\u00ebrs\u00ebri jav\u00ebn e ardhshme me rivendosjen e barrikadave, duke shkaktuar tension artificial n\u00eb veri\u201d. Ajo [&hellip;]","og_url":"https:\/\/permbledhja.com\/sq\/ish-ministrja-e-jashtme-kurti-ta-shtyje-afatin-per-targat-bandat-do-te-aktivizohen-ne-veri\/","og_site_name":"Ve\u00e7 artikuj p\u00ebrmbledh\u00ebs","article_publisher":"https:\/\/www.facebook.com\/press07\/","article_author":"https:\/\/www.facebook.com\/kafexhiu.muharrem\/","article_published_time":"2022-10-23T09:44:48+00:00","og_image":[{"width":902,"height":622,"url":"https:\/\/permbledhja.com\/wp-content\/uploads\/2022\/10\/23123213123123.png","type":"image\/png"}],"author":"P\u00ebrmbledhja","twitter_card":"summary_large_image","twitter_misc":{"Written by":"P\u00ebrmbledhja","Est. reading time":"2 minuta"},"schema":{"@context":"https:\/\/schema.org","@graph":[{"@type":"Article","@id":"https:\/\/permbledhja.com\/ish-ministrja-e-jashtme-kurti-ta-shtyje-afatin-per-targat-bandat-do-te-aktivizohen-ne-veri\/#article","isPartOf":{"@id":"https:\/\/permbledhja.com\/ish-ministrja-e-jashtme-kurti-ta-shtyje-afatin-per-targat-bandat-do-te-aktivizohen-ne-veri\/"},"author":{"name":"P\u00ebrmbledhja","@id":"https:\/\/permbledhja.com\/#\/schema\/person\/0d064377258d3221e50693947b9eb4fe"},"headline":"Ish-ministrja e Jashtme: Kurti ta shtyj\u00eb afatin p\u00ebr targat, bandat do t\u00eb aktivizohen n\u00eb veri","datePublished":"2022-10-23T09:44:48+00:00","dateModified":"2022-10-23T09:44:48+00:00","mainEntityOfPage":{"@id":"https:\/\/permbledhja.com\/ish-ministrja-e-jashtme-kurti-ta-shtyje-afatin-per-targat-bandat-do-te-aktivizohen-ne-veri\/"},"wordCount":367,"publisher":{"@id":"https:\/\/permbledhja.com\/#organization"},"keywords":["Meliza Haradinaj"],"articleSection":["Komb\u00ebtare","Lajme"],"inLanguage":"sq"},{"@type":"WebPage","@id":"https:\/\/permbledhja.com\/ish-ministrja-e-jashtme-kurti-ta-shtyje-afatin-per-targat-bandat-do-te-aktivizohen-ne-veri\/","url":"https:\/\/permbledhja.com\/ish-ministrja-e-jashtme-kurti-ta-shtyje-afatin-per-targat-bandat-do-te-aktivizohen-ne-veri\/","name":"Ish-ministrja e Jashtme: Kurti ta shtyj\u00eb afatin p\u00ebr targat, bandat do t\u00eb aktivizohen n\u00eb veri","isPartOf":{"@id":"https:\/\/permbledhja.com\/#website"},"datePublished":"2022-10-23T09:44:48+00:00","dateModified":"2022-10-23T09:44:48+00:00","breadcrumb":{"@id":"https:\/\/permbledhja.com\/ish-ministrja-e-jashtme-kurti-ta-shtyje-afatin-per-targat-bandat-do-te-aktivizohen-ne-veri\/#breadcrumb"},"inLanguage":"sq","potentialAction":[{"@type":"ReadAction","target":["https:\/\/permbledhja.com\/ish-ministrja-e-jashtme-kurti-ta-shtyje-afatin-per-targat-bandat-do-te-aktivizohen-ne-veri\/"]}]},{"@type":"BreadcrumbList","@id":"https:\/\/permbledhja.com\/ish-ministrja-e-jashtme-kurti-ta-shtyje-afatin-per-targat-bandat-do-te-aktivizohen-ne-veri\/#breadcrumb","itemListElement":[{"@type":"ListItem","position":1,"name":"Ballina","item":"https:\/\/permbledhja.com\/sq\/"},{"@type":"ListItem","position":2,"name":"Ish-ministrja e Jashtme: Kurti ta shtyj\u00eb afatin p\u00ebr targat, bandat do t\u00eb aktivizohen n\u00eb veri"}]},{"@type":"WebSite","@id":"https:\/\/permbledhja.com\/#website","url":"https:\/\/permbledhja.com\/","name":"Ve\u00e7 artikuj p\u00ebrmbledh\u00ebs","description":"","publisher":{"@id":"https:\/\/permbledhja.com\/#organization"},"potentialAction":[{"@type":"SearchAction","target":{"@type":"EntryPoint","urlTemplate":"https:\/\/permbledhja.com\/?s={search_term_string}"},"query-input":"required name=search_term_string"}],"inLanguage":"sq"},{"@type":"Organization","@id":"https:\/\/permbledhja.com\/#organization","name":"MK Media & Pr","url":"https:\/\/permbledhja.com\/","logo":{"@type":"ImageObject","inLanguage":"sq","@id":"https:\/\/permbledhja.com\/#\/schema\/logo\/image\/","url":"https:\/\/permbledhja.com\/wp-content\/uploads\/2021\/12\/07-Press-Logo.jpg","contentUrl":"https:\/\/permbledhja.com\/wp-content\/uploads\/2021\/12\/07-Press-Logo.jpg","width":512,"height":512,"caption":"MK Media & Pr"},"image":{"@id":"https:\/\/permbledhja.com\/#\/schema\/logo\/image\/"},"sameAs":["https:\/\/www.facebook.com\/press07\/"]},{"@type":"Person","@id":"https:\/\/permbledhja.com\/#\/schema\/person\/0d064377258d3221e50693947b9eb4fe","name":"P\u00ebrmbledhja","image":{"@type":"ImageObject","inLanguage":"sq","@id":"https:\/\/permbledhja.com\/#\/schema\/person\/image\/","url":"https:\/\/permbledhja.com\/wp-content\/uploads\/2026\/01\/452004717_1040944174702970_8932037511805513407_n-96x96.jpg","contentUrl":"https:\/\/permbledhja.com\/wp-content\/uploads\/2026\/01\/452004717_1040944174702970_8932037511805513407_n-96x96.jpg","caption":"P\u00ebrmbledhja"},"sameAs":["https:\/\/www.facebook.com\/kafexhiu.muharrem\/","https:\/\/www.instagram.com\/muharrem_kafexhiu\/"],"url":"https:\/\/permbledhja.com\/sq\/author\/admin\/"}]}},"_links":{"self":[{"href":"https:\/\/permbledhja.com\/sq\/wp-json\/wp\/v2\/posts\/8491"}],"collection":[{"href":"https:\/\/permbledhja.com\/sq\/wp-json\/wp\/v2\/posts"}],"about":[{"href":"https:\/\/permbledhja.com\/sq\/wp-json\/wp\/v2\/types\/post"}],"author":[{"embeddable":true,"href":"https:\/\/permbledhja.com\/sq\/wp-json\/wp\/v2\/users\/1"}],"replies":[{"embeddable":true,"href":"https:\/\/permbledhja.com\/sq\/wp-json\/wp\/v2\/comments?post=8491"}],"version-history":[{"count":1,"href":"https:\/\/permbledhja.com\/sq\/wp-json\/wp\/v2\/posts\/8491\/revisions"}],"predecessor-version":[{"id":8493,"href":"https:\/\/permbledhja.com\/sq\/wp-json\/wp\/v2\/posts\/8491\/revisions\/8493"}],"wp:featuredmedia":[{"embeddable":true,"href":"https:\/\/permbledhja.com\/sq\/wp-json\/wp\/v2\/media\/8492"}],"wp:attachment":[{"href":"https:\/\/permbledhja.com\/sq\/wp-json\/wp\/v2\/media?parent=8491"}],"wp:term":[{"taxonomy":"category","embeddable":true,"href":"https:\/\/permbledhja.com\/sq\/wp-json\/wp\/v2\/categories?post=8491"},{"taxonomy":"post_tag","embeddable":true,"href":"https:\/\/permbledhja.com\/sq\/wp-json\/wp\/v2\/tags?post=8491"}],"curies":[{"name":"wp","href":"https:\/\/api.w.org\/{rel}","templated":true}]}}