{"id":8426,"date":"2022-10-22T13:56:06","date_gmt":"2022-10-22T13:56:06","guid":{"rendered":"https:\/\/permbledhja.com\/?p=8426"},"modified":"2022-10-22T13:56:06","modified_gmt":"2022-10-22T13:56:06","slug":"lajcak-pas-takimit-me-kurtin-kosova-dhe-serbia-e-percaktojne-marreveshjen-finale-mes-tyre","status":"publish","type":"post","link":"https:\/\/permbledhja.com\/sq\/lajcak-pas-takimit-me-kurtin-kosova-dhe-serbia-e-percaktojne-marreveshjen-finale-mes-tyre\/","title":{"rendered":"Laj\u00e7ak pas takimit me Kurtin: Kosova dhe Serbia e p\u00ebrcaktojn\u00eb marr\u00ebveshjen finale mes tyre"},"content":{"rendered":"<p><strong>Emisari i BE-s\u00eb p\u00ebr dialogun, Miroslav Laj\u00e7ak ka folur pas takimit q\u00eb ka pasur me kryeministrin e vendit, Albin Kurti.<\/strong><\/p>\n<p>Laj\u00e7ak para mediave ka th\u00ebn\u00eb se jan\u00eb Kosova dhe Serbia ato q\u00eb duhet ta p\u00ebrcaktojn\u00eb marr\u00ebveshjen finale dhe se kjo nuk varet nga nd\u00ebrmjet\u00ebsuesit, shkruan lajmi.net.<\/p>\n<p>\u201cKjo s\u2019varet nga un\u00eb, q\u00eb t\u00eb vendos n\u00eb em\u00ebr tuaj. P\u00ebr k\u00ebt\u00eb \u00ebsht\u00eb dialogu\u201d, ka th\u00ebn\u00eb Laj\u00e7ak.<\/p>\n<p>Gjithashtu, Laj\u00e7ak ka pranuar se nj\u00ebra nd\u00ebr temat e folura n\u00eb takim ishte edhe propozimi franko-gjerman, duke shtuar se takimi me Kurtin ishte konstruktiv<\/p>\n<p>Po ashtu, n\u00eb lidhje me \u00e7\u00ebshtjen e targave ka th\u00ebn\u00eb se vendimi i takon Kosov\u00ebs derisa ka theksuar se BE e ka p\u00ebr q\u00ebllim shmangien e tensioneve.<\/p>\n<p>Laj\u00e7ak ka komentuar edhe draftet e Asociacioneve q\u00eb po qarkullojn\u00eb n\u00eb media, duke th\u00ebn\u00eb se ato jan\u00eb vet\u00ebm disa letra q\u00eb prodhohen dhe s\u2019\u00ebsht\u00eb k\u00ebrkuar nga BE.<\/p>\n","protected":false},"excerpt":{"rendered":"<p>Emisari i BE-s\u00eb p\u00ebr dialogun, Miroslav Laj\u00e7ak ka folur pas takimit q\u00eb ka pasur me kryeministrin e vendit, Albin Kurti. Laj\u00e7ak para mediave ka th\u00ebn\u00eb se jan\u00eb Kosova dhe Serbia ato q\u00eb duhet ta p\u00ebrcaktojn\u00eb marr\u00ebveshjen finale dhe se kjo nuk varet nga nd\u00ebrmjet\u00ebsuesit, shkruan lajmi.net. \u201cKjo s\u2019varet nga un\u00eb, q\u00eb t\u00eb vendos n\u00eb em\u00ebr [&hellip;]<\/p>\n","protected":false},"author":1,"featured_media":8427,"comment_status":"closed","ping_status":"closed","sticky":false,"template":"","format":"standard","meta":{"_monsterinsights_skip_tracking":false,"_monsterinsights_sitenote_active":false,"_monsterinsights_sitenote_note":"","_monsterinsights_sitenote_category":0,"_uf_show_specific_survey":0,"_uf_disable_surveys":false,"footnotes":""},"categories":[22],"tags":[835],"yoast_head":"<!-- This site is optimized with the Yoast SEO plugin v21.5 - https:\/\/yoast.com\/wordpress\/plugins\/seo\/ -->\n<title>Laj\u00e7ak pas takimit me Kurtin: Kosova dhe Serbia e p\u00ebrcaktojn\u00eb marr\u00ebveshjen finale mes tyre<\/title>\n<meta name=\"robots\" content=\"index, follow, max-snippet:-1, max-image-preview:large, max-video-preview:-1\" \/>\n<link rel=\"canonical\" href=\"https:\/\/permbledhja.com\/sq\/lajcak-pas-takimit-me-kurtin-kosova-dhe-serbia-e-percaktojne-marreveshjen-finale-mes-tyre\/\" \/>\n<meta property=\"og:locale\" content=\"sq_AL\" \/>\n<meta property=\"og:type\" content=\"article\" \/>\n<meta property=\"og:title\" content=\"Laj\u00e7ak pas takimit me Kurtin: Kosova dhe Serbia e p\u00ebrcaktojn\u00eb marr\u00ebveshjen finale mes tyre\" \/>\n<meta property=\"og:description\" content=\"Emisari i BE-s\u00eb p\u00ebr dialogun, Miroslav Laj\u00e7ak ka folur pas takimit q\u00eb ka pasur me kryeministrin e vendit, Albin Kurti. Laj\u00e7ak para mediave ka th\u00ebn\u00eb se jan\u00eb Kosova dhe Serbia ato q\u00eb duhet ta p\u00ebrcaktojn\u00eb marr\u00ebveshjen finale dhe se kjo nuk varet nga nd\u00ebrmjet\u00ebsuesit, shkruan lajmi.net. \u201cKjo s\u2019varet nga un\u00eb, q\u00eb t\u00eb vendos n\u00eb em\u00ebr [&hellip;]\" \/>\n<meta property=\"og:url\" content=\"https:\/\/permbledhja.com\/sq\/lajcak-pas-takimit-me-kurtin-kosova-dhe-serbia-e-percaktojne-marreveshjen-finale-mes-tyre\/\" \/>\n<meta property=\"og:site_name\" content=\"Ve\u00e7 artikuj p\u00ebrmbledh\u00ebs\" \/>\n<meta property=\"article:publisher\" content=\"https:\/\/www.facebook.com\/press07\/\" \/>\n<meta property=\"article:author\" content=\"https:\/\/www.facebook.com\/kafexhiu.muharrem\/\" \/>\n<meta property=\"article:published_time\" content=\"2022-10-22T13:56:06+00:00\" \/>\n<meta property=\"og:image\" content=\"https:\/\/permbledhja.com\/wp-content\/uploads\/2022\/10\/312100741_469918848335636_5621186900610911096_n-1333x1000-1.jpg\" \/>\n\t<meta property=\"og:image:width\" content=\"1333\" \/>\n\t<meta property=\"og:image:height\" content=\"1000\" \/>\n\t<meta property=\"og:image:type\" content=\"image\/jpeg\" \/>\n<meta name=\"author\" content=\"P\u00ebrmbledhja\" \/>\n<meta name=\"twitter:card\" content=\"summary_large_image\" \/>\n<meta name=\"twitter:label1\" content=\"Written by\" \/>\n\t<meta name=\"twitter:data1\" content=\"P\u00ebrmbledhja\" \/>\n\t<meta name=\"twitter:label2\" content=\"Est. reading time\" \/>\n\t<meta name=\"twitter:data2\" content=\"1 minut\u00eb\" \/>\n<script type=\"application\/ld+json\" class=\"yoast-schema-graph\">{\"@context\":\"https:\/\/schema.org\",\"@graph\":[{\"@type\":\"Article\",\"@id\":\"https:\/\/permbledhja.com\/lajcak-pas-takimit-me-kurtin-kosova-dhe-serbia-e-percaktojne-marreveshjen-finale-mes-tyre\/#article\",\"isPartOf\":{\"@id\":\"https:\/\/permbledhja.com\/lajcak-pas-takimit-me-kurtin-kosova-dhe-serbia-e-percaktojne-marreveshjen-finale-mes-tyre\/\"},\"author\":{\"name\":\"P\u00ebrmbledhja\",\"@id\":\"https:\/\/permbledhja.com\/#\/schema\/person\/0d064377258d3221e50693947b9eb4fe\"},\"headline\":\"Laj\u00e7ak pas takimit me Kurtin: Kosova dhe Serbia e p\u00ebrcaktojn\u00eb marr\u00ebveshjen finale mes tyre\",\"datePublished\":\"2022-10-22T13:56:06+00:00\",\"dateModified\":\"2022-10-22T13:56:06+00:00\",\"mainEntityOfPage\":{\"@id\":\"https:\/\/permbledhja.com\/lajcak-pas-takimit-me-kurtin-kosova-dhe-serbia-e-percaktojne-marreveshjen-finale-mes-tyre\/\"},\"wordCount\":185,\"publisher\":{\"@id\":\"https:\/\/permbledhja.com\/#organization\"},\"keywords\":[\"Laj\u00e7ak\"],\"articleSection\":[\"Ballina\"],\"inLanguage\":\"sq\"},{\"@type\":\"WebPage\",\"@id\":\"https:\/\/permbledhja.com\/lajcak-pas-takimit-me-kurtin-kosova-dhe-serbia-e-percaktojne-marreveshjen-finale-mes-tyre\/\",\"url\":\"https:\/\/permbledhja.com\/lajcak-pas-takimit-me-kurtin-kosova-dhe-serbia-e-percaktojne-marreveshjen-finale-mes-tyre\/\",\"name\":\"Laj\u00e7ak pas takimit me Kurtin: Kosova dhe Serbia e p\u00ebrcaktojn\u00eb marr\u00ebveshjen finale mes tyre\",\"isPartOf\":{\"@id\":\"https:\/\/permbledhja.com\/#website\"},\"datePublished\":\"2022-10-22T13:56:06+00:00\",\"dateModified\":\"2022-10-22T13:56:06+00:00\",\"breadcrumb\":{\"@id\":\"https:\/\/permbledhja.com\/lajcak-pas-takimit-me-kurtin-kosova-dhe-serbia-e-percaktojne-marreveshjen-finale-mes-tyre\/#breadcrumb\"},\"inLanguage\":\"sq\",\"potentialAction\":[{\"@type\":\"ReadAction\",\"target\":[\"https:\/\/permbledhja.com\/lajcak-pas-takimit-me-kurtin-kosova-dhe-serbia-e-percaktojne-marreveshjen-finale-mes-tyre\/\"]}]},{\"@type\":\"BreadcrumbList\",\"@id\":\"https:\/\/permbledhja.com\/lajcak-pas-takimit-me-kurtin-kosova-dhe-serbia-e-percaktojne-marreveshjen-finale-mes-tyre\/#breadcrumb\",\"itemListElement\":[{\"@type\":\"ListItem\",\"position\":1,\"name\":\"Ballina\",\"item\":\"https:\/\/permbledhja.com\/sq\/\"},{\"@type\":\"ListItem\",\"position\":2,\"name\":\"Laj\u00e7ak pas takimit me Kurtin: Kosova dhe Serbia e p\u00ebrcaktojn\u00eb marr\u00ebveshjen finale mes tyre\"}]},{\"@type\":\"WebSite\",\"@id\":\"https:\/\/permbledhja.com\/#website\",\"url\":\"https:\/\/permbledhja.com\/\",\"name\":\"Ve\u00e7 artikuj p\u00ebrmbledh\u00ebs\",\"description\":\"\",\"publisher\":{\"@id\":\"https:\/\/permbledhja.com\/#organization\"},\"potentialAction\":[{\"@type\":\"SearchAction\",\"target\":{\"@type\":\"EntryPoint\",\"urlTemplate\":\"https:\/\/permbledhja.com\/?s={search_term_string}\"},\"query-input\":\"required name=search_term_string\"}],\"inLanguage\":\"sq\"},{\"@type\":\"Organization\",\"@id\":\"https:\/\/permbledhja.com\/#organization\",\"name\":\"MK Media & Pr\",\"url\":\"https:\/\/permbledhja.com\/\",\"logo\":{\"@type\":\"ImageObject\",\"inLanguage\":\"sq\",\"@id\":\"https:\/\/permbledhja.com\/#\/schema\/logo\/image\/\",\"url\":\"https:\/\/permbledhja.com\/wp-content\/uploads\/2021\/12\/07-Press-Logo.jpg\",\"contentUrl\":\"https:\/\/permbledhja.com\/wp-content\/uploads\/2021\/12\/07-Press-Logo.jpg\",\"width\":512,\"height\":512,\"caption\":\"MK Media & Pr\"},\"image\":{\"@id\":\"https:\/\/permbledhja.com\/#\/schema\/logo\/image\/\"},\"sameAs\":[\"https:\/\/www.facebook.com\/press07\/\"]},{\"@type\":\"Person\",\"@id\":\"https:\/\/permbledhja.com\/#\/schema\/person\/0d064377258d3221e50693947b9eb4fe\",\"name\":\"P\u00ebrmbledhja\",\"image\":{\"@type\":\"ImageObject\",\"inLanguage\":\"sq\",\"@id\":\"https:\/\/permbledhja.com\/#\/schema\/person\/image\/\",\"url\":\"https:\/\/permbledhja.com\/wp-content\/uploads\/2026\/01\/452004717_1040944174702970_8932037511805513407_n-96x96.jpg\",\"contentUrl\":\"https:\/\/permbledhja.com\/wp-content\/uploads\/2026\/01\/452004717_1040944174702970_8932037511805513407_n-96x96.jpg\",\"caption\":\"P\u00ebrmbledhja\"},\"sameAs\":[\"https:\/\/www.facebook.com\/kafexhiu.muharrem\/\",\"https:\/\/www.instagram.com\/muharrem_kafexhiu\/\"],\"url\":\"https:\/\/permbledhja.com\/sq\/author\/admin\/\"}]}<\/script>\n<!-- \/ Yoast SEO plugin. -->","yoast_head_json":{"title":"Laj\u00e7ak pas takimit me Kurtin: Kosova dhe Serbia e p\u00ebrcaktojn\u00eb marr\u00ebveshjen finale mes tyre","robots":{"index":"index","follow":"follow","max-snippet":"max-snippet:-1","max-image-preview":"max-image-preview:large","max-video-preview":"max-video-preview:-1"},"canonical":"https:\/\/permbledhja.com\/sq\/lajcak-pas-takimit-me-kurtin-kosova-dhe-serbia-e-percaktojne-marreveshjen-finale-mes-tyre\/","og_locale":"sq_AL","og_type":"article","og_title":"Laj\u00e7ak pas takimit me Kurtin: Kosova dhe Serbia e p\u00ebrcaktojn\u00eb marr\u00ebveshjen finale mes tyre","og_description":"Emisari i BE-s\u00eb p\u00ebr dialogun, Miroslav Laj\u00e7ak ka folur pas takimit q\u00eb ka pasur me kryeministrin e vendit, Albin Kurti. Laj\u00e7ak para mediave ka th\u00ebn\u00eb se jan\u00eb Kosova dhe Serbia ato q\u00eb duhet ta p\u00ebrcaktojn\u00eb marr\u00ebveshjen finale dhe se kjo nuk varet nga nd\u00ebrmjet\u00ebsuesit, shkruan lajmi.net. \u201cKjo s\u2019varet nga un\u00eb, q\u00eb t\u00eb vendos n\u00eb em\u00ebr [&hellip;]","og_url":"https:\/\/permbledhja.com\/sq\/lajcak-pas-takimit-me-kurtin-kosova-dhe-serbia-e-percaktojne-marreveshjen-finale-mes-tyre\/","og_site_name":"Ve\u00e7 artikuj p\u00ebrmbledh\u00ebs","article_publisher":"https:\/\/www.facebook.com\/press07\/","article_author":"https:\/\/www.facebook.com\/kafexhiu.muharrem\/","article_published_time":"2022-10-22T13:56:06+00:00","og_image":[{"width":1333,"height":1000,"url":"https:\/\/permbledhja.com\/wp-content\/uploads\/2022\/10\/312100741_469918848335636_5621186900610911096_n-1333x1000-1.jpg","type":"image\/jpeg"}],"author":"P\u00ebrmbledhja","twitter_card":"summary_large_image","twitter_misc":{"Written by":"P\u00ebrmbledhja","Est. reading time":"1 minut\u00eb"},"schema":{"@context":"https:\/\/schema.org","@graph":[{"@type":"Article","@id":"https:\/\/permbledhja.com\/lajcak-pas-takimit-me-kurtin-kosova-dhe-serbia-e-percaktojne-marreveshjen-finale-mes-tyre\/#article","isPartOf":{"@id":"https:\/\/permbledhja.com\/lajcak-pas-takimit-me-kurtin-kosova-dhe-serbia-e-percaktojne-marreveshjen-finale-mes-tyre\/"},"author":{"name":"P\u00ebrmbledhja","@id":"https:\/\/permbledhja.com\/#\/schema\/person\/0d064377258d3221e50693947b9eb4fe"},"headline":"Laj\u00e7ak pas takimit me Kurtin: Kosova dhe Serbia e p\u00ebrcaktojn\u00eb marr\u00ebveshjen finale mes tyre","datePublished":"2022-10-22T13:56:06+00:00","dateModified":"2022-10-22T13:56:06+00:00","mainEntityOfPage":{"@id":"https:\/\/permbledhja.com\/lajcak-pas-takimit-me-kurtin-kosova-dhe-serbia-e-percaktojne-marreveshjen-finale-mes-tyre\/"},"wordCount":185,"publisher":{"@id":"https:\/\/permbledhja.com\/#organization"},"keywords":["Laj\u00e7ak"],"articleSection":["Ballina"],"inLanguage":"sq"},{"@type":"WebPage","@id":"https:\/\/permbledhja.com\/lajcak-pas-takimit-me-kurtin-kosova-dhe-serbia-e-percaktojne-marreveshjen-finale-mes-tyre\/","url":"https:\/\/permbledhja.com\/lajcak-pas-takimit-me-kurtin-kosova-dhe-serbia-e-percaktojne-marreveshjen-finale-mes-tyre\/","name":"Laj\u00e7ak pas takimit me Kurtin: Kosova dhe Serbia e p\u00ebrcaktojn\u00eb marr\u00ebveshjen finale mes tyre","isPartOf":{"@id":"https:\/\/permbledhja.com\/#website"},"datePublished":"2022-10-22T13:56:06+00:00","dateModified":"2022-10-22T13:56:06+00:00","breadcrumb":{"@id":"https:\/\/permbledhja.com\/lajcak-pas-takimit-me-kurtin-kosova-dhe-serbia-e-percaktojne-marreveshjen-finale-mes-tyre\/#breadcrumb"},"inLanguage":"sq","potentialAction":[{"@type":"ReadAction","target":["https:\/\/permbledhja.com\/lajcak-pas-takimit-me-kurtin-kosova-dhe-serbia-e-percaktojne-marreveshjen-finale-mes-tyre\/"]}]},{"@type":"BreadcrumbList","@id":"https:\/\/permbledhja.com\/lajcak-pas-takimit-me-kurtin-kosova-dhe-serbia-e-percaktojne-marreveshjen-finale-mes-tyre\/#breadcrumb","itemListElement":[{"@type":"ListItem","position":1,"name":"Ballina","item":"https:\/\/permbledhja.com\/sq\/"},{"@type":"ListItem","position":2,"name":"Laj\u00e7ak pas takimit me Kurtin: Kosova dhe Serbia e p\u00ebrcaktojn\u00eb marr\u00ebveshjen finale mes tyre"}]},{"@type":"WebSite","@id":"https:\/\/permbledhja.com\/#website","url":"https:\/\/permbledhja.com\/","name":"Ve\u00e7 artikuj p\u00ebrmbledh\u00ebs","description":"","publisher":{"@id":"https:\/\/permbledhja.com\/#organization"},"potentialAction":[{"@type":"SearchAction","target":{"@type":"EntryPoint","urlTemplate":"https:\/\/permbledhja.com\/?s={search_term_string}"},"query-input":"required name=search_term_string"}],"inLanguage":"sq"},{"@type":"Organization","@id":"https:\/\/permbledhja.com\/#organization","name":"MK Media & Pr","url":"https:\/\/permbledhja.com\/","logo":{"@type":"ImageObject","inLanguage":"sq","@id":"https:\/\/permbledhja.com\/#\/schema\/logo\/image\/","url":"https:\/\/permbledhja.com\/wp-content\/uploads\/2021\/12\/07-Press-Logo.jpg","contentUrl":"https:\/\/permbledhja.com\/wp-content\/uploads\/2021\/12\/07-Press-Logo.jpg","width":512,"height":512,"caption":"MK Media & Pr"},"image":{"@id":"https:\/\/permbledhja.com\/#\/schema\/logo\/image\/"},"sameAs":["https:\/\/www.facebook.com\/press07\/"]},{"@type":"Person","@id":"https:\/\/permbledhja.com\/#\/schema\/person\/0d064377258d3221e50693947b9eb4fe","name":"P\u00ebrmbledhja","image":{"@type":"ImageObject","inLanguage":"sq","@id":"https:\/\/permbledhja.com\/#\/schema\/person\/image\/","url":"https:\/\/permbledhja.com\/wp-content\/uploads\/2026\/01\/452004717_1040944174702970_8932037511805513407_n-96x96.jpg","contentUrl":"https:\/\/permbledhja.com\/wp-content\/uploads\/2026\/01\/452004717_1040944174702970_8932037511805513407_n-96x96.jpg","caption":"P\u00ebrmbledhja"},"sameAs":["https:\/\/www.facebook.com\/kafexhiu.muharrem\/","https:\/\/www.instagram.com\/muharrem_kafexhiu\/"],"url":"https:\/\/permbledhja.com\/sq\/author\/admin\/"}]}},"_links":{"self":[{"href":"https:\/\/permbledhja.com\/sq\/wp-json\/wp\/v2\/posts\/8426"}],"collection":[{"href":"https:\/\/permbledhja.com\/sq\/wp-json\/wp\/v2\/posts"}],"about":[{"href":"https:\/\/permbledhja.com\/sq\/wp-json\/wp\/v2\/types\/post"}],"author":[{"embeddable":true,"href":"https:\/\/permbledhja.com\/sq\/wp-json\/wp\/v2\/users\/1"}],"replies":[{"embeddable":true,"href":"https:\/\/permbledhja.com\/sq\/wp-json\/wp\/v2\/comments?post=8426"}],"version-history":[{"count":1,"href":"https:\/\/permbledhja.com\/sq\/wp-json\/wp\/v2\/posts\/8426\/revisions"}],"predecessor-version":[{"id":8428,"href":"https:\/\/permbledhja.com\/sq\/wp-json\/wp\/v2\/posts\/8426\/revisions\/8428"}],"wp:featuredmedia":[{"embeddable":true,"href":"https:\/\/permbledhja.com\/sq\/wp-json\/wp\/v2\/media\/8427"}],"wp:attachment":[{"href":"https:\/\/permbledhja.com\/sq\/wp-json\/wp\/v2\/media?parent=8426"}],"wp:term":[{"taxonomy":"category","embeddable":true,"href":"https:\/\/permbledhja.com\/sq\/wp-json\/wp\/v2\/categories?post=8426"},{"taxonomy":"post_tag","embeddable":true,"href":"https:\/\/permbledhja.com\/sq\/wp-json\/wp\/v2\/tags?post=8426"}],"curies":[{"name":"wp","href":"https:\/\/api.w.org\/{rel}","templated":true}]}}