{"id":8377,"date":"2022-10-21T18:51:35","date_gmt":"2022-10-21T18:51:35","guid":{"rendered":"https:\/\/permbledhja.com\/?p=8377"},"modified":"2022-10-21T18:51:35","modified_gmt":"2022-10-21T18:51:35","slug":"gjakovari-genju-policine-se-u-rrah-e-plackit-nga-hajnat-arrestohet-nga-policia","status":"publish","type":"post","link":"https:\/\/permbledhja.com\/sq\/gjakovari-genju-policine-se-u-rrah-e-plackit-nga-hajnat-arrestohet-nga-policia\/","title":{"rendered":"Gjakovari g\u00ebnju policin\u00eb se u rrah e pla\u00e7kit nga hajnat, arrestohet nga policia"},"content":{"rendered":"<p>Nj\u00eb 52-vje\u00e7ar nga Gjakova inskenoi nj\u00eb rast grabitjeje t\u00eb m\u00ebrkur\u00ebn. I nj\u00ebjti fillimisht deklaroi n\u00eb polici se dy persona t\u00eb panjohur e kishin sulmuar fizikisht e ia kishin marr\u00eb telefonin.<\/p>\n<p>Sipas tij, t\u00eb nj\u00ebjtit kishin provuar t\u2019ia marrin edhe kulet\u00ebn, por pasi nuk kishin gjetur mjete monetare brenda ia kishin kthyer prap\u00eb. Rastin e raportoi n\u00eb polici po at\u00eb dit\u00eb rreth or\u00ebs 17:00.<\/p>\n<p>Studentja shqiptare zbulon nj\u00eb metod\u00eb t\u00eb re t\u00eb humbjes s\u00eb pesh\u00ebs<br \/>\nSLIMFIT<br \/>\nOrganet e rendit dol\u00ebn n\u00eb vendngjarje e kryen hetime. Kur nuk po gjenin prova qe e v\u00ebrtetonin ndodhin\u00eb e thirr\u00ebn s\u00ebrish burrin p\u00ebr intervistim t\u00eb enjten, kur ky i fundit tha se rasti nuk ngjau fare.<\/p>\n<p>\u201cKa deklaruar se nuk \u00ebsht\u00eb e v\u00ebrtet\u00eb por k\u00ebt\u00eb e ka th\u00ebn\u00eb p\u00ebrshkak t\u00eb nj\u00eb borxhi paraprak q\u00eb ka pasur dhe p\u00ebrshkak t\u00eb familjar\u00ebve t\u00eb tij. Prandaj prokurori i rastit ka l\u00ebshuar urdh\u00ebr p\u00ebr ndalim p\u00ebr 48 or\u00eb p\u00ebr te nj\u00ebjtin\u201d, tha Yllka Juniku-Shehu, z\u00ebdh\u00ebn\u00ebse e Prokuroris\u00eb Themelore n\u00eb Gjakov\u00eb.<\/p>\n<p>Sipas Juniku-Shehut, ndalimi u b\u00eb n\u00ebn dyshimin e bazuar se 52-vje\u00e7ari ka kryer vepr\u00ebn penale kall\u00ebzim i rrem\u00eb.<\/p>\n","protected":false},"excerpt":{"rendered":"<p>Nj\u00eb 52-vje\u00e7ar nga Gjakova inskenoi nj\u00eb rast grabitjeje t\u00eb m\u00ebrkur\u00ebn. I nj\u00ebjti fillimisht deklaroi n\u00eb polici se dy persona t\u00eb panjohur e kishin sulmuar fizikisht e ia kishin marr\u00eb telefonin. Sipas tij, t\u00eb nj\u00ebjtit kishin provuar t\u2019ia marrin edhe kulet\u00ebn, por pasi nuk kishin gjetur mjete monetare brenda ia kishin kthyer prap\u00eb. Rastin e raportoi [&hellip;]<\/p>\n","protected":false},"author":1,"featured_media":4191,"comment_status":"closed","ping_status":"closed","sticky":false,"template":"","format":"standard","meta":{"_monsterinsights_skip_tracking":false,"_monsterinsights_sitenote_active":false,"_monsterinsights_sitenote_note":"","_monsterinsights_sitenote_category":0,"_uf_show_specific_survey":0,"_uf_disable_surveys":false,"footnotes":""},"categories":[23,15],"tags":[],"yoast_head":"<!-- This site is optimized with the Yoast SEO plugin v21.5 - https:\/\/yoast.com\/wordpress\/plugins\/seo\/ -->\n<title>Gjakovari g\u00ebnju policin\u00eb se u rrah e pla\u00e7kit nga hajnat, arrestohet nga policia<\/title>\n<meta name=\"robots\" content=\"index, follow, max-snippet:-1, max-image-preview:large, max-video-preview:-1\" \/>\n<link rel=\"canonical\" href=\"https:\/\/permbledhja.com\/sq\/gjakovari-genju-policine-se-u-rrah-e-plackit-nga-hajnat-arrestohet-nga-policia\/\" \/>\n<meta property=\"og:locale\" content=\"sq_AL\" \/>\n<meta property=\"og:type\" content=\"article\" \/>\n<meta property=\"og:title\" content=\"Gjakovari g\u00ebnju policin\u00eb se u rrah e pla\u00e7kit nga hajnat, arrestohet nga policia\" \/>\n<meta property=\"og:description\" content=\"Nj\u00eb 52-vje\u00e7ar nga Gjakova inskenoi nj\u00eb rast grabitjeje t\u00eb m\u00ebrkur\u00ebn. I nj\u00ebjti fillimisht deklaroi n\u00eb polici se dy persona t\u00eb panjohur e kishin sulmuar fizikisht e ia kishin marr\u00eb telefonin. Sipas tij, t\u00eb nj\u00ebjtit kishin provuar t\u2019ia marrin edhe kulet\u00ebn, por pasi nuk kishin gjetur mjete monetare brenda ia kishin kthyer prap\u00eb. Rastin e raportoi [&hellip;]\" \/>\n<meta property=\"og:url\" content=\"https:\/\/permbledhja.com\/sq\/gjakovari-genju-policine-se-u-rrah-e-plackit-nga-hajnat-arrestohet-nga-policia\/\" \/>\n<meta property=\"og:site_name\" content=\"Ve\u00e7 artikuj p\u00ebrmbledh\u00ebs\" \/>\n<meta property=\"article:publisher\" content=\"https:\/\/www.facebook.com\/press07\/\" \/>\n<meta property=\"article:author\" content=\"https:\/\/www.facebook.com\/kafexhiu.muharrem\/\" \/>\n<meta property=\"article:published_time\" content=\"2022-10-21T18:51:35+00:00\" \/>\n<meta property=\"og:image\" content=\"https:\/\/permbledhja.com\/wp-content\/uploads\/2022\/08\/arrestim.jpg\" \/>\n\t<meta property=\"og:image:width\" content=\"780\" \/>\n\t<meta property=\"og:image:height\" content=\"439\" \/>\n\t<meta property=\"og:image:type\" content=\"image\/jpeg\" \/>\n<meta name=\"author\" content=\"P\u00ebrmbledhja\" \/>\n<meta name=\"twitter:card\" content=\"summary_large_image\" \/>\n<meta name=\"twitter:label1\" content=\"Written by\" \/>\n\t<meta name=\"twitter:data1\" content=\"P\u00ebrmbledhja\" \/>\n\t<meta name=\"twitter:label2\" content=\"Est. reading time\" \/>\n\t<meta name=\"twitter:data2\" content=\"1 minut\u00eb\" \/>\n<script type=\"application\/ld+json\" class=\"yoast-schema-graph\">{\"@context\":\"https:\/\/schema.org\",\"@graph\":[{\"@type\":\"Article\",\"@id\":\"https:\/\/permbledhja.com\/gjakovari-genju-policine-se-u-rrah-e-plackit-nga-hajnat-arrestohet-nga-policia\/#article\",\"isPartOf\":{\"@id\":\"https:\/\/permbledhja.com\/gjakovari-genju-policine-se-u-rrah-e-plackit-nga-hajnat-arrestohet-nga-policia\/\"},\"author\":{\"name\":\"P\u00ebrmbledhja\",\"@id\":\"https:\/\/permbledhja.com\/#\/schema\/person\/0d064377258d3221e50693947b9eb4fe\"},\"headline\":\"Gjakovari g\u00ebnju policin\u00eb se u rrah e pla\u00e7kit nga hajnat, arrestohet nga policia\",\"datePublished\":\"2022-10-21T18:51:35+00:00\",\"dateModified\":\"2022-10-21T18:51:35+00:00\",\"mainEntityOfPage\":{\"@id\":\"https:\/\/permbledhja.com\/gjakovari-genju-policine-se-u-rrah-e-plackit-nga-hajnat-arrestohet-nga-policia\/\"},\"wordCount\":225,\"publisher\":{\"@id\":\"https:\/\/permbledhja.com\/#organization\"},\"articleSection\":[\"Komb\u00ebtare\",\"Lajme\"],\"inLanguage\":\"sq\"},{\"@type\":\"WebPage\",\"@id\":\"https:\/\/permbledhja.com\/gjakovari-genju-policine-se-u-rrah-e-plackit-nga-hajnat-arrestohet-nga-policia\/\",\"url\":\"https:\/\/permbledhja.com\/gjakovari-genju-policine-se-u-rrah-e-plackit-nga-hajnat-arrestohet-nga-policia\/\",\"name\":\"Gjakovari g\u00ebnju policin\u00eb se u rrah e pla\u00e7kit nga hajnat, arrestohet nga policia\",\"isPartOf\":{\"@id\":\"https:\/\/permbledhja.com\/#website\"},\"datePublished\":\"2022-10-21T18:51:35+00:00\",\"dateModified\":\"2022-10-21T18:51:35+00:00\",\"breadcrumb\":{\"@id\":\"https:\/\/permbledhja.com\/gjakovari-genju-policine-se-u-rrah-e-plackit-nga-hajnat-arrestohet-nga-policia\/#breadcrumb\"},\"inLanguage\":\"sq\",\"potentialAction\":[{\"@type\":\"ReadAction\",\"target\":[\"https:\/\/permbledhja.com\/gjakovari-genju-policine-se-u-rrah-e-plackit-nga-hajnat-arrestohet-nga-policia\/\"]}]},{\"@type\":\"BreadcrumbList\",\"@id\":\"https:\/\/permbledhja.com\/gjakovari-genju-policine-se-u-rrah-e-plackit-nga-hajnat-arrestohet-nga-policia\/#breadcrumb\",\"itemListElement\":[{\"@type\":\"ListItem\",\"position\":1,\"name\":\"Ballina\",\"item\":\"https:\/\/permbledhja.com\/sq\/\"},{\"@type\":\"ListItem\",\"position\":2,\"name\":\"Gjakovari g\u00ebnju policin\u00eb se u rrah e pla\u00e7kit nga hajnat, arrestohet nga policia\"}]},{\"@type\":\"WebSite\",\"@id\":\"https:\/\/permbledhja.com\/#website\",\"url\":\"https:\/\/permbledhja.com\/\",\"name\":\"Ve\u00e7 artikuj p\u00ebrmbledh\u00ebs\",\"description\":\"\",\"publisher\":{\"@id\":\"https:\/\/permbledhja.com\/#organization\"},\"potentialAction\":[{\"@type\":\"SearchAction\",\"target\":{\"@type\":\"EntryPoint\",\"urlTemplate\":\"https:\/\/permbledhja.com\/?s={search_term_string}\"},\"query-input\":\"required name=search_term_string\"}],\"inLanguage\":\"sq\"},{\"@type\":\"Organization\",\"@id\":\"https:\/\/permbledhja.com\/#organization\",\"name\":\"MK Media & Pr\",\"url\":\"https:\/\/permbledhja.com\/\",\"logo\":{\"@type\":\"ImageObject\",\"inLanguage\":\"sq\",\"@id\":\"https:\/\/permbledhja.com\/#\/schema\/logo\/image\/\",\"url\":\"https:\/\/permbledhja.com\/wp-content\/uploads\/2021\/12\/07-Press-Logo.jpg\",\"contentUrl\":\"https:\/\/permbledhja.com\/wp-content\/uploads\/2021\/12\/07-Press-Logo.jpg\",\"width\":512,\"height\":512,\"caption\":\"MK Media & Pr\"},\"image\":{\"@id\":\"https:\/\/permbledhja.com\/#\/schema\/logo\/image\/\"},\"sameAs\":[\"https:\/\/www.facebook.com\/press07\/\"]},{\"@type\":\"Person\",\"@id\":\"https:\/\/permbledhja.com\/#\/schema\/person\/0d064377258d3221e50693947b9eb4fe\",\"name\":\"P\u00ebrmbledhja\",\"image\":{\"@type\":\"ImageObject\",\"inLanguage\":\"sq\",\"@id\":\"https:\/\/permbledhja.com\/#\/schema\/person\/image\/\",\"url\":\"https:\/\/permbledhja.com\/wp-content\/uploads\/2026\/01\/452004717_1040944174702970_8932037511805513407_n-96x96.jpg\",\"contentUrl\":\"https:\/\/permbledhja.com\/wp-content\/uploads\/2026\/01\/452004717_1040944174702970_8932037511805513407_n-96x96.jpg\",\"caption\":\"P\u00ebrmbledhja\"},\"sameAs\":[\"https:\/\/www.facebook.com\/kafexhiu.muharrem\/\",\"https:\/\/www.instagram.com\/muharrem_kafexhiu\/\"],\"url\":\"https:\/\/permbledhja.com\/sq\/author\/admin\/\"}]}<\/script>\n<!-- \/ Yoast SEO plugin. -->","yoast_head_json":{"title":"Gjakovari g\u00ebnju policin\u00eb se u rrah e pla\u00e7kit nga hajnat, arrestohet nga policia","robots":{"index":"index","follow":"follow","max-snippet":"max-snippet:-1","max-image-preview":"max-image-preview:large","max-video-preview":"max-video-preview:-1"},"canonical":"https:\/\/permbledhja.com\/sq\/gjakovari-genju-policine-se-u-rrah-e-plackit-nga-hajnat-arrestohet-nga-policia\/","og_locale":"sq_AL","og_type":"article","og_title":"Gjakovari g\u00ebnju policin\u00eb se u rrah e pla\u00e7kit nga hajnat, arrestohet nga policia","og_description":"Nj\u00eb 52-vje\u00e7ar nga Gjakova inskenoi nj\u00eb rast grabitjeje t\u00eb m\u00ebrkur\u00ebn. I nj\u00ebjti fillimisht deklaroi n\u00eb polici se dy persona t\u00eb panjohur e kishin sulmuar fizikisht e ia kishin marr\u00eb telefonin. Sipas tij, t\u00eb nj\u00ebjtit kishin provuar t\u2019ia marrin edhe kulet\u00ebn, por pasi nuk kishin gjetur mjete monetare brenda ia kishin kthyer prap\u00eb. Rastin e raportoi [&hellip;]","og_url":"https:\/\/permbledhja.com\/sq\/gjakovari-genju-policine-se-u-rrah-e-plackit-nga-hajnat-arrestohet-nga-policia\/","og_site_name":"Ve\u00e7 artikuj p\u00ebrmbledh\u00ebs","article_publisher":"https:\/\/www.facebook.com\/press07\/","article_author":"https:\/\/www.facebook.com\/kafexhiu.muharrem\/","article_published_time":"2022-10-21T18:51:35+00:00","og_image":[{"width":780,"height":439,"url":"https:\/\/permbledhja.com\/wp-content\/uploads\/2022\/08\/arrestim.jpg","type":"image\/jpeg"}],"author":"P\u00ebrmbledhja","twitter_card":"summary_large_image","twitter_misc":{"Written by":"P\u00ebrmbledhja","Est. reading time":"1 minut\u00eb"},"schema":{"@context":"https:\/\/schema.org","@graph":[{"@type":"Article","@id":"https:\/\/permbledhja.com\/gjakovari-genju-policine-se-u-rrah-e-plackit-nga-hajnat-arrestohet-nga-policia\/#article","isPartOf":{"@id":"https:\/\/permbledhja.com\/gjakovari-genju-policine-se-u-rrah-e-plackit-nga-hajnat-arrestohet-nga-policia\/"},"author":{"name":"P\u00ebrmbledhja","@id":"https:\/\/permbledhja.com\/#\/schema\/person\/0d064377258d3221e50693947b9eb4fe"},"headline":"Gjakovari g\u00ebnju policin\u00eb se u rrah e pla\u00e7kit nga hajnat, arrestohet nga policia","datePublished":"2022-10-21T18:51:35+00:00","dateModified":"2022-10-21T18:51:35+00:00","mainEntityOfPage":{"@id":"https:\/\/permbledhja.com\/gjakovari-genju-policine-se-u-rrah-e-plackit-nga-hajnat-arrestohet-nga-policia\/"},"wordCount":225,"publisher":{"@id":"https:\/\/permbledhja.com\/#organization"},"articleSection":["Komb\u00ebtare","Lajme"],"inLanguage":"sq"},{"@type":"WebPage","@id":"https:\/\/permbledhja.com\/gjakovari-genju-policine-se-u-rrah-e-plackit-nga-hajnat-arrestohet-nga-policia\/","url":"https:\/\/permbledhja.com\/gjakovari-genju-policine-se-u-rrah-e-plackit-nga-hajnat-arrestohet-nga-policia\/","name":"Gjakovari g\u00ebnju policin\u00eb se u rrah e pla\u00e7kit nga hajnat, arrestohet nga policia","isPartOf":{"@id":"https:\/\/permbledhja.com\/#website"},"datePublished":"2022-10-21T18:51:35+00:00","dateModified":"2022-10-21T18:51:35+00:00","breadcrumb":{"@id":"https:\/\/permbledhja.com\/gjakovari-genju-policine-se-u-rrah-e-plackit-nga-hajnat-arrestohet-nga-policia\/#breadcrumb"},"inLanguage":"sq","potentialAction":[{"@type":"ReadAction","target":["https:\/\/permbledhja.com\/gjakovari-genju-policine-se-u-rrah-e-plackit-nga-hajnat-arrestohet-nga-policia\/"]}]},{"@type":"BreadcrumbList","@id":"https:\/\/permbledhja.com\/gjakovari-genju-policine-se-u-rrah-e-plackit-nga-hajnat-arrestohet-nga-policia\/#breadcrumb","itemListElement":[{"@type":"ListItem","position":1,"name":"Ballina","item":"https:\/\/permbledhja.com\/sq\/"},{"@type":"ListItem","position":2,"name":"Gjakovari g\u00ebnju policin\u00eb se u rrah e pla\u00e7kit nga hajnat, arrestohet nga policia"}]},{"@type":"WebSite","@id":"https:\/\/permbledhja.com\/#website","url":"https:\/\/permbledhja.com\/","name":"Ve\u00e7 artikuj p\u00ebrmbledh\u00ebs","description":"","publisher":{"@id":"https:\/\/permbledhja.com\/#organization"},"potentialAction":[{"@type":"SearchAction","target":{"@type":"EntryPoint","urlTemplate":"https:\/\/permbledhja.com\/?s={search_term_string}"},"query-input":"required name=search_term_string"}],"inLanguage":"sq"},{"@type":"Organization","@id":"https:\/\/permbledhja.com\/#organization","name":"MK Media & Pr","url":"https:\/\/permbledhja.com\/","logo":{"@type":"ImageObject","inLanguage":"sq","@id":"https:\/\/permbledhja.com\/#\/schema\/logo\/image\/","url":"https:\/\/permbledhja.com\/wp-content\/uploads\/2021\/12\/07-Press-Logo.jpg","contentUrl":"https:\/\/permbledhja.com\/wp-content\/uploads\/2021\/12\/07-Press-Logo.jpg","width":512,"height":512,"caption":"MK Media & Pr"},"image":{"@id":"https:\/\/permbledhja.com\/#\/schema\/logo\/image\/"},"sameAs":["https:\/\/www.facebook.com\/press07\/"]},{"@type":"Person","@id":"https:\/\/permbledhja.com\/#\/schema\/person\/0d064377258d3221e50693947b9eb4fe","name":"P\u00ebrmbledhja","image":{"@type":"ImageObject","inLanguage":"sq","@id":"https:\/\/permbledhja.com\/#\/schema\/person\/image\/","url":"https:\/\/permbledhja.com\/wp-content\/uploads\/2026\/01\/452004717_1040944174702970_8932037511805513407_n-96x96.jpg","contentUrl":"https:\/\/permbledhja.com\/wp-content\/uploads\/2026\/01\/452004717_1040944174702970_8932037511805513407_n-96x96.jpg","caption":"P\u00ebrmbledhja"},"sameAs":["https:\/\/www.facebook.com\/kafexhiu.muharrem\/","https:\/\/www.instagram.com\/muharrem_kafexhiu\/"],"url":"https:\/\/permbledhja.com\/sq\/author\/admin\/"}]}},"_links":{"self":[{"href":"https:\/\/permbledhja.com\/sq\/wp-json\/wp\/v2\/posts\/8377"}],"collection":[{"href":"https:\/\/permbledhja.com\/sq\/wp-json\/wp\/v2\/posts"}],"about":[{"href":"https:\/\/permbledhja.com\/sq\/wp-json\/wp\/v2\/types\/post"}],"author":[{"embeddable":true,"href":"https:\/\/permbledhja.com\/sq\/wp-json\/wp\/v2\/users\/1"}],"replies":[{"embeddable":true,"href":"https:\/\/permbledhja.com\/sq\/wp-json\/wp\/v2\/comments?post=8377"}],"version-history":[{"count":1,"href":"https:\/\/permbledhja.com\/sq\/wp-json\/wp\/v2\/posts\/8377\/revisions"}],"predecessor-version":[{"id":8378,"href":"https:\/\/permbledhja.com\/sq\/wp-json\/wp\/v2\/posts\/8377\/revisions\/8378"}],"wp:featuredmedia":[{"embeddable":true,"href":"https:\/\/permbledhja.com\/sq\/wp-json\/wp\/v2\/media\/4191"}],"wp:attachment":[{"href":"https:\/\/permbledhja.com\/sq\/wp-json\/wp\/v2\/media?parent=8377"}],"wp:term":[{"taxonomy":"category","embeddable":true,"href":"https:\/\/permbledhja.com\/sq\/wp-json\/wp\/v2\/categories?post=8377"},{"taxonomy":"post_tag","embeddable":true,"href":"https:\/\/permbledhja.com\/sq\/wp-json\/wp\/v2\/tags?post=8377"}],"curies":[{"name":"wp","href":"https:\/\/api.w.org\/{rel}","templated":true}]}}