{"id":8373,"date":"2022-10-21T17:40:29","date_gmt":"2022-10-21T17:40:29","guid":{"rendered":"https:\/\/permbledhja.com\/?p=8373"},"modified":"2022-10-21T17:40:29","modified_gmt":"2022-10-21T17:40:29","slug":"tmerrohet-familja-ne-fushe-kosove-32-vjecarja-hidhet-nga-ballkoni-i-baneses","status":"publish","type":"post","link":"https:\/\/permbledhja.com\/sq\/tmerrohet-familja-ne-fushe-kosove-32-vjecarja-hidhet-nga-ballkoni-i-baneses\/","title":{"rendered":"Tmerrohet familja n\u00eb Fush\u00eb Kosov\u00eb: 32-vje\u00e7arja hidhet nga ballkoni i banes\u00ebs"},"content":{"rendered":"<p>Numri i madh i rasteve t\u00eb tentim vet\u00ebvrasjeve gjithandej vendit \u00ebsht\u00eb mjaft shqet\u00ebsues. Pothuajse \u00e7do dit\u00eb, qytetar\u00eb t\u00eb moshave t\u00eb ndryshme tentojn\u00eb t\u00eb vet\u00ebvriten. Familjet ato q\u00eb p\u00ebrjetojn\u00eb jasht\u00ebzakonisht r\u00ebnd\u00eb k\u00ebto raste, shpesh jan\u00eb me fat kur viktimat shp\u00ebtojn\u00eb mrekullisht.<\/p>\n<p>K\u00ebshtu ka ndodhur edhe sot, n\u00eb rrug\u00ebn \u201cN\u00ebna Terez\u00eb\u201d n\u00eb Fush\u00eb Kosov\u00eb, ku nj\u00eb familje u trondit kur e kuptuan se vajza e tyre 32-vje\u00e7are ishte hedhur nga ballkoni i banes\u00ebs.<\/p>\n<p>Gjith\u00e7ka dyshohet se ndodhi n\u00eb or\u00ebt e para t\u00eb s\u00eb premtes, kur viktima shfryt\u00ebzoi koh\u00ebn derisa familjar\u00ebt ishin n\u00eb gjum\u00eb dhe deshi t\u2019i jap fund jet\u00ebs.<\/p>\n<p>Si\u00e7 m\u00ebson Sinjali, viktima ka r\u00ebn\u00eb nga ballkoni mbi nj\u00eb vetur\u00eb q\u00eb ishte e parkuar posht\u00eb banes\u00ebs, por q\u00eb fatmir\u00ebsisht shp\u00ebtoi.<\/p>\n<p>Familja u shokuan kur mor\u00ebn vesh se \u00e7far\u00eb kishte ndodhur, me \u00e7\u2019rast u njoftua Emergjenca, q\u00eb viktim\u00ebn e transferuan n\u00eb QKUK.<\/p>\n<p>Motivet ende nuk dihen, nd\u00ebrkoh\u00eb q\u00eb p\u00ebr ngjarjen \u00ebsht\u00eb v\u00ebn\u00eb n\u00eb dijeni edhe Prokuroria, me \u00e7\u2019rast kan\u00eb nisur hetimet p\u00ebr \u201cVet\u00ebvrasje n\u00eb tentativ\u00eb\u201d.<\/p>\n","protected":false},"excerpt":{"rendered":"<p>Numri i madh i rasteve t\u00eb tentim vet\u00ebvrasjeve gjithandej vendit \u00ebsht\u00eb mjaft shqet\u00ebsues. Pothuajse \u00e7do dit\u00eb, qytetar\u00eb t\u00eb moshave t\u00eb ndryshme tentojn\u00eb t\u00eb vet\u00ebvriten. Familjet ato q\u00eb p\u00ebrjetojn\u00eb jasht\u00ebzakonisht r\u00ebnd\u00eb k\u00ebto raste, shpesh jan\u00eb me fat kur viktimat shp\u00ebtojn\u00eb mrekullisht. K\u00ebshtu ka ndodhur edhe sot, n\u00eb rrug\u00ebn \u201cN\u00ebna Terez\u00eb\u201d n\u00eb Fush\u00eb Kosov\u00eb, ku nj\u00eb familje [&hellip;]<\/p>\n","protected":false},"author":1,"featured_media":8374,"comment_status":"closed","ping_status":"closed","sticky":false,"template":"","format":"standard","meta":{"_monsterinsights_skip_tracking":false,"_monsterinsights_sitenote_active":false,"_monsterinsights_sitenote_note":"","_monsterinsights_sitenote_category":0,"_uf_show_specific_survey":0,"_uf_disable_surveys":false,"footnotes":""},"categories":[23,15],"tags":[],"yoast_head":"<!-- This site is optimized with the Yoast SEO plugin v21.5 - https:\/\/yoast.com\/wordpress\/plugins\/seo\/ -->\n<title>Tmerrohet familja n\u00eb Fush\u00eb Kosov\u00eb: 32-vje\u00e7arja hidhet nga ballkoni i banes\u00ebs<\/title>\n<meta name=\"robots\" content=\"index, follow, max-snippet:-1, max-image-preview:large, max-video-preview:-1\" \/>\n<link rel=\"canonical\" href=\"https:\/\/permbledhja.com\/sq\/tmerrohet-familja-ne-fushe-kosove-32-vjecarja-hidhet-nga-ballkoni-i-baneses\/\" \/>\n<meta property=\"og:locale\" content=\"sq_AL\" \/>\n<meta property=\"og:type\" content=\"article\" \/>\n<meta property=\"og:title\" content=\"Tmerrohet familja n\u00eb Fush\u00eb Kosov\u00eb: 32-vje\u00e7arja hidhet nga ballkoni i banes\u00ebs\" \/>\n<meta property=\"og:description\" content=\"Numri i madh i rasteve t\u00eb tentim vet\u00ebvrasjeve gjithandej vendit \u00ebsht\u00eb mjaft shqet\u00ebsues. Pothuajse \u00e7do dit\u00eb, qytetar\u00eb t\u00eb moshave t\u00eb ndryshme tentojn\u00eb t\u00eb vet\u00ebvriten. Familjet ato q\u00eb p\u00ebrjetojn\u00eb jasht\u00ebzakonisht r\u00ebnd\u00eb k\u00ebto raste, shpesh jan\u00eb me fat kur viktimat shp\u00ebtojn\u00eb mrekullisht. K\u00ebshtu ka ndodhur edhe sot, n\u00eb rrug\u00ebn \u201cN\u00ebna Terez\u00eb\u201d n\u00eb Fush\u00eb Kosov\u00eb, ku nj\u00eb familje [&hellip;]\" \/>\n<meta property=\"og:url\" content=\"https:\/\/permbledhja.com\/sq\/tmerrohet-familja-ne-fushe-kosove-32-vjecarja-hidhet-nga-ballkoni-i-baneses\/\" \/>\n<meta property=\"og:site_name\" content=\"Ve\u00e7 artikuj p\u00ebrmbledh\u00ebs\" \/>\n<meta property=\"article:publisher\" content=\"https:\/\/www.facebook.com\/press07\/\" \/>\n<meta property=\"article:author\" content=\"https:\/\/www.facebook.com\/kafexhiu.muharrem\/\" \/>\n<meta property=\"article:published_time\" content=\"2022-10-21T17:40:29+00:00\" \/>\n<meta property=\"og:image\" content=\"https:\/\/permbledhja.com\/wp-content\/uploads\/2022\/10\/AD8C98B7-85D0-4C25-9F52-6245708859A3.jpeg\" \/>\n\t<meta property=\"og:image:width\" content=\"726\" \/>\n\t<meta property=\"og:image:height\" content=\"397\" \/>\n\t<meta property=\"og:image:type\" content=\"image\/jpeg\" \/>\n<meta name=\"author\" content=\"P\u00ebrmbledhja\" \/>\n<meta name=\"twitter:card\" content=\"summary_large_image\" \/>\n<meta name=\"twitter:label1\" content=\"Written by\" \/>\n\t<meta name=\"twitter:data1\" content=\"P\u00ebrmbledhja\" \/>\n\t<meta name=\"twitter:label2\" content=\"Est. reading time\" \/>\n\t<meta name=\"twitter:data2\" content=\"1 minut\u00eb\" \/>\n<script type=\"application\/ld+json\" class=\"yoast-schema-graph\">{\"@context\":\"https:\/\/schema.org\",\"@graph\":[{\"@type\":\"Article\",\"@id\":\"https:\/\/permbledhja.com\/tmerrohet-familja-ne-fushe-kosove-32-vjecarja-hidhet-nga-ballkoni-i-baneses\/#article\",\"isPartOf\":{\"@id\":\"https:\/\/permbledhja.com\/tmerrohet-familja-ne-fushe-kosove-32-vjecarja-hidhet-nga-ballkoni-i-baneses\/\"},\"author\":{\"name\":\"P\u00ebrmbledhja\",\"@id\":\"https:\/\/permbledhja.com\/#\/schema\/person\/0d064377258d3221e50693947b9eb4fe\"},\"headline\":\"Tmerrohet familja n\u00eb Fush\u00eb Kosov\u00eb: 32-vje\u00e7arja hidhet nga ballkoni i banes\u00ebs\",\"datePublished\":\"2022-10-21T17:40:29+00:00\",\"dateModified\":\"2022-10-21T17:40:29+00:00\",\"mainEntityOfPage\":{\"@id\":\"https:\/\/permbledhja.com\/tmerrohet-familja-ne-fushe-kosove-32-vjecarja-hidhet-nga-ballkoni-i-baneses\/\"},\"wordCount\":207,\"publisher\":{\"@id\":\"https:\/\/permbledhja.com\/#organization\"},\"articleSection\":[\"Komb\u00ebtare\",\"Lajme\"],\"inLanguage\":\"sq\"},{\"@type\":\"WebPage\",\"@id\":\"https:\/\/permbledhja.com\/tmerrohet-familja-ne-fushe-kosove-32-vjecarja-hidhet-nga-ballkoni-i-baneses\/\",\"url\":\"https:\/\/permbledhja.com\/tmerrohet-familja-ne-fushe-kosove-32-vjecarja-hidhet-nga-ballkoni-i-baneses\/\",\"name\":\"Tmerrohet familja n\u00eb Fush\u00eb Kosov\u00eb: 32-vje\u00e7arja hidhet nga ballkoni i banes\u00ebs\",\"isPartOf\":{\"@id\":\"https:\/\/permbledhja.com\/#website\"},\"datePublished\":\"2022-10-21T17:40:29+00:00\",\"dateModified\":\"2022-10-21T17:40:29+00:00\",\"breadcrumb\":{\"@id\":\"https:\/\/permbledhja.com\/tmerrohet-familja-ne-fushe-kosove-32-vjecarja-hidhet-nga-ballkoni-i-baneses\/#breadcrumb\"},\"inLanguage\":\"sq\",\"potentialAction\":[{\"@type\":\"ReadAction\",\"target\":[\"https:\/\/permbledhja.com\/tmerrohet-familja-ne-fushe-kosove-32-vjecarja-hidhet-nga-ballkoni-i-baneses\/\"]}]},{\"@type\":\"BreadcrumbList\",\"@id\":\"https:\/\/permbledhja.com\/tmerrohet-familja-ne-fushe-kosove-32-vjecarja-hidhet-nga-ballkoni-i-baneses\/#breadcrumb\",\"itemListElement\":[{\"@type\":\"ListItem\",\"position\":1,\"name\":\"Ballina\",\"item\":\"https:\/\/permbledhja.com\/sq\/\"},{\"@type\":\"ListItem\",\"position\":2,\"name\":\"Tmerrohet familja n\u00eb Fush\u00eb Kosov\u00eb: 32-vje\u00e7arja hidhet nga ballkoni i banes\u00ebs\"}]},{\"@type\":\"WebSite\",\"@id\":\"https:\/\/permbledhja.com\/#website\",\"url\":\"https:\/\/permbledhja.com\/\",\"name\":\"Ve\u00e7 artikuj p\u00ebrmbledh\u00ebs\",\"description\":\"\",\"publisher\":{\"@id\":\"https:\/\/permbledhja.com\/#organization\"},\"potentialAction\":[{\"@type\":\"SearchAction\",\"target\":{\"@type\":\"EntryPoint\",\"urlTemplate\":\"https:\/\/permbledhja.com\/?s={search_term_string}\"},\"query-input\":\"required name=search_term_string\"}],\"inLanguage\":\"sq\"},{\"@type\":\"Organization\",\"@id\":\"https:\/\/permbledhja.com\/#organization\",\"name\":\"MK Media & Pr\",\"url\":\"https:\/\/permbledhja.com\/\",\"logo\":{\"@type\":\"ImageObject\",\"inLanguage\":\"sq\",\"@id\":\"https:\/\/permbledhja.com\/#\/schema\/logo\/image\/\",\"url\":\"https:\/\/permbledhja.com\/wp-content\/uploads\/2021\/12\/07-Press-Logo.jpg\",\"contentUrl\":\"https:\/\/permbledhja.com\/wp-content\/uploads\/2021\/12\/07-Press-Logo.jpg\",\"width\":512,\"height\":512,\"caption\":\"MK Media & Pr\"},\"image\":{\"@id\":\"https:\/\/permbledhja.com\/#\/schema\/logo\/image\/\"},\"sameAs\":[\"https:\/\/www.facebook.com\/press07\/\"]},{\"@type\":\"Person\",\"@id\":\"https:\/\/permbledhja.com\/#\/schema\/person\/0d064377258d3221e50693947b9eb4fe\",\"name\":\"P\u00ebrmbledhja\",\"image\":{\"@type\":\"ImageObject\",\"inLanguage\":\"sq\",\"@id\":\"https:\/\/permbledhja.com\/#\/schema\/person\/image\/\",\"url\":\"https:\/\/permbledhja.com\/wp-content\/uploads\/2026\/01\/452004717_1040944174702970_8932037511805513407_n-96x96.jpg\",\"contentUrl\":\"https:\/\/permbledhja.com\/wp-content\/uploads\/2026\/01\/452004717_1040944174702970_8932037511805513407_n-96x96.jpg\",\"caption\":\"P\u00ebrmbledhja\"},\"sameAs\":[\"https:\/\/www.facebook.com\/kafexhiu.muharrem\/\",\"https:\/\/www.instagram.com\/muharrem_kafexhiu\/\"],\"url\":\"https:\/\/permbledhja.com\/sq\/author\/admin\/\"}]}<\/script>\n<!-- \/ Yoast SEO plugin. -->","yoast_head_json":{"title":"Tmerrohet familja n\u00eb Fush\u00eb Kosov\u00eb: 32-vje\u00e7arja hidhet nga ballkoni i banes\u00ebs","robots":{"index":"index","follow":"follow","max-snippet":"max-snippet:-1","max-image-preview":"max-image-preview:large","max-video-preview":"max-video-preview:-1"},"canonical":"https:\/\/permbledhja.com\/sq\/tmerrohet-familja-ne-fushe-kosove-32-vjecarja-hidhet-nga-ballkoni-i-baneses\/","og_locale":"sq_AL","og_type":"article","og_title":"Tmerrohet familja n\u00eb Fush\u00eb Kosov\u00eb: 32-vje\u00e7arja hidhet nga ballkoni i banes\u00ebs","og_description":"Numri i madh i rasteve t\u00eb tentim vet\u00ebvrasjeve gjithandej vendit \u00ebsht\u00eb mjaft shqet\u00ebsues. Pothuajse \u00e7do dit\u00eb, qytetar\u00eb t\u00eb moshave t\u00eb ndryshme tentojn\u00eb t\u00eb vet\u00ebvriten. Familjet ato q\u00eb p\u00ebrjetojn\u00eb jasht\u00ebzakonisht r\u00ebnd\u00eb k\u00ebto raste, shpesh jan\u00eb me fat kur viktimat shp\u00ebtojn\u00eb mrekullisht. K\u00ebshtu ka ndodhur edhe sot, n\u00eb rrug\u00ebn \u201cN\u00ebna Terez\u00eb\u201d n\u00eb Fush\u00eb Kosov\u00eb, ku nj\u00eb familje [&hellip;]","og_url":"https:\/\/permbledhja.com\/sq\/tmerrohet-familja-ne-fushe-kosove-32-vjecarja-hidhet-nga-ballkoni-i-baneses\/","og_site_name":"Ve\u00e7 artikuj p\u00ebrmbledh\u00ebs","article_publisher":"https:\/\/www.facebook.com\/press07\/","article_author":"https:\/\/www.facebook.com\/kafexhiu.muharrem\/","article_published_time":"2022-10-21T17:40:29+00:00","og_image":[{"width":726,"height":397,"url":"https:\/\/permbledhja.com\/wp-content\/uploads\/2022\/10\/AD8C98B7-85D0-4C25-9F52-6245708859A3.jpeg","type":"image\/jpeg"}],"author":"P\u00ebrmbledhja","twitter_card":"summary_large_image","twitter_misc":{"Written by":"P\u00ebrmbledhja","Est. reading time":"1 minut\u00eb"},"schema":{"@context":"https:\/\/schema.org","@graph":[{"@type":"Article","@id":"https:\/\/permbledhja.com\/tmerrohet-familja-ne-fushe-kosove-32-vjecarja-hidhet-nga-ballkoni-i-baneses\/#article","isPartOf":{"@id":"https:\/\/permbledhja.com\/tmerrohet-familja-ne-fushe-kosove-32-vjecarja-hidhet-nga-ballkoni-i-baneses\/"},"author":{"name":"P\u00ebrmbledhja","@id":"https:\/\/permbledhja.com\/#\/schema\/person\/0d064377258d3221e50693947b9eb4fe"},"headline":"Tmerrohet familja n\u00eb Fush\u00eb Kosov\u00eb: 32-vje\u00e7arja hidhet nga ballkoni i banes\u00ebs","datePublished":"2022-10-21T17:40:29+00:00","dateModified":"2022-10-21T17:40:29+00:00","mainEntityOfPage":{"@id":"https:\/\/permbledhja.com\/tmerrohet-familja-ne-fushe-kosove-32-vjecarja-hidhet-nga-ballkoni-i-baneses\/"},"wordCount":207,"publisher":{"@id":"https:\/\/permbledhja.com\/#organization"},"articleSection":["Komb\u00ebtare","Lajme"],"inLanguage":"sq"},{"@type":"WebPage","@id":"https:\/\/permbledhja.com\/tmerrohet-familja-ne-fushe-kosove-32-vjecarja-hidhet-nga-ballkoni-i-baneses\/","url":"https:\/\/permbledhja.com\/tmerrohet-familja-ne-fushe-kosove-32-vjecarja-hidhet-nga-ballkoni-i-baneses\/","name":"Tmerrohet familja n\u00eb Fush\u00eb Kosov\u00eb: 32-vje\u00e7arja hidhet nga ballkoni i banes\u00ebs","isPartOf":{"@id":"https:\/\/permbledhja.com\/#website"},"datePublished":"2022-10-21T17:40:29+00:00","dateModified":"2022-10-21T17:40:29+00:00","breadcrumb":{"@id":"https:\/\/permbledhja.com\/tmerrohet-familja-ne-fushe-kosove-32-vjecarja-hidhet-nga-ballkoni-i-baneses\/#breadcrumb"},"inLanguage":"sq","potentialAction":[{"@type":"ReadAction","target":["https:\/\/permbledhja.com\/tmerrohet-familja-ne-fushe-kosove-32-vjecarja-hidhet-nga-ballkoni-i-baneses\/"]}]},{"@type":"BreadcrumbList","@id":"https:\/\/permbledhja.com\/tmerrohet-familja-ne-fushe-kosove-32-vjecarja-hidhet-nga-ballkoni-i-baneses\/#breadcrumb","itemListElement":[{"@type":"ListItem","position":1,"name":"Ballina","item":"https:\/\/permbledhja.com\/sq\/"},{"@type":"ListItem","position":2,"name":"Tmerrohet familja n\u00eb Fush\u00eb Kosov\u00eb: 32-vje\u00e7arja hidhet nga ballkoni i banes\u00ebs"}]},{"@type":"WebSite","@id":"https:\/\/permbledhja.com\/#website","url":"https:\/\/permbledhja.com\/","name":"Ve\u00e7 artikuj p\u00ebrmbledh\u00ebs","description":"","publisher":{"@id":"https:\/\/permbledhja.com\/#organization"},"potentialAction":[{"@type":"SearchAction","target":{"@type":"EntryPoint","urlTemplate":"https:\/\/permbledhja.com\/?s={search_term_string}"},"query-input":"required name=search_term_string"}],"inLanguage":"sq"},{"@type":"Organization","@id":"https:\/\/permbledhja.com\/#organization","name":"MK Media & Pr","url":"https:\/\/permbledhja.com\/","logo":{"@type":"ImageObject","inLanguage":"sq","@id":"https:\/\/permbledhja.com\/#\/schema\/logo\/image\/","url":"https:\/\/permbledhja.com\/wp-content\/uploads\/2021\/12\/07-Press-Logo.jpg","contentUrl":"https:\/\/permbledhja.com\/wp-content\/uploads\/2021\/12\/07-Press-Logo.jpg","width":512,"height":512,"caption":"MK Media & Pr"},"image":{"@id":"https:\/\/permbledhja.com\/#\/schema\/logo\/image\/"},"sameAs":["https:\/\/www.facebook.com\/press07\/"]},{"@type":"Person","@id":"https:\/\/permbledhja.com\/#\/schema\/person\/0d064377258d3221e50693947b9eb4fe","name":"P\u00ebrmbledhja","image":{"@type":"ImageObject","inLanguage":"sq","@id":"https:\/\/permbledhja.com\/#\/schema\/person\/image\/","url":"https:\/\/permbledhja.com\/wp-content\/uploads\/2026\/01\/452004717_1040944174702970_8932037511805513407_n-96x96.jpg","contentUrl":"https:\/\/permbledhja.com\/wp-content\/uploads\/2026\/01\/452004717_1040944174702970_8932037511805513407_n-96x96.jpg","caption":"P\u00ebrmbledhja"},"sameAs":["https:\/\/www.facebook.com\/kafexhiu.muharrem\/","https:\/\/www.instagram.com\/muharrem_kafexhiu\/"],"url":"https:\/\/permbledhja.com\/sq\/author\/admin\/"}]}},"_links":{"self":[{"href":"https:\/\/permbledhja.com\/sq\/wp-json\/wp\/v2\/posts\/8373"}],"collection":[{"href":"https:\/\/permbledhja.com\/sq\/wp-json\/wp\/v2\/posts"}],"about":[{"href":"https:\/\/permbledhja.com\/sq\/wp-json\/wp\/v2\/types\/post"}],"author":[{"embeddable":true,"href":"https:\/\/permbledhja.com\/sq\/wp-json\/wp\/v2\/users\/1"}],"replies":[{"embeddable":true,"href":"https:\/\/permbledhja.com\/sq\/wp-json\/wp\/v2\/comments?post=8373"}],"version-history":[{"count":1,"href":"https:\/\/permbledhja.com\/sq\/wp-json\/wp\/v2\/posts\/8373\/revisions"}],"predecessor-version":[{"id":8375,"href":"https:\/\/permbledhja.com\/sq\/wp-json\/wp\/v2\/posts\/8373\/revisions\/8375"}],"wp:featuredmedia":[{"embeddable":true,"href":"https:\/\/permbledhja.com\/sq\/wp-json\/wp\/v2\/media\/8374"}],"wp:attachment":[{"href":"https:\/\/permbledhja.com\/sq\/wp-json\/wp\/v2\/media?parent=8373"}],"wp:term":[{"taxonomy":"category","embeddable":true,"href":"https:\/\/permbledhja.com\/sq\/wp-json\/wp\/v2\/categories?post=8373"},{"taxonomy":"post_tag","embeddable":true,"href":"https:\/\/permbledhja.com\/sq\/wp-json\/wp\/v2\/tags?post=8373"}],"curies":[{"name":"wp","href":"https:\/\/api.w.org\/{rel}","templated":true}]}}