{"id":8237,"date":"2022-10-20T16:27:06","date_gmt":"2022-10-20T16:27:06","guid":{"rendered":"https:\/\/permbledhja.com\/?p=8237"},"modified":"2022-10-20T16:27:06","modified_gmt":"2022-10-20T16:27:06","slug":"prokurori-rasim-maloku-sekuestroi-villen-e-enver-hoxhajt-ne-brevovice","status":"publish","type":"post","link":"https:\/\/permbledhja.com\/sq\/prokurori-rasim-maloku-sekuestroi-villen-e-enver-hoxhajt-ne-brevovice\/","title":{"rendered":"Prokurori Rasim Maloku sekuestroi vill\u00ebn e Enver Hoxhajt n\u00eb Brevovic\u00eb"},"content":{"rendered":"<p><strong>Prokurori Rasim Maloku sekuestroi vill\u00ebn e Enver Hoxhajt n\u00eb Brevovic\u00eb.<\/strong><\/p>\n<p>Pjes\u00eb e villave t\u00eb sekuestruara gjat\u00eb aksionit t\u00eb bujsh\u00ebm n\u00eb Brezovic\u00eb, \u00ebsht\u00eb edhe ajo e n\u00ebnkryetarit t\u00eb PDK-s\u00eb, Enver Hoxhajt.<\/p>\n<p>Emri i politikanit Hoxhaj figuron n\u00eb list\u00ebn e personave t\u00eb cil\u00ebve iu jan\u00eb sekuestruar pronat n\u00eb Brezovic\u00eb.<\/p>\n<p>Por, jo t\u00eb gjith\u00eb pronar\u00ebt e villave n\u00eb Brezovic\u00eb do t\u00eb ndiqen penalisht.<\/p>\n<p>Prokurori Maloku ka sqaruar disa her\u00eb se pronar\u00ebt q\u00eb kan\u00eb bler\u00eb villa apo kan\u00eb nd\u00ebrtuar, duke mos u p\u00ebrfshir\u00eb n\u00eb vepra penale, nuk do t\u00eb hetohen dhe ndiqen penalisht.<\/p>\n<p>Atyre do t\u2019iu sekuestrohen vet\u00ebm pronat. T\u00eb nj\u00ebjtit do t\u00eb ken\u00eb mund\u00ebsin\u00eb ligjore q\u00eb t\u00eb ndjekin rrug\u00ebt n\u00eb procedur\u00eb civile p\u00ebr kompensim t\u00eb d\u00ebmeve q\u00eb iu shkaktohen nga rr\u00ebnimi i villave, shkruan Betimi p\u00ebr Drejt\u00ebsi, transmeton Gazeta Insajderi.<\/p>\n<p>Vikend-sht\u00ebpizat e nd\u00ebrtuara ilegalisht n\u00eb zon\u00ebn e dyt\u00eb t\u00eb parkut komb\u00ebtar \u201cSharri\u201d u sekuestruan jav\u00ebn q\u00eb shkoi. Atyre iu ngjit\u00ebn shiritat i Policis\u00eb dhe iu ndaluan punimet. Pronar\u00ebt e tyre do t\u00eb njofton p\u00ebr sekuestrimin e tyre.<\/p>\n<p>Prokurori i operacionit \u201cBrezovica\u201d, Rasim Maloku, n\u00eb nj\u00eb intervist\u00eb p\u00ebr Gazet\u00ebn Insajderi tha se jan\u00eb n\u00eb pritje t\u00eb vendimit t\u00eb Gjykat\u00ebs p\u00ebr rr\u00ebnimin e tyre.<\/p>\n<p>\u201cNe do t\u00eb paraqesim k\u00ebrkes\u00ebn tek gjykata p\u00ebr rr\u00ebnimin e tyre. \u00cbsht\u00eb vendimi p\u00ebrfundimtar i gjykat\u00ebs q\u00eb me i rr\u00ebnu k\u00ebto objekte, \u00ebsht\u00eb \u00e7\u00ebshtje ligjore dhe besojm\u00eb q\u00eb edhe gjykata do t\u00eb marr vendim p\u00ebr rr\u00ebnimin e tyre\u201d, tha Maloku.<\/p>\n<p>Maloku tregoi p\u00ebr aksionin e nd\u00ebrmarr dje n\u00eb k\u00ebt\u00eb zon\u00eb.<br \/>\n\u201c\u00cbsht\u00eb duke vazhduar aksioni n\u00eb rastin \u201cBrezovica\u201d. Jemi duke b\u00ebr\u00eb sekuestrimin e t\u00eb gjitha Vikend- sht\u00ebpizave q\u00eb gjenden t\u00eb nd\u00ebrtuara n\u00eb zon\u00ebn e dyt\u00eb t\u00eb parkut komb\u00ebtar \u201cSharri\u201d, ku \u00ebsht\u00eb i ndaluar nd\u00ebrtimi por p\u00ebr shkak t\u00eb veprimit korruptive t\u00eb zyrtar\u00ebve \u00ebsht\u00eb nd\u00ebrtuar edhe n\u00eb k\u00ebt\u00eb zon\u00eb dhe tani pas nj\u00eb inspektimi qe kemi b\u00ebr\u00eb muajin e kaluar jemi duke b\u00ebr\u00eb sekuestrimin e objekteve\u201d.<\/p>\n<p>Ndon\u00ebse nuk i b\u00ebri t\u00eb ditur me emra, Maloku tha se pronar\u00ebt e k\u00ebtyre villave jan\u00eb personat q\u00eb po hetohen nga prokuroria. Disa nga ta jan\u00eb n\u00eb paraburgim e disa me masa t\u00eb tjera.<br \/>\n\u201cDisa nga t\u00eb dyshuari jan\u00eb n\u00ebn hetim disa jan\u00eb n\u00eb paraburgim e disa n\u00eb masa te tjera. Vikend-sht\u00ebpizat e sekuestruara q\u00eb jan\u00eb rreth 80, disa nga to ishin n\u00eb faz\u00ebn fillestare t\u00eb nd\u00ebrtimit, disa n\u00eb p\u00ebrfundim e disa t\u00eb p\u00ebrfunduara. Rreth 80 vikend sht\u00ebpiza do t\u00eb sekuestrohen. Disa jan\u00eb n\u00eb faz\u00ebn fillestare disa jan\u00eb t\u00eb p\u00ebrfunduara e disa n\u00eb p\u00ebrfundim. Kjo \u00ebsht\u00eb kuror\u00ebzim i t\u00eb gjitha aksioneve, efekti t\u00eb gjitha operacioneve jan\u00eb sekuestrimi i k\u00ebtyre villave\u201d.<\/p>\n<p>Brezovica konsiderohet si nj\u00eb prej qendrave m\u00eb t\u00eb m\u00ebdha t\u00eb turizmit dim\u00ebror n\u00eb Kosov\u00eb dhe njihet p\u00ebr qendr\u00ebn e skijimit.<\/p>\n<p>Ajo gjendet n\u00eb Komun\u00ebn e Sht\u00ebrpc\u00ebs dhe b\u00ebn pjes\u00eb n\u00eb Parkun Komb\u00ebtar \u201cSharri\u201d.<\/p>\n","protected":false},"excerpt":{"rendered":"<p>Prokurori Rasim Maloku sekuestroi vill\u00ebn e Enver Hoxhajt n\u00eb Brevovic\u00eb. Pjes\u00eb e villave t\u00eb sekuestruara gjat\u00eb aksionit t\u00eb bujsh\u00ebm n\u00eb Brezovic\u00eb, \u00ebsht\u00eb edhe ajo e n\u00ebnkryetarit t\u00eb PDK-s\u00eb, Enver Hoxhajt. Emri i politikanit Hoxhaj figuron n\u00eb list\u00ebn e personave t\u00eb cil\u00ebve iu jan\u00eb sekuestruar pronat n\u00eb Brezovic\u00eb. Por, jo t\u00eb gjith\u00eb pronar\u00ebt e villave n\u00eb [&hellip;]<\/p>\n","protected":false},"author":1,"featured_media":8238,"comment_status":"closed","ping_status":"closed","sticky":false,"template":"","format":"standard","meta":{"_monsterinsights_skip_tracking":false,"_monsterinsights_sitenote_active":false,"_monsterinsights_sitenote_note":"","_monsterinsights_sitenote_category":0,"_uf_show_specific_survey":0,"_uf_disable_surveys":false,"footnotes":""},"categories":[23,15],"tags":[],"yoast_head":"<!-- This site is optimized with the Yoast SEO plugin v21.5 - https:\/\/yoast.com\/wordpress\/plugins\/seo\/ -->\n<title>Prokurori Rasim Maloku sekuestroi vill\u00ebn e Enver Hoxhajt n\u00eb Brevovic\u00eb<\/title>\n<meta name=\"robots\" content=\"index, follow, max-snippet:-1, max-image-preview:large, max-video-preview:-1\" \/>\n<link rel=\"canonical\" href=\"https:\/\/permbledhja.com\/sq\/prokurori-rasim-maloku-sekuestroi-villen-e-enver-hoxhajt-ne-brevovice\/\" \/>\n<meta property=\"og:locale\" content=\"sq_AL\" \/>\n<meta property=\"og:type\" content=\"article\" \/>\n<meta property=\"og:title\" content=\"Prokurori Rasim Maloku sekuestroi vill\u00ebn e Enver Hoxhajt n\u00eb Brevovic\u00eb\" \/>\n<meta property=\"og:description\" content=\"Prokurori Rasim Maloku sekuestroi vill\u00ebn e Enver Hoxhajt n\u00eb Brevovic\u00eb. Pjes\u00eb e villave t\u00eb sekuestruara gjat\u00eb aksionit t\u00eb bujsh\u00ebm n\u00eb Brezovic\u00eb, \u00ebsht\u00eb edhe ajo e n\u00ebnkryetarit t\u00eb PDK-s\u00eb, Enver Hoxhajt. Emri i politikanit Hoxhaj figuron n\u00eb list\u00ebn e personave t\u00eb cil\u00ebve iu jan\u00eb sekuestruar pronat n\u00eb Brezovic\u00eb. Por, jo t\u00eb gjith\u00eb pronar\u00ebt e villave n\u00eb [&hellip;]\" \/>\n<meta property=\"og:url\" content=\"https:\/\/permbledhja.com\/sq\/prokurori-rasim-maloku-sekuestroi-villen-e-enver-hoxhajt-ne-brevovice\/\" \/>\n<meta property=\"og:site_name\" content=\"Ve\u00e7 artikuj p\u00ebrmbledh\u00ebs\" \/>\n<meta property=\"article:publisher\" content=\"https:\/\/www.facebook.com\/press07\/\" \/>\n<meta property=\"article:author\" content=\"https:\/\/www.facebook.com\/kafexhiu.muharrem\/\" \/>\n<meta property=\"article:published_time\" content=\"2022-10-20T16:27:06+00:00\" \/>\n<meta property=\"og:image\" content=\"https:\/\/permbledhja.com\/wp-content\/uploads\/2022\/10\/5C240A43-3D6E-413F-B3B2-40DEF01710B9.png\" \/>\n\t<meta property=\"og:image:width\" content=\"621\" \/>\n\t<meta property=\"og:image:height\" content=\"360\" \/>\n\t<meta property=\"og:image:type\" content=\"image\/png\" \/>\n<meta name=\"author\" content=\"P\u00ebrmbledhja\" \/>\n<meta name=\"twitter:card\" content=\"summary_large_image\" \/>\n<meta name=\"twitter:label1\" content=\"Written by\" \/>\n\t<meta name=\"twitter:data1\" content=\"P\u00ebrmbledhja\" \/>\n\t<meta name=\"twitter:label2\" content=\"Est. reading time\" \/>\n\t<meta name=\"twitter:data2\" content=\"3 minuta\" \/>\n<script type=\"application\/ld+json\" class=\"yoast-schema-graph\">{\"@context\":\"https:\/\/schema.org\",\"@graph\":[{\"@type\":\"Article\",\"@id\":\"https:\/\/permbledhja.com\/prokurori-rasim-maloku-sekuestroi-villen-e-enver-hoxhajt-ne-brevovice\/#article\",\"isPartOf\":{\"@id\":\"https:\/\/permbledhja.com\/prokurori-rasim-maloku-sekuestroi-villen-e-enver-hoxhajt-ne-brevovice\/\"},\"author\":{\"name\":\"P\u00ebrmbledhja\",\"@id\":\"https:\/\/permbledhja.com\/#\/schema\/person\/0d064377258d3221e50693947b9eb4fe\"},\"headline\":\"Prokurori Rasim Maloku sekuestroi vill\u00ebn e Enver Hoxhajt n\u00eb Brevovic\u00eb\",\"datePublished\":\"2022-10-20T16:27:06+00:00\",\"dateModified\":\"2022-10-20T16:27:06+00:00\",\"mainEntityOfPage\":{\"@id\":\"https:\/\/permbledhja.com\/prokurori-rasim-maloku-sekuestroi-villen-e-enver-hoxhajt-ne-brevovice\/\"},\"wordCount\":537,\"publisher\":{\"@id\":\"https:\/\/permbledhja.com\/#organization\"},\"articleSection\":[\"Komb\u00ebtare\",\"Lajme\"],\"inLanguage\":\"sq\"},{\"@type\":\"WebPage\",\"@id\":\"https:\/\/permbledhja.com\/prokurori-rasim-maloku-sekuestroi-villen-e-enver-hoxhajt-ne-brevovice\/\",\"url\":\"https:\/\/permbledhja.com\/prokurori-rasim-maloku-sekuestroi-villen-e-enver-hoxhajt-ne-brevovice\/\",\"name\":\"Prokurori Rasim Maloku sekuestroi vill\u00ebn e Enver Hoxhajt n\u00eb Brevovic\u00eb\",\"isPartOf\":{\"@id\":\"https:\/\/permbledhja.com\/#website\"},\"datePublished\":\"2022-10-20T16:27:06+00:00\",\"dateModified\":\"2022-10-20T16:27:06+00:00\",\"breadcrumb\":{\"@id\":\"https:\/\/permbledhja.com\/prokurori-rasim-maloku-sekuestroi-villen-e-enver-hoxhajt-ne-brevovice\/#breadcrumb\"},\"inLanguage\":\"sq\",\"potentialAction\":[{\"@type\":\"ReadAction\",\"target\":[\"https:\/\/permbledhja.com\/prokurori-rasim-maloku-sekuestroi-villen-e-enver-hoxhajt-ne-brevovice\/\"]}]},{\"@type\":\"BreadcrumbList\",\"@id\":\"https:\/\/permbledhja.com\/prokurori-rasim-maloku-sekuestroi-villen-e-enver-hoxhajt-ne-brevovice\/#breadcrumb\",\"itemListElement\":[{\"@type\":\"ListItem\",\"position\":1,\"name\":\"Ballina\",\"item\":\"https:\/\/permbledhja.com\/sq\/\"},{\"@type\":\"ListItem\",\"position\":2,\"name\":\"Prokurori Rasim Maloku sekuestroi vill\u00ebn e Enver Hoxhajt n\u00eb Brevovic\u00eb\"}]},{\"@type\":\"WebSite\",\"@id\":\"https:\/\/permbledhja.com\/#website\",\"url\":\"https:\/\/permbledhja.com\/\",\"name\":\"Ve\u00e7 artikuj p\u00ebrmbledh\u00ebs\",\"description\":\"\",\"publisher\":{\"@id\":\"https:\/\/permbledhja.com\/#organization\"},\"potentialAction\":[{\"@type\":\"SearchAction\",\"target\":{\"@type\":\"EntryPoint\",\"urlTemplate\":\"https:\/\/permbledhja.com\/?s={search_term_string}\"},\"query-input\":\"required name=search_term_string\"}],\"inLanguage\":\"sq\"},{\"@type\":\"Organization\",\"@id\":\"https:\/\/permbledhja.com\/#organization\",\"name\":\"MK Media & Pr\",\"url\":\"https:\/\/permbledhja.com\/\",\"logo\":{\"@type\":\"ImageObject\",\"inLanguage\":\"sq\",\"@id\":\"https:\/\/permbledhja.com\/#\/schema\/logo\/image\/\",\"url\":\"https:\/\/permbledhja.com\/wp-content\/uploads\/2021\/12\/07-Press-Logo.jpg\",\"contentUrl\":\"https:\/\/permbledhja.com\/wp-content\/uploads\/2021\/12\/07-Press-Logo.jpg\",\"width\":512,\"height\":512,\"caption\":\"MK Media & Pr\"},\"image\":{\"@id\":\"https:\/\/permbledhja.com\/#\/schema\/logo\/image\/\"},\"sameAs\":[\"https:\/\/www.facebook.com\/press07\/\"]},{\"@type\":\"Person\",\"@id\":\"https:\/\/permbledhja.com\/#\/schema\/person\/0d064377258d3221e50693947b9eb4fe\",\"name\":\"P\u00ebrmbledhja\",\"image\":{\"@type\":\"ImageObject\",\"inLanguage\":\"sq\",\"@id\":\"https:\/\/permbledhja.com\/#\/schema\/person\/image\/\",\"url\":\"https:\/\/permbledhja.com\/wp-content\/uploads\/2026\/01\/452004717_1040944174702970_8932037511805513407_n-96x96.jpg\",\"contentUrl\":\"https:\/\/permbledhja.com\/wp-content\/uploads\/2026\/01\/452004717_1040944174702970_8932037511805513407_n-96x96.jpg\",\"caption\":\"P\u00ebrmbledhja\"},\"sameAs\":[\"https:\/\/www.facebook.com\/kafexhiu.muharrem\/\",\"https:\/\/www.instagram.com\/muharrem_kafexhiu\/\"],\"url\":\"https:\/\/permbledhja.com\/sq\/author\/admin\/\"}]}<\/script>\n<!-- \/ Yoast SEO plugin. -->","yoast_head_json":{"title":"Prokurori Rasim Maloku sekuestroi vill\u00ebn e Enver Hoxhajt n\u00eb Brevovic\u00eb","robots":{"index":"index","follow":"follow","max-snippet":"max-snippet:-1","max-image-preview":"max-image-preview:large","max-video-preview":"max-video-preview:-1"},"canonical":"https:\/\/permbledhja.com\/sq\/prokurori-rasim-maloku-sekuestroi-villen-e-enver-hoxhajt-ne-brevovice\/","og_locale":"sq_AL","og_type":"article","og_title":"Prokurori Rasim Maloku sekuestroi vill\u00ebn e Enver Hoxhajt n\u00eb Brevovic\u00eb","og_description":"Prokurori Rasim Maloku sekuestroi vill\u00ebn e Enver Hoxhajt n\u00eb Brevovic\u00eb. Pjes\u00eb e villave t\u00eb sekuestruara gjat\u00eb aksionit t\u00eb bujsh\u00ebm n\u00eb Brezovic\u00eb, \u00ebsht\u00eb edhe ajo e n\u00ebnkryetarit t\u00eb PDK-s\u00eb, Enver Hoxhajt. Emri i politikanit Hoxhaj figuron n\u00eb list\u00ebn e personave t\u00eb cil\u00ebve iu jan\u00eb sekuestruar pronat n\u00eb Brezovic\u00eb. Por, jo t\u00eb gjith\u00eb pronar\u00ebt e villave n\u00eb [&hellip;]","og_url":"https:\/\/permbledhja.com\/sq\/prokurori-rasim-maloku-sekuestroi-villen-e-enver-hoxhajt-ne-brevovice\/","og_site_name":"Ve\u00e7 artikuj p\u00ebrmbledh\u00ebs","article_publisher":"https:\/\/www.facebook.com\/press07\/","article_author":"https:\/\/www.facebook.com\/kafexhiu.muharrem\/","article_published_time":"2022-10-20T16:27:06+00:00","og_image":[{"width":621,"height":360,"url":"https:\/\/permbledhja.com\/wp-content\/uploads\/2022\/10\/5C240A43-3D6E-413F-B3B2-40DEF01710B9.png","type":"image\/png"}],"author":"P\u00ebrmbledhja","twitter_card":"summary_large_image","twitter_misc":{"Written by":"P\u00ebrmbledhja","Est. reading time":"3 minuta"},"schema":{"@context":"https:\/\/schema.org","@graph":[{"@type":"Article","@id":"https:\/\/permbledhja.com\/prokurori-rasim-maloku-sekuestroi-villen-e-enver-hoxhajt-ne-brevovice\/#article","isPartOf":{"@id":"https:\/\/permbledhja.com\/prokurori-rasim-maloku-sekuestroi-villen-e-enver-hoxhajt-ne-brevovice\/"},"author":{"name":"P\u00ebrmbledhja","@id":"https:\/\/permbledhja.com\/#\/schema\/person\/0d064377258d3221e50693947b9eb4fe"},"headline":"Prokurori Rasim Maloku sekuestroi vill\u00ebn e Enver Hoxhajt n\u00eb Brevovic\u00eb","datePublished":"2022-10-20T16:27:06+00:00","dateModified":"2022-10-20T16:27:06+00:00","mainEntityOfPage":{"@id":"https:\/\/permbledhja.com\/prokurori-rasim-maloku-sekuestroi-villen-e-enver-hoxhajt-ne-brevovice\/"},"wordCount":537,"publisher":{"@id":"https:\/\/permbledhja.com\/#organization"},"articleSection":["Komb\u00ebtare","Lajme"],"inLanguage":"sq"},{"@type":"WebPage","@id":"https:\/\/permbledhja.com\/prokurori-rasim-maloku-sekuestroi-villen-e-enver-hoxhajt-ne-brevovice\/","url":"https:\/\/permbledhja.com\/prokurori-rasim-maloku-sekuestroi-villen-e-enver-hoxhajt-ne-brevovice\/","name":"Prokurori Rasim Maloku sekuestroi vill\u00ebn e Enver Hoxhajt n\u00eb Brevovic\u00eb","isPartOf":{"@id":"https:\/\/permbledhja.com\/#website"},"datePublished":"2022-10-20T16:27:06+00:00","dateModified":"2022-10-20T16:27:06+00:00","breadcrumb":{"@id":"https:\/\/permbledhja.com\/prokurori-rasim-maloku-sekuestroi-villen-e-enver-hoxhajt-ne-brevovice\/#breadcrumb"},"inLanguage":"sq","potentialAction":[{"@type":"ReadAction","target":["https:\/\/permbledhja.com\/prokurori-rasim-maloku-sekuestroi-villen-e-enver-hoxhajt-ne-brevovice\/"]}]},{"@type":"BreadcrumbList","@id":"https:\/\/permbledhja.com\/prokurori-rasim-maloku-sekuestroi-villen-e-enver-hoxhajt-ne-brevovice\/#breadcrumb","itemListElement":[{"@type":"ListItem","position":1,"name":"Ballina","item":"https:\/\/permbledhja.com\/sq\/"},{"@type":"ListItem","position":2,"name":"Prokurori Rasim Maloku sekuestroi vill\u00ebn e Enver Hoxhajt n\u00eb Brevovic\u00eb"}]},{"@type":"WebSite","@id":"https:\/\/permbledhja.com\/#website","url":"https:\/\/permbledhja.com\/","name":"Ve\u00e7 artikuj p\u00ebrmbledh\u00ebs","description":"","publisher":{"@id":"https:\/\/permbledhja.com\/#organization"},"potentialAction":[{"@type":"SearchAction","target":{"@type":"EntryPoint","urlTemplate":"https:\/\/permbledhja.com\/?s={search_term_string}"},"query-input":"required name=search_term_string"}],"inLanguage":"sq"},{"@type":"Organization","@id":"https:\/\/permbledhja.com\/#organization","name":"MK Media & Pr","url":"https:\/\/permbledhja.com\/","logo":{"@type":"ImageObject","inLanguage":"sq","@id":"https:\/\/permbledhja.com\/#\/schema\/logo\/image\/","url":"https:\/\/permbledhja.com\/wp-content\/uploads\/2021\/12\/07-Press-Logo.jpg","contentUrl":"https:\/\/permbledhja.com\/wp-content\/uploads\/2021\/12\/07-Press-Logo.jpg","width":512,"height":512,"caption":"MK Media & Pr"},"image":{"@id":"https:\/\/permbledhja.com\/#\/schema\/logo\/image\/"},"sameAs":["https:\/\/www.facebook.com\/press07\/"]},{"@type":"Person","@id":"https:\/\/permbledhja.com\/#\/schema\/person\/0d064377258d3221e50693947b9eb4fe","name":"P\u00ebrmbledhja","image":{"@type":"ImageObject","inLanguage":"sq","@id":"https:\/\/permbledhja.com\/#\/schema\/person\/image\/","url":"https:\/\/permbledhja.com\/wp-content\/uploads\/2026\/01\/452004717_1040944174702970_8932037511805513407_n-96x96.jpg","contentUrl":"https:\/\/permbledhja.com\/wp-content\/uploads\/2026\/01\/452004717_1040944174702970_8932037511805513407_n-96x96.jpg","caption":"P\u00ebrmbledhja"},"sameAs":["https:\/\/www.facebook.com\/kafexhiu.muharrem\/","https:\/\/www.instagram.com\/muharrem_kafexhiu\/"],"url":"https:\/\/permbledhja.com\/sq\/author\/admin\/"}]}},"_links":{"self":[{"href":"https:\/\/permbledhja.com\/sq\/wp-json\/wp\/v2\/posts\/8237"}],"collection":[{"href":"https:\/\/permbledhja.com\/sq\/wp-json\/wp\/v2\/posts"}],"about":[{"href":"https:\/\/permbledhja.com\/sq\/wp-json\/wp\/v2\/types\/post"}],"author":[{"embeddable":true,"href":"https:\/\/permbledhja.com\/sq\/wp-json\/wp\/v2\/users\/1"}],"replies":[{"embeddable":true,"href":"https:\/\/permbledhja.com\/sq\/wp-json\/wp\/v2\/comments?post=8237"}],"version-history":[{"count":1,"href":"https:\/\/permbledhja.com\/sq\/wp-json\/wp\/v2\/posts\/8237\/revisions"}],"predecessor-version":[{"id":8239,"href":"https:\/\/permbledhja.com\/sq\/wp-json\/wp\/v2\/posts\/8237\/revisions\/8239"}],"wp:featuredmedia":[{"embeddable":true,"href":"https:\/\/permbledhja.com\/sq\/wp-json\/wp\/v2\/media\/8238"}],"wp:attachment":[{"href":"https:\/\/permbledhja.com\/sq\/wp-json\/wp\/v2\/media?parent=8237"}],"wp:term":[{"taxonomy":"category","embeddable":true,"href":"https:\/\/permbledhja.com\/sq\/wp-json\/wp\/v2\/categories?post=8237"},{"taxonomy":"post_tag","embeddable":true,"href":"https:\/\/permbledhja.com\/sq\/wp-json\/wp\/v2\/tags?post=8237"}],"curies":[{"name":"wp","href":"https:\/\/api.w.org\/{rel}","templated":true}]}}