{"id":8233,"date":"2022-10-20T16:03:50","date_gmt":"2022-10-20T16:03:50","guid":{"rendered":"https:\/\/permbledhja.com\/?p=8233"},"modified":"2022-10-20T16:03:50","modified_gmt":"2022-10-20T16:03:50","slug":"tre-gjykates-vellezerit-e-thacit-dhe-enver-hoxhaj-pronare-te-villave-te-sekuestruara-ne-brezovice","status":"publish","type":"post","link":"https:\/\/permbledhja.com\/sq\/tre-gjykates-vellezerit-e-thacit-dhe-enver-hoxhaj-pronare-te-villave-te-sekuestruara-ne-brezovice\/","title":{"rendered":"Tre gjykat\u00ebs, v\u00ebllez\u00ebrit e Tha\u00e7it dhe Enver Hoxhaj pronar\u00eb t\u00eb villave t\u00eb sekuestruara n\u00eb Brezovic\u00eb"},"content":{"rendered":"<p>Lista prej 75 pronave t\u00eb sekuestruara n\u00eb aksionin e fundit t\u00eb prokurorit Rasim Maloku n\u00eb Brezovic\u00eb, p\u00ebrmban emra pronar\u00ebsh t\u00eb gjykat\u00ebsve t\u00eb t\u00eb gjitha niveleve, politikan\u00ebve, biznesmen\u00ebve si dhe qytetar\u00ebve t\u00eb tjer\u00eb.<\/p>\n<p>Nd\u00ebr politikan\u00ebt q\u00eb figurojn\u00eb n\u00eb list\u00eb jan\u00eb Enver Hoxhaj ish-Minist\u00ebr, dy v\u00ebllez\u00ebrit e ish-Presidentit Hashim Tha\u00e7i si dhe nj\u00eb num\u00ebr i madh i bizesmen\u00ebve, p\u00ebrfshir\u00eb edhe personat e arrestuar gjat\u00eb aksioneve n\u00eb Brezovic\u00eb.<\/p>\n<p>K\u00ebto villa t\u00eb sekuestruara, sipas burimeve t\u00eb \u201cBetimit p\u00ebr Drejt\u00ebsi\u201d n\u00eb Gjykat\u00ebn Themelore n\u00eb Ferizaj, rezulton se jan\u00eb nd\u00ebrtuar n\u00eb Zon\u00ebn e II-t\u00eb n\u00eb Parkun Komb\u00ebtar \u201cSharri\u201d \u2013 Zona e Brezovic\u00ebs, n\u00eb t\u00eb cil\u00ebn ndalohet nd\u00ebrtimi me Ligjin p\u00ebr Parkun Komb\u00ebtar \u201cSharri\u201d.<\/p>\n<p>Sipas dokumenteve zyrtare t\u00eb Prokuroris\u00eb Themelore n\u00eb Ferizaj t\u00eb dor\u00ebzuara n\u00eb Gjykat\u00eb, thuhet se sipas k\u00ebtij ligji, Zona e II-t\u00eb e k\u00ebtij Parku karakterizohet me ekosisteme, vlera peisazhore dhe vlera tjera t\u00eb natyr\u00ebs, ku mund t\u00eb ushtrohet eko-turizmi, bujq\u00ebsia tradicionale dhe veprimtari, t\u00eb cilat nuk jan\u00eb n\u00eb kund\u00ebrshtim me q\u00ebllimet e Parkut, kurse \u00ebsht\u00eb e ndaluar nd\u00ebrtimi i \u00e7far\u00ebdo objekti p\u00ebr banim.<\/p>\n<p>\u201cBetimi p\u00ebr Drejt\u00ebsi\u201d ka siguruar list\u00ebn e 75 pronave, kryesisht villa, ku figurojn\u00eb emrat e pronar\u00ebve, ku ka gjykat\u00ebs t\u00eb t\u00eb gjitha niveleve, politikan\u00eb, biznesmen\u00eb si dhe qytetar\u00ebve t\u00eb tjer\u00eb, t\u00eb cil\u00ebt kan\u00eb bler\u00eb villa apo kan\u00eb bler\u00eb parcela dhe m\u00eb pas kan\u00eb nd\u00ebrtuar villa.<\/p>\n<p>N\u00eb k\u00ebt\u00eb list\u00eb jan\u00eb tre gjykat\u00ebs t\u00eb Ferizajt, t\u00eb cil\u00ebt jan\u00eb gjykat\u00ebs nga t\u00eb tria niveleve t\u00eb gjyq\u00ebsorit. T\u00eb tret\u00eb fillimisht kan\u00eb bler\u00eb parcela n\u00eb vitin 2016, nd\u00ebrsa n\u00eb vitet e fundit kan\u00eb nd\u00ebrtuar villa. Fjala \u00ebsht\u00eb p\u00ebr Mustaf\u00eb Tahirin, Kryetar i Gjykat\u00ebs Themelore n\u00eb Ferizaj, Bashkim Hysenin ish-Kryetar i Gjykat\u00ebs Themelore n\u00eb Ferizaj, aktualisht gjykat\u00ebs n\u00eb Gjykat\u00ebn e Apelit,  si dhe Agim Maliqi, ish-gjykat\u00ebs i Gjykat\u00ebs Themelore n\u00eb Ferizaj, aktualisht gjykat\u00ebs n\u00eb Gjykat\u00ebn Supreme. T\u00eb tre k\u00ebta gjykat\u00ebs, pronat i kan\u00eb bler\u00eb bashk\u00eb n\u00eb vitin 2016, n\u00eb sip\u00ebrfaqe 2.84 ari, respektivisht 2.4 ari me nj\u00eb \u00e7mim prej 6 mij\u00eb euro secili.<\/p>\n<p>\u201cBetimi p\u00ebr Drejt\u00ebsi\u201d ka kontaktuar t\u00eb tre gjykat\u00ebsit p\u00ebr t\u00eb konfirmuar sekuestrimet e villave t\u00eb tyre nga Prokuroria, pasiq\u00eb jan\u00eb nd\u00ebrtuar n\u00eb zon\u00ebn ku nuk lejohet nd\u00ebrtimi, gj\u00eb t\u00eb cil\u00ebn e kan\u00eb konfirmuar.<\/p>\n<p>Agim Maliqi, gjykat\u00ebs n\u00eb Gjykat\u00ebn Supreme, ka konfirmuar se pron\u00ebn, e cila \u00ebsht\u00eb sekuestruar, e ka bler\u00eb n\u00eb vitin 2016 bashk\u00eb me dy gjykat\u00ebsit e tjer\u00eb, Mustaf\u00eb Tahiri dhe Bashkim Hyseni, nd\u00ebrsa p\u00ebr leje t\u00eb nd\u00ebrtimit t\u00eb vill\u00ebs ka aplikuar vitin a kaluar.<\/p>\n<p>\u201cLejen e kom marr\u00eb vitin e kalum. Nd\u00ebrtimin e kam nis af\u00ebrsisht n\u00eb n\u00ebntor\u2026 K\u00ebt\u00eb vit kom vazhdu dikun, mos gabofsha, prill-maj qaty dikun\u201d, ka th\u00ebn\u00eb Maliqi.<\/p>\n<p>\u201cBetimi p\u00ebr Drejt\u00ebsi\u201d ka pyetur gjykat\u00ebsin Maliqi se pse kjo vill\u00eb nuk figuron n\u00eb deklarimin e pasuris\u00eb n\u00eb Agjencin\u00eb Kund\u00ebr Korrupsion, sipas tij, ai ka deklaruar se vitin e kaluar nuk ka pasur objekt por vet\u00ebm themel, nd\u00ebrsa villa do t\u00eb deklarohet p\u00ebr k\u00ebt\u00eb vit.<\/p>\n<p>I pyetur se si ka bler\u00eb pron\u00eb dhe si ka nd\u00ebrtuar n\u00eb Zon\u00ebn e II-t\u00eb t\u00eb Brezovic\u00ebs, ku nd\u00ebrtimi ndalohet me ligj, Maliqi ka th\u00ebn\u00eb se nuk ka qen\u00eb n\u00eb dijeni p\u00ebr k\u00ebt\u00eb dhe se u takon organeve q\u00eb kan\u00eb l\u00ebshuar lejet q\u00eb ta verifikojn\u00eb k\u00ebt\u00eb \u00e7\u00ebshtje.<\/p>\n<p>I pyetur se si i komenton zhvillimet n\u00eb aksionet e Prokuroris\u00eb n\u00eb sekuestrimet q\u00eb po ndodhin n\u00eb Brezovic\u00eb dhe pretendimet se shum\u00eb prej lejeve jan\u00eb marr\u00eb p\u00ebrmes ryshfetit, gjykat\u00ebsi Maliqi ka th\u00ebn\u00eb se kjo \u00ebsht\u00eb pun\u00eb e Prokuroris\u00eb q\u00eb t\u00eb v\u00ebrtetoj\u00eb n\u00ebse kan\u00eb ndodhur k\u00ebto veprime.<\/p>\n<p>\u201cN\u00eb qoft\u00eb se e v\u00ebrtetojn\u00eb ata (prokuroria), duhet me na akuzu neve penalisht me na ndjek, s\u2019kom \u00e7ka me fol aty un\u00eb, un\u00eb kom apliku si \u00e7do qytetar me dokumentacion t\u00eb rregullt me ato leje urbanistike\u2026 Edhe me fol t\u00eb drejt\u00ebn un\u00eb fort\u00eb edhe s\u2019jom marr me at\u00eb pun\u00eb se arkitekt e kom nj\u00eb t\u00eb af\u00ebrm temin, ai na ka bo planin e ato krejt a po m\u00eb kupton, aty n\u00ebse v\u00ebrtetohet se ka ryshfet at\u00ebher\u00eb duhet me m\u00eb ndjek penalisht mu\u201d, ka th\u00ebn\u00eb Maliqi.<\/p>\n<p>I pyetur se si ka nd\u00ebrtuar n\u00eb zon\u00ebn q\u00eb nuk lejohet nd\u00ebrtimi, Maliqi thot\u00eb se as sot nuk e din\u00eb n\u00eb cil\u00ebn zon\u00eb e ka sht\u00ebpin\u00eb n\u00eb Ferizaj dhe se p\u00ebr k\u00ebt\u00eb p\u00ebrgjegj\u00ebsi kan\u00eb organet komunale.<\/p>\n<p>\u201cTash s\u2019po bisedojm\u00eb si gjyqtar e si prokuror, un\u00eb si qytetar aty kom nd\u00ebrtu. Tek e fundit ato zona edhe vet prokuroria ka pas problem me i identifiku deri sa kan\u00eb dal me aparatin e GPS-ave. Tek e fundit un\u00eb kom apliku e kom paraqit parcel\u00ebn, n\u00eb cil\u00ebn parcel\u00eb, n\u00eb cilin vend, \u00e7far\u00eb sip\u00ebrfaqe, tash un\u00eb s\u2019jom i obligum me i dit\u00eb ato zona, tek e fundit se di shpin\u00eb ku e kom n\u00eb zon\u00eb n\u00eb Ferizaj, a aty qe 50 vite jetoj aty, un\u00eb se di tash n\u00eb cil\u00ebn zon\u00eb jom\u201d, ka deklaruar ai.<\/p>\n<p>\u201cBetimi p\u00ebr Drejt\u00ebsi\u201d ka kontaktuar edhe me Bashkim Hysenin, ish-Kryetar i Gjykat\u00ebs Themelore n\u00eb Ferizaj, tani gjykat\u00ebs n\u00eb Gjykat\u00ebn e Apelit n\u00eb Prishtin\u00eb, i cili poashtu ka konfirmuar se ka bler\u00eb pron\u00ebn dhe ka nd\u00ebrtuar vill\u00ebn n\u00eb Brezovic\u00eb.<\/p>\n<p>\u201cToka u ble dikun 2016, lejen e kena marr\u00eb 2018 edhe 2019 qaty ka fillu\u2026 N\u00eb procedur\u00eb t\u00eb rregullt kena apliku, organet kompetente e kan\u00eb l\u00ebshu, me gjith\u00eb dokumentacionin \u00e7ka \u00ebsht\u00eb dasht\u00eb\u201d, ka th\u00ebn\u00eb Hyseni.<\/p>\n<p>Ai ka th\u00ebn\u00eb se nuk ka qen\u00eb n\u00eb dijeni n\u00ebse nd\u00ebrtimi n\u00eb k\u00ebt\u00eb zon\u00eb ndalohet, pasi ka ndjekur procedurat ligjore tek organet kompetente.<\/p>\n<p>\u201cNuk e kom dit\u00eb ato pjes\u00eb me zona qysh jan\u00eb, gjeodet nuk jam\u2026 Un\u00eb kom ble pron\u00eb aty kam pas bindje q\u00eb lejohet aty p\u00ebr shkak se ka pas nd\u00ebrtime 10 vjet e 15 vjet para neve\u201d, ka th\u00ebn\u00eb Hyseni.<\/p>\n<p>Mustaf\u00eb Tahiri, Kryetar aktual i Gjykat\u00ebs Themelore n\u00eb Ferizaj, fillimisht nuk ka pranuar t\u00eb deklarohet p\u00ebr asgj\u00eb rreth \u00e7\u00ebshtjes s\u00eb vill\u00ebs s\u00eb sekuestruar.<\/p>\n<p>\u201cJu do t\u00eb informoheni me koh\u00eb p\u00ebr \u00e7do detaj lidhur me k\u00ebt\u00eb \u00e7\u00ebshtje, un\u00eb do t\u00eb ju njoftoj juve personalisht edhe krejt t\u00eb interesuarve, p\u00ebr momentin nuk kam \u00e7ka me than\u00eb\u201d, ka th\u00ebn\u00eb Tahiri.<\/p>\n<p>Pasi jan\u00eb intervistuar dy gjykat\u00ebsit Agim Maliqi dhe Bashkim Hyseni, pas nj\u00eb ore, vet gjykat\u00ebsi Mustaf\u00eb Tahiri ka thirrur n\u00eb telefon hulumtuesin e \u201cBetimit p\u00ebr Drejt\u00ebsi\u201d, duke shprehur gatishm\u00ebri q\u00eb t\u00eb deklarohet p\u00ebr k\u00ebt\u00eb tem\u00eb.<\/p>\n<p>Tahiri ka konfirmuar nj\u00ebjt\u00eb se ka bler\u00eb pron\u00ebn dhe ka filluar nd\u00ebrtimin e vill\u00ebs, t\u00eb cil\u00ebn ende nuk e ka p\u00ebrfunduar. Ai ka th\u00ebn\u00eb se nuk ka qen\u00eb n\u00eb dijeni se n\u00eb k\u00ebt\u00eb zon\u00eb nuk lejohet nd\u00ebrtimi, pasi ka aplikuar n\u00eb m\u00ebnyr\u00eb t\u00eb rregullt p\u00ebr leje nd\u00ebrtimi, t\u00eb cil\u00ebn e ka marr\u00eb nga Komuna e Sht\u00ebrpc\u00ebs.<\/p>\n<p>Sipas prokurorit Rasim Maloku, i cili koh\u00eb m\u00eb par\u00eb ishte deklaruar n\u00eb media, shumica e k\u00ebtyre objekteve jan\u00eb nd\u00ebrtuar, duke keqp\u00ebrdorur detyr\u00ebn zyrtare t\u00eb pandehurit, me l\u00ebshimin e lejeve nd\u00ebrtimore n\u00eb kund\u00ebrshtim me ligjet q\u00eb rregullojn\u00eb Parkun Komb\u00ebtar \u201cSharri\u201d, me marrje t\u00eb ryshfetit, dh\u00ebnie t\u00eb ryshfetit, me \u00e7ka kan\u00eb degraduar mjedisin n\u00eb k\u00ebt\u00eb zone.<\/p>\n<p>N\u00eb k\u00ebt\u00eb drejtim edhe jan\u00eb sekuestruar objektet n\u00eb Zon\u00ebn II, pasiq\u00eb jan\u00eb rrjedhoj\u00eb e veprave penale, pasi sipas ligjit, n\u00eb k\u00ebt\u00eb zon\u00eb zyrtar\u00ebt nuk kan\u00eb mundur n\u00eb asnj\u00eb form\u00eb t\u00eb l\u00ebshojn\u00eb leje nd\u00ebrtimi, pasi ndalohet nd\u00ebrtimi me ligj.<\/p>\n<p>Siqodoft\u00eb, sipas deklarimeve publike t\u00eb prokurorit Maloku, pronar\u00ebt q\u00eb kan\u00eb bler\u00eb villa apo kan\u00eb nd\u00ebrtuar, duke mos u p\u00ebrfshir\u00eb n\u00eb vepra penale, nuk do t\u00eb hetohen dhe ndiqen penalisht, por atyre vet\u00ebm do t\u2019iu sekuestrohen pronat, p\u00ebr t\u00eb cilat sipas tij, t\u00eb gjith\u00eb k\u00ebta persona, do t\u00eb ken\u00eb mund\u00ebsin\u00eb ligjore q\u00eb t\u00eb ndjekin rrug\u00ebt n\u00eb procedur\u00eb civile p\u00ebr kompensim t\u00eb d\u00ebmeve q\u00eb iu shkaktohen, nd\u00ebrsa p\u00ebr villat, sipas Malokut, do t\u00eb b\u00ebhet k\u00ebrkes\u00eb p\u00ebr rr\u00ebnimin e tyre, n\u00eb m\u00ebnyr\u00eb q\u00eb zona t\u00eb kthehet ashtu si\u00e7 p\u00ebrcaktohet n\u00eb Ligjin p\u00ebr Parkun Komb\u00ebtar \u201cSharri\u201d.<\/p>\n<p>Sekuestrimet e k\u00ebtyre pronave, sipas dokumenteve t\u00eb siguruara, rezulton se jan\u00eb b\u00ebr\u00eb duke u mb\u00ebshtetur n\u00eb Kodin e Procedur\u00ebs Penale, ku theksohet se sendet q\u00eb p\u00ebrkoh\u00ebsisht mund t\u00eb sekuestrohen jan\u00eb sende q\u00eb mund t\u00eb jen\u00eb prova gjat\u00eb nj\u00eb procedure penale, sende ose pasuri q\u00eb kan\u00eb mund\u00ebsuar kryerjen e vepr\u00ebs penale, ose sende q\u00eb konsiderohen dobi pasurore e fituar me kryerjen e vepr\u00ebs penale dhe p\u00ebr t\u00eb cilat ligji parasheh sekuestrimin.<\/p>\n<p>Pas aktakuz\u00ebs s\u00eb ngritur n\u00eb vitin 2022 p\u00ebr degradim t\u00eb Brezovic\u00ebs nga Prokuroria Themelore n\u00eb Ferizaj, Departamenti p\u00ebr Krime t\u00eb R\u00ebnda, rasti Brezovica \u00ebsht\u00eb zgjeruar, duke rritur numrin e personave t\u00eb arrestuar dhe personave q\u00eb jan\u00eb n\u00ebn hetim, p\u00ebrfshir\u00eb zyrtar\u00eb dhe biznesmen t\u00eb ndrysh\u00ebm, si t\u00eb dyshuar p\u00ebr kryerjen e veprave penale \u201cKeqp\u00ebrdorimi i pozit\u00ebs apo autoritetit zyrtar\u201d, \u201cMarrja e ryshfetit\u201d, \u201cDh\u00ebnia e ryshfetit\u201d dhe \u201cUshtrimi i ndikimit\u201d.<\/p>\n<p>Nd\u00ebr politikan\u00ebt q\u00eb figurojn\u00eb n\u00eb list\u00eb jan\u00eb Enver Hoxhaj ish-Minist\u00ebr, dy v\u00ebllez\u00ebrit e ish-Presidentit Hashim Tha\u00e7i si dhe nj\u00eb num\u00ebr i madh i bizesmen\u00ebve, p\u00ebrfshir\u00eb edhe personat e arrestuar gjat\u00eb aksioneve n\u00eb Brezovic\u00eb.<\/p>\n<p>\u201cBetimi p\u00ebr Drejt\u00ebsi\u201d ju sjell\u00eb list\u00ebn e plot\u00eb t\u00eb pronave t\u00eb sekuestruara ku figurojn\u00eb emrat e pronar\u00ebve.<\/p>\n","protected":false},"excerpt":{"rendered":"<p>Lista prej 75 pronave t\u00eb sekuestruara n\u00eb aksionin e fundit t\u00eb prokurorit Rasim Maloku n\u00eb Brezovic\u00eb, p\u00ebrmban emra pronar\u00ebsh t\u00eb gjykat\u00ebsve t\u00eb t\u00eb gjitha niveleve, politikan\u00ebve, biznesmen\u00ebve si dhe qytetar\u00ebve t\u00eb tjer\u00eb. Nd\u00ebr politikan\u00ebt q\u00eb figurojn\u00eb n\u00eb list\u00eb jan\u00eb Enver Hoxhaj ish-Minist\u00ebr, dy v\u00ebllez\u00ebrit e ish-Presidentit Hashim Tha\u00e7i si dhe nj\u00eb num\u00ebr i madh i [&hellip;]<\/p>\n","protected":false},"author":1,"featured_media":8234,"comment_status":"closed","ping_status":"closed","sticky":false,"template":"","format":"standard","meta":{"_monsterinsights_skip_tracking":false,"_monsterinsights_sitenote_active":false,"_monsterinsights_sitenote_note":"","_monsterinsights_sitenote_category":0,"_uf_show_specific_survey":0,"_uf_disable_surveys":false,"footnotes":""},"categories":[23,15],"tags":[],"yoast_head":"<!-- This site is optimized with the Yoast SEO plugin v21.5 - https:\/\/yoast.com\/wordpress\/plugins\/seo\/ -->\n<title>Tre gjykat\u00ebs, v\u00ebllez\u00ebrit e Tha\u00e7it dhe Enver Hoxhaj pronar\u00eb t\u00eb villave t\u00eb sekuestruara n\u00eb Brezovic\u00eb<\/title>\n<meta name=\"robots\" content=\"index, follow, max-snippet:-1, max-image-preview:large, max-video-preview:-1\" \/>\n<link rel=\"canonical\" href=\"https:\/\/permbledhja.com\/sq\/tre-gjykates-vellezerit-e-thacit-dhe-enver-hoxhaj-pronare-te-villave-te-sekuestruara-ne-brezovice\/\" \/>\n<meta property=\"og:locale\" content=\"sq_AL\" \/>\n<meta property=\"og:type\" content=\"article\" \/>\n<meta property=\"og:title\" content=\"Tre gjykat\u00ebs, v\u00ebllez\u00ebrit e Tha\u00e7it dhe Enver Hoxhaj pronar\u00eb t\u00eb villave t\u00eb sekuestruara n\u00eb Brezovic\u00eb\" \/>\n<meta property=\"og:description\" content=\"Lista prej 75 pronave t\u00eb sekuestruara n\u00eb aksionin e fundit t\u00eb prokurorit Rasim Maloku n\u00eb Brezovic\u00eb, p\u00ebrmban emra pronar\u00ebsh t\u00eb gjykat\u00ebsve t\u00eb t\u00eb gjitha niveleve, politikan\u00ebve, biznesmen\u00ebve si dhe qytetar\u00ebve t\u00eb tjer\u00eb. Nd\u00ebr politikan\u00ebt q\u00eb figurojn\u00eb n\u00eb list\u00eb jan\u00eb Enver Hoxhaj ish-Minist\u00ebr, dy v\u00ebllez\u00ebrit e ish-Presidentit Hashim Tha\u00e7i si dhe nj\u00eb num\u00ebr i madh i [&hellip;]\" \/>\n<meta property=\"og:url\" content=\"https:\/\/permbledhja.com\/sq\/tre-gjykates-vellezerit-e-thacit-dhe-enver-hoxhaj-pronare-te-villave-te-sekuestruara-ne-brezovice\/\" \/>\n<meta property=\"og:site_name\" content=\"Ve\u00e7 artikuj p\u00ebrmbledh\u00ebs\" \/>\n<meta property=\"article:publisher\" content=\"https:\/\/www.facebook.com\/press07\/\" \/>\n<meta property=\"article:author\" content=\"https:\/\/www.facebook.com\/kafexhiu.muharrem\/\" \/>\n<meta property=\"article:published_time\" content=\"2022-10-20T16:03:50+00:00\" \/>\n<meta property=\"og:image\" content=\"https:\/\/permbledhja.com\/wp-content\/uploads\/2022\/10\/brezovica-768x614-1.png\" \/>\n\t<meta property=\"og:image:width\" content=\"768\" \/>\n\t<meta property=\"og:image:height\" content=\"614\" \/>\n\t<meta property=\"og:image:type\" content=\"image\/png\" \/>\n<meta name=\"author\" content=\"P\u00ebrmbledhja\" \/>\n<meta name=\"twitter:card\" content=\"summary_large_image\" \/>\n<meta name=\"twitter:label1\" content=\"Written by\" \/>\n\t<meta name=\"twitter:data1\" content=\"P\u00ebrmbledhja\" \/>\n\t<meta name=\"twitter:label2\" content=\"Est. reading time\" \/>\n\t<meta name=\"twitter:data2\" content=\"8 minuta\" \/>\n<script type=\"application\/ld+json\" class=\"yoast-schema-graph\">{\"@context\":\"https:\/\/schema.org\",\"@graph\":[{\"@type\":\"Article\",\"@id\":\"https:\/\/permbledhja.com\/tre-gjykates-vellezerit-e-thacit-dhe-enver-hoxhaj-pronare-te-villave-te-sekuestruara-ne-brezovice\/#article\",\"isPartOf\":{\"@id\":\"https:\/\/permbledhja.com\/tre-gjykates-vellezerit-e-thacit-dhe-enver-hoxhaj-pronare-te-villave-te-sekuestruara-ne-brezovice\/\"},\"author\":{\"name\":\"P\u00ebrmbledhja\",\"@id\":\"https:\/\/permbledhja.com\/#\/schema\/person\/0d064377258d3221e50693947b9eb4fe\"},\"headline\":\"Tre gjykat\u00ebs, v\u00ebllez\u00ebrit e Tha\u00e7it dhe Enver Hoxhaj pronar\u00eb t\u00eb villave t\u00eb sekuestruara n\u00eb Brezovic\u00eb\",\"datePublished\":\"2022-10-20T16:03:50+00:00\",\"dateModified\":\"2022-10-20T16:03:50+00:00\",\"mainEntityOfPage\":{\"@id\":\"https:\/\/permbledhja.com\/tre-gjykates-vellezerit-e-thacit-dhe-enver-hoxhaj-pronare-te-villave-te-sekuestruara-ne-brezovice\/\"},\"wordCount\":1684,\"publisher\":{\"@id\":\"https:\/\/permbledhja.com\/#organization\"},\"articleSection\":[\"Komb\u00ebtare\",\"Lajme\"],\"inLanguage\":\"sq\"},{\"@type\":\"WebPage\",\"@id\":\"https:\/\/permbledhja.com\/tre-gjykates-vellezerit-e-thacit-dhe-enver-hoxhaj-pronare-te-villave-te-sekuestruara-ne-brezovice\/\",\"url\":\"https:\/\/permbledhja.com\/tre-gjykates-vellezerit-e-thacit-dhe-enver-hoxhaj-pronare-te-villave-te-sekuestruara-ne-brezovice\/\",\"name\":\"Tre gjykat\u00ebs, v\u00ebllez\u00ebrit e Tha\u00e7it dhe Enver Hoxhaj pronar\u00eb t\u00eb villave t\u00eb sekuestruara n\u00eb Brezovic\u00eb\",\"isPartOf\":{\"@id\":\"https:\/\/permbledhja.com\/#website\"},\"datePublished\":\"2022-10-20T16:03:50+00:00\",\"dateModified\":\"2022-10-20T16:03:50+00:00\",\"breadcrumb\":{\"@id\":\"https:\/\/permbledhja.com\/tre-gjykates-vellezerit-e-thacit-dhe-enver-hoxhaj-pronare-te-villave-te-sekuestruara-ne-brezovice\/#breadcrumb\"},\"inLanguage\":\"sq\",\"potentialAction\":[{\"@type\":\"ReadAction\",\"target\":[\"https:\/\/permbledhja.com\/tre-gjykates-vellezerit-e-thacit-dhe-enver-hoxhaj-pronare-te-villave-te-sekuestruara-ne-brezovice\/\"]}]},{\"@type\":\"BreadcrumbList\",\"@id\":\"https:\/\/permbledhja.com\/tre-gjykates-vellezerit-e-thacit-dhe-enver-hoxhaj-pronare-te-villave-te-sekuestruara-ne-brezovice\/#breadcrumb\",\"itemListElement\":[{\"@type\":\"ListItem\",\"position\":1,\"name\":\"Ballina\",\"item\":\"https:\/\/permbledhja.com\/sq\/\"},{\"@type\":\"ListItem\",\"position\":2,\"name\":\"Tre gjykat\u00ebs, v\u00ebllez\u00ebrit e Tha\u00e7it dhe Enver Hoxhaj pronar\u00eb t\u00eb villave t\u00eb sekuestruara n\u00eb Brezovic\u00eb\"}]},{\"@type\":\"WebSite\",\"@id\":\"https:\/\/permbledhja.com\/#website\",\"url\":\"https:\/\/permbledhja.com\/\",\"name\":\"Ve\u00e7 artikuj p\u00ebrmbledh\u00ebs\",\"description\":\"\",\"publisher\":{\"@id\":\"https:\/\/permbledhja.com\/#organization\"},\"potentialAction\":[{\"@type\":\"SearchAction\",\"target\":{\"@type\":\"EntryPoint\",\"urlTemplate\":\"https:\/\/permbledhja.com\/?s={search_term_string}\"},\"query-input\":\"required name=search_term_string\"}],\"inLanguage\":\"sq\"},{\"@type\":\"Organization\",\"@id\":\"https:\/\/permbledhja.com\/#organization\",\"name\":\"MK Media & Pr\",\"url\":\"https:\/\/permbledhja.com\/\",\"logo\":{\"@type\":\"ImageObject\",\"inLanguage\":\"sq\",\"@id\":\"https:\/\/permbledhja.com\/#\/schema\/logo\/image\/\",\"url\":\"https:\/\/permbledhja.com\/wp-content\/uploads\/2021\/12\/07-Press-Logo.jpg\",\"contentUrl\":\"https:\/\/permbledhja.com\/wp-content\/uploads\/2021\/12\/07-Press-Logo.jpg\",\"width\":512,\"height\":512,\"caption\":\"MK Media & Pr\"},\"image\":{\"@id\":\"https:\/\/permbledhja.com\/#\/schema\/logo\/image\/\"},\"sameAs\":[\"https:\/\/www.facebook.com\/press07\/\"]},{\"@type\":\"Person\",\"@id\":\"https:\/\/permbledhja.com\/#\/schema\/person\/0d064377258d3221e50693947b9eb4fe\",\"name\":\"P\u00ebrmbledhja\",\"image\":{\"@type\":\"ImageObject\",\"inLanguage\":\"sq\",\"@id\":\"https:\/\/permbledhja.com\/#\/schema\/person\/image\/\",\"url\":\"https:\/\/permbledhja.com\/wp-content\/uploads\/2026\/01\/452004717_1040944174702970_8932037511805513407_n-96x96.jpg\",\"contentUrl\":\"https:\/\/permbledhja.com\/wp-content\/uploads\/2026\/01\/452004717_1040944174702970_8932037511805513407_n-96x96.jpg\",\"caption\":\"P\u00ebrmbledhja\"},\"sameAs\":[\"https:\/\/www.facebook.com\/kafexhiu.muharrem\/\",\"https:\/\/www.instagram.com\/muharrem_kafexhiu\/\"],\"url\":\"https:\/\/permbledhja.com\/sq\/author\/admin\/\"}]}<\/script>\n<!-- \/ Yoast SEO plugin. -->","yoast_head_json":{"title":"Tre gjykat\u00ebs, v\u00ebllez\u00ebrit e Tha\u00e7it dhe Enver Hoxhaj pronar\u00eb t\u00eb villave t\u00eb sekuestruara n\u00eb Brezovic\u00eb","robots":{"index":"index","follow":"follow","max-snippet":"max-snippet:-1","max-image-preview":"max-image-preview:large","max-video-preview":"max-video-preview:-1"},"canonical":"https:\/\/permbledhja.com\/sq\/tre-gjykates-vellezerit-e-thacit-dhe-enver-hoxhaj-pronare-te-villave-te-sekuestruara-ne-brezovice\/","og_locale":"sq_AL","og_type":"article","og_title":"Tre gjykat\u00ebs, v\u00ebllez\u00ebrit e Tha\u00e7it dhe Enver Hoxhaj pronar\u00eb t\u00eb villave t\u00eb sekuestruara n\u00eb Brezovic\u00eb","og_description":"Lista prej 75 pronave t\u00eb sekuestruara n\u00eb aksionin e fundit t\u00eb prokurorit Rasim Maloku n\u00eb Brezovic\u00eb, p\u00ebrmban emra pronar\u00ebsh t\u00eb gjykat\u00ebsve t\u00eb t\u00eb gjitha niveleve, politikan\u00ebve, biznesmen\u00ebve si dhe qytetar\u00ebve t\u00eb tjer\u00eb. Nd\u00ebr politikan\u00ebt q\u00eb figurojn\u00eb n\u00eb list\u00eb jan\u00eb Enver Hoxhaj ish-Minist\u00ebr, dy v\u00ebllez\u00ebrit e ish-Presidentit Hashim Tha\u00e7i si dhe nj\u00eb num\u00ebr i madh i [&hellip;]","og_url":"https:\/\/permbledhja.com\/sq\/tre-gjykates-vellezerit-e-thacit-dhe-enver-hoxhaj-pronare-te-villave-te-sekuestruara-ne-brezovice\/","og_site_name":"Ve\u00e7 artikuj p\u00ebrmbledh\u00ebs","article_publisher":"https:\/\/www.facebook.com\/press07\/","article_author":"https:\/\/www.facebook.com\/kafexhiu.muharrem\/","article_published_time":"2022-10-20T16:03:50+00:00","og_image":[{"width":768,"height":614,"url":"https:\/\/permbledhja.com\/wp-content\/uploads\/2022\/10\/brezovica-768x614-1.png","type":"image\/png"}],"author":"P\u00ebrmbledhja","twitter_card":"summary_large_image","twitter_misc":{"Written by":"P\u00ebrmbledhja","Est. reading time":"8 minuta"},"schema":{"@context":"https:\/\/schema.org","@graph":[{"@type":"Article","@id":"https:\/\/permbledhja.com\/tre-gjykates-vellezerit-e-thacit-dhe-enver-hoxhaj-pronare-te-villave-te-sekuestruara-ne-brezovice\/#article","isPartOf":{"@id":"https:\/\/permbledhja.com\/tre-gjykates-vellezerit-e-thacit-dhe-enver-hoxhaj-pronare-te-villave-te-sekuestruara-ne-brezovice\/"},"author":{"name":"P\u00ebrmbledhja","@id":"https:\/\/permbledhja.com\/#\/schema\/person\/0d064377258d3221e50693947b9eb4fe"},"headline":"Tre gjykat\u00ebs, v\u00ebllez\u00ebrit e Tha\u00e7it dhe Enver Hoxhaj pronar\u00eb t\u00eb villave t\u00eb sekuestruara n\u00eb Brezovic\u00eb","datePublished":"2022-10-20T16:03:50+00:00","dateModified":"2022-10-20T16:03:50+00:00","mainEntityOfPage":{"@id":"https:\/\/permbledhja.com\/tre-gjykates-vellezerit-e-thacit-dhe-enver-hoxhaj-pronare-te-villave-te-sekuestruara-ne-brezovice\/"},"wordCount":1684,"publisher":{"@id":"https:\/\/permbledhja.com\/#organization"},"articleSection":["Komb\u00ebtare","Lajme"],"inLanguage":"sq"},{"@type":"WebPage","@id":"https:\/\/permbledhja.com\/tre-gjykates-vellezerit-e-thacit-dhe-enver-hoxhaj-pronare-te-villave-te-sekuestruara-ne-brezovice\/","url":"https:\/\/permbledhja.com\/tre-gjykates-vellezerit-e-thacit-dhe-enver-hoxhaj-pronare-te-villave-te-sekuestruara-ne-brezovice\/","name":"Tre gjykat\u00ebs, v\u00ebllez\u00ebrit e Tha\u00e7it dhe Enver Hoxhaj pronar\u00eb t\u00eb villave t\u00eb sekuestruara n\u00eb Brezovic\u00eb","isPartOf":{"@id":"https:\/\/permbledhja.com\/#website"},"datePublished":"2022-10-20T16:03:50+00:00","dateModified":"2022-10-20T16:03:50+00:00","breadcrumb":{"@id":"https:\/\/permbledhja.com\/tre-gjykates-vellezerit-e-thacit-dhe-enver-hoxhaj-pronare-te-villave-te-sekuestruara-ne-brezovice\/#breadcrumb"},"inLanguage":"sq","potentialAction":[{"@type":"ReadAction","target":["https:\/\/permbledhja.com\/tre-gjykates-vellezerit-e-thacit-dhe-enver-hoxhaj-pronare-te-villave-te-sekuestruara-ne-brezovice\/"]}]},{"@type":"BreadcrumbList","@id":"https:\/\/permbledhja.com\/tre-gjykates-vellezerit-e-thacit-dhe-enver-hoxhaj-pronare-te-villave-te-sekuestruara-ne-brezovice\/#breadcrumb","itemListElement":[{"@type":"ListItem","position":1,"name":"Ballina","item":"https:\/\/permbledhja.com\/sq\/"},{"@type":"ListItem","position":2,"name":"Tre gjykat\u00ebs, v\u00ebllez\u00ebrit e Tha\u00e7it dhe Enver Hoxhaj pronar\u00eb t\u00eb villave t\u00eb sekuestruara n\u00eb Brezovic\u00eb"}]},{"@type":"WebSite","@id":"https:\/\/permbledhja.com\/#website","url":"https:\/\/permbledhja.com\/","name":"Ve\u00e7 artikuj p\u00ebrmbledh\u00ebs","description":"","publisher":{"@id":"https:\/\/permbledhja.com\/#organization"},"potentialAction":[{"@type":"SearchAction","target":{"@type":"EntryPoint","urlTemplate":"https:\/\/permbledhja.com\/?s={search_term_string}"},"query-input":"required name=search_term_string"}],"inLanguage":"sq"},{"@type":"Organization","@id":"https:\/\/permbledhja.com\/#organization","name":"MK Media & Pr","url":"https:\/\/permbledhja.com\/","logo":{"@type":"ImageObject","inLanguage":"sq","@id":"https:\/\/permbledhja.com\/#\/schema\/logo\/image\/","url":"https:\/\/permbledhja.com\/wp-content\/uploads\/2021\/12\/07-Press-Logo.jpg","contentUrl":"https:\/\/permbledhja.com\/wp-content\/uploads\/2021\/12\/07-Press-Logo.jpg","width":512,"height":512,"caption":"MK Media & Pr"},"image":{"@id":"https:\/\/permbledhja.com\/#\/schema\/logo\/image\/"},"sameAs":["https:\/\/www.facebook.com\/press07\/"]},{"@type":"Person","@id":"https:\/\/permbledhja.com\/#\/schema\/person\/0d064377258d3221e50693947b9eb4fe","name":"P\u00ebrmbledhja","image":{"@type":"ImageObject","inLanguage":"sq","@id":"https:\/\/permbledhja.com\/#\/schema\/person\/image\/","url":"https:\/\/permbledhja.com\/wp-content\/uploads\/2026\/01\/452004717_1040944174702970_8932037511805513407_n-96x96.jpg","contentUrl":"https:\/\/permbledhja.com\/wp-content\/uploads\/2026\/01\/452004717_1040944174702970_8932037511805513407_n-96x96.jpg","caption":"P\u00ebrmbledhja"},"sameAs":["https:\/\/www.facebook.com\/kafexhiu.muharrem\/","https:\/\/www.instagram.com\/muharrem_kafexhiu\/"],"url":"https:\/\/permbledhja.com\/sq\/author\/admin\/"}]}},"_links":{"self":[{"href":"https:\/\/permbledhja.com\/sq\/wp-json\/wp\/v2\/posts\/8233"}],"collection":[{"href":"https:\/\/permbledhja.com\/sq\/wp-json\/wp\/v2\/posts"}],"about":[{"href":"https:\/\/permbledhja.com\/sq\/wp-json\/wp\/v2\/types\/post"}],"author":[{"embeddable":true,"href":"https:\/\/permbledhja.com\/sq\/wp-json\/wp\/v2\/users\/1"}],"replies":[{"embeddable":true,"href":"https:\/\/permbledhja.com\/sq\/wp-json\/wp\/v2\/comments?post=8233"}],"version-history":[{"count":1,"href":"https:\/\/permbledhja.com\/sq\/wp-json\/wp\/v2\/posts\/8233\/revisions"}],"predecessor-version":[{"id":8235,"href":"https:\/\/permbledhja.com\/sq\/wp-json\/wp\/v2\/posts\/8233\/revisions\/8235"}],"wp:featuredmedia":[{"embeddable":true,"href":"https:\/\/permbledhja.com\/sq\/wp-json\/wp\/v2\/media\/8234"}],"wp:attachment":[{"href":"https:\/\/permbledhja.com\/sq\/wp-json\/wp\/v2\/media?parent=8233"}],"wp:term":[{"taxonomy":"category","embeddable":true,"href":"https:\/\/permbledhja.com\/sq\/wp-json\/wp\/v2\/categories?post=8233"},{"taxonomy":"post_tag","embeddable":true,"href":"https:\/\/permbledhja.com\/sq\/wp-json\/wp\/v2\/tags?post=8233"}],"curies":[{"name":"wp","href":"https:\/\/api.w.org\/{rel}","templated":true}]}}