{"id":8224,"date":"2022-10-20T14:49:20","date_gmt":"2022-10-20T14:49:20","guid":{"rendered":"https:\/\/permbledhja.com\/?p=8224"},"modified":"2022-10-20T14:49:20","modified_gmt":"2022-10-20T14:49:20","slug":"meteorologet-e-accuweather-paralajmerojne-per-nje-dimer-ekstrem-ne-ballkanin-perendimor","status":"publish","type":"post","link":"https:\/\/permbledhja.com\/sq\/meteorologet-e-accuweather-paralajmerojne-per-nje-dimer-ekstrem-ne-ballkanin-perendimor\/","title":{"rendered":"Meteorolog\u00ebt e \u201cAccuweather\u201d paralajm\u00ebrojn\u00eb p\u00ebr nj\u00eb dim\u00ebr ekstrem n\u00eb Ballkanin Per\u00ebndimor"},"content":{"rendered":"<p><strong>Sh\u00ebrbimi Amerikan i Motit, Accuweather, m\u00eb n\u00eb fund ka lansuar parashikimin p\u00ebr sezonin e dimrit p\u00ebr Evrop\u00ebn<\/strong>.<\/p>\n<p>Sipas parashikimeve meteorologjike, periudhat e ftohta mund t\u00eb ndikojn\u00eb edhe n\u00eb ekonomin\u00eb evropiane, than\u00eb meteorolog\u00ebt.<\/p>\n<p>Sipas Accuweather ky sezon pritet t\u00eb ndikohet nga \u201cLa Ni\u00f1a\u201d, fenomen oqeanik dhe atmosferik, kur temperaturat e ul\u00ebta t\u00eb oqeanit, zgjerohen n\u00eb t\u00ebr\u00eb Paq\u00ebsorin Ekuatorial, q\u00eb nga ana tjet\u00ebr, krijon sistem oqeano-atmosferik, q\u00eb i zvog\u00eblon temperaturat n\u00eb glob.<\/p>\n<p>\u201cLa Ni\u00f1a\u201d, sipas meteorologut Jason Nicholls, do t\u00eb arrij\u00eb kulmin n\u00eb n\u00ebntor, nd\u00ebrsa do t\u00eb kaloj\u00eb n\u00eb nj\u00eb faz\u00eb normale gjat\u00eb janarit.<\/p>\n<p>Klimatolog\u00ebt than\u00eb se fenomeni \u201cLa Ni\u00f1a\u201d, \u00ebsht\u00eb ende duke u forcuar dhe parashikohet t\u00eb vazhdoj\u00eb gjat\u00eb pjes\u00ebs tjet\u00ebr t\u00eb muajve t\u00eb vjesht\u00ebs dhe dimrit.<\/p>\n<p>\u00c7ka do t\u00eb thot\u00eb kjo p\u00ebr perspektiven e dimrit 2022-2023 n\u00eb Evrop\u00eb?<\/p>\n<p>Nisur nga fakti se ky \u00ebsht\u00eb dimri i tret\u00eb n\u00ebn ndikimin e \u201cLa Ni\u00f1as\u201d, ky sezon mund t\u00eb ket\u00eb ngjashm\u00ebri me dimrat e kaluar.<\/p>\n<p>Megjithat\u00eb, sipas meteorolog\u00ebve t\u00eb \u201cAccuWeather\u201d, ky vit p\u00ebrmban nj\u00eb enigm\u00eb q\u00eb nuk ka ndodhur vitet e fundit.<\/p>\n<p>\u201cNj\u00eb \u2018La Ni\u00f1a\u2019 e trefisht\u00eb ka ndodhur vet\u00ebm tri her\u00eb q\u00eb nga fillimi i mbajtjes s\u00eb t\u00eb dh\u00ebnave, p\u00ebr her\u00eb t\u00eb fundit nga 1998 deri n\u00eb 2001\u201d, shpjegoi meteorologu Alan Reppert.<\/p>\n<p>Evropa jugore, ku b\u00ebjn\u00eb pjes\u00eb Shqip\u00ebria, Bosnj\u00eb-Hercegovina, Kosova, Kroacia, Mali i Zi, Maqedonia e Veriut, Serbia, Turqia, Sllovenia dhe Rumania, pritet t\u00eb p\u00ebrfshihet nga nj\u00eb stuhi e fuqishme n\u00eb nisje t\u00eb dimrit, nd\u00ebrsa Portugalia, Spanja, Franca Jugore dhe Italia, mund t\u00eb p\u00ebrfshihen nga stuhi dim\u00ebrore. Er\u00ebrat mund t\u00eb nxisin shtim t\u00eb shirave t\u00eb rr\u00ebmbyesh\u00ebm, ve\u00e7an\u00ebrisht n\u00eb Franc\u00eb, n\u00eb Itali dhe n\u00eb Ballkanin Per\u00ebndimor.<\/p>\n<p>\u201cAta q\u00eb jetojn\u00eb n\u00eb qytete, si Venecia, Itali, duhet t\u00eb monitorojn\u00eb nga af\u00ebr \u00e7do stuhi n\u00eb zon\u00eb k\u00ebt\u00eb dim\u00ebr p\u00ebr shkak t\u00eb cenueshm\u00ebris\u00eb s\u00eb vendndodhjes s\u00eb tyre ndaj p\u00ebrmbytjeve. Nj\u00eb gjurm\u00eb stuhie dominuese n\u00eb jug n\u00eb t\u00eb gjith\u00eb Evrop\u00ebn do t\u00eb n\u00ebnkuptonte gjithashtu reshje m\u00eb t\u00eb larta bore p\u00ebrgjat\u00eb shpateve jugore t\u00eb Alpeve\u201d, shpjegoi meteorologu i \u201cAccuWeather\u201d.<\/p>\n","protected":false},"excerpt":{"rendered":"<p>Sh\u00ebrbimi Amerikan i Motit, Accuweather, m\u00eb n\u00eb fund ka lansuar parashikimin p\u00ebr sezonin e dimrit p\u00ebr Evrop\u00ebn. Sipas parashikimeve meteorologjike, periudhat e ftohta mund t\u00eb ndikojn\u00eb edhe n\u00eb ekonomin\u00eb evropiane, than\u00eb meteorolog\u00ebt. Sipas Accuweather ky sezon pritet t\u00eb ndikohet nga \u201cLa Ni\u00f1a\u201d, fenomen oqeanik dhe atmosferik, kur temperaturat e ul\u00ebta t\u00eb oqeanit, zgjerohen n\u00eb t\u00ebr\u00eb [&hellip;]<\/p>\n","protected":false},"author":1,"featured_media":6175,"comment_status":"closed","ping_status":"closed","sticky":false,"template":"","format":"standard","meta":{"_monsterinsights_skip_tracking":false,"_monsterinsights_sitenote_active":false,"_monsterinsights_sitenote_note":"","_monsterinsights_sitenote_category":0,"_uf_show_specific_survey":0,"_uf_disable_surveys":false,"footnotes":""},"categories":[23,15],"tags":[],"yoast_head":"<!-- This site is optimized with the Yoast SEO plugin v21.5 - https:\/\/yoast.com\/wordpress\/plugins\/seo\/ -->\n<title>Meteorolog\u00ebt e \u201cAccuweather\u201d paralajm\u00ebrojn\u00eb p\u00ebr nj\u00eb dim\u00ebr ekstrem n\u00eb Ballkanin Per\u00ebndimor<\/title>\n<meta name=\"robots\" content=\"index, follow, max-snippet:-1, max-image-preview:large, max-video-preview:-1\" \/>\n<link rel=\"canonical\" href=\"https:\/\/permbledhja.com\/sq\/meteorologet-e-accuweather-paralajmerojne-per-nje-dimer-ekstrem-ne-ballkanin-perendimor\/\" \/>\n<meta property=\"og:locale\" content=\"sq_AL\" \/>\n<meta property=\"og:type\" content=\"article\" \/>\n<meta property=\"og:title\" content=\"Meteorolog\u00ebt e \u201cAccuweather\u201d paralajm\u00ebrojn\u00eb p\u00ebr nj\u00eb dim\u00ebr ekstrem n\u00eb Ballkanin Per\u00ebndimor\" \/>\n<meta property=\"og:description\" content=\"Sh\u00ebrbimi Amerikan i Motit, Accuweather, m\u00eb n\u00eb fund ka lansuar parashikimin p\u00ebr sezonin e dimrit p\u00ebr Evrop\u00ebn. Sipas parashikimeve meteorologjike, periudhat e ftohta mund t\u00eb ndikojn\u00eb edhe n\u00eb ekonomin\u00eb evropiane, than\u00eb meteorolog\u00ebt. Sipas Accuweather ky sezon pritet t\u00eb ndikohet nga \u201cLa Ni\u00f1a\u201d, fenomen oqeanik dhe atmosferik, kur temperaturat e ul\u00ebta t\u00eb oqeanit, zgjerohen n\u00eb t\u00ebr\u00eb [&hellip;]\" \/>\n<meta property=\"og:url\" content=\"https:\/\/permbledhja.com\/sq\/meteorologet-e-accuweather-paralajmerojne-per-nje-dimer-ekstrem-ne-ballkanin-perendimor\/\" \/>\n<meta property=\"og:site_name\" content=\"Ve\u00e7 artikuj p\u00ebrmbledh\u00ebs\" \/>\n<meta property=\"article:publisher\" content=\"https:\/\/www.facebook.com\/press07\/\" \/>\n<meta property=\"article:author\" content=\"https:\/\/www.facebook.com\/kafexhiu.muharrem\/\" \/>\n<meta property=\"article:published_time\" content=\"2022-10-20T14:49:20+00:00\" \/>\n<meta property=\"og:image\" content=\"https:\/\/permbledhja.com\/wp-content\/uploads\/2022\/09\/boraaaa.jpg\" \/>\n\t<meta property=\"og:image:width\" content=\"1050\" \/>\n\t<meta property=\"og:image:height\" content=\"550\" \/>\n\t<meta property=\"og:image:type\" content=\"image\/jpeg\" \/>\n<meta name=\"author\" content=\"P\u00ebrmbledhja\" \/>\n<meta name=\"twitter:card\" content=\"summary_large_image\" \/>\n<meta name=\"twitter:label1\" content=\"Written by\" \/>\n\t<meta name=\"twitter:data1\" content=\"P\u00ebrmbledhja\" \/>\n\t<meta name=\"twitter:label2\" content=\"Est. reading time\" \/>\n\t<meta name=\"twitter:data2\" content=\"2 minuta\" \/>\n<script type=\"application\/ld+json\" class=\"yoast-schema-graph\">{\"@context\":\"https:\/\/schema.org\",\"@graph\":[{\"@type\":\"Article\",\"@id\":\"https:\/\/permbledhja.com\/meteorologet-e-accuweather-paralajmerojne-per-nje-dimer-ekstrem-ne-ballkanin-perendimor\/#article\",\"isPartOf\":{\"@id\":\"https:\/\/permbledhja.com\/meteorologet-e-accuweather-paralajmerojne-per-nje-dimer-ekstrem-ne-ballkanin-perendimor\/\"},\"author\":{\"name\":\"P\u00ebrmbledhja\",\"@id\":\"https:\/\/permbledhja.com\/#\/schema\/person\/0d064377258d3221e50693947b9eb4fe\"},\"headline\":\"Meteorolog\u00ebt e \u201cAccuweather\u201d paralajm\u00ebrojn\u00eb p\u00ebr nj\u00eb dim\u00ebr ekstrem n\u00eb Ballkanin Per\u00ebndimor\",\"datePublished\":\"2022-10-20T14:49:20+00:00\",\"dateModified\":\"2022-10-20T14:49:20+00:00\",\"mainEntityOfPage\":{\"@id\":\"https:\/\/permbledhja.com\/meteorologet-e-accuweather-paralajmerojne-per-nje-dimer-ekstrem-ne-ballkanin-perendimor\/\"},\"wordCount\":385,\"publisher\":{\"@id\":\"https:\/\/permbledhja.com\/#organization\"},\"articleSection\":[\"Komb\u00ebtare\",\"Lajme\"],\"inLanguage\":\"sq\"},{\"@type\":\"WebPage\",\"@id\":\"https:\/\/permbledhja.com\/meteorologet-e-accuweather-paralajmerojne-per-nje-dimer-ekstrem-ne-ballkanin-perendimor\/\",\"url\":\"https:\/\/permbledhja.com\/meteorologet-e-accuweather-paralajmerojne-per-nje-dimer-ekstrem-ne-ballkanin-perendimor\/\",\"name\":\"Meteorolog\u00ebt e \u201cAccuweather\u201d paralajm\u00ebrojn\u00eb p\u00ebr nj\u00eb dim\u00ebr ekstrem n\u00eb Ballkanin Per\u00ebndimor\",\"isPartOf\":{\"@id\":\"https:\/\/permbledhja.com\/#website\"},\"datePublished\":\"2022-10-20T14:49:20+00:00\",\"dateModified\":\"2022-10-20T14:49:20+00:00\",\"breadcrumb\":{\"@id\":\"https:\/\/permbledhja.com\/meteorologet-e-accuweather-paralajmerojne-per-nje-dimer-ekstrem-ne-ballkanin-perendimor\/#breadcrumb\"},\"inLanguage\":\"sq\",\"potentialAction\":[{\"@type\":\"ReadAction\",\"target\":[\"https:\/\/permbledhja.com\/meteorologet-e-accuweather-paralajmerojne-per-nje-dimer-ekstrem-ne-ballkanin-perendimor\/\"]}]},{\"@type\":\"BreadcrumbList\",\"@id\":\"https:\/\/permbledhja.com\/meteorologet-e-accuweather-paralajmerojne-per-nje-dimer-ekstrem-ne-ballkanin-perendimor\/#breadcrumb\",\"itemListElement\":[{\"@type\":\"ListItem\",\"position\":1,\"name\":\"Ballina\",\"item\":\"https:\/\/permbledhja.com\/sq\/\"},{\"@type\":\"ListItem\",\"position\":2,\"name\":\"Meteorolog\u00ebt e \u201cAccuweather\u201d paralajm\u00ebrojn\u00eb p\u00ebr nj\u00eb dim\u00ebr ekstrem n\u00eb Ballkanin Per\u00ebndimor\"}]},{\"@type\":\"WebSite\",\"@id\":\"https:\/\/permbledhja.com\/#website\",\"url\":\"https:\/\/permbledhja.com\/\",\"name\":\"Ve\u00e7 artikuj p\u00ebrmbledh\u00ebs\",\"description\":\"\",\"publisher\":{\"@id\":\"https:\/\/permbledhja.com\/#organization\"},\"potentialAction\":[{\"@type\":\"SearchAction\",\"target\":{\"@type\":\"EntryPoint\",\"urlTemplate\":\"https:\/\/permbledhja.com\/?s={search_term_string}\"},\"query-input\":\"required name=search_term_string\"}],\"inLanguage\":\"sq\"},{\"@type\":\"Organization\",\"@id\":\"https:\/\/permbledhja.com\/#organization\",\"name\":\"MK Media & Pr\",\"url\":\"https:\/\/permbledhja.com\/\",\"logo\":{\"@type\":\"ImageObject\",\"inLanguage\":\"sq\",\"@id\":\"https:\/\/permbledhja.com\/#\/schema\/logo\/image\/\",\"url\":\"https:\/\/permbledhja.com\/wp-content\/uploads\/2021\/12\/07-Press-Logo.jpg\",\"contentUrl\":\"https:\/\/permbledhja.com\/wp-content\/uploads\/2021\/12\/07-Press-Logo.jpg\",\"width\":512,\"height\":512,\"caption\":\"MK Media & Pr\"},\"image\":{\"@id\":\"https:\/\/permbledhja.com\/#\/schema\/logo\/image\/\"},\"sameAs\":[\"https:\/\/www.facebook.com\/press07\/\"]},{\"@type\":\"Person\",\"@id\":\"https:\/\/permbledhja.com\/#\/schema\/person\/0d064377258d3221e50693947b9eb4fe\",\"name\":\"P\u00ebrmbledhja\",\"image\":{\"@type\":\"ImageObject\",\"inLanguage\":\"sq\",\"@id\":\"https:\/\/permbledhja.com\/#\/schema\/person\/image\/\",\"url\":\"https:\/\/permbledhja.com\/wp-content\/uploads\/2026\/01\/452004717_1040944174702970_8932037511805513407_n-96x96.jpg\",\"contentUrl\":\"https:\/\/permbledhja.com\/wp-content\/uploads\/2026\/01\/452004717_1040944174702970_8932037511805513407_n-96x96.jpg\",\"caption\":\"P\u00ebrmbledhja\"},\"sameAs\":[\"https:\/\/www.facebook.com\/kafexhiu.muharrem\/\",\"https:\/\/www.instagram.com\/muharrem_kafexhiu\/\"],\"url\":\"https:\/\/permbledhja.com\/sq\/author\/admin\/\"}]}<\/script>\n<!-- \/ Yoast SEO plugin. -->","yoast_head_json":{"title":"Meteorolog\u00ebt e \u201cAccuweather\u201d paralajm\u00ebrojn\u00eb p\u00ebr nj\u00eb dim\u00ebr ekstrem n\u00eb Ballkanin Per\u00ebndimor","robots":{"index":"index","follow":"follow","max-snippet":"max-snippet:-1","max-image-preview":"max-image-preview:large","max-video-preview":"max-video-preview:-1"},"canonical":"https:\/\/permbledhja.com\/sq\/meteorologet-e-accuweather-paralajmerojne-per-nje-dimer-ekstrem-ne-ballkanin-perendimor\/","og_locale":"sq_AL","og_type":"article","og_title":"Meteorolog\u00ebt e \u201cAccuweather\u201d paralajm\u00ebrojn\u00eb p\u00ebr nj\u00eb dim\u00ebr ekstrem n\u00eb Ballkanin Per\u00ebndimor","og_description":"Sh\u00ebrbimi Amerikan i Motit, Accuweather, m\u00eb n\u00eb fund ka lansuar parashikimin p\u00ebr sezonin e dimrit p\u00ebr Evrop\u00ebn. Sipas parashikimeve meteorologjike, periudhat e ftohta mund t\u00eb ndikojn\u00eb edhe n\u00eb ekonomin\u00eb evropiane, than\u00eb meteorolog\u00ebt. Sipas Accuweather ky sezon pritet t\u00eb ndikohet nga \u201cLa Ni\u00f1a\u201d, fenomen oqeanik dhe atmosferik, kur temperaturat e ul\u00ebta t\u00eb oqeanit, zgjerohen n\u00eb t\u00ebr\u00eb [&hellip;]","og_url":"https:\/\/permbledhja.com\/sq\/meteorologet-e-accuweather-paralajmerojne-per-nje-dimer-ekstrem-ne-ballkanin-perendimor\/","og_site_name":"Ve\u00e7 artikuj p\u00ebrmbledh\u00ebs","article_publisher":"https:\/\/www.facebook.com\/press07\/","article_author":"https:\/\/www.facebook.com\/kafexhiu.muharrem\/","article_published_time":"2022-10-20T14:49:20+00:00","og_image":[{"width":1050,"height":550,"url":"https:\/\/permbledhja.com\/wp-content\/uploads\/2022\/09\/boraaaa.jpg","type":"image\/jpeg"}],"author":"P\u00ebrmbledhja","twitter_card":"summary_large_image","twitter_misc":{"Written by":"P\u00ebrmbledhja","Est. reading time":"2 minuta"},"schema":{"@context":"https:\/\/schema.org","@graph":[{"@type":"Article","@id":"https:\/\/permbledhja.com\/meteorologet-e-accuweather-paralajmerojne-per-nje-dimer-ekstrem-ne-ballkanin-perendimor\/#article","isPartOf":{"@id":"https:\/\/permbledhja.com\/meteorologet-e-accuweather-paralajmerojne-per-nje-dimer-ekstrem-ne-ballkanin-perendimor\/"},"author":{"name":"P\u00ebrmbledhja","@id":"https:\/\/permbledhja.com\/#\/schema\/person\/0d064377258d3221e50693947b9eb4fe"},"headline":"Meteorolog\u00ebt e \u201cAccuweather\u201d paralajm\u00ebrojn\u00eb p\u00ebr nj\u00eb dim\u00ebr ekstrem n\u00eb Ballkanin Per\u00ebndimor","datePublished":"2022-10-20T14:49:20+00:00","dateModified":"2022-10-20T14:49:20+00:00","mainEntityOfPage":{"@id":"https:\/\/permbledhja.com\/meteorologet-e-accuweather-paralajmerojne-per-nje-dimer-ekstrem-ne-ballkanin-perendimor\/"},"wordCount":385,"publisher":{"@id":"https:\/\/permbledhja.com\/#organization"},"articleSection":["Komb\u00ebtare","Lajme"],"inLanguage":"sq"},{"@type":"WebPage","@id":"https:\/\/permbledhja.com\/meteorologet-e-accuweather-paralajmerojne-per-nje-dimer-ekstrem-ne-ballkanin-perendimor\/","url":"https:\/\/permbledhja.com\/meteorologet-e-accuweather-paralajmerojne-per-nje-dimer-ekstrem-ne-ballkanin-perendimor\/","name":"Meteorolog\u00ebt e \u201cAccuweather\u201d paralajm\u00ebrojn\u00eb p\u00ebr nj\u00eb dim\u00ebr ekstrem n\u00eb Ballkanin Per\u00ebndimor","isPartOf":{"@id":"https:\/\/permbledhja.com\/#website"},"datePublished":"2022-10-20T14:49:20+00:00","dateModified":"2022-10-20T14:49:20+00:00","breadcrumb":{"@id":"https:\/\/permbledhja.com\/meteorologet-e-accuweather-paralajmerojne-per-nje-dimer-ekstrem-ne-ballkanin-perendimor\/#breadcrumb"},"inLanguage":"sq","potentialAction":[{"@type":"ReadAction","target":["https:\/\/permbledhja.com\/meteorologet-e-accuweather-paralajmerojne-per-nje-dimer-ekstrem-ne-ballkanin-perendimor\/"]}]},{"@type":"BreadcrumbList","@id":"https:\/\/permbledhja.com\/meteorologet-e-accuweather-paralajmerojne-per-nje-dimer-ekstrem-ne-ballkanin-perendimor\/#breadcrumb","itemListElement":[{"@type":"ListItem","position":1,"name":"Ballina","item":"https:\/\/permbledhja.com\/sq\/"},{"@type":"ListItem","position":2,"name":"Meteorolog\u00ebt e \u201cAccuweather\u201d paralajm\u00ebrojn\u00eb p\u00ebr nj\u00eb dim\u00ebr ekstrem n\u00eb Ballkanin Per\u00ebndimor"}]},{"@type":"WebSite","@id":"https:\/\/permbledhja.com\/#website","url":"https:\/\/permbledhja.com\/","name":"Ve\u00e7 artikuj p\u00ebrmbledh\u00ebs","description":"","publisher":{"@id":"https:\/\/permbledhja.com\/#organization"},"potentialAction":[{"@type":"SearchAction","target":{"@type":"EntryPoint","urlTemplate":"https:\/\/permbledhja.com\/?s={search_term_string}"},"query-input":"required name=search_term_string"}],"inLanguage":"sq"},{"@type":"Organization","@id":"https:\/\/permbledhja.com\/#organization","name":"MK Media & Pr","url":"https:\/\/permbledhja.com\/","logo":{"@type":"ImageObject","inLanguage":"sq","@id":"https:\/\/permbledhja.com\/#\/schema\/logo\/image\/","url":"https:\/\/permbledhja.com\/wp-content\/uploads\/2021\/12\/07-Press-Logo.jpg","contentUrl":"https:\/\/permbledhja.com\/wp-content\/uploads\/2021\/12\/07-Press-Logo.jpg","width":512,"height":512,"caption":"MK Media & Pr"},"image":{"@id":"https:\/\/permbledhja.com\/#\/schema\/logo\/image\/"},"sameAs":["https:\/\/www.facebook.com\/press07\/"]},{"@type":"Person","@id":"https:\/\/permbledhja.com\/#\/schema\/person\/0d064377258d3221e50693947b9eb4fe","name":"P\u00ebrmbledhja","image":{"@type":"ImageObject","inLanguage":"sq","@id":"https:\/\/permbledhja.com\/#\/schema\/person\/image\/","url":"https:\/\/permbledhja.com\/wp-content\/uploads\/2026\/01\/452004717_1040944174702970_8932037511805513407_n-96x96.jpg","contentUrl":"https:\/\/permbledhja.com\/wp-content\/uploads\/2026\/01\/452004717_1040944174702970_8932037511805513407_n-96x96.jpg","caption":"P\u00ebrmbledhja"},"sameAs":["https:\/\/www.facebook.com\/kafexhiu.muharrem\/","https:\/\/www.instagram.com\/muharrem_kafexhiu\/"],"url":"https:\/\/permbledhja.com\/sq\/author\/admin\/"}]}},"_links":{"self":[{"href":"https:\/\/permbledhja.com\/sq\/wp-json\/wp\/v2\/posts\/8224"}],"collection":[{"href":"https:\/\/permbledhja.com\/sq\/wp-json\/wp\/v2\/posts"}],"about":[{"href":"https:\/\/permbledhja.com\/sq\/wp-json\/wp\/v2\/types\/post"}],"author":[{"embeddable":true,"href":"https:\/\/permbledhja.com\/sq\/wp-json\/wp\/v2\/users\/1"}],"replies":[{"embeddable":true,"href":"https:\/\/permbledhja.com\/sq\/wp-json\/wp\/v2\/comments?post=8224"}],"version-history":[{"count":1,"href":"https:\/\/permbledhja.com\/sq\/wp-json\/wp\/v2\/posts\/8224\/revisions"}],"predecessor-version":[{"id":8225,"href":"https:\/\/permbledhja.com\/sq\/wp-json\/wp\/v2\/posts\/8224\/revisions\/8225"}],"wp:featuredmedia":[{"embeddable":true,"href":"https:\/\/permbledhja.com\/sq\/wp-json\/wp\/v2\/media\/6175"}],"wp:attachment":[{"href":"https:\/\/permbledhja.com\/sq\/wp-json\/wp\/v2\/media?parent=8224"}],"wp:term":[{"taxonomy":"category","embeddable":true,"href":"https:\/\/permbledhja.com\/sq\/wp-json\/wp\/v2\/categories?post=8224"},{"taxonomy":"post_tag","embeddable":true,"href":"https:\/\/permbledhja.com\/sq\/wp-json\/wp\/v2\/tags?post=8224"}],"curies":[{"name":"wp","href":"https:\/\/api.w.org\/{rel}","templated":true}]}}