{"id":8213,"date":"2022-10-20T13:20:25","date_gmt":"2022-10-20T13:20:25","guid":{"rendered":"https:\/\/permbledhja.com\/?p=8213"},"modified":"2022-10-20T13:20:25","modified_gmt":"2022-10-20T13:20:25","slug":"tragjike-humb-jeten-nje-femije-1-vjecar-dyshohet-se-axha-i-tij-e-goditi-me-traktor","status":"publish","type":"post","link":"https:\/\/permbledhja.com\/sq\/tragjike-humb-jeten-nje-femije-1-vjecar-dyshohet-se-axha-i-tij-e-goditi-me-traktor\/","title":{"rendered":"Tragjike: Humb jet\u00ebn nj\u00eb f\u00ebmij\u00eb 1-vje\u00e7ar, dyshohet se axha i tij e goditi me traktor"},"content":{"rendered":"<p>Nj\u00eb ngjarje e r\u00ebnd\u00eb ka ndodhur mbr\u00ebm\u00eb n\u00eb fshatin Gjylekar i komun\u00ebs s\u00eb Vitis\u00eb, ku nj\u00eb f\u00ebmij\u00eb 1-vje\u00e7ar ka humbur jet\u00ebn tragjikisht si pasoj\u00eb e goditjes me traktor.<\/p>\n<p>Burimet e Gazet\u00ebs Sinjali brenda Emergjenc\u00ebs s\u00eb Spitalit t\u00eb Gjilanit kan\u00eb b\u00ebr\u00eb me dije se f\u00ebmija \u00ebsht\u00eb d\u00ebrguar atje n\u00eb gjendje t\u00eb r\u00ebnd\u00eb dhe p\u00ebr shkak t\u00eb natyr\u00ebs s\u00eb l\u00ebndimeve, \u00ebsht\u00eb transferuar me urgjenc\u00eb n\u00eb Qendr\u00ebn Klinike Universitare t\u00eb Kosov\u00ebs n\u00eb Prishtin\u00eb.<\/p>\n<p>Pavar\u00ebsisht intervenimit t\u00eb stafit mjek\u00ebsor, f\u00ebmija nuk ka arritur q\u00eb t\u2019i p\u00ebrballoj\u00eb plag\u00ebt e marra dhe si pasoj\u00eb ka nd\u00ebrruar jet\u00eb n\u00eb spital.<\/p>\n<p>Burimet e Gazet\u00ebs Sinjali brenda Prokuroris\u00eb b\u00ebjn\u00eb me dije se lidhur me rastin \u00ebsht\u00eb intervistuar nj\u00eb person i dyshuar, i cili \u00ebsht\u00eb axha i viktim\u00ebs.<\/p>\n<p>Sinjali m\u00ebson se e gjith\u00eb ngjarja ka ndodhur n\u00eb oborrin e sht\u00ebpis\u00eb ku jetonin viktima dhe i dyshuari, ku ky i fundit duke b\u00ebr\u00eb manipulime me traktor ka goditur f\u00ebmij\u00ebn duke i shkaktuar atij l\u00ebndime vdekjeprur\u00ebse.<\/p>\n<p>I dyshuari me urdh\u00ebr t\u00eb prokurorit \u00ebsht\u00eb liruar n\u00eb procedur\u00eb t\u00eb rregullt.<\/p>\n<p>Trupi i pajet\u00eb i viktim\u00ebs \u00ebsht\u00eb d\u00ebrguar p\u00ebr obduksion n\u00eb Institutin e Mjek\u00ebsis\u00eb Ligjore, nd\u00ebrsa rasti \u00ebsht\u00eb cil\u00ebsuar \u2018Shkaktim i rrezikut t\u00eb p\u00ebrgjithsh\u00ebm\u2019.<\/p>\n","protected":false},"excerpt":{"rendered":"<p>Nj\u00eb ngjarje e r\u00ebnd\u00eb ka ndodhur mbr\u00ebm\u00eb n\u00eb fshatin Gjylekar i komun\u00ebs s\u00eb Vitis\u00eb, ku nj\u00eb f\u00ebmij\u00eb 1-vje\u00e7ar ka humbur jet\u00ebn tragjikisht si pasoj\u00eb e goditjes me traktor. Burimet e Gazet\u00ebs Sinjali brenda Emergjenc\u00ebs s\u00eb Spitalit t\u00eb Gjilanit kan\u00eb b\u00ebr\u00eb me dije se f\u00ebmija \u00ebsht\u00eb d\u00ebrguar atje n\u00eb gjendje t\u00eb r\u00ebnd\u00eb dhe p\u00ebr shkak t\u00eb [&hellip;]<\/p>\n","protected":false},"author":1,"featured_media":7856,"comment_status":"closed","ping_status":"closed","sticky":false,"template":"","format":"standard","meta":{"_monsterinsights_skip_tracking":false,"_monsterinsights_sitenote_active":false,"_monsterinsights_sitenote_note":"","_monsterinsights_sitenote_category":0,"_uf_show_specific_survey":0,"_uf_disable_surveys":false,"footnotes":""},"categories":[23,15],"tags":[],"yoast_head":"<!-- This site is optimized with the Yoast SEO plugin v21.5 - https:\/\/yoast.com\/wordpress\/plugins\/seo\/ -->\n<title>Tragjike: Humb jet\u00ebn nj\u00eb f\u00ebmij\u00eb 1-vje\u00e7ar, dyshohet se axha i tij e goditi me traktor<\/title>\n<meta name=\"robots\" content=\"index, follow, max-snippet:-1, max-image-preview:large, max-video-preview:-1\" \/>\n<link rel=\"canonical\" href=\"https:\/\/permbledhja.com\/sq\/tragjike-humb-jeten-nje-femije-1-vjecar-dyshohet-se-axha-i-tij-e-goditi-me-traktor\/\" \/>\n<meta property=\"og:locale\" content=\"sq_AL\" \/>\n<meta property=\"og:type\" content=\"article\" \/>\n<meta property=\"og:title\" content=\"Tragjike: Humb jet\u00ebn nj\u00eb f\u00ebmij\u00eb 1-vje\u00e7ar, dyshohet se axha i tij e goditi me traktor\" \/>\n<meta property=\"og:description\" content=\"Nj\u00eb ngjarje e r\u00ebnd\u00eb ka ndodhur mbr\u00ebm\u00eb n\u00eb fshatin Gjylekar i komun\u00ebs s\u00eb Vitis\u00eb, ku nj\u00eb f\u00ebmij\u00eb 1-vje\u00e7ar ka humbur jet\u00ebn tragjikisht si pasoj\u00eb e goditjes me traktor. Burimet e Gazet\u00ebs Sinjali brenda Emergjenc\u00ebs s\u00eb Spitalit t\u00eb Gjilanit kan\u00eb b\u00ebr\u00eb me dije se f\u00ebmija \u00ebsht\u00eb d\u00ebrguar atje n\u00eb gjendje t\u00eb r\u00ebnd\u00eb dhe p\u00ebr shkak t\u00eb [&hellip;]\" \/>\n<meta property=\"og:url\" content=\"https:\/\/permbledhja.com\/sq\/tragjike-humb-jeten-nje-femije-1-vjecar-dyshohet-se-axha-i-tij-e-goditi-me-traktor\/\" \/>\n<meta property=\"og:site_name\" content=\"Ve\u00e7 artikuj p\u00ebrmbledh\u00ebs\" \/>\n<meta property=\"article:publisher\" content=\"https:\/\/www.facebook.com\/press07\/\" \/>\n<meta property=\"article:author\" content=\"https:\/\/www.facebook.com\/kafexhiu.muharrem\/\" \/>\n<meta property=\"article:published_time\" content=\"2022-10-20T13:20:25+00:00\" \/>\n<meta property=\"og:image\" content=\"https:\/\/permbledhja.com\/wp-content\/uploads\/2022\/10\/Blue-Breaking-News-YouTube-Channel-Art.jpg\" \/>\n\t<meta property=\"og:image:width\" content=\"2560\" \/>\n\t<meta property=\"og:image:height\" content=\"1440\" \/>\n\t<meta property=\"og:image:type\" content=\"image\/jpeg\" \/>\n<meta name=\"author\" content=\"P\u00ebrmbledhja\" \/>\n<meta name=\"twitter:card\" content=\"summary_large_image\" \/>\n<meta name=\"twitter:label1\" content=\"Written by\" \/>\n\t<meta name=\"twitter:data1\" content=\"P\u00ebrmbledhja\" \/>\n\t<meta name=\"twitter:label2\" content=\"Est. reading time\" \/>\n\t<meta name=\"twitter:data2\" content=\"1 minut\u00eb\" \/>\n<script type=\"application\/ld+json\" class=\"yoast-schema-graph\">{\"@context\":\"https:\/\/schema.org\",\"@graph\":[{\"@type\":\"Article\",\"@id\":\"https:\/\/permbledhja.com\/tragjike-humb-jeten-nje-femije-1-vjecar-dyshohet-se-axha-i-tij-e-goditi-me-traktor\/#article\",\"isPartOf\":{\"@id\":\"https:\/\/permbledhja.com\/tragjike-humb-jeten-nje-femije-1-vjecar-dyshohet-se-axha-i-tij-e-goditi-me-traktor\/\"},\"author\":{\"name\":\"P\u00ebrmbledhja\",\"@id\":\"https:\/\/permbledhja.com\/#\/schema\/person\/0d064377258d3221e50693947b9eb4fe\"},\"headline\":\"Tragjike: Humb jet\u00ebn nj\u00eb f\u00ebmij\u00eb 1-vje\u00e7ar, dyshohet se axha i tij e goditi me traktor\",\"datePublished\":\"2022-10-20T13:20:25+00:00\",\"dateModified\":\"2022-10-20T13:20:25+00:00\",\"mainEntityOfPage\":{\"@id\":\"https:\/\/permbledhja.com\/tragjike-humb-jeten-nje-femije-1-vjecar-dyshohet-se-axha-i-tij-e-goditi-me-traktor\/\"},\"wordCount\":250,\"publisher\":{\"@id\":\"https:\/\/permbledhja.com\/#organization\"},\"articleSection\":[\"Komb\u00ebtare\",\"Lajme\"],\"inLanguage\":\"sq\"},{\"@type\":\"WebPage\",\"@id\":\"https:\/\/permbledhja.com\/tragjike-humb-jeten-nje-femije-1-vjecar-dyshohet-se-axha-i-tij-e-goditi-me-traktor\/\",\"url\":\"https:\/\/permbledhja.com\/tragjike-humb-jeten-nje-femije-1-vjecar-dyshohet-se-axha-i-tij-e-goditi-me-traktor\/\",\"name\":\"Tragjike: Humb jet\u00ebn nj\u00eb f\u00ebmij\u00eb 1-vje\u00e7ar, dyshohet se axha i tij e goditi me traktor\",\"isPartOf\":{\"@id\":\"https:\/\/permbledhja.com\/#website\"},\"datePublished\":\"2022-10-20T13:20:25+00:00\",\"dateModified\":\"2022-10-20T13:20:25+00:00\",\"breadcrumb\":{\"@id\":\"https:\/\/permbledhja.com\/tragjike-humb-jeten-nje-femije-1-vjecar-dyshohet-se-axha-i-tij-e-goditi-me-traktor\/#breadcrumb\"},\"inLanguage\":\"sq\",\"potentialAction\":[{\"@type\":\"ReadAction\",\"target\":[\"https:\/\/permbledhja.com\/tragjike-humb-jeten-nje-femije-1-vjecar-dyshohet-se-axha-i-tij-e-goditi-me-traktor\/\"]}]},{\"@type\":\"BreadcrumbList\",\"@id\":\"https:\/\/permbledhja.com\/tragjike-humb-jeten-nje-femije-1-vjecar-dyshohet-se-axha-i-tij-e-goditi-me-traktor\/#breadcrumb\",\"itemListElement\":[{\"@type\":\"ListItem\",\"position\":1,\"name\":\"Ballina\",\"item\":\"https:\/\/permbledhja.com\/sq\/\"},{\"@type\":\"ListItem\",\"position\":2,\"name\":\"Tragjike: Humb jet\u00ebn nj\u00eb f\u00ebmij\u00eb 1-vje\u00e7ar, dyshohet se axha i tij e goditi me traktor\"}]},{\"@type\":\"WebSite\",\"@id\":\"https:\/\/permbledhja.com\/#website\",\"url\":\"https:\/\/permbledhja.com\/\",\"name\":\"Ve\u00e7 artikuj p\u00ebrmbledh\u00ebs\",\"description\":\"\",\"publisher\":{\"@id\":\"https:\/\/permbledhja.com\/#organization\"},\"potentialAction\":[{\"@type\":\"SearchAction\",\"target\":{\"@type\":\"EntryPoint\",\"urlTemplate\":\"https:\/\/permbledhja.com\/?s={search_term_string}\"},\"query-input\":\"required name=search_term_string\"}],\"inLanguage\":\"sq\"},{\"@type\":\"Organization\",\"@id\":\"https:\/\/permbledhja.com\/#organization\",\"name\":\"MK Media & Pr\",\"url\":\"https:\/\/permbledhja.com\/\",\"logo\":{\"@type\":\"ImageObject\",\"inLanguage\":\"sq\",\"@id\":\"https:\/\/permbledhja.com\/#\/schema\/logo\/image\/\",\"url\":\"https:\/\/permbledhja.com\/wp-content\/uploads\/2021\/12\/07-Press-Logo.jpg\",\"contentUrl\":\"https:\/\/permbledhja.com\/wp-content\/uploads\/2021\/12\/07-Press-Logo.jpg\",\"width\":512,\"height\":512,\"caption\":\"MK Media & Pr\"},\"image\":{\"@id\":\"https:\/\/permbledhja.com\/#\/schema\/logo\/image\/\"},\"sameAs\":[\"https:\/\/www.facebook.com\/press07\/\"]},{\"@type\":\"Person\",\"@id\":\"https:\/\/permbledhja.com\/#\/schema\/person\/0d064377258d3221e50693947b9eb4fe\",\"name\":\"P\u00ebrmbledhja\",\"image\":{\"@type\":\"ImageObject\",\"inLanguage\":\"sq\",\"@id\":\"https:\/\/permbledhja.com\/#\/schema\/person\/image\/\",\"url\":\"https:\/\/permbledhja.com\/wp-content\/uploads\/2026\/01\/452004717_1040944174702970_8932037511805513407_n-96x96.jpg\",\"contentUrl\":\"https:\/\/permbledhja.com\/wp-content\/uploads\/2026\/01\/452004717_1040944174702970_8932037511805513407_n-96x96.jpg\",\"caption\":\"P\u00ebrmbledhja\"},\"sameAs\":[\"https:\/\/www.facebook.com\/kafexhiu.muharrem\/\",\"https:\/\/www.instagram.com\/muharrem_kafexhiu\/\"],\"url\":\"https:\/\/permbledhja.com\/sq\/author\/admin\/\"}]}<\/script>\n<!-- \/ Yoast SEO plugin. -->","yoast_head_json":{"title":"Tragjike: Humb jet\u00ebn nj\u00eb f\u00ebmij\u00eb 1-vje\u00e7ar, dyshohet se axha i tij e goditi me traktor","robots":{"index":"index","follow":"follow","max-snippet":"max-snippet:-1","max-image-preview":"max-image-preview:large","max-video-preview":"max-video-preview:-1"},"canonical":"https:\/\/permbledhja.com\/sq\/tragjike-humb-jeten-nje-femije-1-vjecar-dyshohet-se-axha-i-tij-e-goditi-me-traktor\/","og_locale":"sq_AL","og_type":"article","og_title":"Tragjike: Humb jet\u00ebn nj\u00eb f\u00ebmij\u00eb 1-vje\u00e7ar, dyshohet se axha i tij e goditi me traktor","og_description":"Nj\u00eb ngjarje e r\u00ebnd\u00eb ka ndodhur mbr\u00ebm\u00eb n\u00eb fshatin Gjylekar i komun\u00ebs s\u00eb Vitis\u00eb, ku nj\u00eb f\u00ebmij\u00eb 1-vje\u00e7ar ka humbur jet\u00ebn tragjikisht si pasoj\u00eb e goditjes me traktor. Burimet e Gazet\u00ebs Sinjali brenda Emergjenc\u00ebs s\u00eb Spitalit t\u00eb Gjilanit kan\u00eb b\u00ebr\u00eb me dije se f\u00ebmija \u00ebsht\u00eb d\u00ebrguar atje n\u00eb gjendje t\u00eb r\u00ebnd\u00eb dhe p\u00ebr shkak t\u00eb [&hellip;]","og_url":"https:\/\/permbledhja.com\/sq\/tragjike-humb-jeten-nje-femije-1-vjecar-dyshohet-se-axha-i-tij-e-goditi-me-traktor\/","og_site_name":"Ve\u00e7 artikuj p\u00ebrmbledh\u00ebs","article_publisher":"https:\/\/www.facebook.com\/press07\/","article_author":"https:\/\/www.facebook.com\/kafexhiu.muharrem\/","article_published_time":"2022-10-20T13:20:25+00:00","og_image":[{"width":2560,"height":1440,"url":"https:\/\/permbledhja.com\/wp-content\/uploads\/2022\/10\/Blue-Breaking-News-YouTube-Channel-Art.jpg","type":"image\/jpeg"}],"author":"P\u00ebrmbledhja","twitter_card":"summary_large_image","twitter_misc":{"Written by":"P\u00ebrmbledhja","Est. reading time":"1 minut\u00eb"},"schema":{"@context":"https:\/\/schema.org","@graph":[{"@type":"Article","@id":"https:\/\/permbledhja.com\/tragjike-humb-jeten-nje-femije-1-vjecar-dyshohet-se-axha-i-tij-e-goditi-me-traktor\/#article","isPartOf":{"@id":"https:\/\/permbledhja.com\/tragjike-humb-jeten-nje-femije-1-vjecar-dyshohet-se-axha-i-tij-e-goditi-me-traktor\/"},"author":{"name":"P\u00ebrmbledhja","@id":"https:\/\/permbledhja.com\/#\/schema\/person\/0d064377258d3221e50693947b9eb4fe"},"headline":"Tragjike: Humb jet\u00ebn nj\u00eb f\u00ebmij\u00eb 1-vje\u00e7ar, dyshohet se axha i tij e goditi me traktor","datePublished":"2022-10-20T13:20:25+00:00","dateModified":"2022-10-20T13:20:25+00:00","mainEntityOfPage":{"@id":"https:\/\/permbledhja.com\/tragjike-humb-jeten-nje-femije-1-vjecar-dyshohet-se-axha-i-tij-e-goditi-me-traktor\/"},"wordCount":250,"publisher":{"@id":"https:\/\/permbledhja.com\/#organization"},"articleSection":["Komb\u00ebtare","Lajme"],"inLanguage":"sq"},{"@type":"WebPage","@id":"https:\/\/permbledhja.com\/tragjike-humb-jeten-nje-femije-1-vjecar-dyshohet-se-axha-i-tij-e-goditi-me-traktor\/","url":"https:\/\/permbledhja.com\/tragjike-humb-jeten-nje-femije-1-vjecar-dyshohet-se-axha-i-tij-e-goditi-me-traktor\/","name":"Tragjike: Humb jet\u00ebn nj\u00eb f\u00ebmij\u00eb 1-vje\u00e7ar, dyshohet se axha i tij e goditi me traktor","isPartOf":{"@id":"https:\/\/permbledhja.com\/#website"},"datePublished":"2022-10-20T13:20:25+00:00","dateModified":"2022-10-20T13:20:25+00:00","breadcrumb":{"@id":"https:\/\/permbledhja.com\/tragjike-humb-jeten-nje-femije-1-vjecar-dyshohet-se-axha-i-tij-e-goditi-me-traktor\/#breadcrumb"},"inLanguage":"sq","potentialAction":[{"@type":"ReadAction","target":["https:\/\/permbledhja.com\/tragjike-humb-jeten-nje-femije-1-vjecar-dyshohet-se-axha-i-tij-e-goditi-me-traktor\/"]}]},{"@type":"BreadcrumbList","@id":"https:\/\/permbledhja.com\/tragjike-humb-jeten-nje-femije-1-vjecar-dyshohet-se-axha-i-tij-e-goditi-me-traktor\/#breadcrumb","itemListElement":[{"@type":"ListItem","position":1,"name":"Ballina","item":"https:\/\/permbledhja.com\/sq\/"},{"@type":"ListItem","position":2,"name":"Tragjike: Humb jet\u00ebn nj\u00eb f\u00ebmij\u00eb 1-vje\u00e7ar, dyshohet se axha i tij e goditi me traktor"}]},{"@type":"WebSite","@id":"https:\/\/permbledhja.com\/#website","url":"https:\/\/permbledhja.com\/","name":"Ve\u00e7 artikuj p\u00ebrmbledh\u00ebs","description":"","publisher":{"@id":"https:\/\/permbledhja.com\/#organization"},"potentialAction":[{"@type":"SearchAction","target":{"@type":"EntryPoint","urlTemplate":"https:\/\/permbledhja.com\/?s={search_term_string}"},"query-input":"required name=search_term_string"}],"inLanguage":"sq"},{"@type":"Organization","@id":"https:\/\/permbledhja.com\/#organization","name":"MK Media & Pr","url":"https:\/\/permbledhja.com\/","logo":{"@type":"ImageObject","inLanguage":"sq","@id":"https:\/\/permbledhja.com\/#\/schema\/logo\/image\/","url":"https:\/\/permbledhja.com\/wp-content\/uploads\/2021\/12\/07-Press-Logo.jpg","contentUrl":"https:\/\/permbledhja.com\/wp-content\/uploads\/2021\/12\/07-Press-Logo.jpg","width":512,"height":512,"caption":"MK Media & Pr"},"image":{"@id":"https:\/\/permbledhja.com\/#\/schema\/logo\/image\/"},"sameAs":["https:\/\/www.facebook.com\/press07\/"]},{"@type":"Person","@id":"https:\/\/permbledhja.com\/#\/schema\/person\/0d064377258d3221e50693947b9eb4fe","name":"P\u00ebrmbledhja","image":{"@type":"ImageObject","inLanguage":"sq","@id":"https:\/\/permbledhja.com\/#\/schema\/person\/image\/","url":"https:\/\/permbledhja.com\/wp-content\/uploads\/2026\/01\/452004717_1040944174702970_8932037511805513407_n-96x96.jpg","contentUrl":"https:\/\/permbledhja.com\/wp-content\/uploads\/2026\/01\/452004717_1040944174702970_8932037511805513407_n-96x96.jpg","caption":"P\u00ebrmbledhja"},"sameAs":["https:\/\/www.facebook.com\/kafexhiu.muharrem\/","https:\/\/www.instagram.com\/muharrem_kafexhiu\/"],"url":"https:\/\/permbledhja.com\/sq\/author\/admin\/"}]}},"_links":{"self":[{"href":"https:\/\/permbledhja.com\/sq\/wp-json\/wp\/v2\/posts\/8213"}],"collection":[{"href":"https:\/\/permbledhja.com\/sq\/wp-json\/wp\/v2\/posts"}],"about":[{"href":"https:\/\/permbledhja.com\/sq\/wp-json\/wp\/v2\/types\/post"}],"author":[{"embeddable":true,"href":"https:\/\/permbledhja.com\/sq\/wp-json\/wp\/v2\/users\/1"}],"replies":[{"embeddable":true,"href":"https:\/\/permbledhja.com\/sq\/wp-json\/wp\/v2\/comments?post=8213"}],"version-history":[{"count":1,"href":"https:\/\/permbledhja.com\/sq\/wp-json\/wp\/v2\/posts\/8213\/revisions"}],"predecessor-version":[{"id":8214,"href":"https:\/\/permbledhja.com\/sq\/wp-json\/wp\/v2\/posts\/8213\/revisions\/8214"}],"wp:featuredmedia":[{"embeddable":true,"href":"https:\/\/permbledhja.com\/sq\/wp-json\/wp\/v2\/media\/7856"}],"wp:attachment":[{"href":"https:\/\/permbledhja.com\/sq\/wp-json\/wp\/v2\/media?parent=8213"}],"wp:term":[{"taxonomy":"category","embeddable":true,"href":"https:\/\/permbledhja.com\/sq\/wp-json\/wp\/v2\/categories?post=8213"},{"taxonomy":"post_tag","embeddable":true,"href":"https:\/\/permbledhja.com\/sq\/wp-json\/wp\/v2\/tags?post=8213"}],"curies":[{"name":"wp","href":"https:\/\/api.w.org\/{rel}","templated":true}]}}