{"id":7956,"date":"2022-10-18T09:25:51","date_gmt":"2022-10-18T09:25:51","guid":{"rendered":"https:\/\/permbledhja.com\/?p=7956"},"modified":"2022-10-18T09:25:51","modified_gmt":"2022-10-18T09:25:51","slug":"spahiu-tregon-pse-qytetaret-e-kosoves-duhet-te-marrin-pasaporte-shqiptare","status":"publish","type":"post","link":"https:\/\/permbledhja.com\/sq\/spahiu-tregon-pse-qytetaret-e-kosoves-duhet-te-marrin-pasaporte-shqiptare\/","title":{"rendered":"Spahiu tregon pse qytetar\u00ebt e Kosov\u00ebs duhet t\u00eb marrin pasaport\u00eb shqiptare"},"content":{"rendered":"<p><strong>Juristi Kreshnik Spahiu, \u00ebsht\u00eb shprehur se qytetar\u00ebt shqiptar\u00eb q\u00eb jetojn\u00eb n\u00eb Kosov\u00eb dhe n\u00eb Maqedonin\u00eb e Veriut duhet t\u00eb pajisen me pasaport\u00eb shqiptare.<\/strong><\/p>\n<p>Spahiu theksoi se n\u00ebse liberalizohen vizat p\u00ebr Kosov\u00ebn dhe Shqip\u00ebria duhet t\u00eb liberalizoj\u00eb vizat p\u00ebr qytetar\u00ebt e saj.<\/p>\n<p><em>\u201cKam paraqitur nj\u00eb projekt p\u00ebr qytetar\u00ebt shqiptar\u00eb n\u00eb Kosov\u00eb dhe n\u00eb Maqedoni q\u00eb t\u00eb marrin pasaport\u00ebn shqiptare. At\u00ebher\u00eb BE b\u00ebri shum\u00eb presion\u201d.<\/em><\/p>\n<p>\u201c<em>Tani n\u00ebse liberalizohen vizat p\u00ebr Kosov\u00ebn automatikisht Shqip\u00ebria duhet t\u00eb liberalizoj\u00eb dh\u00ebnien e pasaport\u00ebs, qoft\u00eb dhe pasaport\u00ebs s\u00eb art\u00eb, t\u00eb cil\u00ebt kan\u00eb pasaport\u00ebn e Kosov\u00ebs<\/em>\u201d- tha ai.<\/p>\n<p>M\u00eb tej ai theksoi se \u00e7do qytetar nga Kosova q\u00eb investon dhe ka nj\u00eb sht\u00ebpi n\u00eb Shqip\u00ebri nuk p\u00ebrb\u00ebn sens q\u00eb mos t\u00eb ket\u00eb nj\u00eb pasaport\u00eb t\u00eb Shqip\u00ebris\u00eb.\/euronewsal.<\/p>\n<p>https:\/\/permbledhja.com\/biznesmeni-bedri-rexhepi-dyshohet-se-u-vra-per-30-mije-euro-ngrihet-aktakuze-ndaj-dy-personave\/<\/p>\n","protected":false},"excerpt":{"rendered":"<p>Juristi Kreshnik Spahiu, \u00ebsht\u00eb shprehur se qytetar\u00ebt shqiptar\u00eb q\u00eb jetojn\u00eb n\u00eb Kosov\u00eb dhe n\u00eb Maqedonin\u00eb e Veriut duhet t\u00eb pajisen me pasaport\u00eb shqiptare. Spahiu theksoi se n\u00ebse liberalizohen vizat p\u00ebr Kosov\u00ebn dhe Shqip\u00ebria duhet t\u00eb liberalizoj\u00eb vizat p\u00ebr qytetar\u00ebt e saj. \u201cKam paraqitur nj\u00eb projekt p\u00ebr qytetar\u00ebt shqiptar\u00eb n\u00eb Kosov\u00eb dhe n\u00eb Maqedoni q\u00eb t\u00eb [&hellip;]<\/p>\n","protected":false},"author":1,"featured_media":7957,"comment_status":"closed","ping_status":"closed","sticky":false,"template":"","format":"standard","meta":{"_monsterinsights_skip_tracking":false,"_monsterinsights_sitenote_active":false,"_monsterinsights_sitenote_note":"","_monsterinsights_sitenote_category":0,"_uf_show_specific_survey":0,"_uf_disable_surveys":false,"footnotes":""},"categories":[22],"tags":[138],"yoast_head":"<!-- This site is optimized with the Yoast SEO plugin v21.5 - https:\/\/yoast.com\/wordpress\/plugins\/seo\/ -->\n<title>Spahiu tregon pse qytetar\u00ebt e Kosov\u00ebs duhet t\u00eb marrin pasaport\u00eb shqiptare<\/title>\n<meta name=\"robots\" content=\"index, follow, max-snippet:-1, max-image-preview:large, max-video-preview:-1\" \/>\n<link rel=\"canonical\" href=\"https:\/\/permbledhja.com\/sq\/spahiu-tregon-pse-qytetaret-e-kosoves-duhet-te-marrin-pasaporte-shqiptare\/\" \/>\n<meta property=\"og:locale\" content=\"sq_AL\" \/>\n<meta property=\"og:type\" content=\"article\" \/>\n<meta property=\"og:title\" content=\"Spahiu tregon pse qytetar\u00ebt e Kosov\u00ebs duhet t\u00eb marrin pasaport\u00eb shqiptare\" \/>\n<meta property=\"og:description\" content=\"Juristi Kreshnik Spahiu, \u00ebsht\u00eb shprehur se qytetar\u00ebt shqiptar\u00eb q\u00eb jetojn\u00eb n\u00eb Kosov\u00eb dhe n\u00eb Maqedonin\u00eb e Veriut duhet t\u00eb pajisen me pasaport\u00eb shqiptare. Spahiu theksoi se n\u00ebse liberalizohen vizat p\u00ebr Kosov\u00ebn dhe Shqip\u00ebria duhet t\u00eb liberalizoj\u00eb vizat p\u00ebr qytetar\u00ebt e saj. \u201cKam paraqitur nj\u00eb projekt p\u00ebr qytetar\u00ebt shqiptar\u00eb n\u00eb Kosov\u00eb dhe n\u00eb Maqedoni q\u00eb t\u00eb [&hellip;]\" \/>\n<meta property=\"og:url\" content=\"https:\/\/permbledhja.com\/sq\/spahiu-tregon-pse-qytetaret-e-kosoves-duhet-te-marrin-pasaporte-shqiptare\/\" \/>\n<meta property=\"og:site_name\" content=\"Ve\u00e7 artikuj p\u00ebrmbledh\u00ebs\" \/>\n<meta property=\"article:publisher\" content=\"https:\/\/www.facebook.com\/press07\/\" \/>\n<meta property=\"article:author\" content=\"https:\/\/www.facebook.com\/kafexhiu.muharrem\/\" \/>\n<meta property=\"article:published_time\" content=\"2022-10-18T09:25:51+00:00\" \/>\n<meta property=\"og:image\" content=\"https:\/\/permbledhja.com\/wp-content\/uploads\/2022\/10\/Pasaporte_foto-ATSh-780x439-1.jpg\" \/>\n\t<meta property=\"og:image:width\" content=\"780\" \/>\n\t<meta property=\"og:image:height\" content=\"439\" \/>\n\t<meta property=\"og:image:type\" content=\"image\/jpeg\" \/>\n<meta name=\"author\" content=\"P\u00ebrmbledhja\" \/>\n<meta name=\"twitter:card\" content=\"summary_large_image\" \/>\n<meta name=\"twitter:label1\" content=\"Written by\" \/>\n\t<meta name=\"twitter:data1\" content=\"P\u00ebrmbledhja\" \/>\n\t<meta name=\"twitter:label2\" content=\"Est. reading time\" \/>\n\t<meta name=\"twitter:data2\" content=\"1 minut\u00eb\" \/>\n<script type=\"application\/ld+json\" class=\"yoast-schema-graph\">{\"@context\":\"https:\/\/schema.org\",\"@graph\":[{\"@type\":\"Article\",\"@id\":\"https:\/\/permbledhja.com\/spahiu-tregon-pse-qytetaret-e-kosoves-duhet-te-marrin-pasaporte-shqiptare\/#article\",\"isPartOf\":{\"@id\":\"https:\/\/permbledhja.com\/spahiu-tregon-pse-qytetaret-e-kosoves-duhet-te-marrin-pasaporte-shqiptare\/\"},\"author\":{\"name\":\"P\u00ebrmbledhja\",\"@id\":\"https:\/\/permbledhja.com\/#\/schema\/person\/0d064377258d3221e50693947b9eb4fe\"},\"headline\":\"Spahiu tregon pse qytetar\u00ebt e Kosov\u00ebs duhet t\u00eb marrin pasaport\u00eb shqiptare\",\"datePublished\":\"2022-10-18T09:25:51+00:00\",\"dateModified\":\"2022-10-18T09:25:51+00:00\",\"mainEntityOfPage\":{\"@id\":\"https:\/\/permbledhja.com\/spahiu-tregon-pse-qytetaret-e-kosoves-duhet-te-marrin-pasaporte-shqiptare\/\"},\"wordCount\":165,\"publisher\":{\"@id\":\"https:\/\/permbledhja.com\/#organization\"},\"keywords\":[\"Pasaporta shqiptare\"],\"articleSection\":[\"Ballina\"],\"inLanguage\":\"sq\"},{\"@type\":\"WebPage\",\"@id\":\"https:\/\/permbledhja.com\/spahiu-tregon-pse-qytetaret-e-kosoves-duhet-te-marrin-pasaporte-shqiptare\/\",\"url\":\"https:\/\/permbledhja.com\/spahiu-tregon-pse-qytetaret-e-kosoves-duhet-te-marrin-pasaporte-shqiptare\/\",\"name\":\"Spahiu tregon pse qytetar\u00ebt e Kosov\u00ebs duhet t\u00eb marrin pasaport\u00eb shqiptare\",\"isPartOf\":{\"@id\":\"https:\/\/permbledhja.com\/#website\"},\"datePublished\":\"2022-10-18T09:25:51+00:00\",\"dateModified\":\"2022-10-18T09:25:51+00:00\",\"breadcrumb\":{\"@id\":\"https:\/\/permbledhja.com\/spahiu-tregon-pse-qytetaret-e-kosoves-duhet-te-marrin-pasaporte-shqiptare\/#breadcrumb\"},\"inLanguage\":\"sq\",\"potentialAction\":[{\"@type\":\"ReadAction\",\"target\":[\"https:\/\/permbledhja.com\/spahiu-tregon-pse-qytetaret-e-kosoves-duhet-te-marrin-pasaporte-shqiptare\/\"]}]},{\"@type\":\"BreadcrumbList\",\"@id\":\"https:\/\/permbledhja.com\/spahiu-tregon-pse-qytetaret-e-kosoves-duhet-te-marrin-pasaporte-shqiptare\/#breadcrumb\",\"itemListElement\":[{\"@type\":\"ListItem\",\"position\":1,\"name\":\"Ballina\",\"item\":\"https:\/\/permbledhja.com\/sq\/\"},{\"@type\":\"ListItem\",\"position\":2,\"name\":\"Spahiu tregon pse qytetar\u00ebt e Kosov\u00ebs duhet t\u00eb marrin pasaport\u00eb shqiptare\"}]},{\"@type\":\"WebSite\",\"@id\":\"https:\/\/permbledhja.com\/#website\",\"url\":\"https:\/\/permbledhja.com\/\",\"name\":\"Ve\u00e7 artikuj p\u00ebrmbledh\u00ebs\",\"description\":\"\",\"publisher\":{\"@id\":\"https:\/\/permbledhja.com\/#organization\"},\"potentialAction\":[{\"@type\":\"SearchAction\",\"target\":{\"@type\":\"EntryPoint\",\"urlTemplate\":\"https:\/\/permbledhja.com\/?s={search_term_string}\"},\"query-input\":\"required name=search_term_string\"}],\"inLanguage\":\"sq\"},{\"@type\":\"Organization\",\"@id\":\"https:\/\/permbledhja.com\/#organization\",\"name\":\"MK Media & Pr\",\"url\":\"https:\/\/permbledhja.com\/\",\"logo\":{\"@type\":\"ImageObject\",\"inLanguage\":\"sq\",\"@id\":\"https:\/\/permbledhja.com\/#\/schema\/logo\/image\/\",\"url\":\"https:\/\/permbledhja.com\/wp-content\/uploads\/2021\/12\/07-Press-Logo.jpg\",\"contentUrl\":\"https:\/\/permbledhja.com\/wp-content\/uploads\/2021\/12\/07-Press-Logo.jpg\",\"width\":512,\"height\":512,\"caption\":\"MK Media & Pr\"},\"image\":{\"@id\":\"https:\/\/permbledhja.com\/#\/schema\/logo\/image\/\"},\"sameAs\":[\"https:\/\/www.facebook.com\/press07\/\"]},{\"@type\":\"Person\",\"@id\":\"https:\/\/permbledhja.com\/#\/schema\/person\/0d064377258d3221e50693947b9eb4fe\",\"name\":\"P\u00ebrmbledhja\",\"image\":{\"@type\":\"ImageObject\",\"inLanguage\":\"sq\",\"@id\":\"https:\/\/permbledhja.com\/#\/schema\/person\/image\/\",\"url\":\"https:\/\/permbledhja.com\/wp-content\/uploads\/2026\/01\/452004717_1040944174702970_8932037511805513407_n-96x96.jpg\",\"contentUrl\":\"https:\/\/permbledhja.com\/wp-content\/uploads\/2026\/01\/452004717_1040944174702970_8932037511805513407_n-96x96.jpg\",\"caption\":\"P\u00ebrmbledhja\"},\"sameAs\":[\"https:\/\/www.facebook.com\/kafexhiu.muharrem\/\",\"https:\/\/www.instagram.com\/muharrem_kafexhiu\/\"],\"url\":\"https:\/\/permbledhja.com\/sq\/author\/admin\/\"}]}<\/script>\n<!-- \/ Yoast SEO plugin. -->","yoast_head_json":{"title":"Spahiu tregon pse qytetar\u00ebt e Kosov\u00ebs duhet t\u00eb marrin pasaport\u00eb shqiptare","robots":{"index":"index","follow":"follow","max-snippet":"max-snippet:-1","max-image-preview":"max-image-preview:large","max-video-preview":"max-video-preview:-1"},"canonical":"https:\/\/permbledhja.com\/sq\/spahiu-tregon-pse-qytetaret-e-kosoves-duhet-te-marrin-pasaporte-shqiptare\/","og_locale":"sq_AL","og_type":"article","og_title":"Spahiu tregon pse qytetar\u00ebt e Kosov\u00ebs duhet t\u00eb marrin pasaport\u00eb shqiptare","og_description":"Juristi Kreshnik Spahiu, \u00ebsht\u00eb shprehur se qytetar\u00ebt shqiptar\u00eb q\u00eb jetojn\u00eb n\u00eb Kosov\u00eb dhe n\u00eb Maqedonin\u00eb e Veriut duhet t\u00eb pajisen me pasaport\u00eb shqiptare. Spahiu theksoi se n\u00ebse liberalizohen vizat p\u00ebr Kosov\u00ebn dhe Shqip\u00ebria duhet t\u00eb liberalizoj\u00eb vizat p\u00ebr qytetar\u00ebt e saj. \u201cKam paraqitur nj\u00eb projekt p\u00ebr qytetar\u00ebt shqiptar\u00eb n\u00eb Kosov\u00eb dhe n\u00eb Maqedoni q\u00eb t\u00eb [&hellip;]","og_url":"https:\/\/permbledhja.com\/sq\/spahiu-tregon-pse-qytetaret-e-kosoves-duhet-te-marrin-pasaporte-shqiptare\/","og_site_name":"Ve\u00e7 artikuj p\u00ebrmbledh\u00ebs","article_publisher":"https:\/\/www.facebook.com\/press07\/","article_author":"https:\/\/www.facebook.com\/kafexhiu.muharrem\/","article_published_time":"2022-10-18T09:25:51+00:00","og_image":[{"width":780,"height":439,"url":"https:\/\/permbledhja.com\/wp-content\/uploads\/2022\/10\/Pasaporte_foto-ATSh-780x439-1.jpg","type":"image\/jpeg"}],"author":"P\u00ebrmbledhja","twitter_card":"summary_large_image","twitter_misc":{"Written by":"P\u00ebrmbledhja","Est. reading time":"1 minut\u00eb"},"schema":{"@context":"https:\/\/schema.org","@graph":[{"@type":"Article","@id":"https:\/\/permbledhja.com\/spahiu-tregon-pse-qytetaret-e-kosoves-duhet-te-marrin-pasaporte-shqiptare\/#article","isPartOf":{"@id":"https:\/\/permbledhja.com\/spahiu-tregon-pse-qytetaret-e-kosoves-duhet-te-marrin-pasaporte-shqiptare\/"},"author":{"name":"P\u00ebrmbledhja","@id":"https:\/\/permbledhja.com\/#\/schema\/person\/0d064377258d3221e50693947b9eb4fe"},"headline":"Spahiu tregon pse qytetar\u00ebt e Kosov\u00ebs duhet t\u00eb marrin pasaport\u00eb shqiptare","datePublished":"2022-10-18T09:25:51+00:00","dateModified":"2022-10-18T09:25:51+00:00","mainEntityOfPage":{"@id":"https:\/\/permbledhja.com\/spahiu-tregon-pse-qytetaret-e-kosoves-duhet-te-marrin-pasaporte-shqiptare\/"},"wordCount":165,"publisher":{"@id":"https:\/\/permbledhja.com\/#organization"},"keywords":["Pasaporta shqiptare"],"articleSection":["Ballina"],"inLanguage":"sq"},{"@type":"WebPage","@id":"https:\/\/permbledhja.com\/spahiu-tregon-pse-qytetaret-e-kosoves-duhet-te-marrin-pasaporte-shqiptare\/","url":"https:\/\/permbledhja.com\/spahiu-tregon-pse-qytetaret-e-kosoves-duhet-te-marrin-pasaporte-shqiptare\/","name":"Spahiu tregon pse qytetar\u00ebt e Kosov\u00ebs duhet t\u00eb marrin pasaport\u00eb shqiptare","isPartOf":{"@id":"https:\/\/permbledhja.com\/#website"},"datePublished":"2022-10-18T09:25:51+00:00","dateModified":"2022-10-18T09:25:51+00:00","breadcrumb":{"@id":"https:\/\/permbledhja.com\/spahiu-tregon-pse-qytetaret-e-kosoves-duhet-te-marrin-pasaporte-shqiptare\/#breadcrumb"},"inLanguage":"sq","potentialAction":[{"@type":"ReadAction","target":["https:\/\/permbledhja.com\/spahiu-tregon-pse-qytetaret-e-kosoves-duhet-te-marrin-pasaporte-shqiptare\/"]}]},{"@type":"BreadcrumbList","@id":"https:\/\/permbledhja.com\/spahiu-tregon-pse-qytetaret-e-kosoves-duhet-te-marrin-pasaporte-shqiptare\/#breadcrumb","itemListElement":[{"@type":"ListItem","position":1,"name":"Ballina","item":"https:\/\/permbledhja.com\/sq\/"},{"@type":"ListItem","position":2,"name":"Spahiu tregon pse qytetar\u00ebt e Kosov\u00ebs duhet t\u00eb marrin pasaport\u00eb shqiptare"}]},{"@type":"WebSite","@id":"https:\/\/permbledhja.com\/#website","url":"https:\/\/permbledhja.com\/","name":"Ve\u00e7 artikuj p\u00ebrmbledh\u00ebs","description":"","publisher":{"@id":"https:\/\/permbledhja.com\/#organization"},"potentialAction":[{"@type":"SearchAction","target":{"@type":"EntryPoint","urlTemplate":"https:\/\/permbledhja.com\/?s={search_term_string}"},"query-input":"required name=search_term_string"}],"inLanguage":"sq"},{"@type":"Organization","@id":"https:\/\/permbledhja.com\/#organization","name":"MK Media & Pr","url":"https:\/\/permbledhja.com\/","logo":{"@type":"ImageObject","inLanguage":"sq","@id":"https:\/\/permbledhja.com\/#\/schema\/logo\/image\/","url":"https:\/\/permbledhja.com\/wp-content\/uploads\/2021\/12\/07-Press-Logo.jpg","contentUrl":"https:\/\/permbledhja.com\/wp-content\/uploads\/2021\/12\/07-Press-Logo.jpg","width":512,"height":512,"caption":"MK Media & Pr"},"image":{"@id":"https:\/\/permbledhja.com\/#\/schema\/logo\/image\/"},"sameAs":["https:\/\/www.facebook.com\/press07\/"]},{"@type":"Person","@id":"https:\/\/permbledhja.com\/#\/schema\/person\/0d064377258d3221e50693947b9eb4fe","name":"P\u00ebrmbledhja","image":{"@type":"ImageObject","inLanguage":"sq","@id":"https:\/\/permbledhja.com\/#\/schema\/person\/image\/","url":"https:\/\/permbledhja.com\/wp-content\/uploads\/2026\/01\/452004717_1040944174702970_8932037511805513407_n-96x96.jpg","contentUrl":"https:\/\/permbledhja.com\/wp-content\/uploads\/2026\/01\/452004717_1040944174702970_8932037511805513407_n-96x96.jpg","caption":"P\u00ebrmbledhja"},"sameAs":["https:\/\/www.facebook.com\/kafexhiu.muharrem\/","https:\/\/www.instagram.com\/muharrem_kafexhiu\/"],"url":"https:\/\/permbledhja.com\/sq\/author\/admin\/"}]}},"_links":{"self":[{"href":"https:\/\/permbledhja.com\/sq\/wp-json\/wp\/v2\/posts\/7956"}],"collection":[{"href":"https:\/\/permbledhja.com\/sq\/wp-json\/wp\/v2\/posts"}],"about":[{"href":"https:\/\/permbledhja.com\/sq\/wp-json\/wp\/v2\/types\/post"}],"author":[{"embeddable":true,"href":"https:\/\/permbledhja.com\/sq\/wp-json\/wp\/v2\/users\/1"}],"replies":[{"embeddable":true,"href":"https:\/\/permbledhja.com\/sq\/wp-json\/wp\/v2\/comments?post=7956"}],"version-history":[{"count":1,"href":"https:\/\/permbledhja.com\/sq\/wp-json\/wp\/v2\/posts\/7956\/revisions"}],"predecessor-version":[{"id":7958,"href":"https:\/\/permbledhja.com\/sq\/wp-json\/wp\/v2\/posts\/7956\/revisions\/7958"}],"wp:featuredmedia":[{"embeddable":true,"href":"https:\/\/permbledhja.com\/sq\/wp-json\/wp\/v2\/media\/7957"}],"wp:attachment":[{"href":"https:\/\/permbledhja.com\/sq\/wp-json\/wp\/v2\/media?parent=7956"}],"wp:term":[{"taxonomy":"category","embeddable":true,"href":"https:\/\/permbledhja.com\/sq\/wp-json\/wp\/v2\/categories?post=7956"},{"taxonomy":"post_tag","embeddable":true,"href":"https:\/\/permbledhja.com\/sq\/wp-json\/wp\/v2\/tags?post=7956"}],"curies":[{"name":"wp","href":"https:\/\/api.w.org\/{rel}","templated":true}]}}