{"id":7948,"date":"2022-10-18T09:19:09","date_gmt":"2022-10-18T09:19:09","guid":{"rendered":"https:\/\/permbledhja.com\/?p=7948"},"modified":"2022-10-18T09:19:09","modified_gmt":"2022-10-18T09:19:09","slug":"detaje-nga-aksioni-kunder-fajdes-ne-gjakove-dy-te-dyshuar-shpallen-ne-kerkim-konfiskohen-arme-e-vetura","status":"publish","type":"post","link":"https:\/\/permbledhja.com\/sq\/detaje-nga-aksioni-kunder-fajdes-ne-gjakove-dy-te-dyshuar-shpallen-ne-kerkim-konfiskohen-arme-e-vetura\/","title":{"rendered":"Detaje nga aksioni kund\u00ebr fajdes n\u00eb Gjakov\u00eb: Dy t\u00eb dyshuar shpallen n\u00eb k\u00ebrkim, konfiskohen arm\u00eb e vetura"},"content":{"rendered":"<p><strong>Sinjali raportoi pak m\u00eb par\u00eb ekskluzivisht p\u00ebr aksionin kund\u00ebr fajdes q\u00eb po zhvillohet n\u00eb rajonin e Gjakov\u00ebs dhe q\u00eb deri m\u00eb tani ka rezultuar me pes\u00eb persona t\u00eb arrestuar dhe konfiskimin e arm\u00ebve, veturave, si dhe provave t\u00eb tjera. Tashm\u00eb burimet kan\u00eb dh\u00ebn\u00eb detaje t\u00eb reja p\u00ebr rastin dhe personat e tjer\u00eb t\u00eb p\u00ebrfshir\u00eb.<\/strong><\/p>\n<p>Si\u00e7 m\u00ebson gazeta aksioni \u00ebsht\u00eb zhvilluar n\u00eb shtat\u00eb objekte t\u00eb banimit dhe n\u00eb disa objekte t\u00eb tjera, me \u00e7\u2019rast jan\u00eb kapur pes\u00eb t\u00eb dyshuarit, derisa dy persona t\u00eb tjer\u00eb jan\u00eb shpallur n\u00eb k\u00ebrkim nga Policia.<\/p>\n<p>Gjat\u00eb bastisjeve t\u00eb zhvilluara n\u00eb k\u00ebto lokacione q\u00eb nga ora 06:00 e m\u00ebngjesit jan\u00eb konfiskuar 2 arm\u00eb t\u00eb gjata dhe 2 vetura, si dhe d\u00ebshmi t\u00eb tjera q\u00eb nd\u00ebrlidhen me rastin.<\/p>\n<p>Rasti \u00ebsht\u00eb konfirmuar p\u00ebr Sinjalin edhe nga Policia Rajonale e Gjakov\u00ebs.<\/p>\n<p>Burimet e Sinjalit kan\u00eb b\u00ebr\u00eb t\u00eb ditur edhe detaje t\u00eb tjera, por p\u00ebr shkak t\u00eb procesit dhe mospengimit t\u00eb rrjedh\u00ebs normale t\u00eb aksionit, nuk do t\u2019i publikohen menj\u00ebher\u00eb.<\/p>\n<p>https:\/\/permbledhja.com\/nga-java-e-ardhshme-fillon-sanimi-i-gropave-ne-rrugen-bardhyl-qaushi\/<\/p>\n","protected":false},"excerpt":{"rendered":"<p>Sinjali raportoi pak m\u00eb par\u00eb ekskluzivisht p\u00ebr aksionin kund\u00ebr fajdes q\u00eb po zhvillohet n\u00eb rajonin e Gjakov\u00ebs dhe q\u00eb deri m\u00eb tani ka rezultuar me pes\u00eb persona t\u00eb arrestuar dhe konfiskimin e arm\u00ebve, veturave, si dhe provave t\u00eb tjera. Tashm\u00eb burimet kan\u00eb dh\u00ebn\u00eb detaje t\u00eb reja p\u00ebr rastin dhe personat e tjer\u00eb t\u00eb p\u00ebrfshir\u00eb. Si\u00e7 [&hellip;]<\/p>\n","protected":false},"author":1,"featured_media":2975,"comment_status":"closed","ping_status":"closed","sticky":false,"template":"","format":"standard","meta":{"_monsterinsights_skip_tracking":false,"_monsterinsights_sitenote_active":false,"_monsterinsights_sitenote_note":"","_monsterinsights_sitenote_category":0,"_uf_show_specific_survey":0,"_uf_disable_surveys":false,"footnotes":""},"categories":[16],"tags":[953,52],"yoast_head":"<!-- This site is optimized with the Yoast SEO plugin v21.5 - https:\/\/yoast.com\/wordpress\/plugins\/seo\/ -->\n<title>Detaje nga aksioni kund\u00ebr fajdes n\u00eb Gjakov\u00eb: Dy t\u00eb dyshuar shpallen n\u00eb k\u00ebrkim, konfiskohen arm\u00eb e vetura<\/title>\n<meta name=\"robots\" content=\"index, follow, max-snippet:-1, max-image-preview:large, max-video-preview:-1\" \/>\n<link rel=\"canonical\" href=\"https:\/\/permbledhja.com\/sq\/detaje-nga-aksioni-kunder-fajdes-ne-gjakove-dy-te-dyshuar-shpallen-ne-kerkim-konfiskohen-arme-e-vetura\/\" \/>\n<meta property=\"og:locale\" content=\"sq_AL\" \/>\n<meta property=\"og:type\" content=\"article\" \/>\n<meta property=\"og:title\" content=\"Detaje nga aksioni kund\u00ebr fajdes n\u00eb Gjakov\u00eb: Dy t\u00eb dyshuar shpallen n\u00eb k\u00ebrkim, konfiskohen arm\u00eb e vetura\" \/>\n<meta property=\"og:description\" content=\"Sinjali raportoi pak m\u00eb par\u00eb ekskluzivisht p\u00ebr aksionin kund\u00ebr fajdes q\u00eb po zhvillohet n\u00eb rajonin e Gjakov\u00ebs dhe q\u00eb deri m\u00eb tani ka rezultuar me pes\u00eb persona t\u00eb arrestuar dhe konfiskimin e arm\u00ebve, veturave, si dhe provave t\u00eb tjera. Tashm\u00eb burimet kan\u00eb dh\u00ebn\u00eb detaje t\u00eb reja p\u00ebr rastin dhe personat e tjer\u00eb t\u00eb p\u00ebrfshir\u00eb. Si\u00e7 [&hellip;]\" \/>\n<meta property=\"og:url\" content=\"https:\/\/permbledhja.com\/sq\/detaje-nga-aksioni-kunder-fajdes-ne-gjakove-dy-te-dyshuar-shpallen-ne-kerkim-konfiskohen-arme-e-vetura\/\" \/>\n<meta property=\"og:site_name\" content=\"Ve\u00e7 artikuj p\u00ebrmbledh\u00ebs\" \/>\n<meta property=\"article:publisher\" content=\"https:\/\/www.facebook.com\/press07\/\" \/>\n<meta property=\"article:author\" content=\"https:\/\/www.facebook.com\/kafexhiu.muharrem\/\" \/>\n<meta property=\"article:published_time\" content=\"2022-10-18T09:19:09+00:00\" \/>\n<meta property=\"og:image\" content=\"https:\/\/permbledhja.com\/wp-content\/uploads\/2022\/07\/Shiriti-i-policise.jpg\" \/>\n\t<meta property=\"og:image:width\" content=\"800\" \/>\n\t<meta property=\"og:image:height\" content=\"470\" \/>\n\t<meta property=\"og:image:type\" content=\"image\/jpeg\" \/>\n<meta name=\"author\" content=\"P\u00ebrmbledhja\" \/>\n<meta name=\"twitter:card\" content=\"summary_large_image\" \/>\n<meta name=\"twitter:label1\" content=\"Written by\" \/>\n\t<meta name=\"twitter:data1\" content=\"P\u00ebrmbledhja\" \/>\n\t<meta name=\"twitter:label2\" content=\"Est. reading time\" \/>\n\t<meta name=\"twitter:data2\" content=\"1 minut\u00eb\" \/>\n<script type=\"application\/ld+json\" class=\"yoast-schema-graph\">{\"@context\":\"https:\/\/schema.org\",\"@graph\":[{\"@type\":\"Article\",\"@id\":\"https:\/\/permbledhja.com\/detaje-nga-aksioni-kunder-fajdes-ne-gjakove-dy-te-dyshuar-shpallen-ne-kerkim-konfiskohen-arme-e-vetura\/#article\",\"isPartOf\":{\"@id\":\"https:\/\/permbledhja.com\/detaje-nga-aksioni-kunder-fajdes-ne-gjakove-dy-te-dyshuar-shpallen-ne-kerkim-konfiskohen-arme-e-vetura\/\"},\"author\":{\"name\":\"P\u00ebrmbledhja\",\"@id\":\"https:\/\/permbledhja.com\/#\/schema\/person\/0d064377258d3221e50693947b9eb4fe\"},\"headline\":\"Detaje nga aksioni kund\u00ebr fajdes n\u00eb Gjakov\u00eb: Dy t\u00eb dyshuar shpallen n\u00eb k\u00ebrkim, konfiskohen arm\u00eb e vetura\",\"datePublished\":\"2022-10-18T09:19:09+00:00\",\"dateModified\":\"2022-10-18T09:19:09+00:00\",\"mainEntityOfPage\":{\"@id\":\"https:\/\/permbledhja.com\/detaje-nga-aksioni-kunder-fajdes-ne-gjakove-dy-te-dyshuar-shpallen-ne-kerkim-konfiskohen-arme-e-vetura\/\"},\"wordCount\":199,\"publisher\":{\"@id\":\"https:\/\/permbledhja.com\/#organization\"},\"keywords\":[\"Fajde\",\"Gjakov\u00eb\"],\"articleSection\":[\"Gjakov\u00eb\"],\"inLanguage\":\"sq\"},{\"@type\":\"WebPage\",\"@id\":\"https:\/\/permbledhja.com\/detaje-nga-aksioni-kunder-fajdes-ne-gjakove-dy-te-dyshuar-shpallen-ne-kerkim-konfiskohen-arme-e-vetura\/\",\"url\":\"https:\/\/permbledhja.com\/detaje-nga-aksioni-kunder-fajdes-ne-gjakove-dy-te-dyshuar-shpallen-ne-kerkim-konfiskohen-arme-e-vetura\/\",\"name\":\"Detaje nga aksioni kund\u00ebr fajdes n\u00eb Gjakov\u00eb: Dy t\u00eb dyshuar shpallen n\u00eb k\u00ebrkim, konfiskohen arm\u00eb e vetura\",\"isPartOf\":{\"@id\":\"https:\/\/permbledhja.com\/#website\"},\"datePublished\":\"2022-10-18T09:19:09+00:00\",\"dateModified\":\"2022-10-18T09:19:09+00:00\",\"breadcrumb\":{\"@id\":\"https:\/\/permbledhja.com\/detaje-nga-aksioni-kunder-fajdes-ne-gjakove-dy-te-dyshuar-shpallen-ne-kerkim-konfiskohen-arme-e-vetura\/#breadcrumb\"},\"inLanguage\":\"sq\",\"potentialAction\":[{\"@type\":\"ReadAction\",\"target\":[\"https:\/\/permbledhja.com\/detaje-nga-aksioni-kunder-fajdes-ne-gjakove-dy-te-dyshuar-shpallen-ne-kerkim-konfiskohen-arme-e-vetura\/\"]}]},{\"@type\":\"BreadcrumbList\",\"@id\":\"https:\/\/permbledhja.com\/detaje-nga-aksioni-kunder-fajdes-ne-gjakove-dy-te-dyshuar-shpallen-ne-kerkim-konfiskohen-arme-e-vetura\/#breadcrumb\",\"itemListElement\":[{\"@type\":\"ListItem\",\"position\":1,\"name\":\"Ballina\",\"item\":\"https:\/\/permbledhja.com\/sq\/\"},{\"@type\":\"ListItem\",\"position\":2,\"name\":\"Detaje nga aksioni kund\u00ebr fajdes n\u00eb Gjakov\u00eb: Dy t\u00eb dyshuar shpallen n\u00eb k\u00ebrkim, konfiskohen arm\u00eb e vetura\"}]},{\"@type\":\"WebSite\",\"@id\":\"https:\/\/permbledhja.com\/#website\",\"url\":\"https:\/\/permbledhja.com\/\",\"name\":\"Ve\u00e7 artikuj p\u00ebrmbledh\u00ebs\",\"description\":\"\",\"publisher\":{\"@id\":\"https:\/\/permbledhja.com\/#organization\"},\"potentialAction\":[{\"@type\":\"SearchAction\",\"target\":{\"@type\":\"EntryPoint\",\"urlTemplate\":\"https:\/\/permbledhja.com\/?s={search_term_string}\"},\"query-input\":\"required name=search_term_string\"}],\"inLanguage\":\"sq\"},{\"@type\":\"Organization\",\"@id\":\"https:\/\/permbledhja.com\/#organization\",\"name\":\"MK Media & Pr\",\"url\":\"https:\/\/permbledhja.com\/\",\"logo\":{\"@type\":\"ImageObject\",\"inLanguage\":\"sq\",\"@id\":\"https:\/\/permbledhja.com\/#\/schema\/logo\/image\/\",\"url\":\"https:\/\/permbledhja.com\/wp-content\/uploads\/2021\/12\/07-Press-Logo.jpg\",\"contentUrl\":\"https:\/\/permbledhja.com\/wp-content\/uploads\/2021\/12\/07-Press-Logo.jpg\",\"width\":512,\"height\":512,\"caption\":\"MK Media & Pr\"},\"image\":{\"@id\":\"https:\/\/permbledhja.com\/#\/schema\/logo\/image\/\"},\"sameAs\":[\"https:\/\/www.facebook.com\/press07\/\"]},{\"@type\":\"Person\",\"@id\":\"https:\/\/permbledhja.com\/#\/schema\/person\/0d064377258d3221e50693947b9eb4fe\",\"name\":\"P\u00ebrmbledhja\",\"image\":{\"@type\":\"ImageObject\",\"inLanguage\":\"sq\",\"@id\":\"https:\/\/permbledhja.com\/#\/schema\/person\/image\/\",\"url\":\"https:\/\/permbledhja.com\/wp-content\/uploads\/2026\/01\/452004717_1040944174702970_8932037511805513407_n-96x96.jpg\",\"contentUrl\":\"https:\/\/permbledhja.com\/wp-content\/uploads\/2026\/01\/452004717_1040944174702970_8932037511805513407_n-96x96.jpg\",\"caption\":\"P\u00ebrmbledhja\"},\"sameAs\":[\"https:\/\/www.facebook.com\/kafexhiu.muharrem\/\",\"https:\/\/www.instagram.com\/muharrem_kafexhiu\/\"],\"url\":\"https:\/\/permbledhja.com\/sq\/author\/admin\/\"}]}<\/script>\n<!-- \/ Yoast SEO plugin. -->","yoast_head_json":{"title":"Detaje nga aksioni kund\u00ebr fajdes n\u00eb Gjakov\u00eb: Dy t\u00eb dyshuar shpallen n\u00eb k\u00ebrkim, konfiskohen arm\u00eb e vetura","robots":{"index":"index","follow":"follow","max-snippet":"max-snippet:-1","max-image-preview":"max-image-preview:large","max-video-preview":"max-video-preview:-1"},"canonical":"https:\/\/permbledhja.com\/sq\/detaje-nga-aksioni-kunder-fajdes-ne-gjakove-dy-te-dyshuar-shpallen-ne-kerkim-konfiskohen-arme-e-vetura\/","og_locale":"sq_AL","og_type":"article","og_title":"Detaje nga aksioni kund\u00ebr fajdes n\u00eb Gjakov\u00eb: Dy t\u00eb dyshuar shpallen n\u00eb k\u00ebrkim, konfiskohen arm\u00eb e vetura","og_description":"Sinjali raportoi pak m\u00eb par\u00eb ekskluzivisht p\u00ebr aksionin kund\u00ebr fajdes q\u00eb po zhvillohet n\u00eb rajonin e Gjakov\u00ebs dhe q\u00eb deri m\u00eb tani ka rezultuar me pes\u00eb persona t\u00eb arrestuar dhe konfiskimin e arm\u00ebve, veturave, si dhe provave t\u00eb tjera. Tashm\u00eb burimet kan\u00eb dh\u00ebn\u00eb detaje t\u00eb reja p\u00ebr rastin dhe personat e tjer\u00eb t\u00eb p\u00ebrfshir\u00eb. Si\u00e7 [&hellip;]","og_url":"https:\/\/permbledhja.com\/sq\/detaje-nga-aksioni-kunder-fajdes-ne-gjakove-dy-te-dyshuar-shpallen-ne-kerkim-konfiskohen-arme-e-vetura\/","og_site_name":"Ve\u00e7 artikuj p\u00ebrmbledh\u00ebs","article_publisher":"https:\/\/www.facebook.com\/press07\/","article_author":"https:\/\/www.facebook.com\/kafexhiu.muharrem\/","article_published_time":"2022-10-18T09:19:09+00:00","og_image":[{"width":800,"height":470,"url":"https:\/\/permbledhja.com\/wp-content\/uploads\/2022\/07\/Shiriti-i-policise.jpg","type":"image\/jpeg"}],"author":"P\u00ebrmbledhja","twitter_card":"summary_large_image","twitter_misc":{"Written by":"P\u00ebrmbledhja","Est. reading time":"1 minut\u00eb"},"schema":{"@context":"https:\/\/schema.org","@graph":[{"@type":"Article","@id":"https:\/\/permbledhja.com\/detaje-nga-aksioni-kunder-fajdes-ne-gjakove-dy-te-dyshuar-shpallen-ne-kerkim-konfiskohen-arme-e-vetura\/#article","isPartOf":{"@id":"https:\/\/permbledhja.com\/detaje-nga-aksioni-kunder-fajdes-ne-gjakove-dy-te-dyshuar-shpallen-ne-kerkim-konfiskohen-arme-e-vetura\/"},"author":{"name":"P\u00ebrmbledhja","@id":"https:\/\/permbledhja.com\/#\/schema\/person\/0d064377258d3221e50693947b9eb4fe"},"headline":"Detaje nga aksioni kund\u00ebr fajdes n\u00eb Gjakov\u00eb: Dy t\u00eb dyshuar shpallen n\u00eb k\u00ebrkim, konfiskohen arm\u00eb e vetura","datePublished":"2022-10-18T09:19:09+00:00","dateModified":"2022-10-18T09:19:09+00:00","mainEntityOfPage":{"@id":"https:\/\/permbledhja.com\/detaje-nga-aksioni-kunder-fajdes-ne-gjakove-dy-te-dyshuar-shpallen-ne-kerkim-konfiskohen-arme-e-vetura\/"},"wordCount":199,"publisher":{"@id":"https:\/\/permbledhja.com\/#organization"},"keywords":["Fajde","Gjakov\u00eb"],"articleSection":["Gjakov\u00eb"],"inLanguage":"sq"},{"@type":"WebPage","@id":"https:\/\/permbledhja.com\/detaje-nga-aksioni-kunder-fajdes-ne-gjakove-dy-te-dyshuar-shpallen-ne-kerkim-konfiskohen-arme-e-vetura\/","url":"https:\/\/permbledhja.com\/detaje-nga-aksioni-kunder-fajdes-ne-gjakove-dy-te-dyshuar-shpallen-ne-kerkim-konfiskohen-arme-e-vetura\/","name":"Detaje nga aksioni kund\u00ebr fajdes n\u00eb Gjakov\u00eb: Dy t\u00eb dyshuar shpallen n\u00eb k\u00ebrkim, konfiskohen arm\u00eb e vetura","isPartOf":{"@id":"https:\/\/permbledhja.com\/#website"},"datePublished":"2022-10-18T09:19:09+00:00","dateModified":"2022-10-18T09:19:09+00:00","breadcrumb":{"@id":"https:\/\/permbledhja.com\/detaje-nga-aksioni-kunder-fajdes-ne-gjakove-dy-te-dyshuar-shpallen-ne-kerkim-konfiskohen-arme-e-vetura\/#breadcrumb"},"inLanguage":"sq","potentialAction":[{"@type":"ReadAction","target":["https:\/\/permbledhja.com\/detaje-nga-aksioni-kunder-fajdes-ne-gjakove-dy-te-dyshuar-shpallen-ne-kerkim-konfiskohen-arme-e-vetura\/"]}]},{"@type":"BreadcrumbList","@id":"https:\/\/permbledhja.com\/detaje-nga-aksioni-kunder-fajdes-ne-gjakove-dy-te-dyshuar-shpallen-ne-kerkim-konfiskohen-arme-e-vetura\/#breadcrumb","itemListElement":[{"@type":"ListItem","position":1,"name":"Ballina","item":"https:\/\/permbledhja.com\/sq\/"},{"@type":"ListItem","position":2,"name":"Detaje nga aksioni kund\u00ebr fajdes n\u00eb Gjakov\u00eb: Dy t\u00eb dyshuar shpallen n\u00eb k\u00ebrkim, konfiskohen arm\u00eb e vetura"}]},{"@type":"WebSite","@id":"https:\/\/permbledhja.com\/#website","url":"https:\/\/permbledhja.com\/","name":"Ve\u00e7 artikuj p\u00ebrmbledh\u00ebs","description":"","publisher":{"@id":"https:\/\/permbledhja.com\/#organization"},"potentialAction":[{"@type":"SearchAction","target":{"@type":"EntryPoint","urlTemplate":"https:\/\/permbledhja.com\/?s={search_term_string}"},"query-input":"required name=search_term_string"}],"inLanguage":"sq"},{"@type":"Organization","@id":"https:\/\/permbledhja.com\/#organization","name":"MK Media & Pr","url":"https:\/\/permbledhja.com\/","logo":{"@type":"ImageObject","inLanguage":"sq","@id":"https:\/\/permbledhja.com\/#\/schema\/logo\/image\/","url":"https:\/\/permbledhja.com\/wp-content\/uploads\/2021\/12\/07-Press-Logo.jpg","contentUrl":"https:\/\/permbledhja.com\/wp-content\/uploads\/2021\/12\/07-Press-Logo.jpg","width":512,"height":512,"caption":"MK Media & Pr"},"image":{"@id":"https:\/\/permbledhja.com\/#\/schema\/logo\/image\/"},"sameAs":["https:\/\/www.facebook.com\/press07\/"]},{"@type":"Person","@id":"https:\/\/permbledhja.com\/#\/schema\/person\/0d064377258d3221e50693947b9eb4fe","name":"P\u00ebrmbledhja","image":{"@type":"ImageObject","inLanguage":"sq","@id":"https:\/\/permbledhja.com\/#\/schema\/person\/image\/","url":"https:\/\/permbledhja.com\/wp-content\/uploads\/2026\/01\/452004717_1040944174702970_8932037511805513407_n-96x96.jpg","contentUrl":"https:\/\/permbledhja.com\/wp-content\/uploads\/2026\/01\/452004717_1040944174702970_8932037511805513407_n-96x96.jpg","caption":"P\u00ebrmbledhja"},"sameAs":["https:\/\/www.facebook.com\/kafexhiu.muharrem\/","https:\/\/www.instagram.com\/muharrem_kafexhiu\/"],"url":"https:\/\/permbledhja.com\/sq\/author\/admin\/"}]}},"_links":{"self":[{"href":"https:\/\/permbledhja.com\/sq\/wp-json\/wp\/v2\/posts\/7948"}],"collection":[{"href":"https:\/\/permbledhja.com\/sq\/wp-json\/wp\/v2\/posts"}],"about":[{"href":"https:\/\/permbledhja.com\/sq\/wp-json\/wp\/v2\/types\/post"}],"author":[{"embeddable":true,"href":"https:\/\/permbledhja.com\/sq\/wp-json\/wp\/v2\/users\/1"}],"replies":[{"embeddable":true,"href":"https:\/\/permbledhja.com\/sq\/wp-json\/wp\/v2\/comments?post=7948"}],"version-history":[{"count":1,"href":"https:\/\/permbledhja.com\/sq\/wp-json\/wp\/v2\/posts\/7948\/revisions"}],"predecessor-version":[{"id":7950,"href":"https:\/\/permbledhja.com\/sq\/wp-json\/wp\/v2\/posts\/7948\/revisions\/7950"}],"wp:featuredmedia":[{"embeddable":true,"href":"https:\/\/permbledhja.com\/sq\/wp-json\/wp\/v2\/media\/2975"}],"wp:attachment":[{"href":"https:\/\/permbledhja.com\/sq\/wp-json\/wp\/v2\/media?parent=7948"}],"wp:term":[{"taxonomy":"category","embeddable":true,"href":"https:\/\/permbledhja.com\/sq\/wp-json\/wp\/v2\/categories?post=7948"},{"taxonomy":"post_tag","embeddable":true,"href":"https:\/\/permbledhja.com\/sq\/wp-json\/wp\/v2\/tags?post=7948"}],"curies":[{"name":"wp","href":"https:\/\/api.w.org\/{rel}","templated":true}]}}