{"id":7946,"date":"2022-10-18T09:17:27","date_gmt":"2022-10-18T09:17:27","guid":{"rendered":"https:\/\/permbledhja.com\/?p=7946"},"modified":"2022-10-18T09:17:27","modified_gmt":"2022-10-18T09:17:27","slug":"kritika-te-medha-per-formen-e-ndarjes-se-subvencioneve-ne-bujqesi","status":"publish","type":"post","link":"https:\/\/permbledhja.com\/sq\/kritika-te-medha-per-formen-e-ndarjes-se-subvencioneve-ne-bujqesi\/","title":{"rendered":"Kritika t\u00eb m\u00ebdha p\u00ebr form\u00ebn e ndarjes s\u00eb subvencioneve n\u00eb bujq\u00ebsi"},"content":{"rendered":"<p>Mbi 196 milion\u00eb euro \u00ebsht\u00eb vlera e granteve dhe subvencioneve t\u00eb ndara p\u00ebr bujqit nga Ministria e Bujq\u00ebsis\u00eb, q\u00eb nga viti 2020. P\u00ebrkund\u00ebr rritjes s\u00eb financimit publik, rritja e prodhimtaris\u00eb bujq\u00ebsore nuk po vler\u00ebsohet e k\u00ebnaqshme.<br \/>\nP\u00ebrfaq\u00ebsues bujqish e ekspert\u00eb kan\u00eb kritika p\u00ebr metodologjin\u00eb e ndarjes s\u00eb subvencioneve e granteve, si dhe munges\u00ebn e kontrolleve nga Ministria e Bujq\u00ebsis\u00eb.<\/p>\n<p>Rreth 73 milion\u00eb e gjysm\u00eb \u00ebsht\u00eb vlera e mjeteve financiare t\u00eb ndara p\u00ebr bujqit kosovar\u00eb nga buxheti i shtetit p\u00ebr vitin 2022. Nga k\u00ebto mjete, 49 milion\u00eb jan\u00eb ndar\u00eb p\u00ebr pagesa direkte, e pak mbi 24 milion\u00eb p\u00ebr grante. Sipas t\u00eb dh\u00ebn\u00ebve t\u00eb Ministris\u00eb s\u00eb Bujq\u00ebsis\u00eb, q\u00eb nga viti 2020, si subvencione dhe grante p\u00ebr bujq jan\u00eb ndar\u00eb pak mbi 196 milion\u00eb euro.<\/p>\n<p>Megjith\u00ebk\u00ebt\u00eb dhe p\u00ebrkund\u00ebr rritjes s\u00eb financimit publik nga viti n\u00eb vit, rritja e prodhimtaris\u00eb bujq\u00ebsore po vler\u00ebsohet e pak\u00ebnaqshme.<\/p>\n<p>Nj\u00eb gj\u00eb e till\u00eb theksohet edhe n\u00eb dy raporte t\u00eb Institutit GAP, t\u00eb vitit 2021, mbi ndikimin e subvencione dhe grante n\u00eb bujq\u00ebsi.<\/p>\n<p>Sipas kryetarit t\u00eb Federat\u00ebs Sindikale t\u00eb Bujqve, Tahir Tahiri, subvencionet nuk po ndikojn\u00eb sa duhet n\u00eb rendimente si pasoj\u00eb e metodologjis\u00eb s\u00eb gabuar t\u00eb shp\u00ebrndarjes s\u00eb tyre.<\/p>\n<p>\u201cPolitikat p\u00ebr shp\u00ebrndarjen e subvencioneve jan\u00eb t\u00eb gabuara. P\u00ebr k\u00ebt\u00eb edhe kemi dh\u00ebn\u00eb v\u00ebrejtje, sepse, me k\u00ebt\u00eb m\u00ebnyr\u00eb t\u00eb dh\u00ebnies s\u00eb subvencioneve edhe n\u00eb t\u00eb ardhmen nuk do t\u2019i kemi rezultatet e duhura, pasi jan\u00eb momentet e caktuara kur subvencionet japin efektin e tyre. Ne besojm\u00eb se subvencionet duhet dh\u00ebn\u00eb gjat\u00eb vegjetacionit t\u00eb nj\u00eb kulture bujq\u00ebsore, e jo n\u00eb fund. P\u00ebr shembull, kultivuesit e grurit kan\u00eb nevoj\u00eb n\u00eb start t\u2019i ken\u00eb mjetet q\u00eb ndan ministria, n\u00eb m\u00ebnyr\u00eb q\u00eb t\u00eb blejn\u00eb far\u00ebn dhe plehrat\u201d, tha ai.<\/p>\n<p>Tahiri, tutje thot\u00eb p\u00ebr Radio Kosov\u00ebn se si federat\u00eb kan\u00eb v\u00ebrejtje edhe p\u00ebr m\u00ebnyr\u00ebn e ndarjes s\u00eb granteve dhe monitorimet e pakta n\u00eb teren.<\/p>\n<p>Nj\u00ebjt\u00eb si Tahiri, edhe profesori universitar i Bujq\u00ebsis\u00eb, Imer Rusinovci, thot\u00eb se ndarja e subvencioneve dhe granteve duhet t\u00eb vazhdoj\u00eb, n\u00eb m\u00ebnyr\u00eb q\u00eb bujqit ta ken\u00eb m\u00eb t\u00eb leht\u00eb ushtrimin e veprimtarive bujq\u00ebsore. P\u00ebr rezultate m\u00eb t\u00eb mira n\u00eb rritjen e rendimenteve n\u00eb bujq\u00ebsi, Rusinovci thot\u00eb se p\u00ebrve\u00e7 ndarjes s\u00eb mjeteve, \u00ebsht\u00eb i nevojsh\u00ebm edhe monitorimi.<\/p>\n<p>\u201cShtimi i masave stimulative p\u00ebr bujqit \u00ebsht\u00eb adekuate, por q\u00eb, n\u00eb an\u00ebn tjet\u00ebr importi vazhdon t\u00eb jet\u00eb n\u00eb rritje. K\u00ebtu ka nj\u00eb dilem\u00eb t\u00eb madhe, sepse monitorimi i mjeteve t\u00eb ndara nuk \u00ebsht\u00eb i duhur dhe nuk p\u00ebrjashtohet mund\u00ebsia e keqp\u00ebrdorimit t\u00eb tyre, \u00e7ka duhet t\u00eb sanksionohet nj\u00ebher\u00eb e p\u00ebrgjithmon\u00eb, jo me mjete mediatike e prononcime megalomane, por me veprime konkrete, sepse ai q\u00eb punon duhet t\u00eb mb\u00ebshtetet\u201d, thot\u00eb Rusinovci.<\/p>\n<p>N\u00eb lidhje me ndikimin e granteve dhe subvencioneve n\u00eb rritjen e prodhimtaris\u00eb, Radio Kosova i \u00ebsht\u00eb drejtuar Ministris\u00eb s\u00eb Bujq\u00ebsis\u00eb. \u201cVler\u00ebsimi i rezultateve t\u00eb ndikimit t\u00eb p\u00ebrkrahjes buxhetore p\u00ebrmes programeve t\u00eb rregullta mb\u00ebshtet\u00ebse b\u00ebhet p\u00ebrmes \u2018Vler\u00ebsimit ex-post\u2019 dhe analiz\u00ebs sektoriale e cila p\u00ebrfshin secil\u00ebn kultur\u00eb bujq\u00ebsore\u201d, kan\u00eb th\u00ebn\u00eb n\u00eb nj\u00eb p\u00ebrgjigjeje me shkrim zyrtar\u00eb nga kjo ministri, duke mos treguar se te cila kultur\u00eb ose veprimtari bujq\u00ebsore v\u00ebrehet ndikimi m\u00eb i madh i p\u00ebrkrahjes financiare n\u00eb rritjen e prodhimtaris\u00eb<\/p>\n","protected":false},"excerpt":{"rendered":"<p>Mbi 196 milion\u00eb euro \u00ebsht\u00eb vlera e granteve dhe subvencioneve t\u00eb ndara p\u00ebr bujqit nga Ministria e Bujq\u00ebsis\u00eb, q\u00eb nga viti 2020. P\u00ebrkund\u00ebr rritjes s\u00eb financimit publik, rritja e prodhimtaris\u00eb bujq\u00ebsore nuk po vler\u00ebsohet e k\u00ebnaqshme. P\u00ebrfaq\u00ebsues bujqish e ekspert\u00eb kan\u00eb kritika p\u00ebr metodologjin\u00eb e ndarjes s\u00eb subvencioneve e granteve, si dhe munges\u00ebn e kontrolleve [&hellip;]<\/p>\n","protected":false},"author":1,"featured_media":4926,"comment_status":"closed","ping_status":"closed","sticky":false,"template":"","format":"standard","meta":{"_monsterinsights_skip_tracking":false,"_monsterinsights_sitenote_active":false,"_monsterinsights_sitenote_note":"","_monsterinsights_sitenote_category":0,"_uf_show_specific_survey":0,"_uf_disable_surveys":false,"footnotes":""},"categories":[23,15],"tags":[],"yoast_head":"<!-- This site is optimized with the Yoast SEO plugin v21.5 - https:\/\/yoast.com\/wordpress\/plugins\/seo\/ -->\n<title>Kritika t\u00eb m\u00ebdha p\u00ebr form\u00ebn e ndarjes s\u00eb subvencioneve n\u00eb bujq\u00ebsi<\/title>\n<meta name=\"robots\" content=\"index, follow, max-snippet:-1, max-image-preview:large, max-video-preview:-1\" \/>\n<link rel=\"canonical\" href=\"https:\/\/permbledhja.com\/sq\/kritika-te-medha-per-formen-e-ndarjes-se-subvencioneve-ne-bujqesi\/\" \/>\n<meta property=\"og:locale\" content=\"sq_AL\" \/>\n<meta property=\"og:type\" content=\"article\" \/>\n<meta property=\"og:title\" content=\"Kritika t\u00eb m\u00ebdha p\u00ebr form\u00ebn e ndarjes s\u00eb subvencioneve n\u00eb bujq\u00ebsi\" \/>\n<meta property=\"og:description\" content=\"Mbi 196 milion\u00eb euro \u00ebsht\u00eb vlera e granteve dhe subvencioneve t\u00eb ndara p\u00ebr bujqit nga Ministria e Bujq\u00ebsis\u00eb, q\u00eb nga viti 2020. P\u00ebrkund\u00ebr rritjes s\u00eb financimit publik, rritja e prodhimtaris\u00eb bujq\u00ebsore nuk po vler\u00ebsohet e k\u00ebnaqshme. P\u00ebrfaq\u00ebsues bujqish e ekspert\u00eb kan\u00eb kritika p\u00ebr metodologjin\u00eb e ndarjes s\u00eb subvencioneve e granteve, si dhe munges\u00ebn e kontrolleve [&hellip;]\" \/>\n<meta property=\"og:url\" content=\"https:\/\/permbledhja.com\/sq\/kritika-te-medha-per-formen-e-ndarjes-se-subvencioneve-ne-bujqesi\/\" \/>\n<meta property=\"og:site_name\" content=\"Ve\u00e7 artikuj p\u00ebrmbledh\u00ebs\" \/>\n<meta property=\"article:publisher\" content=\"https:\/\/www.facebook.com\/press07\/\" \/>\n<meta property=\"article:author\" content=\"https:\/\/www.facebook.com\/kafexhiu.muharrem\/\" \/>\n<meta property=\"article:published_time\" content=\"2022-10-18T09:17:27+00:00\" \/>\n<meta property=\"og:image\" content=\"https:\/\/permbledhja.com\/wp-content\/uploads\/2022\/09\/subvencione.jpg\" \/>\n\t<meta property=\"og:image:width\" content=\"780\" \/>\n\t<meta property=\"og:image:height\" content=\"439\" \/>\n\t<meta property=\"og:image:type\" content=\"image\/jpeg\" \/>\n<meta name=\"author\" content=\"P\u00ebrmbledhja\" \/>\n<meta name=\"twitter:card\" content=\"summary_large_image\" \/>\n<meta name=\"twitter:label1\" content=\"Written by\" \/>\n\t<meta name=\"twitter:data1\" content=\"P\u00ebrmbledhja\" \/>\n\t<meta name=\"twitter:label2\" content=\"Est. reading time\" \/>\n\t<meta name=\"twitter:data2\" content=\"3 minuta\" \/>\n<script type=\"application\/ld+json\" class=\"yoast-schema-graph\">{\"@context\":\"https:\/\/schema.org\",\"@graph\":[{\"@type\":\"Article\",\"@id\":\"https:\/\/permbledhja.com\/kritika-te-medha-per-formen-e-ndarjes-se-subvencioneve-ne-bujqesi\/#article\",\"isPartOf\":{\"@id\":\"https:\/\/permbledhja.com\/kritika-te-medha-per-formen-e-ndarjes-se-subvencioneve-ne-bujqesi\/\"},\"author\":{\"name\":\"P\u00ebrmbledhja\",\"@id\":\"https:\/\/permbledhja.com\/#\/schema\/person\/0d064377258d3221e50693947b9eb4fe\"},\"headline\":\"Kritika t\u00eb m\u00ebdha p\u00ebr form\u00ebn e ndarjes s\u00eb subvencioneve n\u00eb bujq\u00ebsi\",\"datePublished\":\"2022-10-18T09:17:27+00:00\",\"dateModified\":\"2022-10-18T09:17:27+00:00\",\"mainEntityOfPage\":{\"@id\":\"https:\/\/permbledhja.com\/kritika-te-medha-per-formen-e-ndarjes-se-subvencioneve-ne-bujqesi\/\"},\"wordCount\":600,\"publisher\":{\"@id\":\"https:\/\/permbledhja.com\/#organization\"},\"articleSection\":[\"Komb\u00ebtare\",\"Lajme\"],\"inLanguage\":\"sq\"},{\"@type\":\"WebPage\",\"@id\":\"https:\/\/permbledhja.com\/kritika-te-medha-per-formen-e-ndarjes-se-subvencioneve-ne-bujqesi\/\",\"url\":\"https:\/\/permbledhja.com\/kritika-te-medha-per-formen-e-ndarjes-se-subvencioneve-ne-bujqesi\/\",\"name\":\"Kritika t\u00eb m\u00ebdha p\u00ebr form\u00ebn e ndarjes s\u00eb subvencioneve n\u00eb bujq\u00ebsi\",\"isPartOf\":{\"@id\":\"https:\/\/permbledhja.com\/#website\"},\"datePublished\":\"2022-10-18T09:17:27+00:00\",\"dateModified\":\"2022-10-18T09:17:27+00:00\",\"breadcrumb\":{\"@id\":\"https:\/\/permbledhja.com\/kritika-te-medha-per-formen-e-ndarjes-se-subvencioneve-ne-bujqesi\/#breadcrumb\"},\"inLanguage\":\"sq\",\"potentialAction\":[{\"@type\":\"ReadAction\",\"target\":[\"https:\/\/permbledhja.com\/kritika-te-medha-per-formen-e-ndarjes-se-subvencioneve-ne-bujqesi\/\"]}]},{\"@type\":\"BreadcrumbList\",\"@id\":\"https:\/\/permbledhja.com\/kritika-te-medha-per-formen-e-ndarjes-se-subvencioneve-ne-bujqesi\/#breadcrumb\",\"itemListElement\":[{\"@type\":\"ListItem\",\"position\":1,\"name\":\"Ballina\",\"item\":\"https:\/\/permbledhja.com\/sq\/\"},{\"@type\":\"ListItem\",\"position\":2,\"name\":\"Kritika t\u00eb m\u00ebdha p\u00ebr form\u00ebn e ndarjes s\u00eb subvencioneve n\u00eb bujq\u00ebsi\"}]},{\"@type\":\"WebSite\",\"@id\":\"https:\/\/permbledhja.com\/#website\",\"url\":\"https:\/\/permbledhja.com\/\",\"name\":\"Ve\u00e7 artikuj p\u00ebrmbledh\u00ebs\",\"description\":\"\",\"publisher\":{\"@id\":\"https:\/\/permbledhja.com\/#organization\"},\"potentialAction\":[{\"@type\":\"SearchAction\",\"target\":{\"@type\":\"EntryPoint\",\"urlTemplate\":\"https:\/\/permbledhja.com\/?s={search_term_string}\"},\"query-input\":\"required name=search_term_string\"}],\"inLanguage\":\"sq\"},{\"@type\":\"Organization\",\"@id\":\"https:\/\/permbledhja.com\/#organization\",\"name\":\"MK Media & Pr\",\"url\":\"https:\/\/permbledhja.com\/\",\"logo\":{\"@type\":\"ImageObject\",\"inLanguage\":\"sq\",\"@id\":\"https:\/\/permbledhja.com\/#\/schema\/logo\/image\/\",\"url\":\"https:\/\/permbledhja.com\/wp-content\/uploads\/2021\/12\/07-Press-Logo.jpg\",\"contentUrl\":\"https:\/\/permbledhja.com\/wp-content\/uploads\/2021\/12\/07-Press-Logo.jpg\",\"width\":512,\"height\":512,\"caption\":\"MK Media & Pr\"},\"image\":{\"@id\":\"https:\/\/permbledhja.com\/#\/schema\/logo\/image\/\"},\"sameAs\":[\"https:\/\/www.facebook.com\/press07\/\"]},{\"@type\":\"Person\",\"@id\":\"https:\/\/permbledhja.com\/#\/schema\/person\/0d064377258d3221e50693947b9eb4fe\",\"name\":\"P\u00ebrmbledhja\",\"image\":{\"@type\":\"ImageObject\",\"inLanguage\":\"sq\",\"@id\":\"https:\/\/permbledhja.com\/#\/schema\/person\/image\/\",\"url\":\"https:\/\/permbledhja.com\/wp-content\/uploads\/2026\/01\/452004717_1040944174702970_8932037511805513407_n-96x96.jpg\",\"contentUrl\":\"https:\/\/permbledhja.com\/wp-content\/uploads\/2026\/01\/452004717_1040944174702970_8932037511805513407_n-96x96.jpg\",\"caption\":\"P\u00ebrmbledhja\"},\"sameAs\":[\"https:\/\/www.facebook.com\/kafexhiu.muharrem\/\",\"https:\/\/www.instagram.com\/muharrem_kafexhiu\/\"],\"url\":\"https:\/\/permbledhja.com\/sq\/author\/admin\/\"}]}<\/script>\n<!-- \/ Yoast SEO plugin. -->","yoast_head_json":{"title":"Kritika t\u00eb m\u00ebdha p\u00ebr form\u00ebn e ndarjes s\u00eb subvencioneve n\u00eb bujq\u00ebsi","robots":{"index":"index","follow":"follow","max-snippet":"max-snippet:-1","max-image-preview":"max-image-preview:large","max-video-preview":"max-video-preview:-1"},"canonical":"https:\/\/permbledhja.com\/sq\/kritika-te-medha-per-formen-e-ndarjes-se-subvencioneve-ne-bujqesi\/","og_locale":"sq_AL","og_type":"article","og_title":"Kritika t\u00eb m\u00ebdha p\u00ebr form\u00ebn e ndarjes s\u00eb subvencioneve n\u00eb bujq\u00ebsi","og_description":"Mbi 196 milion\u00eb euro \u00ebsht\u00eb vlera e granteve dhe subvencioneve t\u00eb ndara p\u00ebr bujqit nga Ministria e Bujq\u00ebsis\u00eb, q\u00eb nga viti 2020. P\u00ebrkund\u00ebr rritjes s\u00eb financimit publik, rritja e prodhimtaris\u00eb bujq\u00ebsore nuk po vler\u00ebsohet e k\u00ebnaqshme. P\u00ebrfaq\u00ebsues bujqish e ekspert\u00eb kan\u00eb kritika p\u00ebr metodologjin\u00eb e ndarjes s\u00eb subvencioneve e granteve, si dhe munges\u00ebn e kontrolleve [&hellip;]","og_url":"https:\/\/permbledhja.com\/sq\/kritika-te-medha-per-formen-e-ndarjes-se-subvencioneve-ne-bujqesi\/","og_site_name":"Ve\u00e7 artikuj p\u00ebrmbledh\u00ebs","article_publisher":"https:\/\/www.facebook.com\/press07\/","article_author":"https:\/\/www.facebook.com\/kafexhiu.muharrem\/","article_published_time":"2022-10-18T09:17:27+00:00","og_image":[{"width":780,"height":439,"url":"https:\/\/permbledhja.com\/wp-content\/uploads\/2022\/09\/subvencione.jpg","type":"image\/jpeg"}],"author":"P\u00ebrmbledhja","twitter_card":"summary_large_image","twitter_misc":{"Written by":"P\u00ebrmbledhja","Est. reading time":"3 minuta"},"schema":{"@context":"https:\/\/schema.org","@graph":[{"@type":"Article","@id":"https:\/\/permbledhja.com\/kritika-te-medha-per-formen-e-ndarjes-se-subvencioneve-ne-bujqesi\/#article","isPartOf":{"@id":"https:\/\/permbledhja.com\/kritika-te-medha-per-formen-e-ndarjes-se-subvencioneve-ne-bujqesi\/"},"author":{"name":"P\u00ebrmbledhja","@id":"https:\/\/permbledhja.com\/#\/schema\/person\/0d064377258d3221e50693947b9eb4fe"},"headline":"Kritika t\u00eb m\u00ebdha p\u00ebr form\u00ebn e ndarjes s\u00eb subvencioneve n\u00eb bujq\u00ebsi","datePublished":"2022-10-18T09:17:27+00:00","dateModified":"2022-10-18T09:17:27+00:00","mainEntityOfPage":{"@id":"https:\/\/permbledhja.com\/kritika-te-medha-per-formen-e-ndarjes-se-subvencioneve-ne-bujqesi\/"},"wordCount":600,"publisher":{"@id":"https:\/\/permbledhja.com\/#organization"},"articleSection":["Komb\u00ebtare","Lajme"],"inLanguage":"sq"},{"@type":"WebPage","@id":"https:\/\/permbledhja.com\/kritika-te-medha-per-formen-e-ndarjes-se-subvencioneve-ne-bujqesi\/","url":"https:\/\/permbledhja.com\/kritika-te-medha-per-formen-e-ndarjes-se-subvencioneve-ne-bujqesi\/","name":"Kritika t\u00eb m\u00ebdha p\u00ebr form\u00ebn e ndarjes s\u00eb subvencioneve n\u00eb bujq\u00ebsi","isPartOf":{"@id":"https:\/\/permbledhja.com\/#website"},"datePublished":"2022-10-18T09:17:27+00:00","dateModified":"2022-10-18T09:17:27+00:00","breadcrumb":{"@id":"https:\/\/permbledhja.com\/kritika-te-medha-per-formen-e-ndarjes-se-subvencioneve-ne-bujqesi\/#breadcrumb"},"inLanguage":"sq","potentialAction":[{"@type":"ReadAction","target":["https:\/\/permbledhja.com\/kritika-te-medha-per-formen-e-ndarjes-se-subvencioneve-ne-bujqesi\/"]}]},{"@type":"BreadcrumbList","@id":"https:\/\/permbledhja.com\/kritika-te-medha-per-formen-e-ndarjes-se-subvencioneve-ne-bujqesi\/#breadcrumb","itemListElement":[{"@type":"ListItem","position":1,"name":"Ballina","item":"https:\/\/permbledhja.com\/sq\/"},{"@type":"ListItem","position":2,"name":"Kritika t\u00eb m\u00ebdha p\u00ebr form\u00ebn e ndarjes s\u00eb subvencioneve n\u00eb bujq\u00ebsi"}]},{"@type":"WebSite","@id":"https:\/\/permbledhja.com\/#website","url":"https:\/\/permbledhja.com\/","name":"Ve\u00e7 artikuj p\u00ebrmbledh\u00ebs","description":"","publisher":{"@id":"https:\/\/permbledhja.com\/#organization"},"potentialAction":[{"@type":"SearchAction","target":{"@type":"EntryPoint","urlTemplate":"https:\/\/permbledhja.com\/?s={search_term_string}"},"query-input":"required name=search_term_string"}],"inLanguage":"sq"},{"@type":"Organization","@id":"https:\/\/permbledhja.com\/#organization","name":"MK Media & Pr","url":"https:\/\/permbledhja.com\/","logo":{"@type":"ImageObject","inLanguage":"sq","@id":"https:\/\/permbledhja.com\/#\/schema\/logo\/image\/","url":"https:\/\/permbledhja.com\/wp-content\/uploads\/2021\/12\/07-Press-Logo.jpg","contentUrl":"https:\/\/permbledhja.com\/wp-content\/uploads\/2021\/12\/07-Press-Logo.jpg","width":512,"height":512,"caption":"MK Media & Pr"},"image":{"@id":"https:\/\/permbledhja.com\/#\/schema\/logo\/image\/"},"sameAs":["https:\/\/www.facebook.com\/press07\/"]},{"@type":"Person","@id":"https:\/\/permbledhja.com\/#\/schema\/person\/0d064377258d3221e50693947b9eb4fe","name":"P\u00ebrmbledhja","image":{"@type":"ImageObject","inLanguage":"sq","@id":"https:\/\/permbledhja.com\/#\/schema\/person\/image\/","url":"https:\/\/permbledhja.com\/wp-content\/uploads\/2026\/01\/452004717_1040944174702970_8932037511805513407_n-96x96.jpg","contentUrl":"https:\/\/permbledhja.com\/wp-content\/uploads\/2026\/01\/452004717_1040944174702970_8932037511805513407_n-96x96.jpg","caption":"P\u00ebrmbledhja"},"sameAs":["https:\/\/www.facebook.com\/kafexhiu.muharrem\/","https:\/\/www.instagram.com\/muharrem_kafexhiu\/"],"url":"https:\/\/permbledhja.com\/sq\/author\/admin\/"}]}},"_links":{"self":[{"href":"https:\/\/permbledhja.com\/sq\/wp-json\/wp\/v2\/posts\/7946"}],"collection":[{"href":"https:\/\/permbledhja.com\/sq\/wp-json\/wp\/v2\/posts"}],"about":[{"href":"https:\/\/permbledhja.com\/sq\/wp-json\/wp\/v2\/types\/post"}],"author":[{"embeddable":true,"href":"https:\/\/permbledhja.com\/sq\/wp-json\/wp\/v2\/users\/1"}],"replies":[{"embeddable":true,"href":"https:\/\/permbledhja.com\/sq\/wp-json\/wp\/v2\/comments?post=7946"}],"version-history":[{"count":1,"href":"https:\/\/permbledhja.com\/sq\/wp-json\/wp\/v2\/posts\/7946\/revisions"}],"predecessor-version":[{"id":7949,"href":"https:\/\/permbledhja.com\/sq\/wp-json\/wp\/v2\/posts\/7946\/revisions\/7949"}],"wp:featuredmedia":[{"embeddable":true,"href":"https:\/\/permbledhja.com\/sq\/wp-json\/wp\/v2\/media\/4926"}],"wp:attachment":[{"href":"https:\/\/permbledhja.com\/sq\/wp-json\/wp\/v2\/media?parent=7946"}],"wp:term":[{"taxonomy":"category","embeddable":true,"href":"https:\/\/permbledhja.com\/sq\/wp-json\/wp\/v2\/categories?post=7946"},{"taxonomy":"post_tag","embeddable":true,"href":"https:\/\/permbledhja.com\/sq\/wp-json\/wp\/v2\/tags?post=7946"}],"curies":[{"name":"wp","href":"https:\/\/api.w.org\/{rel}","templated":true}]}}