{"id":7931,"date":"2022-10-18T09:12:39","date_gmt":"2022-10-18T09:12:39","guid":{"rendered":"https:\/\/permbledhja.com\/?p=7931"},"modified":"2022-10-18T09:12:39","modified_gmt":"2022-10-18T09:12:39","slug":"biznesmeni-bedri-rexhepi-dyshohet-se-u-vra-per-30-mije-euro-ngrihet-aktakuze-ndaj-dy-personave","status":"publish","type":"post","link":"https:\/\/permbledhja.com\/sq\/biznesmeni-bedri-rexhepi-dyshohet-se-u-vra-per-30-mije-euro-ngrihet-aktakuze-ndaj-dy-personave\/","title":{"rendered":"Biznesmeni Bedri Rexhepi dyshohet se u vra p\u00ebr 30 mij\u00eb euro, ngrihet aktakuz\u00eb ndaj dy personave"},"content":{"rendered":"<p><strong>Prokurori Armend Hamiti ka njoftuar se ka ngritur aktakuz\u00eb ndaj Jeton dhe Nexhat Vllasaliut, p\u00ebr rastin e biznesmenit Bedri Rexhepi. Aktakuza \u00ebsht\u00eb ngritur p\u00ebr vepr\u00ebn penale vrasje e r\u00ebnd\u00eb n\u00eb bashk\u00ebkryerje.<\/strong><\/p>\n<p>Prokurori tha se motivi i vrasjes dyshohet t\u00eb jen\u00eb 30 mij\u00eb euro.<\/p>\n<p><em>\u201cKam arritur t\u00eb v\u00ebrtetoj dhe kam ngrit aktakuz\u00eb ndaj Jeton dhe Nexhat Vllasaliu, n\u00eb drejtim t\u00eb veprave vrasje e r\u00ebnd\u00eb n\u00eb bashk\u00ebkryerje dhe d\u00ebmtimi i kufomave. Motivi i kryerjes s\u00eb k\u00ebtyre veprave \u00ebsht\u00eb i ul\u00ebt. Sipas hetimit ton\u00eb, rezulton se vrasja ka ndodhur p\u00ebr shkak t\u00eb p\u00ebrfitimit material, p\u00ebr 30 mij\u00eb euro\u201d<\/em>, ka deklaruar Hamiti.<\/p>\n<p>Bedri Rexhepi \u00ebsht\u00eb zhdukur m\u00eb 8 prill t\u00eb vitit t\u00eb kaluar. Nj\u00eb dit\u00eb m\u00eb von\u00eb, n\u00eb arat e fshatit Janjev\u00eb t\u00eb Lipjanit u gjet vetura e tij, e braktisur.<\/p>\n<p>Lidhur me zhdukjen e Bedriut, policia arrestoi Jeton Vllasaliun, i cili dyshohet t\u00eb jet\u00eb i p\u00ebrfshir\u00eb n\u00eb rr\u00ebmbimin e tij.<\/p>\n<p>M\u00eb von\u00eb jan\u00eb arrestuar edhe v\u00ebllai dhe kunata e Vllasaliut.<\/p>\n<p>Pas zhdukjes s\u00eb Bedriut, v\u00ebllez\u00ebrit e tij pat\u00ebn deklaruar p\u00ebr Express se i dyshuari Jeton Vllasaliu ka qen\u00eb klient i 38-vje\u00e7arit, pasi ky i fundit kishte n\u00eb pron\u00ebsi nj\u00eb kompani t\u00eb veturave me qira.<\/p>\n<p><em>\u201cKa qen\u00eb klient i v\u00ebllait, deri n\u00eb koh\u00ebn kur \u00ebsht\u00eb arrestuar ka qen\u00eb me vetur\u00eb t\u00eb v\u00ebllait. Ka qen\u00eb i rregullt me pagesa, pak me vonesa, por ka qen\u00eb. P\u00ebr k\u00ebt\u00eb s\u2019kan\u00eb pasur ndonj\u00eb problem\u201d<\/em>, pati deklaruar deklaruar Adnan Rexhepi.<\/p>\n<p>Ai kishte treguar se v\u00ebllai i tij e ka pasur me vete nj\u00eb shum\u00eb t\u00eb parave, por familja nuk e di sa kan\u00eb qen\u00eb.<\/p>\n<p><em>\u201cShum\u00eb t\u00eb parave ka pasur, por sasin\u00eb nuk e dim\u00eb as ne. Dyshimet jan\u00eb t\u00eb gjithanshme, n\u00eb \u00e7do an\u00eb dhe \u00e7do send po dyshojm\u00eb, por s\u2019po dim\u00eb konkret di\u00e7ka hala\u201d<\/em>, kishte deklaruar ai. \/Express<\/p>\n","protected":false},"excerpt":{"rendered":"<p>Prokurori Armend Hamiti ka njoftuar se ka ngritur aktakuz\u00eb ndaj Jeton dhe Nexhat Vllasaliut, p\u00ebr rastin e biznesmenit Bedri Rexhepi. Aktakuza \u00ebsht\u00eb ngritur p\u00ebr vepr\u00ebn penale vrasje e r\u00ebnd\u00eb n\u00eb bashk\u00ebkryerje. Prokurori tha se motivi i vrasjes dyshohet t\u00eb jen\u00eb 30 mij\u00eb euro. \u201cKam arritur t\u00eb v\u00ebrtetoj dhe kam ngrit aktakuz\u00eb ndaj Jeton dhe Nexhat [&hellip;]<\/p>\n","protected":false},"author":1,"featured_media":7941,"comment_status":"closed","ping_status":"closed","sticky":false,"template":"","format":"standard","meta":{"_monsterinsights_skip_tracking":false,"_monsterinsights_sitenote_active":false,"_monsterinsights_sitenote_note":"","_monsterinsights_sitenote_category":0,"_uf_show_specific_survey":0,"_uf_disable_surveys":false,"footnotes":""},"categories":[22],"tags":[748],"yoast_head":"<!-- This site is optimized with the Yoast SEO plugin v21.5 - https:\/\/yoast.com\/wordpress\/plugins\/seo\/ -->\n<title>Biznesmeni Bedri Rexhepi dyshohet se u vra p\u00ebr 30 mij\u00eb euro, ngrihet aktakuz\u00eb ndaj dy personave<\/title>\n<meta name=\"robots\" content=\"index, follow, max-snippet:-1, max-image-preview:large, max-video-preview:-1\" \/>\n<link rel=\"canonical\" href=\"https:\/\/permbledhja.com\/sq\/biznesmeni-bedri-rexhepi-dyshohet-se-u-vra-per-30-mije-euro-ngrihet-aktakuze-ndaj-dy-personave\/\" \/>\n<meta property=\"og:locale\" content=\"sq_AL\" \/>\n<meta property=\"og:type\" content=\"article\" \/>\n<meta property=\"og:title\" content=\"Biznesmeni Bedri Rexhepi dyshohet se u vra p\u00ebr 30 mij\u00eb euro, ngrihet aktakuz\u00eb ndaj dy personave\" \/>\n<meta property=\"og:description\" content=\"Prokurori Armend Hamiti ka njoftuar se ka ngritur aktakuz\u00eb ndaj Jeton dhe Nexhat Vllasaliut, p\u00ebr rastin e biznesmenit Bedri Rexhepi. Aktakuza \u00ebsht\u00eb ngritur p\u00ebr vepr\u00ebn penale vrasje e r\u00ebnd\u00eb n\u00eb bashk\u00ebkryerje. Prokurori tha se motivi i vrasjes dyshohet t\u00eb jen\u00eb 30 mij\u00eb euro. \u201cKam arritur t\u00eb v\u00ebrtetoj dhe kam ngrit aktakuz\u00eb ndaj Jeton dhe Nexhat [&hellip;]\" \/>\n<meta property=\"og:url\" content=\"https:\/\/permbledhja.com\/sq\/biznesmeni-bedri-rexhepi-dyshohet-se-u-vra-per-30-mije-euro-ngrihet-aktakuze-ndaj-dy-personave\/\" \/>\n<meta property=\"og:site_name\" content=\"Ve\u00e7 artikuj p\u00ebrmbledh\u00ebs\" \/>\n<meta property=\"article:publisher\" content=\"https:\/\/www.facebook.com\/press07\/\" \/>\n<meta property=\"article:author\" content=\"https:\/\/www.facebook.com\/kafexhiu.muharrem\/\" \/>\n<meta property=\"article:published_time\" content=\"2022-10-18T09:12:39+00:00\" \/>\n<meta property=\"og:image\" content=\"https:\/\/permbledhja.com\/wp-content\/uploads\/2022\/10\/307384080_1174401729952615_6640687752575644883_n-600x360-1.jpg\" \/>\n\t<meta property=\"og:image:width\" content=\"600\" \/>\n\t<meta property=\"og:image:height\" content=\"360\" \/>\n\t<meta property=\"og:image:type\" content=\"image\/jpeg\" \/>\n<meta name=\"author\" content=\"P\u00ebrmbledhja\" \/>\n<meta name=\"twitter:card\" content=\"summary_large_image\" \/>\n<meta name=\"twitter:label1\" content=\"Written by\" \/>\n\t<meta name=\"twitter:data1\" content=\"P\u00ebrmbledhja\" \/>\n\t<meta name=\"twitter:label2\" content=\"Est. reading time\" \/>\n\t<meta name=\"twitter:data2\" content=\"2 minuta\" \/>\n<script type=\"application\/ld+json\" class=\"yoast-schema-graph\">{\"@context\":\"https:\/\/schema.org\",\"@graph\":[{\"@type\":\"Article\",\"@id\":\"https:\/\/permbledhja.com\/biznesmeni-bedri-rexhepi-dyshohet-se-u-vra-per-30-mije-euro-ngrihet-aktakuze-ndaj-dy-personave\/#article\",\"isPartOf\":{\"@id\":\"https:\/\/permbledhja.com\/biznesmeni-bedri-rexhepi-dyshohet-se-u-vra-per-30-mije-euro-ngrihet-aktakuze-ndaj-dy-personave\/\"},\"author\":{\"name\":\"P\u00ebrmbledhja\",\"@id\":\"https:\/\/permbledhja.com\/#\/schema\/person\/0d064377258d3221e50693947b9eb4fe\"},\"headline\":\"Biznesmeni Bedri Rexhepi dyshohet se u vra p\u00ebr 30 mij\u00eb euro, ngrihet aktakuz\u00eb ndaj dy personave\",\"datePublished\":\"2022-10-18T09:12:39+00:00\",\"dateModified\":\"2022-10-18T09:12:39+00:00\",\"mainEntityOfPage\":{\"@id\":\"https:\/\/permbledhja.com\/biznesmeni-bedri-rexhepi-dyshohet-se-u-vra-per-30-mije-euro-ngrihet-aktakuze-ndaj-dy-personave\/\"},\"wordCount\":334,\"publisher\":{\"@id\":\"https:\/\/permbledhja.com\/#organization\"},\"keywords\":[\"Bedri Rexhepi\"],\"articleSection\":[\"Ballina\"],\"inLanguage\":\"sq\"},{\"@type\":\"WebPage\",\"@id\":\"https:\/\/permbledhja.com\/biznesmeni-bedri-rexhepi-dyshohet-se-u-vra-per-30-mije-euro-ngrihet-aktakuze-ndaj-dy-personave\/\",\"url\":\"https:\/\/permbledhja.com\/biznesmeni-bedri-rexhepi-dyshohet-se-u-vra-per-30-mije-euro-ngrihet-aktakuze-ndaj-dy-personave\/\",\"name\":\"Biznesmeni Bedri Rexhepi dyshohet se u vra p\u00ebr 30 mij\u00eb euro, ngrihet aktakuz\u00eb ndaj dy personave\",\"isPartOf\":{\"@id\":\"https:\/\/permbledhja.com\/#website\"},\"datePublished\":\"2022-10-18T09:12:39+00:00\",\"dateModified\":\"2022-10-18T09:12:39+00:00\",\"breadcrumb\":{\"@id\":\"https:\/\/permbledhja.com\/biznesmeni-bedri-rexhepi-dyshohet-se-u-vra-per-30-mije-euro-ngrihet-aktakuze-ndaj-dy-personave\/#breadcrumb\"},\"inLanguage\":\"sq\",\"potentialAction\":[{\"@type\":\"ReadAction\",\"target\":[\"https:\/\/permbledhja.com\/biznesmeni-bedri-rexhepi-dyshohet-se-u-vra-per-30-mije-euro-ngrihet-aktakuze-ndaj-dy-personave\/\"]}]},{\"@type\":\"BreadcrumbList\",\"@id\":\"https:\/\/permbledhja.com\/biznesmeni-bedri-rexhepi-dyshohet-se-u-vra-per-30-mije-euro-ngrihet-aktakuze-ndaj-dy-personave\/#breadcrumb\",\"itemListElement\":[{\"@type\":\"ListItem\",\"position\":1,\"name\":\"Ballina\",\"item\":\"https:\/\/permbledhja.com\/sq\/\"},{\"@type\":\"ListItem\",\"position\":2,\"name\":\"Biznesmeni Bedri Rexhepi dyshohet se u vra p\u00ebr 30 mij\u00eb euro, ngrihet aktakuz\u00eb ndaj dy personave\"}]},{\"@type\":\"WebSite\",\"@id\":\"https:\/\/permbledhja.com\/#website\",\"url\":\"https:\/\/permbledhja.com\/\",\"name\":\"Ve\u00e7 artikuj p\u00ebrmbledh\u00ebs\",\"description\":\"\",\"publisher\":{\"@id\":\"https:\/\/permbledhja.com\/#organization\"},\"potentialAction\":[{\"@type\":\"SearchAction\",\"target\":{\"@type\":\"EntryPoint\",\"urlTemplate\":\"https:\/\/permbledhja.com\/?s={search_term_string}\"},\"query-input\":\"required name=search_term_string\"}],\"inLanguage\":\"sq\"},{\"@type\":\"Organization\",\"@id\":\"https:\/\/permbledhja.com\/#organization\",\"name\":\"MK Media & Pr\",\"url\":\"https:\/\/permbledhja.com\/\",\"logo\":{\"@type\":\"ImageObject\",\"inLanguage\":\"sq\",\"@id\":\"https:\/\/permbledhja.com\/#\/schema\/logo\/image\/\",\"url\":\"https:\/\/permbledhja.com\/wp-content\/uploads\/2021\/12\/07-Press-Logo.jpg\",\"contentUrl\":\"https:\/\/permbledhja.com\/wp-content\/uploads\/2021\/12\/07-Press-Logo.jpg\",\"width\":512,\"height\":512,\"caption\":\"MK Media & Pr\"},\"image\":{\"@id\":\"https:\/\/permbledhja.com\/#\/schema\/logo\/image\/\"},\"sameAs\":[\"https:\/\/www.facebook.com\/press07\/\"]},{\"@type\":\"Person\",\"@id\":\"https:\/\/permbledhja.com\/#\/schema\/person\/0d064377258d3221e50693947b9eb4fe\",\"name\":\"P\u00ebrmbledhja\",\"image\":{\"@type\":\"ImageObject\",\"inLanguage\":\"sq\",\"@id\":\"https:\/\/permbledhja.com\/#\/schema\/person\/image\/\",\"url\":\"https:\/\/permbledhja.com\/wp-content\/uploads\/2026\/01\/452004717_1040944174702970_8932037511805513407_n-96x96.jpg\",\"contentUrl\":\"https:\/\/permbledhja.com\/wp-content\/uploads\/2026\/01\/452004717_1040944174702970_8932037511805513407_n-96x96.jpg\",\"caption\":\"P\u00ebrmbledhja\"},\"sameAs\":[\"https:\/\/www.facebook.com\/kafexhiu.muharrem\/\",\"https:\/\/www.instagram.com\/muharrem_kafexhiu\/\"],\"url\":\"https:\/\/permbledhja.com\/sq\/author\/admin\/\"}]}<\/script>\n<!-- \/ Yoast SEO plugin. -->","yoast_head_json":{"title":"Biznesmeni Bedri Rexhepi dyshohet se u vra p\u00ebr 30 mij\u00eb euro, ngrihet aktakuz\u00eb ndaj dy personave","robots":{"index":"index","follow":"follow","max-snippet":"max-snippet:-1","max-image-preview":"max-image-preview:large","max-video-preview":"max-video-preview:-1"},"canonical":"https:\/\/permbledhja.com\/sq\/biznesmeni-bedri-rexhepi-dyshohet-se-u-vra-per-30-mije-euro-ngrihet-aktakuze-ndaj-dy-personave\/","og_locale":"sq_AL","og_type":"article","og_title":"Biznesmeni Bedri Rexhepi dyshohet se u vra p\u00ebr 30 mij\u00eb euro, ngrihet aktakuz\u00eb ndaj dy personave","og_description":"Prokurori Armend Hamiti ka njoftuar se ka ngritur aktakuz\u00eb ndaj Jeton dhe Nexhat Vllasaliut, p\u00ebr rastin e biznesmenit Bedri Rexhepi. Aktakuza \u00ebsht\u00eb ngritur p\u00ebr vepr\u00ebn penale vrasje e r\u00ebnd\u00eb n\u00eb bashk\u00ebkryerje. Prokurori tha se motivi i vrasjes dyshohet t\u00eb jen\u00eb 30 mij\u00eb euro. \u201cKam arritur t\u00eb v\u00ebrtetoj dhe kam ngrit aktakuz\u00eb ndaj Jeton dhe Nexhat [&hellip;]","og_url":"https:\/\/permbledhja.com\/sq\/biznesmeni-bedri-rexhepi-dyshohet-se-u-vra-per-30-mije-euro-ngrihet-aktakuze-ndaj-dy-personave\/","og_site_name":"Ve\u00e7 artikuj p\u00ebrmbledh\u00ebs","article_publisher":"https:\/\/www.facebook.com\/press07\/","article_author":"https:\/\/www.facebook.com\/kafexhiu.muharrem\/","article_published_time":"2022-10-18T09:12:39+00:00","og_image":[{"width":600,"height":360,"url":"https:\/\/permbledhja.com\/wp-content\/uploads\/2022\/10\/307384080_1174401729952615_6640687752575644883_n-600x360-1.jpg","type":"image\/jpeg"}],"author":"P\u00ebrmbledhja","twitter_card":"summary_large_image","twitter_misc":{"Written by":"P\u00ebrmbledhja","Est. reading time":"2 minuta"},"schema":{"@context":"https:\/\/schema.org","@graph":[{"@type":"Article","@id":"https:\/\/permbledhja.com\/biznesmeni-bedri-rexhepi-dyshohet-se-u-vra-per-30-mije-euro-ngrihet-aktakuze-ndaj-dy-personave\/#article","isPartOf":{"@id":"https:\/\/permbledhja.com\/biznesmeni-bedri-rexhepi-dyshohet-se-u-vra-per-30-mije-euro-ngrihet-aktakuze-ndaj-dy-personave\/"},"author":{"name":"P\u00ebrmbledhja","@id":"https:\/\/permbledhja.com\/#\/schema\/person\/0d064377258d3221e50693947b9eb4fe"},"headline":"Biznesmeni Bedri Rexhepi dyshohet se u vra p\u00ebr 30 mij\u00eb euro, ngrihet aktakuz\u00eb ndaj dy personave","datePublished":"2022-10-18T09:12:39+00:00","dateModified":"2022-10-18T09:12:39+00:00","mainEntityOfPage":{"@id":"https:\/\/permbledhja.com\/biznesmeni-bedri-rexhepi-dyshohet-se-u-vra-per-30-mije-euro-ngrihet-aktakuze-ndaj-dy-personave\/"},"wordCount":334,"publisher":{"@id":"https:\/\/permbledhja.com\/#organization"},"keywords":["Bedri Rexhepi"],"articleSection":["Ballina"],"inLanguage":"sq"},{"@type":"WebPage","@id":"https:\/\/permbledhja.com\/biznesmeni-bedri-rexhepi-dyshohet-se-u-vra-per-30-mije-euro-ngrihet-aktakuze-ndaj-dy-personave\/","url":"https:\/\/permbledhja.com\/biznesmeni-bedri-rexhepi-dyshohet-se-u-vra-per-30-mije-euro-ngrihet-aktakuze-ndaj-dy-personave\/","name":"Biznesmeni Bedri Rexhepi dyshohet se u vra p\u00ebr 30 mij\u00eb euro, ngrihet aktakuz\u00eb ndaj dy personave","isPartOf":{"@id":"https:\/\/permbledhja.com\/#website"},"datePublished":"2022-10-18T09:12:39+00:00","dateModified":"2022-10-18T09:12:39+00:00","breadcrumb":{"@id":"https:\/\/permbledhja.com\/biznesmeni-bedri-rexhepi-dyshohet-se-u-vra-per-30-mije-euro-ngrihet-aktakuze-ndaj-dy-personave\/#breadcrumb"},"inLanguage":"sq","potentialAction":[{"@type":"ReadAction","target":["https:\/\/permbledhja.com\/biznesmeni-bedri-rexhepi-dyshohet-se-u-vra-per-30-mije-euro-ngrihet-aktakuze-ndaj-dy-personave\/"]}]},{"@type":"BreadcrumbList","@id":"https:\/\/permbledhja.com\/biznesmeni-bedri-rexhepi-dyshohet-se-u-vra-per-30-mije-euro-ngrihet-aktakuze-ndaj-dy-personave\/#breadcrumb","itemListElement":[{"@type":"ListItem","position":1,"name":"Ballina","item":"https:\/\/permbledhja.com\/sq\/"},{"@type":"ListItem","position":2,"name":"Biznesmeni Bedri Rexhepi dyshohet se u vra p\u00ebr 30 mij\u00eb euro, ngrihet aktakuz\u00eb ndaj dy personave"}]},{"@type":"WebSite","@id":"https:\/\/permbledhja.com\/#website","url":"https:\/\/permbledhja.com\/","name":"Ve\u00e7 artikuj p\u00ebrmbledh\u00ebs","description":"","publisher":{"@id":"https:\/\/permbledhja.com\/#organization"},"potentialAction":[{"@type":"SearchAction","target":{"@type":"EntryPoint","urlTemplate":"https:\/\/permbledhja.com\/?s={search_term_string}"},"query-input":"required name=search_term_string"}],"inLanguage":"sq"},{"@type":"Organization","@id":"https:\/\/permbledhja.com\/#organization","name":"MK Media & Pr","url":"https:\/\/permbledhja.com\/","logo":{"@type":"ImageObject","inLanguage":"sq","@id":"https:\/\/permbledhja.com\/#\/schema\/logo\/image\/","url":"https:\/\/permbledhja.com\/wp-content\/uploads\/2021\/12\/07-Press-Logo.jpg","contentUrl":"https:\/\/permbledhja.com\/wp-content\/uploads\/2021\/12\/07-Press-Logo.jpg","width":512,"height":512,"caption":"MK Media & Pr"},"image":{"@id":"https:\/\/permbledhja.com\/#\/schema\/logo\/image\/"},"sameAs":["https:\/\/www.facebook.com\/press07\/"]},{"@type":"Person","@id":"https:\/\/permbledhja.com\/#\/schema\/person\/0d064377258d3221e50693947b9eb4fe","name":"P\u00ebrmbledhja","image":{"@type":"ImageObject","inLanguage":"sq","@id":"https:\/\/permbledhja.com\/#\/schema\/person\/image\/","url":"https:\/\/permbledhja.com\/wp-content\/uploads\/2026\/01\/452004717_1040944174702970_8932037511805513407_n-96x96.jpg","contentUrl":"https:\/\/permbledhja.com\/wp-content\/uploads\/2026\/01\/452004717_1040944174702970_8932037511805513407_n-96x96.jpg","caption":"P\u00ebrmbledhja"},"sameAs":["https:\/\/www.facebook.com\/kafexhiu.muharrem\/","https:\/\/www.instagram.com\/muharrem_kafexhiu\/"],"url":"https:\/\/permbledhja.com\/sq\/author\/admin\/"}]}},"_links":{"self":[{"href":"https:\/\/permbledhja.com\/sq\/wp-json\/wp\/v2\/posts\/7931"}],"collection":[{"href":"https:\/\/permbledhja.com\/sq\/wp-json\/wp\/v2\/posts"}],"about":[{"href":"https:\/\/permbledhja.com\/sq\/wp-json\/wp\/v2\/types\/post"}],"author":[{"embeddable":true,"href":"https:\/\/permbledhja.com\/sq\/wp-json\/wp\/v2\/users\/1"}],"replies":[{"embeddable":true,"href":"https:\/\/permbledhja.com\/sq\/wp-json\/wp\/v2\/comments?post=7931"}],"version-history":[{"count":1,"href":"https:\/\/permbledhja.com\/sq\/wp-json\/wp\/v2\/posts\/7931\/revisions"}],"predecessor-version":[{"id":7942,"href":"https:\/\/permbledhja.com\/sq\/wp-json\/wp\/v2\/posts\/7931\/revisions\/7942"}],"wp:featuredmedia":[{"embeddable":true,"href":"https:\/\/permbledhja.com\/sq\/wp-json\/wp\/v2\/media\/7941"}],"wp:attachment":[{"href":"https:\/\/permbledhja.com\/sq\/wp-json\/wp\/v2\/media?parent=7931"}],"wp:term":[{"taxonomy":"category","embeddable":true,"href":"https:\/\/permbledhja.com\/sq\/wp-json\/wp\/v2\/categories?post=7931"},{"taxonomy":"post_tag","embeddable":true,"href":"https:\/\/permbledhja.com\/sq\/wp-json\/wp\/v2\/tags?post=7931"}],"curies":[{"name":"wp","href":"https:\/\/api.w.org\/{rel}","templated":true}]}}