{"id":7837,"date":"2022-10-17T10:52:06","date_gmt":"2022-10-17T10:52:06","guid":{"rendered":"https:\/\/permbledhja.com\/?p=7837"},"modified":"2022-10-17T10:52:06","modified_gmt":"2022-10-17T10:52:06","slug":"kjo-eshte-forma-se-si-terheqja-e-trustit-mund-te-miratohet-ne-kuvend","status":"publish","type":"post","link":"https:\/\/permbledhja.com\/sq\/kjo-eshte-forma-se-si-terheqja-e-trustit-mund-te-miratohet-ne-kuvend\/","title":{"rendered":"Kjo \u00ebsht\u00eb forma se si t\u00ebrheqja e Trustit mund t\u00eb miratohet n\u00eb Kuvend"},"content":{"rendered":"<p><strong>P\u00ebr ndryshimin e projektligjit q\u00eb do t\u00eb mund\u00ebsonte t\u00ebrheqjen e nj\u00eb p\u00ebrqindje t\u00eb Trust-it pensional domosdoshm\u00ebrisht duhet q\u00eb prezent\u00eb n\u00eb Kuvend t\u00eb jen\u00eb s\u00eb paku 61 deputet\u00eb ku nga ta 31 t\u00eb votojn\u00eb \u201cpro\u201d<\/strong>.<\/p>\n<p>Me doemos duhet 31 vota p\u00ebr dhe prezenc\u00eb prej 61 ligj\u00ebv\u00ebn\u00ebsish t\u00eb Kuvendit t\u00eb Kosov\u00ebs.<\/p>\n<p>Deputeti i Partis\u00eb Demokratike, Bekim Haxhiu, me iniciativ\u00ebn e tij ka propozuar q\u00eb t\u00eb lejohet t\u00ebrheqja e deri n\u00eb 30% t\u00eb kursimeve pensionale si pasoj\u00eb e situat\u00ebs s\u00eb r\u00ebnduar ekonomike dhe rritjes s\u00eb \u00e7mimeve n\u00eb nivele t\u00eb pap\u00ebrballueshme p\u00ebr qytetar\u00ebt e Kosov\u00ebs.<\/p>\n<p>Lidhja Demokratike e Kosov\u00ebs dhe Aleanca p\u00ebr Ardhm\u00ebrin\u00eb e Kosov\u00ebs e kan\u00eb p\u00ebrkrahur n\u00eb parim lejimin e t\u00ebrheqjes s\u00eb nj\u00eb p\u00ebrqindje t\u00eb arsyeshme t\u00eb Trust-it, derisa L\u00ebvizja Vet\u00ebvendosje e ka kund\u00ebrshtuar a priori.<\/p>\n<p>Megjithat\u00eb, deputeti Haxhiu thot\u00eb se jan\u00eb disa deputet\u00eb t\u00eb L\u00ebvizjes Vet\u00ebvendosje t\u00eb cil\u00ebt jan\u00eb dakord t\u00eb votojn\u00eb p\u00ebr plot\u00ebsim-ndryshimit e projektligjin p\u00ebr Trust-it.<\/p>\n","protected":false},"excerpt":{"rendered":"<p>P\u00ebr ndryshimin e projektligjit q\u00eb do t\u00eb mund\u00ebsonte t\u00ebrheqjen e nj\u00eb p\u00ebrqindje t\u00eb Trust-it pensional domosdoshm\u00ebrisht duhet q\u00eb prezent\u00eb n\u00eb Kuvend t\u00eb jen\u00eb s\u00eb paku 61 deputet\u00eb ku nga ta 31 t\u00eb votojn\u00eb \u201cpro\u201d. Me doemos duhet 31 vota p\u00ebr dhe prezenc\u00eb prej 61 ligj\u00ebv\u00ebn\u00ebsish t\u00eb Kuvendit t\u00eb Kosov\u00ebs. Deputeti i Partis\u00eb Demokratike, Bekim Haxhiu, [&hellip;]<\/p>\n","protected":false},"author":1,"featured_media":7043,"comment_status":"closed","ping_status":"closed","sticky":false,"template":"","format":"standard","meta":{"_monsterinsights_skip_tracking":false,"_monsterinsights_sitenote_active":false,"_monsterinsights_sitenote_note":"","_monsterinsights_sitenote_category":0,"_uf_show_specific_survey":0,"_uf_disable_surveys":false,"footnotes":""},"categories":[23,15],"tags":[],"yoast_head":"<!-- This site is optimized with the Yoast SEO plugin v21.5 - https:\/\/yoast.com\/wordpress\/plugins\/seo\/ -->\n<title>Kjo \u00ebsht\u00eb forma se si t\u00ebrheqja e Trustit mund t\u00eb miratohet n\u00eb Kuvend<\/title>\n<meta name=\"robots\" content=\"index, follow, max-snippet:-1, max-image-preview:large, max-video-preview:-1\" \/>\n<link rel=\"canonical\" href=\"https:\/\/permbledhja.com\/sq\/kjo-eshte-forma-se-si-terheqja-e-trustit-mund-te-miratohet-ne-kuvend\/\" \/>\n<meta property=\"og:locale\" content=\"sq_AL\" \/>\n<meta property=\"og:type\" content=\"article\" \/>\n<meta property=\"og:title\" content=\"Kjo \u00ebsht\u00eb forma se si t\u00ebrheqja e Trustit mund t\u00eb miratohet n\u00eb Kuvend\" \/>\n<meta property=\"og:description\" content=\"P\u00ebr ndryshimin e projektligjit q\u00eb do t\u00eb mund\u00ebsonte t\u00ebrheqjen e nj\u00eb p\u00ebrqindje t\u00eb Trust-it pensional domosdoshm\u00ebrisht duhet q\u00eb prezent\u00eb n\u00eb Kuvend t\u00eb jen\u00eb s\u00eb paku 61 deputet\u00eb ku nga ta 31 t\u00eb votojn\u00eb \u201cpro\u201d. Me doemos duhet 31 vota p\u00ebr dhe prezenc\u00eb prej 61 ligj\u00ebv\u00ebn\u00ebsish t\u00eb Kuvendit t\u00eb Kosov\u00ebs. Deputeti i Partis\u00eb Demokratike, Bekim Haxhiu, [&hellip;]\" \/>\n<meta property=\"og:url\" content=\"https:\/\/permbledhja.com\/sq\/kjo-eshte-forma-se-si-terheqja-e-trustit-mund-te-miratohet-ne-kuvend\/\" \/>\n<meta property=\"og:site_name\" content=\"Ve\u00e7 artikuj p\u00ebrmbledh\u00ebs\" \/>\n<meta property=\"article:publisher\" content=\"https:\/\/www.facebook.com\/press07\/\" \/>\n<meta property=\"article:author\" content=\"https:\/\/www.facebook.com\/kafexhiu.muharrem\/\" \/>\n<meta property=\"article:published_time\" content=\"2022-10-17T10:52:06+00:00\" \/>\n<meta property=\"og:image\" content=\"https:\/\/permbledhja.com\/wp-content\/uploads\/2022\/09\/trusti-1.png\" \/>\n\t<meta property=\"og:image:width\" content=\"737\" \/>\n\t<meta property=\"og:image:height\" content=\"418\" \/>\n\t<meta property=\"og:image:type\" content=\"image\/png\" \/>\n<meta name=\"author\" content=\"P\u00ebrmbledhja\" \/>\n<meta name=\"twitter:card\" content=\"summary_large_image\" \/>\n<meta name=\"twitter:label1\" content=\"Written by\" \/>\n\t<meta name=\"twitter:data1\" content=\"P\u00ebrmbledhja\" \/>\n\t<meta name=\"twitter:label2\" content=\"Est. reading time\" \/>\n\t<meta name=\"twitter:data2\" content=\"1 minut\u00eb\" \/>\n<script type=\"application\/ld+json\" class=\"yoast-schema-graph\">{\"@context\":\"https:\/\/schema.org\",\"@graph\":[{\"@type\":\"Article\",\"@id\":\"https:\/\/permbledhja.com\/kjo-eshte-forma-se-si-terheqja-e-trustit-mund-te-miratohet-ne-kuvend\/#article\",\"isPartOf\":{\"@id\":\"https:\/\/permbledhja.com\/kjo-eshte-forma-se-si-terheqja-e-trustit-mund-te-miratohet-ne-kuvend\/\"},\"author\":{\"name\":\"P\u00ebrmbledhja\",\"@id\":\"https:\/\/permbledhja.com\/#\/schema\/person\/0d064377258d3221e50693947b9eb4fe\"},\"headline\":\"Kjo \u00ebsht\u00eb forma se si t\u00ebrheqja e Trustit mund t\u00eb miratohet n\u00eb Kuvend\",\"datePublished\":\"2022-10-17T10:52:06+00:00\",\"dateModified\":\"2022-10-17T10:52:06+00:00\",\"mainEntityOfPage\":{\"@id\":\"https:\/\/permbledhja.com\/kjo-eshte-forma-se-si-terheqja-e-trustit-mund-te-miratohet-ne-kuvend\/\"},\"wordCount\":190,\"publisher\":{\"@id\":\"https:\/\/permbledhja.com\/#organization\"},\"articleSection\":[\"Komb\u00ebtare\",\"Lajme\"],\"inLanguage\":\"sq\"},{\"@type\":\"WebPage\",\"@id\":\"https:\/\/permbledhja.com\/kjo-eshte-forma-se-si-terheqja-e-trustit-mund-te-miratohet-ne-kuvend\/\",\"url\":\"https:\/\/permbledhja.com\/kjo-eshte-forma-se-si-terheqja-e-trustit-mund-te-miratohet-ne-kuvend\/\",\"name\":\"Kjo \u00ebsht\u00eb forma se si t\u00ebrheqja e Trustit mund t\u00eb miratohet n\u00eb Kuvend\",\"isPartOf\":{\"@id\":\"https:\/\/permbledhja.com\/#website\"},\"datePublished\":\"2022-10-17T10:52:06+00:00\",\"dateModified\":\"2022-10-17T10:52:06+00:00\",\"breadcrumb\":{\"@id\":\"https:\/\/permbledhja.com\/kjo-eshte-forma-se-si-terheqja-e-trustit-mund-te-miratohet-ne-kuvend\/#breadcrumb\"},\"inLanguage\":\"sq\",\"potentialAction\":[{\"@type\":\"ReadAction\",\"target\":[\"https:\/\/permbledhja.com\/kjo-eshte-forma-se-si-terheqja-e-trustit-mund-te-miratohet-ne-kuvend\/\"]}]},{\"@type\":\"BreadcrumbList\",\"@id\":\"https:\/\/permbledhja.com\/kjo-eshte-forma-se-si-terheqja-e-trustit-mund-te-miratohet-ne-kuvend\/#breadcrumb\",\"itemListElement\":[{\"@type\":\"ListItem\",\"position\":1,\"name\":\"Ballina\",\"item\":\"https:\/\/permbledhja.com\/sq\/\"},{\"@type\":\"ListItem\",\"position\":2,\"name\":\"Kjo \u00ebsht\u00eb forma se si t\u00ebrheqja e Trustit mund t\u00eb miratohet n\u00eb Kuvend\"}]},{\"@type\":\"WebSite\",\"@id\":\"https:\/\/permbledhja.com\/#website\",\"url\":\"https:\/\/permbledhja.com\/\",\"name\":\"Ve\u00e7 artikuj p\u00ebrmbledh\u00ebs\",\"description\":\"\",\"publisher\":{\"@id\":\"https:\/\/permbledhja.com\/#organization\"},\"potentialAction\":[{\"@type\":\"SearchAction\",\"target\":{\"@type\":\"EntryPoint\",\"urlTemplate\":\"https:\/\/permbledhja.com\/?s={search_term_string}\"},\"query-input\":\"required name=search_term_string\"}],\"inLanguage\":\"sq\"},{\"@type\":\"Organization\",\"@id\":\"https:\/\/permbledhja.com\/#organization\",\"name\":\"MK Media & Pr\",\"url\":\"https:\/\/permbledhja.com\/\",\"logo\":{\"@type\":\"ImageObject\",\"inLanguage\":\"sq\",\"@id\":\"https:\/\/permbledhja.com\/#\/schema\/logo\/image\/\",\"url\":\"https:\/\/permbledhja.com\/wp-content\/uploads\/2021\/12\/07-Press-Logo.jpg\",\"contentUrl\":\"https:\/\/permbledhja.com\/wp-content\/uploads\/2021\/12\/07-Press-Logo.jpg\",\"width\":512,\"height\":512,\"caption\":\"MK Media & Pr\"},\"image\":{\"@id\":\"https:\/\/permbledhja.com\/#\/schema\/logo\/image\/\"},\"sameAs\":[\"https:\/\/www.facebook.com\/press07\/\"]},{\"@type\":\"Person\",\"@id\":\"https:\/\/permbledhja.com\/#\/schema\/person\/0d064377258d3221e50693947b9eb4fe\",\"name\":\"P\u00ebrmbledhja\",\"image\":{\"@type\":\"ImageObject\",\"inLanguage\":\"sq\",\"@id\":\"https:\/\/permbledhja.com\/#\/schema\/person\/image\/\",\"url\":\"https:\/\/permbledhja.com\/wp-content\/uploads\/2026\/01\/452004717_1040944174702970_8932037511805513407_n-96x96.jpg\",\"contentUrl\":\"https:\/\/permbledhja.com\/wp-content\/uploads\/2026\/01\/452004717_1040944174702970_8932037511805513407_n-96x96.jpg\",\"caption\":\"P\u00ebrmbledhja\"},\"sameAs\":[\"https:\/\/www.facebook.com\/kafexhiu.muharrem\/\",\"https:\/\/www.instagram.com\/muharrem_kafexhiu\/\"],\"url\":\"https:\/\/permbledhja.com\/sq\/author\/admin\/\"}]}<\/script>\n<!-- \/ Yoast SEO plugin. -->","yoast_head_json":{"title":"Kjo \u00ebsht\u00eb forma se si t\u00ebrheqja e Trustit mund t\u00eb miratohet n\u00eb Kuvend","robots":{"index":"index","follow":"follow","max-snippet":"max-snippet:-1","max-image-preview":"max-image-preview:large","max-video-preview":"max-video-preview:-1"},"canonical":"https:\/\/permbledhja.com\/sq\/kjo-eshte-forma-se-si-terheqja-e-trustit-mund-te-miratohet-ne-kuvend\/","og_locale":"sq_AL","og_type":"article","og_title":"Kjo \u00ebsht\u00eb forma se si t\u00ebrheqja e Trustit mund t\u00eb miratohet n\u00eb Kuvend","og_description":"P\u00ebr ndryshimin e projektligjit q\u00eb do t\u00eb mund\u00ebsonte t\u00ebrheqjen e nj\u00eb p\u00ebrqindje t\u00eb Trust-it pensional domosdoshm\u00ebrisht duhet q\u00eb prezent\u00eb n\u00eb Kuvend t\u00eb jen\u00eb s\u00eb paku 61 deputet\u00eb ku nga ta 31 t\u00eb votojn\u00eb \u201cpro\u201d. Me doemos duhet 31 vota p\u00ebr dhe prezenc\u00eb prej 61 ligj\u00ebv\u00ebn\u00ebsish t\u00eb Kuvendit t\u00eb Kosov\u00ebs. Deputeti i Partis\u00eb Demokratike, Bekim Haxhiu, [&hellip;]","og_url":"https:\/\/permbledhja.com\/sq\/kjo-eshte-forma-se-si-terheqja-e-trustit-mund-te-miratohet-ne-kuvend\/","og_site_name":"Ve\u00e7 artikuj p\u00ebrmbledh\u00ebs","article_publisher":"https:\/\/www.facebook.com\/press07\/","article_author":"https:\/\/www.facebook.com\/kafexhiu.muharrem\/","article_published_time":"2022-10-17T10:52:06+00:00","og_image":[{"width":737,"height":418,"url":"https:\/\/permbledhja.com\/wp-content\/uploads\/2022\/09\/trusti-1.png","type":"image\/png"}],"author":"P\u00ebrmbledhja","twitter_card":"summary_large_image","twitter_misc":{"Written by":"P\u00ebrmbledhja","Est. reading time":"1 minut\u00eb"},"schema":{"@context":"https:\/\/schema.org","@graph":[{"@type":"Article","@id":"https:\/\/permbledhja.com\/kjo-eshte-forma-se-si-terheqja-e-trustit-mund-te-miratohet-ne-kuvend\/#article","isPartOf":{"@id":"https:\/\/permbledhja.com\/kjo-eshte-forma-se-si-terheqja-e-trustit-mund-te-miratohet-ne-kuvend\/"},"author":{"name":"P\u00ebrmbledhja","@id":"https:\/\/permbledhja.com\/#\/schema\/person\/0d064377258d3221e50693947b9eb4fe"},"headline":"Kjo \u00ebsht\u00eb forma se si t\u00ebrheqja e Trustit mund t\u00eb miratohet n\u00eb Kuvend","datePublished":"2022-10-17T10:52:06+00:00","dateModified":"2022-10-17T10:52:06+00:00","mainEntityOfPage":{"@id":"https:\/\/permbledhja.com\/kjo-eshte-forma-se-si-terheqja-e-trustit-mund-te-miratohet-ne-kuvend\/"},"wordCount":190,"publisher":{"@id":"https:\/\/permbledhja.com\/#organization"},"articleSection":["Komb\u00ebtare","Lajme"],"inLanguage":"sq"},{"@type":"WebPage","@id":"https:\/\/permbledhja.com\/kjo-eshte-forma-se-si-terheqja-e-trustit-mund-te-miratohet-ne-kuvend\/","url":"https:\/\/permbledhja.com\/kjo-eshte-forma-se-si-terheqja-e-trustit-mund-te-miratohet-ne-kuvend\/","name":"Kjo \u00ebsht\u00eb forma se si t\u00ebrheqja e Trustit mund t\u00eb miratohet n\u00eb Kuvend","isPartOf":{"@id":"https:\/\/permbledhja.com\/#website"},"datePublished":"2022-10-17T10:52:06+00:00","dateModified":"2022-10-17T10:52:06+00:00","breadcrumb":{"@id":"https:\/\/permbledhja.com\/kjo-eshte-forma-se-si-terheqja-e-trustit-mund-te-miratohet-ne-kuvend\/#breadcrumb"},"inLanguage":"sq","potentialAction":[{"@type":"ReadAction","target":["https:\/\/permbledhja.com\/kjo-eshte-forma-se-si-terheqja-e-trustit-mund-te-miratohet-ne-kuvend\/"]}]},{"@type":"BreadcrumbList","@id":"https:\/\/permbledhja.com\/kjo-eshte-forma-se-si-terheqja-e-trustit-mund-te-miratohet-ne-kuvend\/#breadcrumb","itemListElement":[{"@type":"ListItem","position":1,"name":"Ballina","item":"https:\/\/permbledhja.com\/sq\/"},{"@type":"ListItem","position":2,"name":"Kjo \u00ebsht\u00eb forma se si t\u00ebrheqja e Trustit mund t\u00eb miratohet n\u00eb Kuvend"}]},{"@type":"WebSite","@id":"https:\/\/permbledhja.com\/#website","url":"https:\/\/permbledhja.com\/","name":"Ve\u00e7 artikuj p\u00ebrmbledh\u00ebs","description":"","publisher":{"@id":"https:\/\/permbledhja.com\/#organization"},"potentialAction":[{"@type":"SearchAction","target":{"@type":"EntryPoint","urlTemplate":"https:\/\/permbledhja.com\/?s={search_term_string}"},"query-input":"required name=search_term_string"}],"inLanguage":"sq"},{"@type":"Organization","@id":"https:\/\/permbledhja.com\/#organization","name":"MK Media & Pr","url":"https:\/\/permbledhja.com\/","logo":{"@type":"ImageObject","inLanguage":"sq","@id":"https:\/\/permbledhja.com\/#\/schema\/logo\/image\/","url":"https:\/\/permbledhja.com\/wp-content\/uploads\/2021\/12\/07-Press-Logo.jpg","contentUrl":"https:\/\/permbledhja.com\/wp-content\/uploads\/2021\/12\/07-Press-Logo.jpg","width":512,"height":512,"caption":"MK Media & Pr"},"image":{"@id":"https:\/\/permbledhja.com\/#\/schema\/logo\/image\/"},"sameAs":["https:\/\/www.facebook.com\/press07\/"]},{"@type":"Person","@id":"https:\/\/permbledhja.com\/#\/schema\/person\/0d064377258d3221e50693947b9eb4fe","name":"P\u00ebrmbledhja","image":{"@type":"ImageObject","inLanguage":"sq","@id":"https:\/\/permbledhja.com\/#\/schema\/person\/image\/","url":"https:\/\/permbledhja.com\/wp-content\/uploads\/2026\/01\/452004717_1040944174702970_8932037511805513407_n-96x96.jpg","contentUrl":"https:\/\/permbledhja.com\/wp-content\/uploads\/2026\/01\/452004717_1040944174702970_8932037511805513407_n-96x96.jpg","caption":"P\u00ebrmbledhja"},"sameAs":["https:\/\/www.facebook.com\/kafexhiu.muharrem\/","https:\/\/www.instagram.com\/muharrem_kafexhiu\/"],"url":"https:\/\/permbledhja.com\/sq\/author\/admin\/"}]}},"_links":{"self":[{"href":"https:\/\/permbledhja.com\/sq\/wp-json\/wp\/v2\/posts\/7837"}],"collection":[{"href":"https:\/\/permbledhja.com\/sq\/wp-json\/wp\/v2\/posts"}],"about":[{"href":"https:\/\/permbledhja.com\/sq\/wp-json\/wp\/v2\/types\/post"}],"author":[{"embeddable":true,"href":"https:\/\/permbledhja.com\/sq\/wp-json\/wp\/v2\/users\/1"}],"replies":[{"embeddable":true,"href":"https:\/\/permbledhja.com\/sq\/wp-json\/wp\/v2\/comments?post=7837"}],"version-history":[{"count":1,"href":"https:\/\/permbledhja.com\/sq\/wp-json\/wp\/v2\/posts\/7837\/revisions"}],"predecessor-version":[{"id":7838,"href":"https:\/\/permbledhja.com\/sq\/wp-json\/wp\/v2\/posts\/7837\/revisions\/7838"}],"wp:featuredmedia":[{"embeddable":true,"href":"https:\/\/permbledhja.com\/sq\/wp-json\/wp\/v2\/media\/7043"}],"wp:attachment":[{"href":"https:\/\/permbledhja.com\/sq\/wp-json\/wp\/v2\/media?parent=7837"}],"wp:term":[{"taxonomy":"category","embeddable":true,"href":"https:\/\/permbledhja.com\/sq\/wp-json\/wp\/v2\/categories?post=7837"},{"taxonomy":"post_tag","embeddable":true,"href":"https:\/\/permbledhja.com\/sq\/wp-json\/wp\/v2\/tags?post=7837"}],"curies":[{"name":"wp","href":"https:\/\/api.w.org\/{rel}","templated":true}]}}