{"id":7809,"date":"2022-10-17T08:55:45","date_gmt":"2022-10-17T08:55:45","guid":{"rendered":"https:\/\/permbledhja.com\/?p=7809"},"modified":"2022-10-17T08:55:45","modified_gmt":"2022-10-17T08:55:45","slug":"raportuesja-von-cramon-ben-thirrje-kosova-e-serbia-ta-pranojne-propozimin-franko-gjerman","status":"publish","type":"post","link":"https:\/\/permbledhja.com\/sq\/raportuesja-von-cramon-ben-thirrje-kosova-e-serbia-ta-pranojne-propozimin-franko-gjerman\/","title":{"rendered":"Raportuesja Von Cramon b\u00ebn thirrje: Kosova e Serbia ta pranojn\u00eb propozimin franko-gjerman"},"content":{"rendered":"<p><strong>Raportuesja e Parlamentit Evropian p\u00ebr Kosov\u00ebn, Viola von Cramon, ka th\u00ebn\u00eb se Prishtina dhe Beogradi duhet ta konsiderojn\u00eb seriozisht ofert\u00ebn e Parisit dhe Berlinit sepse \u201c\u00ebsht\u00eb e mundur q\u00eb tjetra t\u00eb mos jet\u00eb m\u00eb e mir\u00eb se e fundit\u201d.<\/strong><\/p>\n<p>P\u00ebr gazet\u00ebn Nova, ajo tha se Beogradi dhe Prishtina duhet t\u00eb gjejn\u00eb nj\u00eb \u201ckompromis t\u00eb q\u00ebndruesh\u00ebm dhe t\u00eb g\u00eblltisin disa pilula t\u00eb hidhura n\u00eb rrug\u00ebn e p\u00ebrparimit\u201d.<\/p>\n<p>\u201cNe e mb\u00ebshtesim plot\u00ebsisht dhe n\u00eb m\u00ebnyr\u00eb t\u00eb pal\u00ebkundur pun\u00ebn e Miroslav Laj\u00e7akut dhe besoj se q\u00ebllimi mund t\u00eb jet\u00eb real\u201d, tha Cramon, kur \u00ebsht\u00eb pyetur n\u00ebse marr\u00ebveshja finale mes Kosov\u00ebs dhe Serbis\u00eb duhet t\u00eb arrihet deri n\u00eb fund t\u00eb vitit 2024.<\/p>\n<p>Ajo vler\u00ebsoi se Serbia sot \u00ebsht\u00eb \u201cm\u00eb e larg\u00ebta e mundshme q\u00eb nga viti 2000\u201d, larg Bashkimit Evropian.<\/p>\n<p>\u201cUn\u00eb nuk jam e sigurt se njer\u00ebzit n\u00eb Serbi e din\u00eb se reputacioni i Serbis\u00eb \u00ebsht\u00eb m\u00eb i keqi q\u00eb nga viti 1999\u201d, shtoi ajo.<\/p>\n<p><em>\u201c\u2019Korniza e re\u2019 t\u00eb cil\u00ebn e publikoi Albanian Post \u00ebsht\u00eb propozimi i ri i ardhur direkt nga p\u00ebrfshirja e Macron e Scholz n\u00eb procesin e dialogut, sepse si\u00e7 thuhet n\u00eb dokument \u2018Kosova e Serbia n\u00eb vete nuk do t\u00eb mund ta zgjidhin kurr\u00eb problemin\u2019\u201d.<\/em><\/p>\n<p>Dokumenti shpjegon logjik\u00ebn prapa korniz\u00ebs s\u00eb re, p\u00ebrmban vizionin 10 vje\u00e7ar t\u00eb zgjidhjes s\u00eb problemit dhe jep nj\u00eb \u201cmakro-perspektiv\u00eb\u201d.<\/p>\n<p>P\u00ebrb\u00ebhet nga hyrja dhe m\u00eb pas \u00ebsht\u00eb i ndar\u00eb n\u00eb tri segmente bashk\u00eb me tre n\u00ebn-titujt q\u00eb p\u00ebrmbajn\u00eb 13 pika.<\/p>\n<p>T\u00eb gjitha segmentet shpjegojn\u00eb t\u00eb ashtuquajtur\u00ebn \u201ckorniz\u00ebn e re\u201d, e cila u \u00ebsht\u00eb prezantuar Albin Kurtit e Aleksand\u00ebr Vu\u00e7i\u00e7-it.<\/p>\n<p>Propozimi n\u00eb fund parasheh edhe si t\u00eb vazhdohet tutje n\u00ebse Kosova dhe Serbia nuk pranojn\u00eb k\u00ebt\u00eb propozim.<\/p>\n","protected":false},"excerpt":{"rendered":"<p>Raportuesja e Parlamentit Evropian p\u00ebr Kosov\u00ebn, Viola von Cramon, ka th\u00ebn\u00eb se Prishtina dhe Beogradi duhet ta konsiderojn\u00eb seriozisht ofert\u00ebn e Parisit dhe Berlinit sepse \u201c\u00ebsht\u00eb e mundur q\u00eb tjetra t\u00eb mos jet\u00eb m\u00eb e mir\u00eb se e fundit\u201d. P\u00ebr gazet\u00ebn Nova, ajo tha se Beogradi dhe Prishtina duhet t\u00eb gjejn\u00eb nj\u00eb \u201ckompromis t\u00eb q\u00ebndruesh\u00ebm [&hellip;]<\/p>\n","protected":false},"author":1,"featured_media":7810,"comment_status":"closed","ping_status":"closed","sticky":false,"template":"","format":"standard","meta":{"_monsterinsights_skip_tracking":false,"_monsterinsights_sitenote_active":false,"_monsterinsights_sitenote_note":"","_monsterinsights_sitenote_category":0,"_uf_show_specific_survey":0,"_uf_disable_surveys":false,"footnotes":""},"categories":[22],"tags":[308],"yoast_head":"<!-- This site is optimized with the Yoast SEO plugin v21.5 - https:\/\/yoast.com\/wordpress\/plugins\/seo\/ -->\n<title>Raportuesja Von Cramon b\u00ebn thirrje: Kosova e Serbia ta pranojn\u00eb propozimin franko-gjerman<\/title>\n<meta name=\"robots\" content=\"index, follow, max-snippet:-1, max-image-preview:large, max-video-preview:-1\" \/>\n<link rel=\"canonical\" href=\"https:\/\/permbledhja.com\/sq\/raportuesja-von-cramon-ben-thirrje-kosova-e-serbia-ta-pranojne-propozimin-franko-gjerman\/\" \/>\n<meta property=\"og:locale\" content=\"sq_AL\" \/>\n<meta property=\"og:type\" content=\"article\" \/>\n<meta property=\"og:title\" content=\"Raportuesja Von Cramon b\u00ebn thirrje: Kosova e Serbia ta pranojn\u00eb propozimin franko-gjerman\" \/>\n<meta property=\"og:description\" content=\"Raportuesja e Parlamentit Evropian p\u00ebr Kosov\u00ebn, Viola von Cramon, ka th\u00ebn\u00eb se Prishtina dhe Beogradi duhet ta konsiderojn\u00eb seriozisht ofert\u00ebn e Parisit dhe Berlinit sepse \u201c\u00ebsht\u00eb e mundur q\u00eb tjetra t\u00eb mos jet\u00eb m\u00eb e mir\u00eb se e fundit\u201d. P\u00ebr gazet\u00ebn Nova, ajo tha se Beogradi dhe Prishtina duhet t\u00eb gjejn\u00eb nj\u00eb \u201ckompromis t\u00eb q\u00ebndruesh\u00ebm [&hellip;]\" \/>\n<meta property=\"og:url\" content=\"https:\/\/permbledhja.com\/sq\/raportuesja-von-cramon-ben-thirrje-kosova-e-serbia-ta-pranojne-propozimin-franko-gjerman\/\" \/>\n<meta property=\"og:site_name\" content=\"Ve\u00e7 artikuj p\u00ebrmbledh\u00ebs\" \/>\n<meta property=\"article:publisher\" content=\"https:\/\/www.facebook.com\/press07\/\" \/>\n<meta property=\"article:author\" content=\"https:\/\/www.facebook.com\/kafexhiu.muharrem\/\" \/>\n<meta property=\"article:published_time\" content=\"2022-10-17T08:55:45+00:00\" \/>\n<meta property=\"og:image\" content=\"https:\/\/permbledhja.com\/wp-content\/uploads\/2022\/10\/Viola_von_Cramon_MEP_Press_1-min-1-600x360-1.jpg\" \/>\n\t<meta property=\"og:image:width\" content=\"600\" \/>\n\t<meta property=\"og:image:height\" content=\"360\" \/>\n\t<meta property=\"og:image:type\" content=\"image\/jpeg\" \/>\n<meta name=\"author\" content=\"P\u00ebrmbledhja\" \/>\n<meta name=\"twitter:card\" content=\"summary_large_image\" \/>\n<meta name=\"twitter:label1\" content=\"Written by\" \/>\n\t<meta name=\"twitter:data1\" content=\"P\u00ebrmbledhja\" \/>\n\t<meta name=\"twitter:label2\" content=\"Est. reading time\" \/>\n\t<meta name=\"twitter:data2\" content=\"2 minuta\" \/>\n<script type=\"application\/ld+json\" class=\"yoast-schema-graph\">{\"@context\":\"https:\/\/schema.org\",\"@graph\":[{\"@type\":\"Article\",\"@id\":\"https:\/\/permbledhja.com\/raportuesja-von-cramon-ben-thirrje-kosova-e-serbia-ta-pranojne-propozimin-franko-gjerman\/#article\",\"isPartOf\":{\"@id\":\"https:\/\/permbledhja.com\/raportuesja-von-cramon-ben-thirrje-kosova-e-serbia-ta-pranojne-propozimin-franko-gjerman\/\"},\"author\":{\"name\":\"P\u00ebrmbledhja\",\"@id\":\"https:\/\/permbledhja.com\/#\/schema\/person\/0d064377258d3221e50693947b9eb4fe\"},\"headline\":\"Raportuesja Von Cramon b\u00ebn thirrje: Kosova e Serbia ta pranojn\u00eb propozimin franko-gjerman\",\"datePublished\":\"2022-10-17T08:55:45+00:00\",\"dateModified\":\"2022-10-17T08:55:45+00:00\",\"mainEntityOfPage\":{\"@id\":\"https:\/\/permbledhja.com\/raportuesja-von-cramon-ben-thirrje-kosova-e-serbia-ta-pranojne-propozimin-franko-gjerman\/\"},\"wordCount\":319,\"publisher\":{\"@id\":\"https:\/\/permbledhja.com\/#organization\"},\"keywords\":[\"Von Cramon\"],\"articleSection\":[\"Ballina\"],\"inLanguage\":\"sq\"},{\"@type\":\"WebPage\",\"@id\":\"https:\/\/permbledhja.com\/raportuesja-von-cramon-ben-thirrje-kosova-e-serbia-ta-pranojne-propozimin-franko-gjerman\/\",\"url\":\"https:\/\/permbledhja.com\/raportuesja-von-cramon-ben-thirrje-kosova-e-serbia-ta-pranojne-propozimin-franko-gjerman\/\",\"name\":\"Raportuesja Von Cramon b\u00ebn thirrje: Kosova e Serbia ta pranojn\u00eb propozimin franko-gjerman\",\"isPartOf\":{\"@id\":\"https:\/\/permbledhja.com\/#website\"},\"datePublished\":\"2022-10-17T08:55:45+00:00\",\"dateModified\":\"2022-10-17T08:55:45+00:00\",\"breadcrumb\":{\"@id\":\"https:\/\/permbledhja.com\/raportuesja-von-cramon-ben-thirrje-kosova-e-serbia-ta-pranojne-propozimin-franko-gjerman\/#breadcrumb\"},\"inLanguage\":\"sq\",\"potentialAction\":[{\"@type\":\"ReadAction\",\"target\":[\"https:\/\/permbledhja.com\/raportuesja-von-cramon-ben-thirrje-kosova-e-serbia-ta-pranojne-propozimin-franko-gjerman\/\"]}]},{\"@type\":\"BreadcrumbList\",\"@id\":\"https:\/\/permbledhja.com\/raportuesja-von-cramon-ben-thirrje-kosova-e-serbia-ta-pranojne-propozimin-franko-gjerman\/#breadcrumb\",\"itemListElement\":[{\"@type\":\"ListItem\",\"position\":1,\"name\":\"Ballina\",\"item\":\"https:\/\/permbledhja.com\/sq\/\"},{\"@type\":\"ListItem\",\"position\":2,\"name\":\"Raportuesja Von Cramon b\u00ebn thirrje: Kosova e Serbia ta pranojn\u00eb propozimin franko-gjerman\"}]},{\"@type\":\"WebSite\",\"@id\":\"https:\/\/permbledhja.com\/#website\",\"url\":\"https:\/\/permbledhja.com\/\",\"name\":\"Ve\u00e7 artikuj p\u00ebrmbledh\u00ebs\",\"description\":\"\",\"publisher\":{\"@id\":\"https:\/\/permbledhja.com\/#organization\"},\"potentialAction\":[{\"@type\":\"SearchAction\",\"target\":{\"@type\":\"EntryPoint\",\"urlTemplate\":\"https:\/\/permbledhja.com\/?s={search_term_string}\"},\"query-input\":\"required name=search_term_string\"}],\"inLanguage\":\"sq\"},{\"@type\":\"Organization\",\"@id\":\"https:\/\/permbledhja.com\/#organization\",\"name\":\"MK Media & Pr\",\"url\":\"https:\/\/permbledhja.com\/\",\"logo\":{\"@type\":\"ImageObject\",\"inLanguage\":\"sq\",\"@id\":\"https:\/\/permbledhja.com\/#\/schema\/logo\/image\/\",\"url\":\"https:\/\/permbledhja.com\/wp-content\/uploads\/2021\/12\/07-Press-Logo.jpg\",\"contentUrl\":\"https:\/\/permbledhja.com\/wp-content\/uploads\/2021\/12\/07-Press-Logo.jpg\",\"width\":512,\"height\":512,\"caption\":\"MK Media & Pr\"},\"image\":{\"@id\":\"https:\/\/permbledhja.com\/#\/schema\/logo\/image\/\"},\"sameAs\":[\"https:\/\/www.facebook.com\/press07\/\"]},{\"@type\":\"Person\",\"@id\":\"https:\/\/permbledhja.com\/#\/schema\/person\/0d064377258d3221e50693947b9eb4fe\",\"name\":\"P\u00ebrmbledhja\",\"image\":{\"@type\":\"ImageObject\",\"inLanguage\":\"sq\",\"@id\":\"https:\/\/permbledhja.com\/#\/schema\/person\/image\/\",\"url\":\"https:\/\/permbledhja.com\/wp-content\/uploads\/2026\/01\/452004717_1040944174702970_8932037511805513407_n-96x96.jpg\",\"contentUrl\":\"https:\/\/permbledhja.com\/wp-content\/uploads\/2026\/01\/452004717_1040944174702970_8932037511805513407_n-96x96.jpg\",\"caption\":\"P\u00ebrmbledhja\"},\"sameAs\":[\"https:\/\/www.facebook.com\/kafexhiu.muharrem\/\",\"https:\/\/www.instagram.com\/muharrem_kafexhiu\/\"],\"url\":\"https:\/\/permbledhja.com\/sq\/author\/admin\/\"}]}<\/script>\n<!-- \/ Yoast SEO plugin. -->","yoast_head_json":{"title":"Raportuesja Von Cramon b\u00ebn thirrje: Kosova e Serbia ta pranojn\u00eb propozimin franko-gjerman","robots":{"index":"index","follow":"follow","max-snippet":"max-snippet:-1","max-image-preview":"max-image-preview:large","max-video-preview":"max-video-preview:-1"},"canonical":"https:\/\/permbledhja.com\/sq\/raportuesja-von-cramon-ben-thirrje-kosova-e-serbia-ta-pranojne-propozimin-franko-gjerman\/","og_locale":"sq_AL","og_type":"article","og_title":"Raportuesja Von Cramon b\u00ebn thirrje: Kosova e Serbia ta pranojn\u00eb propozimin franko-gjerman","og_description":"Raportuesja e Parlamentit Evropian p\u00ebr Kosov\u00ebn, Viola von Cramon, ka th\u00ebn\u00eb se Prishtina dhe Beogradi duhet ta konsiderojn\u00eb seriozisht ofert\u00ebn e Parisit dhe Berlinit sepse \u201c\u00ebsht\u00eb e mundur q\u00eb tjetra t\u00eb mos jet\u00eb m\u00eb e mir\u00eb se e fundit\u201d. P\u00ebr gazet\u00ebn Nova, ajo tha se Beogradi dhe Prishtina duhet t\u00eb gjejn\u00eb nj\u00eb \u201ckompromis t\u00eb q\u00ebndruesh\u00ebm [&hellip;]","og_url":"https:\/\/permbledhja.com\/sq\/raportuesja-von-cramon-ben-thirrje-kosova-e-serbia-ta-pranojne-propozimin-franko-gjerman\/","og_site_name":"Ve\u00e7 artikuj p\u00ebrmbledh\u00ebs","article_publisher":"https:\/\/www.facebook.com\/press07\/","article_author":"https:\/\/www.facebook.com\/kafexhiu.muharrem\/","article_published_time":"2022-10-17T08:55:45+00:00","og_image":[{"width":600,"height":360,"url":"https:\/\/permbledhja.com\/wp-content\/uploads\/2022\/10\/Viola_von_Cramon_MEP_Press_1-min-1-600x360-1.jpg","type":"image\/jpeg"}],"author":"P\u00ebrmbledhja","twitter_card":"summary_large_image","twitter_misc":{"Written by":"P\u00ebrmbledhja","Est. reading time":"2 minuta"},"schema":{"@context":"https:\/\/schema.org","@graph":[{"@type":"Article","@id":"https:\/\/permbledhja.com\/raportuesja-von-cramon-ben-thirrje-kosova-e-serbia-ta-pranojne-propozimin-franko-gjerman\/#article","isPartOf":{"@id":"https:\/\/permbledhja.com\/raportuesja-von-cramon-ben-thirrje-kosova-e-serbia-ta-pranojne-propozimin-franko-gjerman\/"},"author":{"name":"P\u00ebrmbledhja","@id":"https:\/\/permbledhja.com\/#\/schema\/person\/0d064377258d3221e50693947b9eb4fe"},"headline":"Raportuesja Von Cramon b\u00ebn thirrje: Kosova e Serbia ta pranojn\u00eb propozimin franko-gjerman","datePublished":"2022-10-17T08:55:45+00:00","dateModified":"2022-10-17T08:55:45+00:00","mainEntityOfPage":{"@id":"https:\/\/permbledhja.com\/raportuesja-von-cramon-ben-thirrje-kosova-e-serbia-ta-pranojne-propozimin-franko-gjerman\/"},"wordCount":319,"publisher":{"@id":"https:\/\/permbledhja.com\/#organization"},"keywords":["Von Cramon"],"articleSection":["Ballina"],"inLanguage":"sq"},{"@type":"WebPage","@id":"https:\/\/permbledhja.com\/raportuesja-von-cramon-ben-thirrje-kosova-e-serbia-ta-pranojne-propozimin-franko-gjerman\/","url":"https:\/\/permbledhja.com\/raportuesja-von-cramon-ben-thirrje-kosova-e-serbia-ta-pranojne-propozimin-franko-gjerman\/","name":"Raportuesja Von Cramon b\u00ebn thirrje: Kosova e Serbia ta pranojn\u00eb propozimin franko-gjerman","isPartOf":{"@id":"https:\/\/permbledhja.com\/#website"},"datePublished":"2022-10-17T08:55:45+00:00","dateModified":"2022-10-17T08:55:45+00:00","breadcrumb":{"@id":"https:\/\/permbledhja.com\/raportuesja-von-cramon-ben-thirrje-kosova-e-serbia-ta-pranojne-propozimin-franko-gjerman\/#breadcrumb"},"inLanguage":"sq","potentialAction":[{"@type":"ReadAction","target":["https:\/\/permbledhja.com\/raportuesja-von-cramon-ben-thirrje-kosova-e-serbia-ta-pranojne-propozimin-franko-gjerman\/"]}]},{"@type":"BreadcrumbList","@id":"https:\/\/permbledhja.com\/raportuesja-von-cramon-ben-thirrje-kosova-e-serbia-ta-pranojne-propozimin-franko-gjerman\/#breadcrumb","itemListElement":[{"@type":"ListItem","position":1,"name":"Ballina","item":"https:\/\/permbledhja.com\/sq\/"},{"@type":"ListItem","position":2,"name":"Raportuesja Von Cramon b\u00ebn thirrje: Kosova e Serbia ta pranojn\u00eb propozimin franko-gjerman"}]},{"@type":"WebSite","@id":"https:\/\/permbledhja.com\/#website","url":"https:\/\/permbledhja.com\/","name":"Ve\u00e7 artikuj p\u00ebrmbledh\u00ebs","description":"","publisher":{"@id":"https:\/\/permbledhja.com\/#organization"},"potentialAction":[{"@type":"SearchAction","target":{"@type":"EntryPoint","urlTemplate":"https:\/\/permbledhja.com\/?s={search_term_string}"},"query-input":"required name=search_term_string"}],"inLanguage":"sq"},{"@type":"Organization","@id":"https:\/\/permbledhja.com\/#organization","name":"MK Media & Pr","url":"https:\/\/permbledhja.com\/","logo":{"@type":"ImageObject","inLanguage":"sq","@id":"https:\/\/permbledhja.com\/#\/schema\/logo\/image\/","url":"https:\/\/permbledhja.com\/wp-content\/uploads\/2021\/12\/07-Press-Logo.jpg","contentUrl":"https:\/\/permbledhja.com\/wp-content\/uploads\/2021\/12\/07-Press-Logo.jpg","width":512,"height":512,"caption":"MK Media & Pr"},"image":{"@id":"https:\/\/permbledhja.com\/#\/schema\/logo\/image\/"},"sameAs":["https:\/\/www.facebook.com\/press07\/"]},{"@type":"Person","@id":"https:\/\/permbledhja.com\/#\/schema\/person\/0d064377258d3221e50693947b9eb4fe","name":"P\u00ebrmbledhja","image":{"@type":"ImageObject","inLanguage":"sq","@id":"https:\/\/permbledhja.com\/#\/schema\/person\/image\/","url":"https:\/\/permbledhja.com\/wp-content\/uploads\/2026\/01\/452004717_1040944174702970_8932037511805513407_n-96x96.jpg","contentUrl":"https:\/\/permbledhja.com\/wp-content\/uploads\/2026\/01\/452004717_1040944174702970_8932037511805513407_n-96x96.jpg","caption":"P\u00ebrmbledhja"},"sameAs":["https:\/\/www.facebook.com\/kafexhiu.muharrem\/","https:\/\/www.instagram.com\/muharrem_kafexhiu\/"],"url":"https:\/\/permbledhja.com\/sq\/author\/admin\/"}]}},"_links":{"self":[{"href":"https:\/\/permbledhja.com\/sq\/wp-json\/wp\/v2\/posts\/7809"}],"collection":[{"href":"https:\/\/permbledhja.com\/sq\/wp-json\/wp\/v2\/posts"}],"about":[{"href":"https:\/\/permbledhja.com\/sq\/wp-json\/wp\/v2\/types\/post"}],"author":[{"embeddable":true,"href":"https:\/\/permbledhja.com\/sq\/wp-json\/wp\/v2\/users\/1"}],"replies":[{"embeddable":true,"href":"https:\/\/permbledhja.com\/sq\/wp-json\/wp\/v2\/comments?post=7809"}],"version-history":[{"count":1,"href":"https:\/\/permbledhja.com\/sq\/wp-json\/wp\/v2\/posts\/7809\/revisions"}],"predecessor-version":[{"id":7811,"href":"https:\/\/permbledhja.com\/sq\/wp-json\/wp\/v2\/posts\/7809\/revisions\/7811"}],"wp:featuredmedia":[{"embeddable":true,"href":"https:\/\/permbledhja.com\/sq\/wp-json\/wp\/v2\/media\/7810"}],"wp:attachment":[{"href":"https:\/\/permbledhja.com\/sq\/wp-json\/wp\/v2\/media?parent=7809"}],"wp:term":[{"taxonomy":"category","embeddable":true,"href":"https:\/\/permbledhja.com\/sq\/wp-json\/wp\/v2\/categories?post=7809"},{"taxonomy":"post_tag","embeddable":true,"href":"https:\/\/permbledhja.com\/sq\/wp-json\/wp\/v2\/tags?post=7809"}],"curies":[{"name":"wp","href":"https:\/\/api.w.org\/{rel}","templated":true}]}}