{"id":77469,"date":"2026-05-02T15:41:49","date_gmt":"2026-05-02T15:41:49","guid":{"rendered":"https:\/\/permbledhja.com\/?p=77469"},"modified":"2026-05-02T15:41:49","modified_gmt":"2026-05-02T15:41:49","slug":"nenshkruhet-marreveshja-per-rindertimin-e-xhamise-se-ibrit-e-djegur-me-1999","status":"publish","type":"post","link":"https:\/\/permbledhja.com\/sq\/nenshkruhet-marreveshja-per-rindertimin-e-xhamise-se-ibrit-e-djegur-me-1999\/","title":{"rendered":"N\u00ebnshkruhet marr\u00ebveshja p\u00ebr rind\u00ebrtimin e Xhamis\u00eb s\u00eb Ibrit, e djegur m\u00eb 1999"},"content":{"rendered":"<p><strong>\u2018Xhamia e Ibrit, e nd\u00ebrtuar n\u00eb vitin 1777 dhe e djegur m\u00eb 2 maj 1999, do t\u00eb rind\u00ebrtohet.K\u00ebshtu ka njoftuar Kryeministri n\u00eb detyr\u00eb i Koosv\u00ebs, Albin Kurti.<\/strong><\/p>\n<p>Kurti ka b\u00ebr\u00eb t\u00eb ditur se sot s\u00eb bashku me Myftiun Naim T\u00ebrnava, kryeimamin Vedat Sahiti dhe ministren Saranda Bogujevci, n\u00ebnshkruan marr\u00ebveshjen e bashk\u00ebpunimit p\u00ebr hartimin dhe zbatimin e projektit t\u00eb rekonstruktimit t\u00eb saj.\u201cMe k\u00ebt\u00eb memorandum, Qeveria e Republik\u00ebs s\u00eb Kosov\u00ebs mb\u00ebshtet ringritjen e k\u00ebtij monumenti me r\u00ebnd\u00ebsi historike dhe kulturore.<\/p>\n<p>N\u00eb vazhdim, n\u00ebnshkruam edhe nj\u00eb memorandum tjet\u00ebr bashk\u00ebpunimi me Bashk\u00ebsin\u00eb Islame t\u00eb Kosov\u00ebs, i cili synon forcimin e ruajtjes dhe promovimit t\u00eb trash\u00ebgimis\u00eb kulturore islame\u201d shkruan Kurti raporton \u201cGazeta Blic\u201d.<\/p>\n<p><em>\u2018K\u00ebto angazhime jan\u00eb pjes\u00eb e p\u00ebrkushtimit ton\u00eb t\u00eb vazhduesh\u00ebm p\u00ebr mbrojtjen e trash\u00ebgimis\u00eb kulturore n\u00eb vend, pas d\u00ebmeve t\u00eb shkaktuara gjat\u00eb luft\u00ebs s\u00eb viteve 1998\u20131999\u2019<\/em> shkruan Kurti.<\/p>\n<p>Njoftimi i plot\u00eb:<\/p>\n<p><iframe loading=\"lazy\" style=\"border: none; overflow: hidden;\" src=\"https:\/\/www.facebook.com\/plugins\/post.php?href=https%3A%2F%2Fwww.facebook.com%2Falbini2017%2Fposts%2Fpfbid0cajqE8iEYpVb2aZMrnr9wRwTASA6JYaQMYD4YCVH2onuD1tUT9vJZtdFmd4PdKEyl&amp;show_text=true&amp;width=500\" width=\"500\" height=\"812\" frameborder=\"0\" scrolling=\"no\" allowfullscreen=\"allowfullscreen\"><\/iframe><\/p>\n","protected":false},"excerpt":{"rendered":"<p>\u2018Xhamia e Ibrit, e nd\u00ebrtuar n\u00eb vitin 1777 dhe e djegur m\u00eb 2 maj 1999, do t\u00eb rind\u00ebrtohet.K\u00ebshtu ka njoftuar Kryeministri n\u00eb detyr\u00eb i Koosv\u00ebs, Albin Kurti. Kurti ka b\u00ebr\u00eb t\u00eb ditur se sot s\u00eb bashku me Myftiun Naim T\u00ebrnava, kryeimamin Vedat Sahiti dhe ministren Saranda Bogujevci, n\u00ebnshkruan marr\u00ebveshjen e bashk\u00ebpunimit p\u00ebr hartimin dhe zbatimin [&hellip;]<\/p>\n","protected":false},"author":1,"featured_media":77470,"comment_status":"closed","ping_status":"closed","sticky":false,"template":"","format":"standard","meta":{"_monsterinsights_skip_tracking":false,"_monsterinsights_sitenote_active":false,"_monsterinsights_sitenote_note":"","_monsterinsights_sitenote_category":0,"_uf_show_specific_survey":0,"_uf_disable_surveys":false,"footnotes":""},"categories":[3324],"tags":[3868],"yoast_head":"<!-- This site is optimized with the Yoast SEO plugin v21.5 - https:\/\/yoast.com\/wordpress\/plugins\/seo\/ -->\n<title>N\u00ebnshkruhet marr\u00ebveshja p\u00ebr rind\u00ebrtimin e Xhamis\u00eb s\u00eb Ibrit, e djegur m\u00eb 1999<\/title>\n<meta name=\"robots\" content=\"index, follow, max-snippet:-1, max-image-preview:large, max-video-preview:-1\" \/>\n<link rel=\"canonical\" href=\"https:\/\/permbledhja.com\/sq\/nenshkruhet-marreveshja-per-rindertimin-e-xhamise-se-ibrit-e-djegur-me-1999\/\" \/>\n<meta property=\"og:locale\" content=\"sq_AL\" \/>\n<meta property=\"og:type\" content=\"article\" \/>\n<meta property=\"og:title\" content=\"N\u00ebnshkruhet marr\u00ebveshja p\u00ebr rind\u00ebrtimin e Xhamis\u00eb s\u00eb Ibrit, e djegur m\u00eb 1999\" \/>\n<meta property=\"og:description\" content=\"\u2018Xhamia e Ibrit, e nd\u00ebrtuar n\u00eb vitin 1777 dhe e djegur m\u00eb 2 maj 1999, do t\u00eb rind\u00ebrtohet.K\u00ebshtu ka njoftuar Kryeministri n\u00eb detyr\u00eb i Koosv\u00ebs, Albin Kurti. Kurti ka b\u00ebr\u00eb t\u00eb ditur se sot s\u00eb bashku me Myftiun Naim T\u00ebrnava, kryeimamin Vedat Sahiti dhe ministren Saranda Bogujevci, n\u00ebnshkruan marr\u00ebveshjen e bashk\u00ebpunimit p\u00ebr hartimin dhe zbatimin [&hellip;]\" \/>\n<meta property=\"og:url\" content=\"https:\/\/permbledhja.com\/sq\/nenshkruhet-marreveshja-per-rindertimin-e-xhamise-se-ibrit-e-djegur-me-1999\/\" \/>\n<meta property=\"og:site_name\" content=\"Ve\u00e7 artikuj p\u00ebrmbledh\u00ebs\" \/>\n<meta property=\"article:publisher\" content=\"https:\/\/www.facebook.com\/press07\/\" \/>\n<meta property=\"article:author\" content=\"https:\/\/www.facebook.com\/kafexhiu.muharrem\/\" \/>\n<meta property=\"article:published_time\" content=\"2026-05-02T15:41:49+00:00\" \/>\n<meta property=\"og:image\" content=\"https:\/\/permbledhja.com\/wp-content\/uploads\/2026\/05\/4567-8.jpg\" \/>\n\t<meta property=\"og:image:width\" content=\"2048\" \/>\n\t<meta property=\"og:image:height\" content=\"1366\" \/>\n\t<meta property=\"og:image:type\" content=\"image\/jpeg\" \/>\n<meta name=\"author\" content=\"P\u00ebrmbledhja\" \/>\n<meta name=\"twitter:card\" content=\"summary_large_image\" \/>\n<meta name=\"twitter:label1\" content=\"Written by\" \/>\n\t<meta name=\"twitter:data1\" content=\"P\u00ebrmbledhja\" \/>\n\t<meta name=\"twitter:label2\" content=\"Est. reading time\" \/>\n\t<meta name=\"twitter:data2\" content=\"1 minut\u00eb\" \/>\n<script type=\"application\/ld+json\" class=\"yoast-schema-graph\">{\"@context\":\"https:\/\/schema.org\",\"@graph\":[{\"@type\":\"Article\",\"@id\":\"https:\/\/permbledhja.com\/nenshkruhet-marreveshja-per-rindertimin-e-xhamise-se-ibrit-e-djegur-me-1999\/#article\",\"isPartOf\":{\"@id\":\"https:\/\/permbledhja.com\/nenshkruhet-marreveshja-per-rindertimin-e-xhamise-se-ibrit-e-djegur-me-1999\/\"},\"author\":{\"name\":\"P\u00ebrmbledhja\",\"@id\":\"https:\/\/permbledhja.com\/#\/schema\/person\/0d064377258d3221e50693947b9eb4fe\"},\"headline\":\"N\u00ebnshkruhet marr\u00ebveshja p\u00ebr rind\u00ebrtimin e Xhamis\u00eb s\u00eb Ibrit, e djegur m\u00eb 1999\",\"datePublished\":\"2026-05-02T15:41:49+00:00\",\"dateModified\":\"2026-05-02T15:41:49+00:00\",\"mainEntityOfPage\":{\"@id\":\"https:\/\/permbledhja.com\/nenshkruhet-marreveshja-per-rindertimin-e-xhamise-se-ibrit-e-djegur-me-1999\/\"},\"wordCount\":181,\"publisher\":{\"@id\":\"https:\/\/permbledhja.com\/#organization\"},\"keywords\":[\"Xhamia e Ibrit\"],\"articleSection\":[\"Dyt\u00ebsore\"],\"inLanguage\":\"sq\"},{\"@type\":\"WebPage\",\"@id\":\"https:\/\/permbledhja.com\/nenshkruhet-marreveshja-per-rindertimin-e-xhamise-se-ibrit-e-djegur-me-1999\/\",\"url\":\"https:\/\/permbledhja.com\/nenshkruhet-marreveshja-per-rindertimin-e-xhamise-se-ibrit-e-djegur-me-1999\/\",\"name\":\"N\u00ebnshkruhet marr\u00ebveshja p\u00ebr rind\u00ebrtimin e Xhamis\u00eb s\u00eb Ibrit, e djegur m\u00eb 1999\",\"isPartOf\":{\"@id\":\"https:\/\/permbledhja.com\/#website\"},\"datePublished\":\"2026-05-02T15:41:49+00:00\",\"dateModified\":\"2026-05-02T15:41:49+00:00\",\"breadcrumb\":{\"@id\":\"https:\/\/permbledhja.com\/nenshkruhet-marreveshja-per-rindertimin-e-xhamise-se-ibrit-e-djegur-me-1999\/#breadcrumb\"},\"inLanguage\":\"sq\",\"potentialAction\":[{\"@type\":\"ReadAction\",\"target\":[\"https:\/\/permbledhja.com\/nenshkruhet-marreveshja-per-rindertimin-e-xhamise-se-ibrit-e-djegur-me-1999\/\"]}]},{\"@type\":\"BreadcrumbList\",\"@id\":\"https:\/\/permbledhja.com\/nenshkruhet-marreveshja-per-rindertimin-e-xhamise-se-ibrit-e-djegur-me-1999\/#breadcrumb\",\"itemListElement\":[{\"@type\":\"ListItem\",\"position\":1,\"name\":\"Ballina\",\"item\":\"https:\/\/permbledhja.com\/sq\/\"},{\"@type\":\"ListItem\",\"position\":2,\"name\":\"N\u00ebnshkruhet marr\u00ebveshja p\u00ebr rind\u00ebrtimin e Xhamis\u00eb s\u00eb Ibrit, e djegur m\u00eb 1999\"}]},{\"@type\":\"WebSite\",\"@id\":\"https:\/\/permbledhja.com\/#website\",\"url\":\"https:\/\/permbledhja.com\/\",\"name\":\"Ve\u00e7 artikuj p\u00ebrmbledh\u00ebs\",\"description\":\"\",\"publisher\":{\"@id\":\"https:\/\/permbledhja.com\/#organization\"},\"potentialAction\":[{\"@type\":\"SearchAction\",\"target\":{\"@type\":\"EntryPoint\",\"urlTemplate\":\"https:\/\/permbledhja.com\/?s={search_term_string}\"},\"query-input\":\"required name=search_term_string\"}],\"inLanguage\":\"sq\"},{\"@type\":\"Organization\",\"@id\":\"https:\/\/permbledhja.com\/#organization\",\"name\":\"MK Media & Pr\",\"url\":\"https:\/\/permbledhja.com\/\",\"logo\":{\"@type\":\"ImageObject\",\"inLanguage\":\"sq\",\"@id\":\"https:\/\/permbledhja.com\/#\/schema\/logo\/image\/\",\"url\":\"https:\/\/permbledhja.com\/wp-content\/uploads\/2021\/12\/07-Press-Logo.jpg\",\"contentUrl\":\"https:\/\/permbledhja.com\/wp-content\/uploads\/2021\/12\/07-Press-Logo.jpg\",\"width\":512,\"height\":512,\"caption\":\"MK Media & Pr\"},\"image\":{\"@id\":\"https:\/\/permbledhja.com\/#\/schema\/logo\/image\/\"},\"sameAs\":[\"https:\/\/www.facebook.com\/press07\/\"]},{\"@type\":\"Person\",\"@id\":\"https:\/\/permbledhja.com\/#\/schema\/person\/0d064377258d3221e50693947b9eb4fe\",\"name\":\"P\u00ebrmbledhja\",\"image\":{\"@type\":\"ImageObject\",\"inLanguage\":\"sq\",\"@id\":\"https:\/\/permbledhja.com\/#\/schema\/person\/image\/\",\"url\":\"https:\/\/permbledhja.com\/wp-content\/uploads\/2026\/01\/452004717_1040944174702970_8932037511805513407_n-96x96.jpg\",\"contentUrl\":\"https:\/\/permbledhja.com\/wp-content\/uploads\/2026\/01\/452004717_1040944174702970_8932037511805513407_n-96x96.jpg\",\"caption\":\"P\u00ebrmbledhja\"},\"sameAs\":[\"https:\/\/www.facebook.com\/kafexhiu.muharrem\/\",\"https:\/\/www.instagram.com\/muharrem_kafexhiu\/\"],\"url\":\"https:\/\/permbledhja.com\/sq\/author\/admin\/\"}]}<\/script>\n<!-- \/ Yoast SEO plugin. -->","yoast_head_json":{"title":"N\u00ebnshkruhet marr\u00ebveshja p\u00ebr rind\u00ebrtimin e Xhamis\u00eb s\u00eb Ibrit, e djegur m\u00eb 1999","robots":{"index":"index","follow":"follow","max-snippet":"max-snippet:-1","max-image-preview":"max-image-preview:large","max-video-preview":"max-video-preview:-1"},"canonical":"https:\/\/permbledhja.com\/sq\/nenshkruhet-marreveshja-per-rindertimin-e-xhamise-se-ibrit-e-djegur-me-1999\/","og_locale":"sq_AL","og_type":"article","og_title":"N\u00ebnshkruhet marr\u00ebveshja p\u00ebr rind\u00ebrtimin e Xhamis\u00eb s\u00eb Ibrit, e djegur m\u00eb 1999","og_description":"\u2018Xhamia e Ibrit, e nd\u00ebrtuar n\u00eb vitin 1777 dhe e djegur m\u00eb 2 maj 1999, do t\u00eb rind\u00ebrtohet.K\u00ebshtu ka njoftuar Kryeministri n\u00eb detyr\u00eb i Koosv\u00ebs, Albin Kurti. Kurti ka b\u00ebr\u00eb t\u00eb ditur se sot s\u00eb bashku me Myftiun Naim T\u00ebrnava, kryeimamin Vedat Sahiti dhe ministren Saranda Bogujevci, n\u00ebnshkruan marr\u00ebveshjen e bashk\u00ebpunimit p\u00ebr hartimin dhe zbatimin [&hellip;]","og_url":"https:\/\/permbledhja.com\/sq\/nenshkruhet-marreveshja-per-rindertimin-e-xhamise-se-ibrit-e-djegur-me-1999\/","og_site_name":"Ve\u00e7 artikuj p\u00ebrmbledh\u00ebs","article_publisher":"https:\/\/www.facebook.com\/press07\/","article_author":"https:\/\/www.facebook.com\/kafexhiu.muharrem\/","article_published_time":"2026-05-02T15:41:49+00:00","og_image":[{"width":2048,"height":1366,"url":"https:\/\/permbledhja.com\/wp-content\/uploads\/2026\/05\/4567-8.jpg","type":"image\/jpeg"}],"author":"P\u00ebrmbledhja","twitter_card":"summary_large_image","twitter_misc":{"Written by":"P\u00ebrmbledhja","Est. reading time":"1 minut\u00eb"},"schema":{"@context":"https:\/\/schema.org","@graph":[{"@type":"Article","@id":"https:\/\/permbledhja.com\/nenshkruhet-marreveshja-per-rindertimin-e-xhamise-se-ibrit-e-djegur-me-1999\/#article","isPartOf":{"@id":"https:\/\/permbledhja.com\/nenshkruhet-marreveshja-per-rindertimin-e-xhamise-se-ibrit-e-djegur-me-1999\/"},"author":{"name":"P\u00ebrmbledhja","@id":"https:\/\/permbledhja.com\/#\/schema\/person\/0d064377258d3221e50693947b9eb4fe"},"headline":"N\u00ebnshkruhet marr\u00ebveshja p\u00ebr rind\u00ebrtimin e Xhamis\u00eb s\u00eb Ibrit, e djegur m\u00eb 1999","datePublished":"2026-05-02T15:41:49+00:00","dateModified":"2026-05-02T15:41:49+00:00","mainEntityOfPage":{"@id":"https:\/\/permbledhja.com\/nenshkruhet-marreveshja-per-rindertimin-e-xhamise-se-ibrit-e-djegur-me-1999\/"},"wordCount":181,"publisher":{"@id":"https:\/\/permbledhja.com\/#organization"},"keywords":["Xhamia e Ibrit"],"articleSection":["Dyt\u00ebsore"],"inLanguage":"sq"},{"@type":"WebPage","@id":"https:\/\/permbledhja.com\/nenshkruhet-marreveshja-per-rindertimin-e-xhamise-se-ibrit-e-djegur-me-1999\/","url":"https:\/\/permbledhja.com\/nenshkruhet-marreveshja-per-rindertimin-e-xhamise-se-ibrit-e-djegur-me-1999\/","name":"N\u00ebnshkruhet marr\u00ebveshja p\u00ebr rind\u00ebrtimin e Xhamis\u00eb s\u00eb Ibrit, e djegur m\u00eb 1999","isPartOf":{"@id":"https:\/\/permbledhja.com\/#website"},"datePublished":"2026-05-02T15:41:49+00:00","dateModified":"2026-05-02T15:41:49+00:00","breadcrumb":{"@id":"https:\/\/permbledhja.com\/nenshkruhet-marreveshja-per-rindertimin-e-xhamise-se-ibrit-e-djegur-me-1999\/#breadcrumb"},"inLanguage":"sq","potentialAction":[{"@type":"ReadAction","target":["https:\/\/permbledhja.com\/nenshkruhet-marreveshja-per-rindertimin-e-xhamise-se-ibrit-e-djegur-me-1999\/"]}]},{"@type":"BreadcrumbList","@id":"https:\/\/permbledhja.com\/nenshkruhet-marreveshja-per-rindertimin-e-xhamise-se-ibrit-e-djegur-me-1999\/#breadcrumb","itemListElement":[{"@type":"ListItem","position":1,"name":"Ballina","item":"https:\/\/permbledhja.com\/sq\/"},{"@type":"ListItem","position":2,"name":"N\u00ebnshkruhet marr\u00ebveshja p\u00ebr rind\u00ebrtimin e Xhamis\u00eb s\u00eb Ibrit, e djegur m\u00eb 1999"}]},{"@type":"WebSite","@id":"https:\/\/permbledhja.com\/#website","url":"https:\/\/permbledhja.com\/","name":"Ve\u00e7 artikuj p\u00ebrmbledh\u00ebs","description":"","publisher":{"@id":"https:\/\/permbledhja.com\/#organization"},"potentialAction":[{"@type":"SearchAction","target":{"@type":"EntryPoint","urlTemplate":"https:\/\/permbledhja.com\/?s={search_term_string}"},"query-input":"required name=search_term_string"}],"inLanguage":"sq"},{"@type":"Organization","@id":"https:\/\/permbledhja.com\/#organization","name":"MK Media & Pr","url":"https:\/\/permbledhja.com\/","logo":{"@type":"ImageObject","inLanguage":"sq","@id":"https:\/\/permbledhja.com\/#\/schema\/logo\/image\/","url":"https:\/\/permbledhja.com\/wp-content\/uploads\/2021\/12\/07-Press-Logo.jpg","contentUrl":"https:\/\/permbledhja.com\/wp-content\/uploads\/2021\/12\/07-Press-Logo.jpg","width":512,"height":512,"caption":"MK Media & Pr"},"image":{"@id":"https:\/\/permbledhja.com\/#\/schema\/logo\/image\/"},"sameAs":["https:\/\/www.facebook.com\/press07\/"]},{"@type":"Person","@id":"https:\/\/permbledhja.com\/#\/schema\/person\/0d064377258d3221e50693947b9eb4fe","name":"P\u00ebrmbledhja","image":{"@type":"ImageObject","inLanguage":"sq","@id":"https:\/\/permbledhja.com\/#\/schema\/person\/image\/","url":"https:\/\/permbledhja.com\/wp-content\/uploads\/2026\/01\/452004717_1040944174702970_8932037511805513407_n-96x96.jpg","contentUrl":"https:\/\/permbledhja.com\/wp-content\/uploads\/2026\/01\/452004717_1040944174702970_8932037511805513407_n-96x96.jpg","caption":"P\u00ebrmbledhja"},"sameAs":["https:\/\/www.facebook.com\/kafexhiu.muharrem\/","https:\/\/www.instagram.com\/muharrem_kafexhiu\/"],"url":"https:\/\/permbledhja.com\/sq\/author\/admin\/"}]}},"_links":{"self":[{"href":"https:\/\/permbledhja.com\/sq\/wp-json\/wp\/v2\/posts\/77469"}],"collection":[{"href":"https:\/\/permbledhja.com\/sq\/wp-json\/wp\/v2\/posts"}],"about":[{"href":"https:\/\/permbledhja.com\/sq\/wp-json\/wp\/v2\/types\/post"}],"author":[{"embeddable":true,"href":"https:\/\/permbledhja.com\/sq\/wp-json\/wp\/v2\/users\/1"}],"replies":[{"embeddable":true,"href":"https:\/\/permbledhja.com\/sq\/wp-json\/wp\/v2\/comments?post=77469"}],"version-history":[{"count":1,"href":"https:\/\/permbledhja.com\/sq\/wp-json\/wp\/v2\/posts\/77469\/revisions"}],"predecessor-version":[{"id":77471,"href":"https:\/\/permbledhja.com\/sq\/wp-json\/wp\/v2\/posts\/77469\/revisions\/77471"}],"wp:featuredmedia":[{"embeddable":true,"href":"https:\/\/permbledhja.com\/sq\/wp-json\/wp\/v2\/media\/77470"}],"wp:attachment":[{"href":"https:\/\/permbledhja.com\/sq\/wp-json\/wp\/v2\/media?parent=77469"}],"wp:term":[{"taxonomy":"category","embeddable":true,"href":"https:\/\/permbledhja.com\/sq\/wp-json\/wp\/v2\/categories?post=77469"},{"taxonomy":"post_tag","embeddable":true,"href":"https:\/\/permbledhja.com\/sq\/wp-json\/wp\/v2\/tags?post=77469"}],"curies":[{"name":"wp","href":"https:\/\/api.w.org\/{rel}","templated":true}]}}