{"id":77463,"date":"2026-05-02T13:37:22","date_gmt":"2026-05-02T13:37:22","guid":{"rendered":"https:\/\/permbledhja.com\/?p=77463"},"modified":"2026-05-02T13:37:22","modified_gmt":"2026-05-02T13:37:22","slug":"haradinaj-listes-se-aak-se-i-prin-ardian-gjini-shembull-i-politikes-dhe-qeverisjes-se-mire","status":"publish","type":"post","link":"https:\/\/permbledhja.com\/sq\/haradinaj-listes-se-aak-se-i-prin-ardian-gjini-shembull-i-politikes-dhe-qeverisjes-se-mire\/","title":{"rendered":"Haradinaj: List\u00ebs s\u00eb AAK-s\u00eb i prin Ardian Gjini, shembull i politik\u00ebs dhe qeverisjes s\u00eb mir\u00eb"},"content":{"rendered":"<p><strong>Kryetari i Aleanc\u00ebs p\u00ebr Ardhm\u00ebrin\u00eb e Kosov\u00ebs, Ramush Haradinaj, ka folur p\u00ebr zhvillimet e fundit n\u00eb vend.<\/strong><\/p>\n<p>P\u00ebr em\u00ebrimet q\u00eb jan\u00eb b\u00ebr\u00eb nga kryeministri n\u00eb detyr\u00eb, Albin Kurti, Haradinaj tha se me ligj nuk jan\u00eb t\u00eb gabuara, por jan\u00eb t\u00eb panevojshme.<\/p>\n<p><em>\u201cEdhe ata si kryeministri, edhe ata jan\u00eb ushtrues detyre tash, ose n\u00eb detyr\u00eb quhen tash z\u00ebvend\u00ebsa, nuk jan\u00eb z\u00ebvend\u00ebsa. Me ligj nuk e di q\u00eb \u00ebsht\u00eb keq, por \u00ebsht\u00eb e pahijshme tash, e panevojshme realisht. Nuk e shoh pse duhet t\u00eb ndodh\u00eb n\u00eb k\u00ebt\u00eb m\u00ebnyr\u00eb tani. Un\u00eb besoj q\u00eb m\u00eb e r\u00ebnd\u00ebsishme \u00ebsht\u00eb t\u00eb angazhohet qeveria p\u00ebr t\u2019i kryer pun\u00ebt q\u00eb jan\u00eb dhe q\u00eb mund t\u00eb kryhen, por k\u00ebto em\u00ebrime t\u00eb tilla tash nuk e kan\u00eb nj\u00eb shije t\u00eb mir\u00eb kur jan\u00eb fushat\u00eb, nuk duken mir\u00eb. Jan\u00eb shpallur zgjedhjet, jan\u00eb vet\u00ebm 40 dit\u00eb deri n\u00eb zgjedhje, nuk jan\u00eb t\u00eb hijshme. Nuk e kuptoj pse b\u00ebhen\u201d<\/em>, tha Haradinaj, raporton Ekonomia Online.<\/p>\n<p>I pyetur se si do t\u2019i gjejn\u00eb k\u00ebto zgjedhje qendrore, duke qen\u00eb se AAK \u00ebsht\u00eb n\u00eb zgjedhje t\u00eb brendshme, Haradinaj tha se list\u00ebs i prin Ardian Gjini, i cili do t\u00eb jet\u00eb kandidat p\u00ebr kryeminist\u00ebr.<\/p>\n<p><em>\u201cNe punojm\u00eb vazhdimisht, i kryejm\u00eb detyrat tona, jemi af\u00ebr strukturave, votuesve dhe temave, dhe jemi t\u00eb gatsh\u00ebm. List\u00ebs son\u00eb i prin Ardian Gjini, \u00ebsht\u00eb mandatar p\u00ebr kryetar qeverie, nj\u00eb njeri v\u00ebrtet par excellence politik, nj\u00eb shembull i politik\u00ebs. Tani \u00ebsht\u00eb kryetar i Gjakov\u00ebs, q\u00eb \u00ebsht\u00eb edhe nj\u00eb shembull i qeverisjes s\u00eb mir\u00eb. Un\u00eb besoj q\u00eb do t\u00eb kemi sukses n\u00eb k\u00ebto zgjedhje\u201d<\/em>, tha Haradinaj.<\/p>\n","protected":false},"excerpt":{"rendered":"<p>Kryetari i Aleanc\u00ebs p\u00ebr Ardhm\u00ebrin\u00eb e Kosov\u00ebs, Ramush Haradinaj, ka folur p\u00ebr zhvillimet e fundit n\u00eb vend. P\u00ebr em\u00ebrimet q\u00eb jan\u00eb b\u00ebr\u00eb nga kryeministri n\u00eb detyr\u00eb, Albin Kurti, Haradinaj tha se me ligj nuk jan\u00eb t\u00eb gabuara, por jan\u00eb t\u00eb panevojshme. \u201cEdhe ata si kryeministri, edhe ata jan\u00eb ushtrues detyre tash, ose n\u00eb detyr\u00eb quhen [&hellip;]<\/p>\n","protected":false},"author":1,"featured_media":77464,"comment_status":"closed","ping_status":"closed","sticky":false,"template":"","format":"standard","meta":{"_monsterinsights_skip_tracking":false,"_monsterinsights_sitenote_active":false,"_monsterinsights_sitenote_note":"","_monsterinsights_sitenote_category":0,"_uf_show_specific_survey":0,"_uf_disable_surveys":false,"footnotes":""},"categories":[3325],"tags":[764],"yoast_head":"<!-- This site is optimized with the Yoast SEO plugin v21.5 - https:\/\/yoast.com\/wordpress\/plugins\/seo\/ -->\n<title>Haradinaj: List\u00ebs s\u00eb AAK-s\u00eb i prin Ardian Gjini, shembull i politik\u00ebs dhe qeverisjes s\u00eb mir\u00eb<\/title>\n<meta name=\"robots\" content=\"index, follow, max-snippet:-1, max-image-preview:large, max-video-preview:-1\" \/>\n<link rel=\"canonical\" href=\"https:\/\/permbledhja.com\/sq\/haradinaj-listes-se-aak-se-i-prin-ardian-gjini-shembull-i-politikes-dhe-qeverisjes-se-mire\/\" \/>\n<meta property=\"og:locale\" content=\"sq_AL\" \/>\n<meta property=\"og:type\" content=\"article\" \/>\n<meta property=\"og:title\" content=\"Haradinaj: List\u00ebs s\u00eb AAK-s\u00eb i prin Ardian Gjini, shembull i politik\u00ebs dhe qeverisjes s\u00eb mir\u00eb\" \/>\n<meta property=\"og:description\" content=\"Kryetari i Aleanc\u00ebs p\u00ebr Ardhm\u00ebrin\u00eb e Kosov\u00ebs, Ramush Haradinaj, ka folur p\u00ebr zhvillimet e fundit n\u00eb vend. P\u00ebr em\u00ebrimet q\u00eb jan\u00eb b\u00ebr\u00eb nga kryeministri n\u00eb detyr\u00eb, Albin Kurti, Haradinaj tha se me ligj nuk jan\u00eb t\u00eb gabuara, por jan\u00eb t\u00eb panevojshme. \u201cEdhe ata si kryeministri, edhe ata jan\u00eb ushtrues detyre tash, ose n\u00eb detyr\u00eb quhen [&hellip;]\" \/>\n<meta property=\"og:url\" content=\"https:\/\/permbledhja.com\/sq\/haradinaj-listes-se-aak-se-i-prin-ardian-gjini-shembull-i-politikes-dhe-qeverisjes-se-mire\/\" \/>\n<meta property=\"og:site_name\" content=\"Ve\u00e7 artikuj p\u00ebrmbledh\u00ebs\" \/>\n<meta property=\"article:publisher\" content=\"https:\/\/www.facebook.com\/press07\/\" \/>\n<meta property=\"article:author\" content=\"https:\/\/www.facebook.com\/kafexhiu.muharrem\/\" \/>\n<meta property=\"article:published_time\" content=\"2026-05-02T13:37:22+00:00\" \/>\n<meta property=\"og:image\" content=\"https:\/\/permbledhja.com\/wp-content\/uploads\/2026\/05\/gjini-haradinaj-600x360-1.webp\" \/>\n\t<meta property=\"og:image:width\" content=\"600\" \/>\n\t<meta property=\"og:image:height\" content=\"360\" \/>\n\t<meta property=\"og:image:type\" content=\"image\/webp\" \/>\n<meta name=\"author\" content=\"P\u00ebrmbledhja\" \/>\n<meta name=\"twitter:card\" content=\"summary_large_image\" \/>\n<meta name=\"twitter:label1\" content=\"Written by\" \/>\n\t<meta name=\"twitter:data1\" content=\"P\u00ebrmbledhja\" \/>\n\t<meta name=\"twitter:label2\" content=\"Est. reading time\" \/>\n\t<meta name=\"twitter:data2\" content=\"2 minuta\" \/>\n<script type=\"application\/ld+json\" class=\"yoast-schema-graph\">{\"@context\":\"https:\/\/schema.org\",\"@graph\":[{\"@type\":\"Article\",\"@id\":\"https:\/\/permbledhja.com\/haradinaj-listes-se-aak-se-i-prin-ardian-gjini-shembull-i-politikes-dhe-qeverisjes-se-mire\/#article\",\"isPartOf\":{\"@id\":\"https:\/\/permbledhja.com\/haradinaj-listes-se-aak-se-i-prin-ardian-gjini-shembull-i-politikes-dhe-qeverisjes-se-mire\/\"},\"author\":{\"name\":\"P\u00ebrmbledhja\",\"@id\":\"https:\/\/permbledhja.com\/#\/schema\/person\/0d064377258d3221e50693947b9eb4fe\"},\"headline\":\"Haradinaj: List\u00ebs s\u00eb AAK-s\u00eb i prin Ardian Gjini, shembull i politik\u00ebs dhe qeverisjes s\u00eb mir\u00eb\",\"datePublished\":\"2026-05-02T13:37:22+00:00\",\"dateModified\":\"2026-05-02T13:37:22+00:00\",\"mainEntityOfPage\":{\"@id\":\"https:\/\/permbledhja.com\/haradinaj-listes-se-aak-se-i-prin-ardian-gjini-shembull-i-politikes-dhe-qeverisjes-se-mire\/\"},\"wordCount\":302,\"publisher\":{\"@id\":\"https:\/\/permbledhja.com\/#organization\"},\"keywords\":[\"Ramush Haradinaj\"],\"articleSection\":[\"Kryesore\"],\"inLanguage\":\"sq\"},{\"@type\":\"WebPage\",\"@id\":\"https:\/\/permbledhja.com\/haradinaj-listes-se-aak-se-i-prin-ardian-gjini-shembull-i-politikes-dhe-qeverisjes-se-mire\/\",\"url\":\"https:\/\/permbledhja.com\/haradinaj-listes-se-aak-se-i-prin-ardian-gjini-shembull-i-politikes-dhe-qeverisjes-se-mire\/\",\"name\":\"Haradinaj: List\u00ebs s\u00eb AAK-s\u00eb i prin Ardian Gjini, shembull i politik\u00ebs dhe qeverisjes s\u00eb mir\u00eb\",\"isPartOf\":{\"@id\":\"https:\/\/permbledhja.com\/#website\"},\"datePublished\":\"2026-05-02T13:37:22+00:00\",\"dateModified\":\"2026-05-02T13:37:22+00:00\",\"breadcrumb\":{\"@id\":\"https:\/\/permbledhja.com\/haradinaj-listes-se-aak-se-i-prin-ardian-gjini-shembull-i-politikes-dhe-qeverisjes-se-mire\/#breadcrumb\"},\"inLanguage\":\"sq\",\"potentialAction\":[{\"@type\":\"ReadAction\",\"target\":[\"https:\/\/permbledhja.com\/haradinaj-listes-se-aak-se-i-prin-ardian-gjini-shembull-i-politikes-dhe-qeverisjes-se-mire\/\"]}]},{\"@type\":\"BreadcrumbList\",\"@id\":\"https:\/\/permbledhja.com\/haradinaj-listes-se-aak-se-i-prin-ardian-gjini-shembull-i-politikes-dhe-qeverisjes-se-mire\/#breadcrumb\",\"itemListElement\":[{\"@type\":\"ListItem\",\"position\":1,\"name\":\"Ballina\",\"item\":\"https:\/\/permbledhja.com\/sq\/\"},{\"@type\":\"ListItem\",\"position\":2,\"name\":\"Haradinaj: List\u00ebs s\u00eb AAK-s\u00eb i prin Ardian Gjini, shembull i politik\u00ebs dhe qeverisjes s\u00eb mir\u00eb\"}]},{\"@type\":\"WebSite\",\"@id\":\"https:\/\/permbledhja.com\/#website\",\"url\":\"https:\/\/permbledhja.com\/\",\"name\":\"Ve\u00e7 artikuj p\u00ebrmbledh\u00ebs\",\"description\":\"\",\"publisher\":{\"@id\":\"https:\/\/permbledhja.com\/#organization\"},\"potentialAction\":[{\"@type\":\"SearchAction\",\"target\":{\"@type\":\"EntryPoint\",\"urlTemplate\":\"https:\/\/permbledhja.com\/?s={search_term_string}\"},\"query-input\":\"required name=search_term_string\"}],\"inLanguage\":\"sq\"},{\"@type\":\"Organization\",\"@id\":\"https:\/\/permbledhja.com\/#organization\",\"name\":\"MK Media & Pr\",\"url\":\"https:\/\/permbledhja.com\/\",\"logo\":{\"@type\":\"ImageObject\",\"inLanguage\":\"sq\",\"@id\":\"https:\/\/permbledhja.com\/#\/schema\/logo\/image\/\",\"url\":\"https:\/\/permbledhja.com\/wp-content\/uploads\/2021\/12\/07-Press-Logo.jpg\",\"contentUrl\":\"https:\/\/permbledhja.com\/wp-content\/uploads\/2021\/12\/07-Press-Logo.jpg\",\"width\":512,\"height\":512,\"caption\":\"MK Media & Pr\"},\"image\":{\"@id\":\"https:\/\/permbledhja.com\/#\/schema\/logo\/image\/\"},\"sameAs\":[\"https:\/\/www.facebook.com\/press07\/\"]},{\"@type\":\"Person\",\"@id\":\"https:\/\/permbledhja.com\/#\/schema\/person\/0d064377258d3221e50693947b9eb4fe\",\"name\":\"P\u00ebrmbledhja\",\"image\":{\"@type\":\"ImageObject\",\"inLanguage\":\"sq\",\"@id\":\"https:\/\/permbledhja.com\/#\/schema\/person\/image\/\",\"url\":\"https:\/\/permbledhja.com\/wp-content\/uploads\/2026\/01\/452004717_1040944174702970_8932037511805513407_n-96x96.jpg\",\"contentUrl\":\"https:\/\/permbledhja.com\/wp-content\/uploads\/2026\/01\/452004717_1040944174702970_8932037511805513407_n-96x96.jpg\",\"caption\":\"P\u00ebrmbledhja\"},\"sameAs\":[\"https:\/\/www.facebook.com\/kafexhiu.muharrem\/\",\"https:\/\/www.instagram.com\/muharrem_kafexhiu\/\"],\"url\":\"https:\/\/permbledhja.com\/sq\/author\/admin\/\"}]}<\/script>\n<!-- \/ Yoast SEO plugin. -->","yoast_head_json":{"title":"Haradinaj: List\u00ebs s\u00eb AAK-s\u00eb i prin Ardian Gjini, shembull i politik\u00ebs dhe qeverisjes s\u00eb mir\u00eb","robots":{"index":"index","follow":"follow","max-snippet":"max-snippet:-1","max-image-preview":"max-image-preview:large","max-video-preview":"max-video-preview:-1"},"canonical":"https:\/\/permbledhja.com\/sq\/haradinaj-listes-se-aak-se-i-prin-ardian-gjini-shembull-i-politikes-dhe-qeverisjes-se-mire\/","og_locale":"sq_AL","og_type":"article","og_title":"Haradinaj: List\u00ebs s\u00eb AAK-s\u00eb i prin Ardian Gjini, shembull i politik\u00ebs dhe qeverisjes s\u00eb mir\u00eb","og_description":"Kryetari i Aleanc\u00ebs p\u00ebr Ardhm\u00ebrin\u00eb e Kosov\u00ebs, Ramush Haradinaj, ka folur p\u00ebr zhvillimet e fundit n\u00eb vend. P\u00ebr em\u00ebrimet q\u00eb jan\u00eb b\u00ebr\u00eb nga kryeministri n\u00eb detyr\u00eb, Albin Kurti, Haradinaj tha se me ligj nuk jan\u00eb t\u00eb gabuara, por jan\u00eb t\u00eb panevojshme. \u201cEdhe ata si kryeministri, edhe ata jan\u00eb ushtrues detyre tash, ose n\u00eb detyr\u00eb quhen [&hellip;]","og_url":"https:\/\/permbledhja.com\/sq\/haradinaj-listes-se-aak-se-i-prin-ardian-gjini-shembull-i-politikes-dhe-qeverisjes-se-mire\/","og_site_name":"Ve\u00e7 artikuj p\u00ebrmbledh\u00ebs","article_publisher":"https:\/\/www.facebook.com\/press07\/","article_author":"https:\/\/www.facebook.com\/kafexhiu.muharrem\/","article_published_time":"2026-05-02T13:37:22+00:00","og_image":[{"width":600,"height":360,"url":"https:\/\/permbledhja.com\/wp-content\/uploads\/2026\/05\/gjini-haradinaj-600x360-1.webp","type":"image\/webp"}],"author":"P\u00ebrmbledhja","twitter_card":"summary_large_image","twitter_misc":{"Written by":"P\u00ebrmbledhja","Est. reading time":"2 minuta"},"schema":{"@context":"https:\/\/schema.org","@graph":[{"@type":"Article","@id":"https:\/\/permbledhja.com\/haradinaj-listes-se-aak-se-i-prin-ardian-gjini-shembull-i-politikes-dhe-qeverisjes-se-mire\/#article","isPartOf":{"@id":"https:\/\/permbledhja.com\/haradinaj-listes-se-aak-se-i-prin-ardian-gjini-shembull-i-politikes-dhe-qeverisjes-se-mire\/"},"author":{"name":"P\u00ebrmbledhja","@id":"https:\/\/permbledhja.com\/#\/schema\/person\/0d064377258d3221e50693947b9eb4fe"},"headline":"Haradinaj: List\u00ebs s\u00eb AAK-s\u00eb i prin Ardian Gjini, shembull i politik\u00ebs dhe qeverisjes s\u00eb mir\u00eb","datePublished":"2026-05-02T13:37:22+00:00","dateModified":"2026-05-02T13:37:22+00:00","mainEntityOfPage":{"@id":"https:\/\/permbledhja.com\/haradinaj-listes-se-aak-se-i-prin-ardian-gjini-shembull-i-politikes-dhe-qeverisjes-se-mire\/"},"wordCount":302,"publisher":{"@id":"https:\/\/permbledhja.com\/#organization"},"keywords":["Ramush Haradinaj"],"articleSection":["Kryesore"],"inLanguage":"sq"},{"@type":"WebPage","@id":"https:\/\/permbledhja.com\/haradinaj-listes-se-aak-se-i-prin-ardian-gjini-shembull-i-politikes-dhe-qeverisjes-se-mire\/","url":"https:\/\/permbledhja.com\/haradinaj-listes-se-aak-se-i-prin-ardian-gjini-shembull-i-politikes-dhe-qeverisjes-se-mire\/","name":"Haradinaj: List\u00ebs s\u00eb AAK-s\u00eb i prin Ardian Gjini, shembull i politik\u00ebs dhe qeverisjes s\u00eb mir\u00eb","isPartOf":{"@id":"https:\/\/permbledhja.com\/#website"},"datePublished":"2026-05-02T13:37:22+00:00","dateModified":"2026-05-02T13:37:22+00:00","breadcrumb":{"@id":"https:\/\/permbledhja.com\/haradinaj-listes-se-aak-se-i-prin-ardian-gjini-shembull-i-politikes-dhe-qeverisjes-se-mire\/#breadcrumb"},"inLanguage":"sq","potentialAction":[{"@type":"ReadAction","target":["https:\/\/permbledhja.com\/haradinaj-listes-se-aak-se-i-prin-ardian-gjini-shembull-i-politikes-dhe-qeverisjes-se-mire\/"]}]},{"@type":"BreadcrumbList","@id":"https:\/\/permbledhja.com\/haradinaj-listes-se-aak-se-i-prin-ardian-gjini-shembull-i-politikes-dhe-qeverisjes-se-mire\/#breadcrumb","itemListElement":[{"@type":"ListItem","position":1,"name":"Ballina","item":"https:\/\/permbledhja.com\/sq\/"},{"@type":"ListItem","position":2,"name":"Haradinaj: List\u00ebs s\u00eb AAK-s\u00eb i prin Ardian Gjini, shembull i politik\u00ebs dhe qeverisjes s\u00eb mir\u00eb"}]},{"@type":"WebSite","@id":"https:\/\/permbledhja.com\/#website","url":"https:\/\/permbledhja.com\/","name":"Ve\u00e7 artikuj p\u00ebrmbledh\u00ebs","description":"","publisher":{"@id":"https:\/\/permbledhja.com\/#organization"},"potentialAction":[{"@type":"SearchAction","target":{"@type":"EntryPoint","urlTemplate":"https:\/\/permbledhja.com\/?s={search_term_string}"},"query-input":"required name=search_term_string"}],"inLanguage":"sq"},{"@type":"Organization","@id":"https:\/\/permbledhja.com\/#organization","name":"MK Media & Pr","url":"https:\/\/permbledhja.com\/","logo":{"@type":"ImageObject","inLanguage":"sq","@id":"https:\/\/permbledhja.com\/#\/schema\/logo\/image\/","url":"https:\/\/permbledhja.com\/wp-content\/uploads\/2021\/12\/07-Press-Logo.jpg","contentUrl":"https:\/\/permbledhja.com\/wp-content\/uploads\/2021\/12\/07-Press-Logo.jpg","width":512,"height":512,"caption":"MK Media & Pr"},"image":{"@id":"https:\/\/permbledhja.com\/#\/schema\/logo\/image\/"},"sameAs":["https:\/\/www.facebook.com\/press07\/"]},{"@type":"Person","@id":"https:\/\/permbledhja.com\/#\/schema\/person\/0d064377258d3221e50693947b9eb4fe","name":"P\u00ebrmbledhja","image":{"@type":"ImageObject","inLanguage":"sq","@id":"https:\/\/permbledhja.com\/#\/schema\/person\/image\/","url":"https:\/\/permbledhja.com\/wp-content\/uploads\/2026\/01\/452004717_1040944174702970_8932037511805513407_n-96x96.jpg","contentUrl":"https:\/\/permbledhja.com\/wp-content\/uploads\/2026\/01\/452004717_1040944174702970_8932037511805513407_n-96x96.jpg","caption":"P\u00ebrmbledhja"},"sameAs":["https:\/\/www.facebook.com\/kafexhiu.muharrem\/","https:\/\/www.instagram.com\/muharrem_kafexhiu\/"],"url":"https:\/\/permbledhja.com\/sq\/author\/admin\/"}]}},"_links":{"self":[{"href":"https:\/\/permbledhja.com\/sq\/wp-json\/wp\/v2\/posts\/77463"}],"collection":[{"href":"https:\/\/permbledhja.com\/sq\/wp-json\/wp\/v2\/posts"}],"about":[{"href":"https:\/\/permbledhja.com\/sq\/wp-json\/wp\/v2\/types\/post"}],"author":[{"embeddable":true,"href":"https:\/\/permbledhja.com\/sq\/wp-json\/wp\/v2\/users\/1"}],"replies":[{"embeddable":true,"href":"https:\/\/permbledhja.com\/sq\/wp-json\/wp\/v2\/comments?post=77463"}],"version-history":[{"count":1,"href":"https:\/\/permbledhja.com\/sq\/wp-json\/wp\/v2\/posts\/77463\/revisions"}],"predecessor-version":[{"id":77465,"href":"https:\/\/permbledhja.com\/sq\/wp-json\/wp\/v2\/posts\/77463\/revisions\/77465"}],"wp:featuredmedia":[{"embeddable":true,"href":"https:\/\/permbledhja.com\/sq\/wp-json\/wp\/v2\/media\/77464"}],"wp:attachment":[{"href":"https:\/\/permbledhja.com\/sq\/wp-json\/wp\/v2\/media?parent=77463"}],"wp:term":[{"taxonomy":"category","embeddable":true,"href":"https:\/\/permbledhja.com\/sq\/wp-json\/wp\/v2\/categories?post=77463"},{"taxonomy":"post_tag","embeddable":true,"href":"https:\/\/permbledhja.com\/sq\/wp-json\/wp\/v2\/tags?post=77463"}],"curies":[{"name":"wp","href":"https:\/\/api.w.org\/{rel}","templated":true}]}}