{"id":77436,"date":"2026-04-29T11:28:21","date_gmt":"2026-04-29T11:28:21","guid":{"rendered":"https:\/\/permbledhja.com\/?p=77436"},"modified":"2026-04-29T11:28:21","modified_gmt":"2026-04-29T11:28:21","slug":"je-endrra-e-cdo-vajze-media-greke-shkruan-per-politikanin-shqiptar-nga-rmv-eshte-bere-viral-per-pamjen-e-tij","status":"publish","type":"post","link":"https:\/\/permbledhja.com\/sq\/je-endrra-e-cdo-vajze-media-greke-shkruan-per-politikanin-shqiptar-nga-rmv-eshte-bere-viral-per-pamjen-e-tij\/","title":{"rendered":"\u201cJe \u00ebndrra e \u00e7do vajze\u201d, media greke shkruan p\u00ebr politikanin shqiptar nga RMV: \u00cbsht\u00eb b\u00ebr\u00eb viral p\u00ebr pamjen e tij"},"content":{"rendered":"<p><strong>Nj\u00eb val\u00eb e papritur popullariteti \u00ebsht\u00eb shkaktuar nga analisti politik dhe akademiku shqiptar nga Maqedonia e Veriut, Yilli Patcuku i cili \u00ebsht\u00eb b\u00ebr\u00eb viral n\u00eb TikTok.<\/strong><\/p>\n<p>Media greke\u00a0<a href=\"https:\/\/www.protothema.gr\/world\/article\/1810637\/o-nearos-alvanos-politikos-tis-voreias-makedonias-egine-viral-sto-tiktok-kai-kerdizei-ta-social-media-me-tin-emfanisi\/\">Protothema<\/a>\u00a0shkruan se, ai \u00ebsht\u00eb an\u00ebtari m\u00eb i ri i organit suprem t\u00eb Bashkimit Demokratik p\u00ebr Integrim (BDI), partis\u00eb m\u00eb t\u00eb madhe shqiptare n\u00eb Maqedonin\u00eb e Veriut, dhe ka marr\u00eb nj\u00eb rol aktiv n\u00eb \u00e7\u00ebshtjet politike dhe ligjore q\u00eb kan\u00eb t\u00eb b\u00ebjn\u00eb me t\u00eb drejtat e komunitetit shqiptar.<\/p>\n<p>Ai mban gjithashtu pozicionin e Z\u00ebvend\u00ebspresidentit t\u00eb Shoqat\u00ebs Evropiane t\u00eb Student\u00ebve t\u00eb Drejt\u00ebsis\u00eb (ELSA) n\u00eb Maqedonin\u00eb e Veriut. Edhe pse deri m\u00eb tani ai njihej kryesisht p\u00ebr pranin\u00eb e tij publike dhe aktivitetin shkencor, k\u00ebt\u00eb her\u00eb interesi \u00ebsht\u00eb drejtuar te pamja e tij, me shum\u00eb p\u00ebrdorues q\u00eb e krahasojn\u00eb at\u00eb madje me nj\u00eb model.<\/p>\n<p>Komentet n\u00eb rrjetet sociale kan\u00eb qen\u00eb t\u00eb zjarrta me shum\u00eb gra q\u00eb e p\u00ebrshkruajn\u00eb at\u00eb si \u201c\u00ebndrra e \u00e7do vajze\u201d, \u201cjasht\u00ebzakonisht simpatik\u201d, nd\u00ebrsa nuk mungojn\u00eb as referencat p\u00ebr \u201cbukurin\u00eb e gjakut ilir\u201d, me nj\u00eb ton krenarie. N\u00eb shum\u00eb postime, ai paraqitet si nj\u00eb kombinim i pamjes dhe inteligjenc\u00ebs, nj\u00eb fakt q\u00eb e ka b\u00ebr\u00eb at\u00eb nj\u00eb nga figurat m\u00eb t\u00eb diskutuara n\u00eb sken\u00ebn politike t\u00eb Maqedonis\u00eb s\u00eb Veriut.<\/p>\n","protected":false},"excerpt":{"rendered":"<p>Nj\u00eb val\u00eb e papritur popullariteti \u00ebsht\u00eb shkaktuar nga analisti politik dhe akademiku shqiptar nga Maqedonia e Veriut, Yilli Patcuku i cili \u00ebsht\u00eb b\u00ebr\u00eb viral n\u00eb TikTok. Media greke\u00a0Protothema\u00a0shkruan se, ai \u00ebsht\u00eb an\u00ebtari m\u00eb i ri i organit suprem t\u00eb Bashkimit Demokratik p\u00ebr Integrim (BDI), partis\u00eb m\u00eb t\u00eb madhe shqiptare n\u00eb Maqedonin\u00eb e Veriut, dhe ka [&hellip;]<\/p>\n","protected":false},"author":1,"featured_media":77437,"comment_status":"closed","ping_status":"closed","sticky":false,"template":"","format":"standard","meta":{"_monsterinsights_skip_tracking":false,"_monsterinsights_sitenote_active":false,"_monsterinsights_sitenote_note":"","_monsterinsights_sitenote_category":0,"_uf_show_specific_survey":0,"_uf_disable_surveys":false,"footnotes":""},"categories":[15],"tags":[3865],"yoast_head":"<!-- This site is optimized with the Yoast SEO plugin v21.5 - https:\/\/yoast.com\/wordpress\/plugins\/seo\/ -->\n<title>\u201cJe \u00ebndrra e \u00e7do vajze\u201d, media greke shkruan p\u00ebr politikanin shqiptar nga RMV: \u00cbsht\u00eb b\u00ebr\u00eb viral p\u00ebr pamjen e tij<\/title>\n<meta name=\"robots\" content=\"index, follow, max-snippet:-1, max-image-preview:large, max-video-preview:-1\" \/>\n<link rel=\"canonical\" href=\"https:\/\/permbledhja.com\/sq\/je-endrra-e-cdo-vajze-media-greke-shkruan-per-politikanin-shqiptar-nga-rmv-eshte-bere-viral-per-pamjen-e-tij\/\" \/>\n<meta property=\"og:locale\" content=\"sq_AL\" \/>\n<meta property=\"og:type\" content=\"article\" \/>\n<meta property=\"og:title\" content=\"\u201cJe \u00ebndrra e \u00e7do vajze\u201d, media greke shkruan p\u00ebr politikanin shqiptar nga RMV: \u00cbsht\u00eb b\u00ebr\u00eb viral p\u00ebr pamjen e tij\" \/>\n<meta property=\"og:description\" content=\"Nj\u00eb val\u00eb e papritur popullariteti \u00ebsht\u00eb shkaktuar nga analisti politik dhe akademiku shqiptar nga Maqedonia e Veriut, Yilli Patcuku i cili \u00ebsht\u00eb b\u00ebr\u00eb viral n\u00eb TikTok. Media greke\u00a0Protothema\u00a0shkruan se, ai \u00ebsht\u00eb an\u00ebtari m\u00eb i ri i organit suprem t\u00eb Bashkimit Demokratik p\u00ebr Integrim (BDI), partis\u00eb m\u00eb t\u00eb madhe shqiptare n\u00eb Maqedonin\u00eb e Veriut, dhe ka [&hellip;]\" \/>\n<meta property=\"og:url\" content=\"https:\/\/permbledhja.com\/sq\/je-endrra-e-cdo-vajze-media-greke-shkruan-per-politikanin-shqiptar-nga-rmv-eshte-bere-viral-per-pamjen-e-tij\/\" \/>\n<meta property=\"og:site_name\" content=\"Ve\u00e7 artikuj p\u00ebrmbledh\u00ebs\" \/>\n<meta property=\"article:publisher\" content=\"https:\/\/www.facebook.com\/press07\/\" \/>\n<meta property=\"article:author\" content=\"https:\/\/www.facebook.com\/kafexhiu.muharrem\/\" \/>\n<meta property=\"article:published_time\" content=\"2026-04-29T11:28:21+00:00\" \/>\n<meta property=\"og:image\" content=\"https:\/\/permbledhja.com\/wp-content\/uploads\/2026\/04\/yllipacuku-art-600x360-1.webp\" \/>\n\t<meta property=\"og:image:width\" content=\"600\" \/>\n\t<meta property=\"og:image:height\" content=\"360\" \/>\n\t<meta property=\"og:image:type\" content=\"image\/webp\" \/>\n<meta name=\"author\" content=\"P\u00ebrmbledhja\" \/>\n<meta name=\"twitter:card\" content=\"summary_large_image\" \/>\n<meta name=\"twitter:label1\" content=\"Written by\" \/>\n\t<meta name=\"twitter:data1\" content=\"P\u00ebrmbledhja\" \/>\n\t<meta name=\"twitter:label2\" content=\"Est. reading time\" \/>\n\t<meta name=\"twitter:data2\" content=\"2 minuta\" \/>\n<script type=\"application\/ld+json\" class=\"yoast-schema-graph\">{\"@context\":\"https:\/\/schema.org\",\"@graph\":[{\"@type\":\"Article\",\"@id\":\"https:\/\/permbledhja.com\/je-endrra-e-cdo-vajze-media-greke-shkruan-per-politikanin-shqiptar-nga-rmv-eshte-bere-viral-per-pamjen-e-tij\/#article\",\"isPartOf\":{\"@id\":\"https:\/\/permbledhja.com\/je-endrra-e-cdo-vajze-media-greke-shkruan-per-politikanin-shqiptar-nga-rmv-eshte-bere-viral-per-pamjen-e-tij\/\"},\"author\":{\"name\":\"P\u00ebrmbledhja\",\"@id\":\"https:\/\/permbledhja.com\/#\/schema\/person\/0d064377258d3221e50693947b9eb4fe\"},\"headline\":\"\u201cJe \u00ebndrra e \u00e7do vajze\u201d, media greke shkruan p\u00ebr politikanin shqiptar nga RMV: \u00cbsht\u00eb b\u00ebr\u00eb viral p\u00ebr pamjen e tij\",\"datePublished\":\"2026-04-29T11:28:21+00:00\",\"dateModified\":\"2026-04-29T11:28:21+00:00\",\"mainEntityOfPage\":{\"@id\":\"https:\/\/permbledhja.com\/je-endrra-e-cdo-vajze-media-greke-shkruan-per-politikanin-shqiptar-nga-rmv-eshte-bere-viral-per-pamjen-e-tij\/\"},\"wordCount\":240,\"publisher\":{\"@id\":\"https:\/\/permbledhja.com\/#organization\"},\"keywords\":[\"Viral\"],\"articleSection\":[\"Lajme\"],\"inLanguage\":\"sq\"},{\"@type\":\"WebPage\",\"@id\":\"https:\/\/permbledhja.com\/je-endrra-e-cdo-vajze-media-greke-shkruan-per-politikanin-shqiptar-nga-rmv-eshte-bere-viral-per-pamjen-e-tij\/\",\"url\":\"https:\/\/permbledhja.com\/je-endrra-e-cdo-vajze-media-greke-shkruan-per-politikanin-shqiptar-nga-rmv-eshte-bere-viral-per-pamjen-e-tij\/\",\"name\":\"\u201cJe \u00ebndrra e \u00e7do vajze\u201d, media greke shkruan p\u00ebr politikanin shqiptar nga RMV: \u00cbsht\u00eb b\u00ebr\u00eb viral p\u00ebr pamjen e tij\",\"isPartOf\":{\"@id\":\"https:\/\/permbledhja.com\/#website\"},\"datePublished\":\"2026-04-29T11:28:21+00:00\",\"dateModified\":\"2026-04-29T11:28:21+00:00\",\"breadcrumb\":{\"@id\":\"https:\/\/permbledhja.com\/je-endrra-e-cdo-vajze-media-greke-shkruan-per-politikanin-shqiptar-nga-rmv-eshte-bere-viral-per-pamjen-e-tij\/#breadcrumb\"},\"inLanguage\":\"sq\",\"potentialAction\":[{\"@type\":\"ReadAction\",\"target\":[\"https:\/\/permbledhja.com\/je-endrra-e-cdo-vajze-media-greke-shkruan-per-politikanin-shqiptar-nga-rmv-eshte-bere-viral-per-pamjen-e-tij\/\"]}]},{\"@type\":\"BreadcrumbList\",\"@id\":\"https:\/\/permbledhja.com\/je-endrra-e-cdo-vajze-media-greke-shkruan-per-politikanin-shqiptar-nga-rmv-eshte-bere-viral-per-pamjen-e-tij\/#breadcrumb\",\"itemListElement\":[{\"@type\":\"ListItem\",\"position\":1,\"name\":\"Ballina\",\"item\":\"https:\/\/permbledhja.com\/sq\/\"},{\"@type\":\"ListItem\",\"position\":2,\"name\":\"\u201cJe \u00ebndrra e \u00e7do vajze\u201d, media greke shkruan p\u00ebr politikanin shqiptar nga RMV: \u00cbsht\u00eb b\u00ebr\u00eb viral p\u00ebr pamjen e tij\"}]},{\"@type\":\"WebSite\",\"@id\":\"https:\/\/permbledhja.com\/#website\",\"url\":\"https:\/\/permbledhja.com\/\",\"name\":\"Ve\u00e7 artikuj p\u00ebrmbledh\u00ebs\",\"description\":\"\",\"publisher\":{\"@id\":\"https:\/\/permbledhja.com\/#organization\"},\"potentialAction\":[{\"@type\":\"SearchAction\",\"target\":{\"@type\":\"EntryPoint\",\"urlTemplate\":\"https:\/\/permbledhja.com\/?s={search_term_string}\"},\"query-input\":\"required name=search_term_string\"}],\"inLanguage\":\"sq\"},{\"@type\":\"Organization\",\"@id\":\"https:\/\/permbledhja.com\/#organization\",\"name\":\"MK Media & Pr\",\"url\":\"https:\/\/permbledhja.com\/\",\"logo\":{\"@type\":\"ImageObject\",\"inLanguage\":\"sq\",\"@id\":\"https:\/\/permbledhja.com\/#\/schema\/logo\/image\/\",\"url\":\"https:\/\/permbledhja.com\/wp-content\/uploads\/2021\/12\/07-Press-Logo.jpg\",\"contentUrl\":\"https:\/\/permbledhja.com\/wp-content\/uploads\/2021\/12\/07-Press-Logo.jpg\",\"width\":512,\"height\":512,\"caption\":\"MK Media & Pr\"},\"image\":{\"@id\":\"https:\/\/permbledhja.com\/#\/schema\/logo\/image\/\"},\"sameAs\":[\"https:\/\/www.facebook.com\/press07\/\"]},{\"@type\":\"Person\",\"@id\":\"https:\/\/permbledhja.com\/#\/schema\/person\/0d064377258d3221e50693947b9eb4fe\",\"name\":\"P\u00ebrmbledhja\",\"image\":{\"@type\":\"ImageObject\",\"inLanguage\":\"sq\",\"@id\":\"https:\/\/permbledhja.com\/#\/schema\/person\/image\/\",\"url\":\"https:\/\/permbledhja.com\/wp-content\/uploads\/2026\/01\/452004717_1040944174702970_8932037511805513407_n-96x96.jpg\",\"contentUrl\":\"https:\/\/permbledhja.com\/wp-content\/uploads\/2026\/01\/452004717_1040944174702970_8932037511805513407_n-96x96.jpg\",\"caption\":\"P\u00ebrmbledhja\"},\"sameAs\":[\"https:\/\/www.facebook.com\/kafexhiu.muharrem\/\",\"https:\/\/www.instagram.com\/muharrem_kafexhiu\/\"],\"url\":\"https:\/\/permbledhja.com\/sq\/author\/admin\/\"}]}<\/script>\n<!-- \/ Yoast SEO plugin. -->","yoast_head_json":{"title":"\u201cJe \u00ebndrra e \u00e7do vajze\u201d, media greke shkruan p\u00ebr politikanin shqiptar nga RMV: \u00cbsht\u00eb b\u00ebr\u00eb viral p\u00ebr pamjen e tij","robots":{"index":"index","follow":"follow","max-snippet":"max-snippet:-1","max-image-preview":"max-image-preview:large","max-video-preview":"max-video-preview:-1"},"canonical":"https:\/\/permbledhja.com\/sq\/je-endrra-e-cdo-vajze-media-greke-shkruan-per-politikanin-shqiptar-nga-rmv-eshte-bere-viral-per-pamjen-e-tij\/","og_locale":"sq_AL","og_type":"article","og_title":"\u201cJe \u00ebndrra e \u00e7do vajze\u201d, media greke shkruan p\u00ebr politikanin shqiptar nga RMV: \u00cbsht\u00eb b\u00ebr\u00eb viral p\u00ebr pamjen e tij","og_description":"Nj\u00eb val\u00eb e papritur popullariteti \u00ebsht\u00eb shkaktuar nga analisti politik dhe akademiku shqiptar nga Maqedonia e Veriut, Yilli Patcuku i cili \u00ebsht\u00eb b\u00ebr\u00eb viral n\u00eb TikTok. Media greke\u00a0Protothema\u00a0shkruan se, ai \u00ebsht\u00eb an\u00ebtari m\u00eb i ri i organit suprem t\u00eb Bashkimit Demokratik p\u00ebr Integrim (BDI), partis\u00eb m\u00eb t\u00eb madhe shqiptare n\u00eb Maqedonin\u00eb e Veriut, dhe ka [&hellip;]","og_url":"https:\/\/permbledhja.com\/sq\/je-endrra-e-cdo-vajze-media-greke-shkruan-per-politikanin-shqiptar-nga-rmv-eshte-bere-viral-per-pamjen-e-tij\/","og_site_name":"Ve\u00e7 artikuj p\u00ebrmbledh\u00ebs","article_publisher":"https:\/\/www.facebook.com\/press07\/","article_author":"https:\/\/www.facebook.com\/kafexhiu.muharrem\/","article_published_time":"2026-04-29T11:28:21+00:00","og_image":[{"width":600,"height":360,"url":"https:\/\/permbledhja.com\/wp-content\/uploads\/2026\/04\/yllipacuku-art-600x360-1.webp","type":"image\/webp"}],"author":"P\u00ebrmbledhja","twitter_card":"summary_large_image","twitter_misc":{"Written by":"P\u00ebrmbledhja","Est. reading time":"2 minuta"},"schema":{"@context":"https:\/\/schema.org","@graph":[{"@type":"Article","@id":"https:\/\/permbledhja.com\/je-endrra-e-cdo-vajze-media-greke-shkruan-per-politikanin-shqiptar-nga-rmv-eshte-bere-viral-per-pamjen-e-tij\/#article","isPartOf":{"@id":"https:\/\/permbledhja.com\/je-endrra-e-cdo-vajze-media-greke-shkruan-per-politikanin-shqiptar-nga-rmv-eshte-bere-viral-per-pamjen-e-tij\/"},"author":{"name":"P\u00ebrmbledhja","@id":"https:\/\/permbledhja.com\/#\/schema\/person\/0d064377258d3221e50693947b9eb4fe"},"headline":"\u201cJe \u00ebndrra e \u00e7do vajze\u201d, media greke shkruan p\u00ebr politikanin shqiptar nga RMV: \u00cbsht\u00eb b\u00ebr\u00eb viral p\u00ebr pamjen e tij","datePublished":"2026-04-29T11:28:21+00:00","dateModified":"2026-04-29T11:28:21+00:00","mainEntityOfPage":{"@id":"https:\/\/permbledhja.com\/je-endrra-e-cdo-vajze-media-greke-shkruan-per-politikanin-shqiptar-nga-rmv-eshte-bere-viral-per-pamjen-e-tij\/"},"wordCount":240,"publisher":{"@id":"https:\/\/permbledhja.com\/#organization"},"keywords":["Viral"],"articleSection":["Lajme"],"inLanguage":"sq"},{"@type":"WebPage","@id":"https:\/\/permbledhja.com\/je-endrra-e-cdo-vajze-media-greke-shkruan-per-politikanin-shqiptar-nga-rmv-eshte-bere-viral-per-pamjen-e-tij\/","url":"https:\/\/permbledhja.com\/je-endrra-e-cdo-vajze-media-greke-shkruan-per-politikanin-shqiptar-nga-rmv-eshte-bere-viral-per-pamjen-e-tij\/","name":"\u201cJe \u00ebndrra e \u00e7do vajze\u201d, media greke shkruan p\u00ebr politikanin shqiptar nga RMV: \u00cbsht\u00eb b\u00ebr\u00eb viral p\u00ebr pamjen e tij","isPartOf":{"@id":"https:\/\/permbledhja.com\/#website"},"datePublished":"2026-04-29T11:28:21+00:00","dateModified":"2026-04-29T11:28:21+00:00","breadcrumb":{"@id":"https:\/\/permbledhja.com\/je-endrra-e-cdo-vajze-media-greke-shkruan-per-politikanin-shqiptar-nga-rmv-eshte-bere-viral-per-pamjen-e-tij\/#breadcrumb"},"inLanguage":"sq","potentialAction":[{"@type":"ReadAction","target":["https:\/\/permbledhja.com\/je-endrra-e-cdo-vajze-media-greke-shkruan-per-politikanin-shqiptar-nga-rmv-eshte-bere-viral-per-pamjen-e-tij\/"]}]},{"@type":"BreadcrumbList","@id":"https:\/\/permbledhja.com\/je-endrra-e-cdo-vajze-media-greke-shkruan-per-politikanin-shqiptar-nga-rmv-eshte-bere-viral-per-pamjen-e-tij\/#breadcrumb","itemListElement":[{"@type":"ListItem","position":1,"name":"Ballina","item":"https:\/\/permbledhja.com\/sq\/"},{"@type":"ListItem","position":2,"name":"\u201cJe \u00ebndrra e \u00e7do vajze\u201d, media greke shkruan p\u00ebr politikanin shqiptar nga RMV: \u00cbsht\u00eb b\u00ebr\u00eb viral p\u00ebr pamjen e tij"}]},{"@type":"WebSite","@id":"https:\/\/permbledhja.com\/#website","url":"https:\/\/permbledhja.com\/","name":"Ve\u00e7 artikuj p\u00ebrmbledh\u00ebs","description":"","publisher":{"@id":"https:\/\/permbledhja.com\/#organization"},"potentialAction":[{"@type":"SearchAction","target":{"@type":"EntryPoint","urlTemplate":"https:\/\/permbledhja.com\/?s={search_term_string}"},"query-input":"required name=search_term_string"}],"inLanguage":"sq"},{"@type":"Organization","@id":"https:\/\/permbledhja.com\/#organization","name":"MK Media & Pr","url":"https:\/\/permbledhja.com\/","logo":{"@type":"ImageObject","inLanguage":"sq","@id":"https:\/\/permbledhja.com\/#\/schema\/logo\/image\/","url":"https:\/\/permbledhja.com\/wp-content\/uploads\/2021\/12\/07-Press-Logo.jpg","contentUrl":"https:\/\/permbledhja.com\/wp-content\/uploads\/2021\/12\/07-Press-Logo.jpg","width":512,"height":512,"caption":"MK Media & Pr"},"image":{"@id":"https:\/\/permbledhja.com\/#\/schema\/logo\/image\/"},"sameAs":["https:\/\/www.facebook.com\/press07\/"]},{"@type":"Person","@id":"https:\/\/permbledhja.com\/#\/schema\/person\/0d064377258d3221e50693947b9eb4fe","name":"P\u00ebrmbledhja","image":{"@type":"ImageObject","inLanguage":"sq","@id":"https:\/\/permbledhja.com\/#\/schema\/person\/image\/","url":"https:\/\/permbledhja.com\/wp-content\/uploads\/2026\/01\/452004717_1040944174702970_8932037511805513407_n-96x96.jpg","contentUrl":"https:\/\/permbledhja.com\/wp-content\/uploads\/2026\/01\/452004717_1040944174702970_8932037511805513407_n-96x96.jpg","caption":"P\u00ebrmbledhja"},"sameAs":["https:\/\/www.facebook.com\/kafexhiu.muharrem\/","https:\/\/www.instagram.com\/muharrem_kafexhiu\/"],"url":"https:\/\/permbledhja.com\/sq\/author\/admin\/"}]}},"_links":{"self":[{"href":"https:\/\/permbledhja.com\/sq\/wp-json\/wp\/v2\/posts\/77436"}],"collection":[{"href":"https:\/\/permbledhja.com\/sq\/wp-json\/wp\/v2\/posts"}],"about":[{"href":"https:\/\/permbledhja.com\/sq\/wp-json\/wp\/v2\/types\/post"}],"author":[{"embeddable":true,"href":"https:\/\/permbledhja.com\/sq\/wp-json\/wp\/v2\/users\/1"}],"replies":[{"embeddable":true,"href":"https:\/\/permbledhja.com\/sq\/wp-json\/wp\/v2\/comments?post=77436"}],"version-history":[{"count":1,"href":"https:\/\/permbledhja.com\/sq\/wp-json\/wp\/v2\/posts\/77436\/revisions"}],"predecessor-version":[{"id":77438,"href":"https:\/\/permbledhja.com\/sq\/wp-json\/wp\/v2\/posts\/77436\/revisions\/77438"}],"wp:featuredmedia":[{"embeddable":true,"href":"https:\/\/permbledhja.com\/sq\/wp-json\/wp\/v2\/media\/77437"}],"wp:attachment":[{"href":"https:\/\/permbledhja.com\/sq\/wp-json\/wp\/v2\/media?parent=77436"}],"wp:term":[{"taxonomy":"category","embeddable":true,"href":"https:\/\/permbledhja.com\/sq\/wp-json\/wp\/v2\/categories?post=77436"},{"taxonomy":"post_tag","embeddable":true,"href":"https:\/\/permbledhja.com\/sq\/wp-json\/wp\/v2\/tags?post=77436"}],"curies":[{"name":"wp","href":"https:\/\/api.w.org\/{rel}","templated":true}]}}