{"id":77433,"date":"2026-04-29T11:01:15","date_gmt":"2026-04-29T11:01:15","guid":{"rendered":"https:\/\/permbledhja.com\/?p=77433"},"modified":"2026-04-29T11:01:15","modified_gmt":"2026-04-29T11:01:15","slug":"mushkolaj-i-reagon-vjosa-osmanit-ligjerate-nga-shkaterruesja-e-ldk-se","status":"publish","type":"post","link":"https:\/\/permbledhja.com\/sq\/mushkolaj-i-reagon-vjosa-osmanit-ligjerate-nga-shkaterruesja-e-ldk-se\/","title":{"rendered":"Mushkolaj i reagon Vjosa Osmanit: Ligj\u00ebrat\u00eb nga shkat\u00ebrruesja e LDK-s\u00eb"},"content":{"rendered":"<p><strong>Analisti politik Imer Mushkolaj i ka reaguar ish-presidentes Vjosa Osmani. Duke e komentuar mesazhin e fundit t\u00eb Osmanit, ai e ka quajtur at\u00eb shkat\u00ebrruese t\u00eb LDK-s\u00eb.<\/strong><\/p>\n<p><em>\u201cLigj\u00ebrat\u00eb nga shkat\u00ebrruesja e LDK-s\u00eb\u201d<\/em>, ka shkruar Mushkolaj. Sot, ish-presidentja Osmani ka publikuar nj\u00eb video n\u00eb rrjete sociale.<\/p>\n<p>Ajo ka th\u00ebn\u00eb se rrug\u00ebt q\u00eb mbyllen nga padrejt\u00ebsit\u00eb, hapen nga populli. Ka ftuar p\u00ebr bashkim, dhe ka goditur Albin Kurtin.<\/p>\n<p><em>\u201cMir\u00ebmengjes t\u00eb dashur qytetar\u00eb. Mbr\u00ebm\u00eb ka qen\u00eb nat\u00eb e r\u00ebnd\u00eb p\u00ebr Kosov\u00ebn, por ky popull ka ditur t\u00eb ngrit\u00ebt n\u00eb momentet edhe shum\u00eb m\u00eb t\u00eb r\u00ebnda. Ka ardhur momenti q\u00eb t\u00eb jepim dashni, p\u00ebr vendin ton\u00eb. Mjaft m\u00eb me propagand\u00eb, mjaft me urrejtje, p\u00ebr\u00e7arje, ndjellje t\u00eb frik\u00ebs, mjaft m\u00eb. Aty ku ka urrejtje duhet t\u00eb sjellim vet\u00ebm dashni p\u00ebr nj\u00ebri-tjetrin dhe vendin ton\u00eb, aty ku ka frik\u00eb duhet t\u00eb sjellim shpres\u00eb, aty ku ka propagand\u00eb e shpifje duhet ta mbrojm\u00eb t\u00eb v\u00ebrtet\u00ebn dhe vet\u00ebm t\u00eb v\u00ebrtet\u00ebn. Iu ftoj t\u00eb bashkoheni n\u00eb k\u00ebt\u00eb mision, sepse rrug\u00ebt q\u00eb mbyllen nga padrejt\u00ebsit\u00eb, hapen nga populli\u201d<\/em>, tha Osmani.<\/p>\n<p><iframe loading=\"lazy\" style=\"border: none; overflow: hidden;\" src=\"https:\/\/www.facebook.com\/plugins\/post.php?href=https%3A%2F%2Fwww.facebook.com%2Fimermushkolajofficial%2Fposts%2Fpfbid0GMAZsKmgvyKGHJkw23yAT2md9pDvMXcJa6sPFPaipZyKugqxmit2jJNJmdKdq9Ful&amp;show_text=true&amp;width=500\" width=\"500\" height=\"250\" frameborder=\"0\" scrolling=\"no\" allowfullscreen=\"allowfullscreen\"><\/iframe><\/p>\n","protected":false},"excerpt":{"rendered":"<p>Analisti politik Imer Mushkolaj i ka reaguar ish-presidentes Vjosa Osmani. Duke e komentuar mesazhin e fundit t\u00eb Osmanit, ai e ka quajtur at\u00eb shkat\u00ebrruese t\u00eb LDK-s\u00eb. \u201cLigj\u00ebrat\u00eb nga shkat\u00ebrruesja e LDK-s\u00eb\u201d, ka shkruar Mushkolaj. Sot, ish-presidentja Osmani ka publikuar nj\u00eb video n\u00eb rrjete sociale. Ajo ka th\u00ebn\u00eb se rrug\u00ebt q\u00eb mbyllen nga padrejt\u00ebsit\u00eb, hapen nga [&hellip;]<\/p>\n","protected":false},"author":1,"featured_media":77434,"comment_status":"closed","ping_status":"closed","sticky":false,"template":"","format":"standard","meta":{"_monsterinsights_skip_tracking":false,"_monsterinsights_sitenote_active":false,"_monsterinsights_sitenote_note":"","_monsterinsights_sitenote_category":0,"_uf_show_specific_survey":0,"_uf_disable_surveys":false,"footnotes":""},"categories":[3324],"tags":[163],"yoast_head":"<!-- This site is optimized with the Yoast SEO plugin v21.5 - https:\/\/yoast.com\/wordpress\/plugins\/seo\/ -->\n<title>Mushkolaj i reagon Vjosa Osmanit: Ligj\u00ebrat\u00eb nga shkat\u00ebrruesja e LDK-s\u00eb<\/title>\n<meta name=\"robots\" content=\"index, follow, max-snippet:-1, max-image-preview:large, max-video-preview:-1\" \/>\n<link rel=\"canonical\" href=\"https:\/\/permbledhja.com\/sq\/mushkolaj-i-reagon-vjosa-osmanit-ligjerate-nga-shkaterruesja-e-ldk-se\/\" \/>\n<meta property=\"og:locale\" content=\"sq_AL\" \/>\n<meta property=\"og:type\" content=\"article\" \/>\n<meta property=\"og:title\" content=\"Mushkolaj i reagon Vjosa Osmanit: Ligj\u00ebrat\u00eb nga shkat\u00ebrruesja e LDK-s\u00eb\" \/>\n<meta property=\"og:description\" content=\"Analisti politik Imer Mushkolaj i ka reaguar ish-presidentes Vjosa Osmani. Duke e komentuar mesazhin e fundit t\u00eb Osmanit, ai e ka quajtur at\u00eb shkat\u00ebrruese t\u00eb LDK-s\u00eb. \u201cLigj\u00ebrat\u00eb nga shkat\u00ebrruesja e LDK-s\u00eb\u201d, ka shkruar Mushkolaj. Sot, ish-presidentja Osmani ka publikuar nj\u00eb video n\u00eb rrjete sociale. Ajo ka th\u00ebn\u00eb se rrug\u00ebt q\u00eb mbyllen nga padrejt\u00ebsit\u00eb, hapen nga [&hellip;]\" \/>\n<meta property=\"og:url\" content=\"https:\/\/permbledhja.com\/sq\/mushkolaj-i-reagon-vjosa-osmanit-ligjerate-nga-shkaterruesja-e-ldk-se\/\" \/>\n<meta property=\"og:site_name\" content=\"Ve\u00e7 artikuj p\u00ebrmbledh\u00ebs\" \/>\n<meta property=\"article:publisher\" content=\"https:\/\/www.facebook.com\/press07\/\" \/>\n<meta property=\"article:author\" content=\"https:\/\/www.facebook.com\/kafexhiu.muharrem\/\" \/>\n<meta property=\"article:published_time\" content=\"2026-04-29T11:01:15+00:00\" \/>\n<meta property=\"og:image\" content=\"https:\/\/permbledhja.com\/wp-content\/uploads\/2026\/04\/imer3.jpg\" \/>\n\t<meta property=\"og:image:width\" content=\"1920\" \/>\n\t<meta property=\"og:image:height\" content=\"1080\" \/>\n\t<meta property=\"og:image:type\" content=\"image\/jpeg\" \/>\n<meta name=\"author\" content=\"P\u00ebrmbledhja\" \/>\n<meta name=\"twitter:card\" content=\"summary_large_image\" \/>\n<meta name=\"twitter:label1\" content=\"Written by\" \/>\n\t<meta name=\"twitter:data1\" content=\"P\u00ebrmbledhja\" \/>\n\t<meta name=\"twitter:label2\" content=\"Est. reading time\" \/>\n\t<meta name=\"twitter:data2\" content=\"1 minut\u00eb\" \/>\n<script type=\"application\/ld+json\" class=\"yoast-schema-graph\">{\"@context\":\"https:\/\/schema.org\",\"@graph\":[{\"@type\":\"Article\",\"@id\":\"https:\/\/permbledhja.com\/mushkolaj-i-reagon-vjosa-osmanit-ligjerate-nga-shkaterruesja-e-ldk-se\/#article\",\"isPartOf\":{\"@id\":\"https:\/\/permbledhja.com\/mushkolaj-i-reagon-vjosa-osmanit-ligjerate-nga-shkaterruesja-e-ldk-se\/\"},\"author\":{\"name\":\"P\u00ebrmbledhja\",\"@id\":\"https:\/\/permbledhja.com\/#\/schema\/person\/0d064377258d3221e50693947b9eb4fe\"},\"headline\":\"Mushkolaj i reagon Vjosa Osmanit: Ligj\u00ebrat\u00eb nga shkat\u00ebrruesja e LDK-s\u00eb\",\"datePublished\":\"2026-04-29T11:01:15+00:00\",\"dateModified\":\"2026-04-29T11:01:15+00:00\",\"mainEntityOfPage\":{\"@id\":\"https:\/\/permbledhja.com\/mushkolaj-i-reagon-vjosa-osmanit-ligjerate-nga-shkaterruesja-e-ldk-se\/\"},\"wordCount\":210,\"publisher\":{\"@id\":\"https:\/\/permbledhja.com\/#organization\"},\"keywords\":[\"Vjosa Osmani\"],\"articleSection\":[\"Dyt\u00ebsore\"],\"inLanguage\":\"sq\"},{\"@type\":\"WebPage\",\"@id\":\"https:\/\/permbledhja.com\/mushkolaj-i-reagon-vjosa-osmanit-ligjerate-nga-shkaterruesja-e-ldk-se\/\",\"url\":\"https:\/\/permbledhja.com\/mushkolaj-i-reagon-vjosa-osmanit-ligjerate-nga-shkaterruesja-e-ldk-se\/\",\"name\":\"Mushkolaj i reagon Vjosa Osmanit: Ligj\u00ebrat\u00eb nga shkat\u00ebrruesja e LDK-s\u00eb\",\"isPartOf\":{\"@id\":\"https:\/\/permbledhja.com\/#website\"},\"datePublished\":\"2026-04-29T11:01:15+00:00\",\"dateModified\":\"2026-04-29T11:01:15+00:00\",\"breadcrumb\":{\"@id\":\"https:\/\/permbledhja.com\/mushkolaj-i-reagon-vjosa-osmanit-ligjerate-nga-shkaterruesja-e-ldk-se\/#breadcrumb\"},\"inLanguage\":\"sq\",\"potentialAction\":[{\"@type\":\"ReadAction\",\"target\":[\"https:\/\/permbledhja.com\/mushkolaj-i-reagon-vjosa-osmanit-ligjerate-nga-shkaterruesja-e-ldk-se\/\"]}]},{\"@type\":\"BreadcrumbList\",\"@id\":\"https:\/\/permbledhja.com\/mushkolaj-i-reagon-vjosa-osmanit-ligjerate-nga-shkaterruesja-e-ldk-se\/#breadcrumb\",\"itemListElement\":[{\"@type\":\"ListItem\",\"position\":1,\"name\":\"Ballina\",\"item\":\"https:\/\/permbledhja.com\/sq\/\"},{\"@type\":\"ListItem\",\"position\":2,\"name\":\"Mushkolaj i reagon Vjosa Osmanit: Ligj\u00ebrat\u00eb nga shkat\u00ebrruesja e LDK-s\u00eb\"}]},{\"@type\":\"WebSite\",\"@id\":\"https:\/\/permbledhja.com\/#website\",\"url\":\"https:\/\/permbledhja.com\/\",\"name\":\"Ve\u00e7 artikuj p\u00ebrmbledh\u00ebs\",\"description\":\"\",\"publisher\":{\"@id\":\"https:\/\/permbledhja.com\/#organization\"},\"potentialAction\":[{\"@type\":\"SearchAction\",\"target\":{\"@type\":\"EntryPoint\",\"urlTemplate\":\"https:\/\/permbledhja.com\/?s={search_term_string}\"},\"query-input\":\"required name=search_term_string\"}],\"inLanguage\":\"sq\"},{\"@type\":\"Organization\",\"@id\":\"https:\/\/permbledhja.com\/#organization\",\"name\":\"MK Media & Pr\",\"url\":\"https:\/\/permbledhja.com\/\",\"logo\":{\"@type\":\"ImageObject\",\"inLanguage\":\"sq\",\"@id\":\"https:\/\/permbledhja.com\/#\/schema\/logo\/image\/\",\"url\":\"https:\/\/permbledhja.com\/wp-content\/uploads\/2021\/12\/07-Press-Logo.jpg\",\"contentUrl\":\"https:\/\/permbledhja.com\/wp-content\/uploads\/2021\/12\/07-Press-Logo.jpg\",\"width\":512,\"height\":512,\"caption\":\"MK Media & Pr\"},\"image\":{\"@id\":\"https:\/\/permbledhja.com\/#\/schema\/logo\/image\/\"},\"sameAs\":[\"https:\/\/www.facebook.com\/press07\/\"]},{\"@type\":\"Person\",\"@id\":\"https:\/\/permbledhja.com\/#\/schema\/person\/0d064377258d3221e50693947b9eb4fe\",\"name\":\"P\u00ebrmbledhja\",\"image\":{\"@type\":\"ImageObject\",\"inLanguage\":\"sq\",\"@id\":\"https:\/\/permbledhja.com\/#\/schema\/person\/image\/\",\"url\":\"https:\/\/permbledhja.com\/wp-content\/uploads\/2026\/01\/452004717_1040944174702970_8932037511805513407_n-96x96.jpg\",\"contentUrl\":\"https:\/\/permbledhja.com\/wp-content\/uploads\/2026\/01\/452004717_1040944174702970_8932037511805513407_n-96x96.jpg\",\"caption\":\"P\u00ebrmbledhja\"},\"sameAs\":[\"https:\/\/www.facebook.com\/kafexhiu.muharrem\/\",\"https:\/\/www.instagram.com\/muharrem_kafexhiu\/\"],\"url\":\"https:\/\/permbledhja.com\/sq\/author\/admin\/\"}]}<\/script>\n<!-- \/ Yoast SEO plugin. -->","yoast_head_json":{"title":"Mushkolaj i reagon Vjosa Osmanit: Ligj\u00ebrat\u00eb nga shkat\u00ebrruesja e LDK-s\u00eb","robots":{"index":"index","follow":"follow","max-snippet":"max-snippet:-1","max-image-preview":"max-image-preview:large","max-video-preview":"max-video-preview:-1"},"canonical":"https:\/\/permbledhja.com\/sq\/mushkolaj-i-reagon-vjosa-osmanit-ligjerate-nga-shkaterruesja-e-ldk-se\/","og_locale":"sq_AL","og_type":"article","og_title":"Mushkolaj i reagon Vjosa Osmanit: Ligj\u00ebrat\u00eb nga shkat\u00ebrruesja e LDK-s\u00eb","og_description":"Analisti politik Imer Mushkolaj i ka reaguar ish-presidentes Vjosa Osmani. Duke e komentuar mesazhin e fundit t\u00eb Osmanit, ai e ka quajtur at\u00eb shkat\u00ebrruese t\u00eb LDK-s\u00eb. \u201cLigj\u00ebrat\u00eb nga shkat\u00ebrruesja e LDK-s\u00eb\u201d, ka shkruar Mushkolaj. Sot, ish-presidentja Osmani ka publikuar nj\u00eb video n\u00eb rrjete sociale. Ajo ka th\u00ebn\u00eb se rrug\u00ebt q\u00eb mbyllen nga padrejt\u00ebsit\u00eb, hapen nga [&hellip;]","og_url":"https:\/\/permbledhja.com\/sq\/mushkolaj-i-reagon-vjosa-osmanit-ligjerate-nga-shkaterruesja-e-ldk-se\/","og_site_name":"Ve\u00e7 artikuj p\u00ebrmbledh\u00ebs","article_publisher":"https:\/\/www.facebook.com\/press07\/","article_author":"https:\/\/www.facebook.com\/kafexhiu.muharrem\/","article_published_time":"2026-04-29T11:01:15+00:00","og_image":[{"width":1920,"height":1080,"url":"https:\/\/permbledhja.com\/wp-content\/uploads\/2026\/04\/imer3.jpg","type":"image\/jpeg"}],"author":"P\u00ebrmbledhja","twitter_card":"summary_large_image","twitter_misc":{"Written by":"P\u00ebrmbledhja","Est. reading time":"1 minut\u00eb"},"schema":{"@context":"https:\/\/schema.org","@graph":[{"@type":"Article","@id":"https:\/\/permbledhja.com\/mushkolaj-i-reagon-vjosa-osmanit-ligjerate-nga-shkaterruesja-e-ldk-se\/#article","isPartOf":{"@id":"https:\/\/permbledhja.com\/mushkolaj-i-reagon-vjosa-osmanit-ligjerate-nga-shkaterruesja-e-ldk-se\/"},"author":{"name":"P\u00ebrmbledhja","@id":"https:\/\/permbledhja.com\/#\/schema\/person\/0d064377258d3221e50693947b9eb4fe"},"headline":"Mushkolaj i reagon Vjosa Osmanit: Ligj\u00ebrat\u00eb nga shkat\u00ebrruesja e LDK-s\u00eb","datePublished":"2026-04-29T11:01:15+00:00","dateModified":"2026-04-29T11:01:15+00:00","mainEntityOfPage":{"@id":"https:\/\/permbledhja.com\/mushkolaj-i-reagon-vjosa-osmanit-ligjerate-nga-shkaterruesja-e-ldk-se\/"},"wordCount":210,"publisher":{"@id":"https:\/\/permbledhja.com\/#organization"},"keywords":["Vjosa Osmani"],"articleSection":["Dyt\u00ebsore"],"inLanguage":"sq"},{"@type":"WebPage","@id":"https:\/\/permbledhja.com\/mushkolaj-i-reagon-vjosa-osmanit-ligjerate-nga-shkaterruesja-e-ldk-se\/","url":"https:\/\/permbledhja.com\/mushkolaj-i-reagon-vjosa-osmanit-ligjerate-nga-shkaterruesja-e-ldk-se\/","name":"Mushkolaj i reagon Vjosa Osmanit: Ligj\u00ebrat\u00eb nga shkat\u00ebrruesja e LDK-s\u00eb","isPartOf":{"@id":"https:\/\/permbledhja.com\/#website"},"datePublished":"2026-04-29T11:01:15+00:00","dateModified":"2026-04-29T11:01:15+00:00","breadcrumb":{"@id":"https:\/\/permbledhja.com\/mushkolaj-i-reagon-vjosa-osmanit-ligjerate-nga-shkaterruesja-e-ldk-se\/#breadcrumb"},"inLanguage":"sq","potentialAction":[{"@type":"ReadAction","target":["https:\/\/permbledhja.com\/mushkolaj-i-reagon-vjosa-osmanit-ligjerate-nga-shkaterruesja-e-ldk-se\/"]}]},{"@type":"BreadcrumbList","@id":"https:\/\/permbledhja.com\/mushkolaj-i-reagon-vjosa-osmanit-ligjerate-nga-shkaterruesja-e-ldk-se\/#breadcrumb","itemListElement":[{"@type":"ListItem","position":1,"name":"Ballina","item":"https:\/\/permbledhja.com\/sq\/"},{"@type":"ListItem","position":2,"name":"Mushkolaj i reagon Vjosa Osmanit: Ligj\u00ebrat\u00eb nga shkat\u00ebrruesja e LDK-s\u00eb"}]},{"@type":"WebSite","@id":"https:\/\/permbledhja.com\/#website","url":"https:\/\/permbledhja.com\/","name":"Ve\u00e7 artikuj p\u00ebrmbledh\u00ebs","description":"","publisher":{"@id":"https:\/\/permbledhja.com\/#organization"},"potentialAction":[{"@type":"SearchAction","target":{"@type":"EntryPoint","urlTemplate":"https:\/\/permbledhja.com\/?s={search_term_string}"},"query-input":"required name=search_term_string"}],"inLanguage":"sq"},{"@type":"Organization","@id":"https:\/\/permbledhja.com\/#organization","name":"MK Media & Pr","url":"https:\/\/permbledhja.com\/","logo":{"@type":"ImageObject","inLanguage":"sq","@id":"https:\/\/permbledhja.com\/#\/schema\/logo\/image\/","url":"https:\/\/permbledhja.com\/wp-content\/uploads\/2021\/12\/07-Press-Logo.jpg","contentUrl":"https:\/\/permbledhja.com\/wp-content\/uploads\/2021\/12\/07-Press-Logo.jpg","width":512,"height":512,"caption":"MK Media & Pr"},"image":{"@id":"https:\/\/permbledhja.com\/#\/schema\/logo\/image\/"},"sameAs":["https:\/\/www.facebook.com\/press07\/"]},{"@type":"Person","@id":"https:\/\/permbledhja.com\/#\/schema\/person\/0d064377258d3221e50693947b9eb4fe","name":"P\u00ebrmbledhja","image":{"@type":"ImageObject","inLanguage":"sq","@id":"https:\/\/permbledhja.com\/#\/schema\/person\/image\/","url":"https:\/\/permbledhja.com\/wp-content\/uploads\/2026\/01\/452004717_1040944174702970_8932037511805513407_n-96x96.jpg","contentUrl":"https:\/\/permbledhja.com\/wp-content\/uploads\/2026\/01\/452004717_1040944174702970_8932037511805513407_n-96x96.jpg","caption":"P\u00ebrmbledhja"},"sameAs":["https:\/\/www.facebook.com\/kafexhiu.muharrem\/","https:\/\/www.instagram.com\/muharrem_kafexhiu\/"],"url":"https:\/\/permbledhja.com\/sq\/author\/admin\/"}]}},"_links":{"self":[{"href":"https:\/\/permbledhja.com\/sq\/wp-json\/wp\/v2\/posts\/77433"}],"collection":[{"href":"https:\/\/permbledhja.com\/sq\/wp-json\/wp\/v2\/posts"}],"about":[{"href":"https:\/\/permbledhja.com\/sq\/wp-json\/wp\/v2\/types\/post"}],"author":[{"embeddable":true,"href":"https:\/\/permbledhja.com\/sq\/wp-json\/wp\/v2\/users\/1"}],"replies":[{"embeddable":true,"href":"https:\/\/permbledhja.com\/sq\/wp-json\/wp\/v2\/comments?post=77433"}],"version-history":[{"count":1,"href":"https:\/\/permbledhja.com\/sq\/wp-json\/wp\/v2\/posts\/77433\/revisions"}],"predecessor-version":[{"id":77435,"href":"https:\/\/permbledhja.com\/sq\/wp-json\/wp\/v2\/posts\/77433\/revisions\/77435"}],"wp:featuredmedia":[{"embeddable":true,"href":"https:\/\/permbledhja.com\/sq\/wp-json\/wp\/v2\/media\/77434"}],"wp:attachment":[{"href":"https:\/\/permbledhja.com\/sq\/wp-json\/wp\/v2\/media?parent=77433"}],"wp:term":[{"taxonomy":"category","embeddable":true,"href":"https:\/\/permbledhja.com\/sq\/wp-json\/wp\/v2\/categories?post=77433"},{"taxonomy":"post_tag","embeddable":true,"href":"https:\/\/permbledhja.com\/sq\/wp-json\/wp\/v2\/tags?post=77433"}],"curies":[{"name":"wp","href":"https:\/\/api.w.org\/{rel}","templated":true}]}}