{"id":77425,"date":"2026-04-27T14:10:30","date_gmt":"2026-04-27T14:10:30","guid":{"rendered":"https:\/\/permbledhja.com\/?p=77425"},"modified":"2026-04-27T14:10:30","modified_gmt":"2026-04-27T14:10:30","slug":"pas-pak-seanca-per-presidentin","status":"publish","type":"post","link":"https:\/\/permbledhja.com\/sq\/pas-pak-seanca-per-presidentin\/","title":{"rendered":"Pas pak seanca p\u00ebr presidentin"},"content":{"rendered":"<p><strong>Seanca e jasht\u00ebzakonshme p\u00ebr zgjedhjen e presidentit t\u00eb ri t\u00eb Kosov\u00ebs \u00ebsht\u00eb caktuar t\u00eb mbahet sot.<\/strong><\/p>\n<p>Kuvendi i Kosov\u00ebs ka njoftuar se diskutimi lidhur me zgjedhjen e t\u00eb parit t\u00eb shtetit do t\u00eb nis nga ora 17:00.<\/p>\n<blockquote class=\"wp-embedded-content\" data-secret=\"lk9xLBNm5C\"><p><a href=\"https:\/\/permbledhja.com\/sq\/ejup-maqedonci-ushtaraket-e-fsk-se-po-shenojne-suksese-ne-akademite-e-nato-s\/\">Ejup Maqedonci: Ushtarak\u00ebt e FSK-s\u00eb po sh\u00ebnojn\u00eb suksese n\u00eb akademit\u00eb e NATO-s<\/a><\/p><\/blockquote>\n<p><iframe class=\"wp-embedded-content\" sandbox=\"allow-scripts\" security=\"restricted\" style=\"position: absolute; clip: rect(1px, 1px, 1px, 1px);\" title=\"\u201cEjup Maqedonci: Ushtarak\u00ebt e FSK-s\u00eb po sh\u00ebnojn\u00eb suksese n\u00eb akademit\u00eb e NATO-s\u201d &#8212; Ve\u00e7 artikuj p\u00ebrmbledh\u00ebs\" src=\"https:\/\/permbledhja.com\/sq\/ejup-maqedonci-ushtaraket-e-fsk-se-po-shenojne-suksese-ne-akademite-e-nato-s\/embed\/#?secret=SXRbktnJJZ#?secret=lk9xLBNm5C\" data-secret=\"lk9xLBNm5C\" width=\"600\" height=\"338\" frameborder=\"0\" marginwidth=\"0\" marginheight=\"0\" scrolling=\"no\"><\/iframe><\/p>\n","protected":false},"excerpt":{"rendered":"<p>Seanca e jasht\u00ebzakonshme p\u00ebr zgjedhjen e presidentit t\u00eb ri t\u00eb Kosov\u00ebs \u00ebsht\u00eb caktuar t\u00eb mbahet sot. Kuvendi i Kosov\u00ebs ka njoftuar se diskutimi lidhur me zgjedhjen e t\u00eb parit t\u00eb shtetit do t\u00eb nis nga ora 17:00. Ejup Maqedonci: Ushtarak\u00ebt e FSK-s\u00eb po sh\u00ebnojn\u00eb suksese n\u00eb akademit\u00eb e NATO-s<\/p>\n","protected":false},"author":1,"featured_media":77426,"comment_status":"closed","ping_status":"closed","sticky":false,"template":"","format":"standard","meta":{"_monsterinsights_skip_tracking":false,"_monsterinsights_sitenote_active":false,"_monsterinsights_sitenote_note":"","_monsterinsights_sitenote_category":0,"_uf_show_specific_survey":0,"_uf_disable_surveys":false,"footnotes":""},"categories":[3325],"tags":[1590],"yoast_head":"<!-- This site is optimized with the Yoast SEO plugin v21.5 - https:\/\/yoast.com\/wordpress\/plugins\/seo\/ -->\n<title>Pas pak seanca p\u00ebr presidentin<\/title>\n<meta name=\"robots\" content=\"index, follow, max-snippet:-1, max-image-preview:large, max-video-preview:-1\" \/>\n<link rel=\"canonical\" href=\"https:\/\/permbledhja.com\/sq\/pas-pak-seanca-per-presidentin\/\" \/>\n<meta property=\"og:locale\" content=\"sq_AL\" \/>\n<meta property=\"og:type\" content=\"article\" \/>\n<meta property=\"og:title\" content=\"Pas pak seanca p\u00ebr presidentin\" \/>\n<meta property=\"og:description\" content=\"Seanca e jasht\u00ebzakonshme p\u00ebr zgjedhjen e presidentit t\u00eb ri t\u00eb Kosov\u00ebs \u00ebsht\u00eb caktuar t\u00eb mbahet sot. Kuvendi i Kosov\u00ebs ka njoftuar se diskutimi lidhur me zgjedhjen e t\u00eb parit t\u00eb shtetit do t\u00eb nis nga ora 17:00. Ejup Maqedonci: Ushtarak\u00ebt e FSK-s\u00eb po sh\u00ebnojn\u00eb suksese n\u00eb akademit\u00eb e NATO-s\" \/>\n<meta property=\"og:url\" content=\"https:\/\/permbledhja.com\/sq\/pas-pak-seanca-per-presidentin\/\" \/>\n<meta property=\"og:site_name\" content=\"Ve\u00e7 artikuj p\u00ebrmbledh\u00ebs\" \/>\n<meta property=\"article:publisher\" content=\"https:\/\/www.facebook.com\/press07\/\" \/>\n<meta property=\"article:author\" content=\"https:\/\/www.facebook.com\/kafexhiu.muharrem\/\" \/>\n<meta property=\"article:published_time\" content=\"2026-04-27T14:10:30+00:00\" \/>\n<meta property=\"og:image\" content=\"https:\/\/permbledhja.com\/wp-content\/uploads\/2026\/04\/681996399_993500769868415_417703167024514334_n.jpg\" \/>\n\t<meta property=\"og:image:width\" content=\"1600\" \/>\n\t<meta property=\"og:image:height\" content=\"1066\" \/>\n\t<meta property=\"og:image:type\" content=\"image\/jpeg\" \/>\n<meta name=\"author\" content=\"P\u00ebrmbledhja\" \/>\n<meta name=\"twitter:card\" content=\"summary_large_image\" \/>\n<meta name=\"twitter:label1\" content=\"Written by\" \/>\n\t<meta name=\"twitter:data1\" content=\"P\u00ebrmbledhja\" \/>\n\t<meta name=\"twitter:label2\" content=\"Est. reading time\" \/>\n\t<meta name=\"twitter:data2\" content=\"1 minut\u00eb\" \/>\n<script type=\"application\/ld+json\" class=\"yoast-schema-graph\">{\"@context\":\"https:\/\/schema.org\",\"@graph\":[{\"@type\":\"Article\",\"@id\":\"https:\/\/permbledhja.com\/pas-pak-seanca-per-presidentin\/#article\",\"isPartOf\":{\"@id\":\"https:\/\/permbledhja.com\/pas-pak-seanca-per-presidentin\/\"},\"author\":{\"name\":\"P\u00ebrmbledhja\",\"@id\":\"https:\/\/permbledhja.com\/#\/schema\/person\/0d064377258d3221e50693947b9eb4fe\"},\"headline\":\"Pas pak seanca p\u00ebr presidentin\",\"datePublished\":\"2026-04-27T14:10:30+00:00\",\"dateModified\":\"2026-04-27T14:10:30+00:00\",\"mainEntityOfPage\":{\"@id\":\"https:\/\/permbledhja.com\/pas-pak-seanca-per-presidentin\/\"},\"wordCount\":51,\"publisher\":{\"@id\":\"https:\/\/permbledhja.com\/#organization\"},\"keywords\":[\"Presidenti\"],\"articleSection\":[\"Kryesore\"],\"inLanguage\":\"sq\"},{\"@type\":\"WebPage\",\"@id\":\"https:\/\/permbledhja.com\/pas-pak-seanca-per-presidentin\/\",\"url\":\"https:\/\/permbledhja.com\/pas-pak-seanca-per-presidentin\/\",\"name\":\"Pas pak seanca p\u00ebr presidentin\",\"isPartOf\":{\"@id\":\"https:\/\/permbledhja.com\/#website\"},\"datePublished\":\"2026-04-27T14:10:30+00:00\",\"dateModified\":\"2026-04-27T14:10:30+00:00\",\"breadcrumb\":{\"@id\":\"https:\/\/permbledhja.com\/pas-pak-seanca-per-presidentin\/#breadcrumb\"},\"inLanguage\":\"sq\",\"potentialAction\":[{\"@type\":\"ReadAction\",\"target\":[\"https:\/\/permbledhja.com\/pas-pak-seanca-per-presidentin\/\"]}]},{\"@type\":\"BreadcrumbList\",\"@id\":\"https:\/\/permbledhja.com\/pas-pak-seanca-per-presidentin\/#breadcrumb\",\"itemListElement\":[{\"@type\":\"ListItem\",\"position\":1,\"name\":\"Ballina\",\"item\":\"https:\/\/permbledhja.com\/sq\/\"},{\"@type\":\"ListItem\",\"position\":2,\"name\":\"Pas pak seanca p\u00ebr presidentin\"}]},{\"@type\":\"WebSite\",\"@id\":\"https:\/\/permbledhja.com\/#website\",\"url\":\"https:\/\/permbledhja.com\/\",\"name\":\"Ve\u00e7 artikuj p\u00ebrmbledh\u00ebs\",\"description\":\"\",\"publisher\":{\"@id\":\"https:\/\/permbledhja.com\/#organization\"},\"potentialAction\":[{\"@type\":\"SearchAction\",\"target\":{\"@type\":\"EntryPoint\",\"urlTemplate\":\"https:\/\/permbledhja.com\/?s={search_term_string}\"},\"query-input\":\"required name=search_term_string\"}],\"inLanguage\":\"sq\"},{\"@type\":\"Organization\",\"@id\":\"https:\/\/permbledhja.com\/#organization\",\"name\":\"MK Media & Pr\",\"url\":\"https:\/\/permbledhja.com\/\",\"logo\":{\"@type\":\"ImageObject\",\"inLanguage\":\"sq\",\"@id\":\"https:\/\/permbledhja.com\/#\/schema\/logo\/image\/\",\"url\":\"https:\/\/permbledhja.com\/wp-content\/uploads\/2021\/12\/07-Press-Logo.jpg\",\"contentUrl\":\"https:\/\/permbledhja.com\/wp-content\/uploads\/2021\/12\/07-Press-Logo.jpg\",\"width\":512,\"height\":512,\"caption\":\"MK Media & Pr\"},\"image\":{\"@id\":\"https:\/\/permbledhja.com\/#\/schema\/logo\/image\/\"},\"sameAs\":[\"https:\/\/www.facebook.com\/press07\/\"]},{\"@type\":\"Person\",\"@id\":\"https:\/\/permbledhja.com\/#\/schema\/person\/0d064377258d3221e50693947b9eb4fe\",\"name\":\"P\u00ebrmbledhja\",\"image\":{\"@type\":\"ImageObject\",\"inLanguage\":\"sq\",\"@id\":\"https:\/\/permbledhja.com\/#\/schema\/person\/image\/\",\"url\":\"https:\/\/permbledhja.com\/wp-content\/uploads\/2026\/01\/452004717_1040944174702970_8932037511805513407_n-96x96.jpg\",\"contentUrl\":\"https:\/\/permbledhja.com\/wp-content\/uploads\/2026\/01\/452004717_1040944174702970_8932037511805513407_n-96x96.jpg\",\"caption\":\"P\u00ebrmbledhja\"},\"sameAs\":[\"https:\/\/www.facebook.com\/kafexhiu.muharrem\/\",\"https:\/\/www.instagram.com\/muharrem_kafexhiu\/\"],\"url\":\"https:\/\/permbledhja.com\/sq\/author\/admin\/\"}]}<\/script>\n<!-- \/ Yoast SEO plugin. -->","yoast_head_json":{"title":"Pas pak seanca p\u00ebr presidentin","robots":{"index":"index","follow":"follow","max-snippet":"max-snippet:-1","max-image-preview":"max-image-preview:large","max-video-preview":"max-video-preview:-1"},"canonical":"https:\/\/permbledhja.com\/sq\/pas-pak-seanca-per-presidentin\/","og_locale":"sq_AL","og_type":"article","og_title":"Pas pak seanca p\u00ebr presidentin","og_description":"Seanca e jasht\u00ebzakonshme p\u00ebr zgjedhjen e presidentit t\u00eb ri t\u00eb Kosov\u00ebs \u00ebsht\u00eb caktuar t\u00eb mbahet sot. Kuvendi i Kosov\u00ebs ka njoftuar se diskutimi lidhur me zgjedhjen e t\u00eb parit t\u00eb shtetit do t\u00eb nis nga ora 17:00. Ejup Maqedonci: Ushtarak\u00ebt e FSK-s\u00eb po sh\u00ebnojn\u00eb suksese n\u00eb akademit\u00eb e NATO-s","og_url":"https:\/\/permbledhja.com\/sq\/pas-pak-seanca-per-presidentin\/","og_site_name":"Ve\u00e7 artikuj p\u00ebrmbledh\u00ebs","article_publisher":"https:\/\/www.facebook.com\/press07\/","article_author":"https:\/\/www.facebook.com\/kafexhiu.muharrem\/","article_published_time":"2026-04-27T14:10:30+00:00","og_image":[{"width":1600,"height":1066,"url":"https:\/\/permbledhja.com\/wp-content\/uploads\/2026\/04\/681996399_993500769868415_417703167024514334_n.jpg","type":"image\/jpeg"}],"author":"P\u00ebrmbledhja","twitter_card":"summary_large_image","twitter_misc":{"Written by":"P\u00ebrmbledhja","Est. reading time":"1 minut\u00eb"},"schema":{"@context":"https:\/\/schema.org","@graph":[{"@type":"Article","@id":"https:\/\/permbledhja.com\/pas-pak-seanca-per-presidentin\/#article","isPartOf":{"@id":"https:\/\/permbledhja.com\/pas-pak-seanca-per-presidentin\/"},"author":{"name":"P\u00ebrmbledhja","@id":"https:\/\/permbledhja.com\/#\/schema\/person\/0d064377258d3221e50693947b9eb4fe"},"headline":"Pas pak seanca p\u00ebr presidentin","datePublished":"2026-04-27T14:10:30+00:00","dateModified":"2026-04-27T14:10:30+00:00","mainEntityOfPage":{"@id":"https:\/\/permbledhja.com\/pas-pak-seanca-per-presidentin\/"},"wordCount":51,"publisher":{"@id":"https:\/\/permbledhja.com\/#organization"},"keywords":["Presidenti"],"articleSection":["Kryesore"],"inLanguage":"sq"},{"@type":"WebPage","@id":"https:\/\/permbledhja.com\/pas-pak-seanca-per-presidentin\/","url":"https:\/\/permbledhja.com\/pas-pak-seanca-per-presidentin\/","name":"Pas pak seanca p\u00ebr presidentin","isPartOf":{"@id":"https:\/\/permbledhja.com\/#website"},"datePublished":"2026-04-27T14:10:30+00:00","dateModified":"2026-04-27T14:10:30+00:00","breadcrumb":{"@id":"https:\/\/permbledhja.com\/pas-pak-seanca-per-presidentin\/#breadcrumb"},"inLanguage":"sq","potentialAction":[{"@type":"ReadAction","target":["https:\/\/permbledhja.com\/pas-pak-seanca-per-presidentin\/"]}]},{"@type":"BreadcrumbList","@id":"https:\/\/permbledhja.com\/pas-pak-seanca-per-presidentin\/#breadcrumb","itemListElement":[{"@type":"ListItem","position":1,"name":"Ballina","item":"https:\/\/permbledhja.com\/sq\/"},{"@type":"ListItem","position":2,"name":"Pas pak seanca p\u00ebr presidentin"}]},{"@type":"WebSite","@id":"https:\/\/permbledhja.com\/#website","url":"https:\/\/permbledhja.com\/","name":"Ve\u00e7 artikuj p\u00ebrmbledh\u00ebs","description":"","publisher":{"@id":"https:\/\/permbledhja.com\/#organization"},"potentialAction":[{"@type":"SearchAction","target":{"@type":"EntryPoint","urlTemplate":"https:\/\/permbledhja.com\/?s={search_term_string}"},"query-input":"required name=search_term_string"}],"inLanguage":"sq"},{"@type":"Organization","@id":"https:\/\/permbledhja.com\/#organization","name":"MK Media & Pr","url":"https:\/\/permbledhja.com\/","logo":{"@type":"ImageObject","inLanguage":"sq","@id":"https:\/\/permbledhja.com\/#\/schema\/logo\/image\/","url":"https:\/\/permbledhja.com\/wp-content\/uploads\/2021\/12\/07-Press-Logo.jpg","contentUrl":"https:\/\/permbledhja.com\/wp-content\/uploads\/2021\/12\/07-Press-Logo.jpg","width":512,"height":512,"caption":"MK Media & Pr"},"image":{"@id":"https:\/\/permbledhja.com\/#\/schema\/logo\/image\/"},"sameAs":["https:\/\/www.facebook.com\/press07\/"]},{"@type":"Person","@id":"https:\/\/permbledhja.com\/#\/schema\/person\/0d064377258d3221e50693947b9eb4fe","name":"P\u00ebrmbledhja","image":{"@type":"ImageObject","inLanguage":"sq","@id":"https:\/\/permbledhja.com\/#\/schema\/person\/image\/","url":"https:\/\/permbledhja.com\/wp-content\/uploads\/2026\/01\/452004717_1040944174702970_8932037511805513407_n-96x96.jpg","contentUrl":"https:\/\/permbledhja.com\/wp-content\/uploads\/2026\/01\/452004717_1040944174702970_8932037511805513407_n-96x96.jpg","caption":"P\u00ebrmbledhja"},"sameAs":["https:\/\/www.facebook.com\/kafexhiu.muharrem\/","https:\/\/www.instagram.com\/muharrem_kafexhiu\/"],"url":"https:\/\/permbledhja.com\/sq\/author\/admin\/"}]}},"_links":{"self":[{"href":"https:\/\/permbledhja.com\/sq\/wp-json\/wp\/v2\/posts\/77425"}],"collection":[{"href":"https:\/\/permbledhja.com\/sq\/wp-json\/wp\/v2\/posts"}],"about":[{"href":"https:\/\/permbledhja.com\/sq\/wp-json\/wp\/v2\/types\/post"}],"author":[{"embeddable":true,"href":"https:\/\/permbledhja.com\/sq\/wp-json\/wp\/v2\/users\/1"}],"replies":[{"embeddable":true,"href":"https:\/\/permbledhja.com\/sq\/wp-json\/wp\/v2\/comments?post=77425"}],"version-history":[{"count":1,"href":"https:\/\/permbledhja.com\/sq\/wp-json\/wp\/v2\/posts\/77425\/revisions"}],"predecessor-version":[{"id":77427,"href":"https:\/\/permbledhja.com\/sq\/wp-json\/wp\/v2\/posts\/77425\/revisions\/77427"}],"wp:featuredmedia":[{"embeddable":true,"href":"https:\/\/permbledhja.com\/sq\/wp-json\/wp\/v2\/media\/77426"}],"wp:attachment":[{"href":"https:\/\/permbledhja.com\/sq\/wp-json\/wp\/v2\/media?parent=77425"}],"wp:term":[{"taxonomy":"category","embeddable":true,"href":"https:\/\/permbledhja.com\/sq\/wp-json\/wp\/v2\/categories?post=77425"},{"taxonomy":"post_tag","embeddable":true,"href":"https:\/\/permbledhja.com\/sq\/wp-json\/wp\/v2\/tags?post=77425"}],"curies":[{"name":"wp","href":"https:\/\/api.w.org\/{rel}","templated":true}]}}