{"id":7690,"date":"2022-10-15T16:59:45","date_gmt":"2022-10-15T16:59:45","guid":{"rendered":"https:\/\/permbledhja.com\/?p=7690"},"modified":"2022-10-15T16:59:45","modified_gmt":"2022-10-15T16:59:45","slug":"prinderit-si-derguan-sot-nxenesit-ne-shkolle-ani-pse-kishte-mesues-qe-kishin-dale-ne-pune","status":"publish","type":"post","link":"https:\/\/permbledhja.com\/sq\/prinderit-si-derguan-sot-nxenesit-ne-shkolle-ani-pse-kishte-mesues-qe-kishin-dale-ne-pune\/","title":{"rendered":"Prind\u00ebrit s\u2019i d\u00ebrguan sot nx\u00ebn\u00ebsit n\u00eb shkoll\u00eb ani pse kishte m\u00ebsues q\u00eb kishin dal\u00eb n\u00eb pun\u00eb"},"content":{"rendered":"<p><strong>M\u00ebsimdh\u00ebn\u00ebsit ishin n\u00eb m\u00ebsim, dalja e nx\u00ebn\u00ebsve n\u00eb shkolla ishte e pakt\u00eb.<\/strong><\/p>\n<p>Disa nga shkollat fillore n\u00eb Prishtin\u00eb kan\u00eb nisur k\u00ebt\u00eb t\u00eb shtun\u00eb kompensimin e or\u00ebve t\u00eb humbura t\u00eb m\u00ebsimit p\u00ebr shkak t\u00eb grev\u00ebs n\u00eb arsim, me vendim t\u00eb Ministris\u00eb s\u00eb Arsimit.<\/p>\n<p>Mir\u00ebpo n\u00eb disa prej shkollave n\u00eb kryeqytet q\u00eb ishte parapar\u00eb t\u00eb mbahej m\u00ebsim, ka pasur munges\u00eb t\u00eb madhe t\u00eb nx\u00ebn\u00ebsve, pasi prind\u00ebrit kan\u00eb refuzuar vendimin e MASHT-it p\u00ebr t\u2019i z\u00ebvend\u00ebsuar or\u00ebt m\u00ebsimore n\u00eb vikend.<\/p>\n<p>Mimoza Krasniqi, drejtoresh\u00eb e shkoll\u00ebs fillore t\u00eb mesme t\u00eb ul\u00ebt, \u201cIsmail Qemali\u201d, ka th\u00ebn\u00eb p\u00ebr KosovaPress se pavar\u00ebsisht se gjith\u00eb m\u00ebsimdh\u00ebn\u00ebsit kan\u00eb qen\u00eb prezent p\u00ebr t\u00eb mbajtur m\u00ebsim, 75 p\u00ebr qind e nx\u00ebn\u00ebsve kan\u00eb munguar.<\/p>\n<p>\u201cGjith\u00eb m\u00ebsimdh\u00ebn\u00ebsit kan\u00eb qen\u00eb prezent, nd\u00ebrsa numri i nx\u00ebn\u00ebsve ka qen\u00eb shum\u00eb i vogel, 75 p\u00ebr qind e nx\u00ebn\u00ebsve kan\u00eb munguar. Edhe n\u00eb nd\u00ebrrimin e pasdites t\u00eb gjith\u00eb m\u00ebsimdh\u00ebn\u00ebsit ishin prezent, porse edhe n\u00eb k\u00ebt\u00eb nd\u00ebrrim nx\u00ebn\u00ebsit munguan. Ka klasa t\u00eb cilat jan\u00eb me num\u00ebr t\u00eb madh t\u00eb nx\u00ebn\u00ebsve por n\u00eb shumic\u00ebn e klasave mungojn\u00eb nx\u00ebn\u00ebsit dhe p\u00ebr k\u00ebt\u00eb arsyeje procesi nuk po funksionon n\u00eb m\u00ebnyr\u00ebn m\u00eb t\u00eb mir\u00eb si\u00e7 \u00ebsht\u00eb planifikuar. Besoj se herave t\u00eb tjera ka me pas nj\u00eb interesim m\u00eb t\u00eb madh t\u00eb nx\u00ebn\u00ebsve p\u00ebr procesin m\u00ebsimor\u201d, tha ajo.<\/p>\n<p>Nd\u00ebrsa ka shtuar se \u00ebsht\u00eb mbajtur procesi m\u00ebsimor me ata nx\u00ebn\u00ebs q\u00eb kan\u00eb qen\u00eb prezent, porse sipas saj prej klas\u00ebs s\u00eb par\u00eb deri te e kat\u00ebrta \u00ebsht\u00eb nj\u00eb p\u00ebrqindje m\u00eb e ul\u00ebt.<\/p>\n<p>KosovaPress ka qen\u00eb prezente edhe n\u00eb shkoll\u00ebn fillore t\u00eb mesme t\u00eb ul\u00ebt \u201cNaim Frash\u00ebr\u201d, por edhe k\u00ebtu pavar\u00ebsisht q\u00eb kan\u00eb qen\u00eb prezent m\u00ebsimdh\u00ebn\u00ebsit, ka pas munges\u00eb t\u00eb madhe t\u00eb nx\u00ebn\u00ebsve. Nga rreth 350 nx\u00ebn\u00ebs, 88 kan\u00eb qen\u00eb prezent.<\/p>\n<p>Nga ana tjet\u00ebr kryetari i K\u00ebshillit t\u00eb Prind\u00ebrve Jeton Demi e ka vler\u00ebsuar si t\u00eb drejt\u00eb veprimin e prind\u00ebrve q\u00eb kan\u00eb refuzuar t\u2019i d\u00ebrgojn\u00eb f\u00ebmij\u00ebt sot n\u00eb shkoll\u00eb.<\/p>\n<p>Demi p\u00ebr KosovaPress tha se \u00ebsht\u00eb mbingarkes\u00eb p\u00ebr f\u00ebmij\u00ebt t\u00eb vijojn\u00eb m\u00ebsimin n\u00eb vikend.<\/p>\n<p>\u201cVeprimi i sot\u00ebm i refuzimit t\u00eb m\u00ebsimit t\u00eb shtun\u00ebn e t\u00eb shtunave t\u00eb tjera \u00ebsht\u00eb i konfirmuar nga mungesa n\u00eb num\u00ebr shum\u00eb t\u00eb madh i f\u00ebmij\u00ebve n\u00eb shkolla p\u00ebr shkak se prind\u00ebrit kan\u00eb deklaruar edhe m\u00eb her\u00ebt k\u00ebt\u00eb. Andaj edhe ne e kemi fuqizuar q\u00eb p\u00ebrmes m\u00ebsimit t\u00eb shtunave mohohet e drejta e ligjore e f\u00ebmij\u00ebve p\u00ebr pushim, p\u00ebr aktivitetet e jasht\u00eb shkollore, sportive e kulturore, por edhe sjell d\u00ebme e aspak dobi. D\u00ebmi q\u00eb i b\u00ebhet procesit m\u00ebsimor nga e shtuna me m\u00ebsim \u00ebsht\u00eb se f\u00ebmij\u00ebt do t\u00eb jen\u00eb t\u00eb lodhur e t\u00eb m\u00ebrzitur nga mbingarkesa e pes\u00eb dit\u00ebve t\u00eb jav\u00ebs\u201d, tha ai.<\/p>\n<p>Gjat\u00eb dit\u00ebs SBASHK-u ka njoftuar se pasdite do t\u2019i grumbullojn\u00eb raportet nga komunat dhe t\u00eb shohin se sa \u00ebsht\u00eb numri i shkollave apo m\u00ebsimdh\u00ebn\u00ebsve q\u00eb iu kan\u00eb p\u00ebrgjigjur k\u00ebrkes\u00ebs s\u00eb MASHTI-t p\u00ebr t\u00eb filluar me kompensimin or\u00ebve t\u00eb humbura gjat\u00eb grev\u00ebs s\u00eb p\u00ebrgjithshme, muajin e kaluar.<\/p>\n","protected":false},"excerpt":{"rendered":"<p>M\u00ebsimdh\u00ebn\u00ebsit ishin n\u00eb m\u00ebsim, dalja e nx\u00ebn\u00ebsve n\u00eb shkolla ishte e pakt\u00eb. Disa nga shkollat fillore n\u00eb Prishtin\u00eb kan\u00eb nisur k\u00ebt\u00eb t\u00eb shtun\u00eb kompensimin e or\u00ebve t\u00eb humbura t\u00eb m\u00ebsimit p\u00ebr shkak t\u00eb grev\u00ebs n\u00eb arsim, me vendim t\u00eb Ministris\u00eb s\u00eb Arsimit. Mir\u00ebpo n\u00eb disa prej shkollave n\u00eb kryeqytet q\u00eb ishte parapar\u00eb t\u00eb mbahej m\u00ebsim, [&hellip;]<\/p>\n","protected":false},"author":1,"featured_media":7691,"comment_status":"closed","ping_status":"closed","sticky":false,"template":"","format":"standard","meta":{"_monsterinsights_skip_tracking":false,"_monsterinsights_sitenote_active":false,"_monsterinsights_sitenote_note":"","_monsterinsights_sitenote_category":0,"_uf_show_specific_survey":0,"_uf_disable_surveys":false,"footnotes":""},"categories":[23,15],"tags":[934],"yoast_head":"<!-- This site is optimized with the Yoast SEO plugin v21.5 - https:\/\/yoast.com\/wordpress\/plugins\/seo\/ -->\n<title>Prind\u00ebrit s\u2019i d\u00ebrguan sot nx\u00ebn\u00ebsit n\u00eb shkoll\u00eb ani pse kishte m\u00ebsues q\u00eb kishin dal\u00eb n\u00eb pun\u00eb<\/title>\n<meta name=\"robots\" content=\"index, follow, max-snippet:-1, max-image-preview:large, max-video-preview:-1\" \/>\n<link rel=\"canonical\" href=\"https:\/\/permbledhja.com\/sq\/prinderit-si-derguan-sot-nxenesit-ne-shkolle-ani-pse-kishte-mesues-qe-kishin-dale-ne-pune\/\" \/>\n<meta property=\"og:locale\" content=\"sq_AL\" \/>\n<meta property=\"og:type\" content=\"article\" \/>\n<meta property=\"og:title\" content=\"Prind\u00ebrit s\u2019i d\u00ebrguan sot nx\u00ebn\u00ebsit n\u00eb shkoll\u00eb ani pse kishte m\u00ebsues q\u00eb kishin dal\u00eb n\u00eb pun\u00eb\" \/>\n<meta property=\"og:description\" content=\"M\u00ebsimdh\u00ebn\u00ebsit ishin n\u00eb m\u00ebsim, dalja e nx\u00ebn\u00ebsve n\u00eb shkolla ishte e pakt\u00eb. Disa nga shkollat fillore n\u00eb Prishtin\u00eb kan\u00eb nisur k\u00ebt\u00eb t\u00eb shtun\u00eb kompensimin e or\u00ebve t\u00eb humbura t\u00eb m\u00ebsimit p\u00ebr shkak t\u00eb grev\u00ebs n\u00eb arsim, me vendim t\u00eb Ministris\u00eb s\u00eb Arsimit. Mir\u00ebpo n\u00eb disa prej shkollave n\u00eb kryeqytet q\u00eb ishte parapar\u00eb t\u00eb mbahej m\u00ebsim, [&hellip;]\" \/>\n<meta property=\"og:url\" content=\"https:\/\/permbledhja.com\/sq\/prinderit-si-derguan-sot-nxenesit-ne-shkolle-ani-pse-kishte-mesues-qe-kishin-dale-ne-pune\/\" \/>\n<meta property=\"og:site_name\" content=\"Ve\u00e7 artikuj p\u00ebrmbledh\u00ebs\" \/>\n<meta property=\"article:publisher\" content=\"https:\/\/www.facebook.com\/press07\/\" \/>\n<meta property=\"article:author\" content=\"https:\/\/www.facebook.com\/kafexhiu.muharrem\/\" \/>\n<meta property=\"article:published_time\" content=\"2022-10-15T16:59:45+00:00\" \/>\n<meta property=\"og:image\" content=\"https:\/\/permbledhja.com\/wp-content\/uploads\/2022\/10\/Ismail-Qemali.jpg\" \/>\n\t<meta property=\"og:image:width\" content=\"1600\" \/>\n\t<meta property=\"og:image:height\" content=\"1200\" \/>\n\t<meta property=\"og:image:type\" content=\"image\/jpeg\" \/>\n<meta name=\"author\" content=\"P\u00ebrmbledhja\" \/>\n<meta name=\"twitter:card\" content=\"summary_large_image\" \/>\n<meta name=\"twitter:label1\" content=\"Written by\" \/>\n\t<meta name=\"twitter:data1\" content=\"P\u00ebrmbledhja\" \/>\n\t<meta name=\"twitter:label2\" content=\"Est. reading time\" \/>\n\t<meta name=\"twitter:data2\" content=\"3 minuta\" \/>\n<script type=\"application\/ld+json\" class=\"yoast-schema-graph\">{\"@context\":\"https:\/\/schema.org\",\"@graph\":[{\"@type\":\"Article\",\"@id\":\"https:\/\/permbledhja.com\/prinderit-si-derguan-sot-nxenesit-ne-shkolle-ani-pse-kishte-mesues-qe-kishin-dale-ne-pune\/#article\",\"isPartOf\":{\"@id\":\"https:\/\/permbledhja.com\/prinderit-si-derguan-sot-nxenesit-ne-shkolle-ani-pse-kishte-mesues-qe-kishin-dale-ne-pune\/\"},\"author\":{\"name\":\"P\u00ebrmbledhja\",\"@id\":\"https:\/\/permbledhja.com\/#\/schema\/person\/0d064377258d3221e50693947b9eb4fe\"},\"headline\":\"Prind\u00ebrit s\u2019i d\u00ebrguan sot nx\u00ebn\u00ebsit n\u00eb shkoll\u00eb ani pse kishte m\u00ebsues q\u00eb kishin dal\u00eb n\u00eb pun\u00eb\",\"datePublished\":\"2022-10-15T16:59:45+00:00\",\"dateModified\":\"2022-10-15T16:59:45+00:00\",\"mainEntityOfPage\":{\"@id\":\"https:\/\/permbledhja.com\/prinderit-si-derguan-sot-nxenesit-ne-shkolle-ani-pse-kishte-mesues-qe-kishin-dale-ne-pune\/\"},\"wordCount\":621,\"publisher\":{\"@id\":\"https:\/\/permbledhja.com\/#organization\"},\"keywords\":[\"Prind\u00ebrit\"],\"articleSection\":[\"Komb\u00ebtare\",\"Lajme\"],\"inLanguage\":\"sq\"},{\"@type\":\"WebPage\",\"@id\":\"https:\/\/permbledhja.com\/prinderit-si-derguan-sot-nxenesit-ne-shkolle-ani-pse-kishte-mesues-qe-kishin-dale-ne-pune\/\",\"url\":\"https:\/\/permbledhja.com\/prinderit-si-derguan-sot-nxenesit-ne-shkolle-ani-pse-kishte-mesues-qe-kishin-dale-ne-pune\/\",\"name\":\"Prind\u00ebrit s\u2019i d\u00ebrguan sot nx\u00ebn\u00ebsit n\u00eb shkoll\u00eb ani pse kishte m\u00ebsues q\u00eb kishin dal\u00eb n\u00eb pun\u00eb\",\"isPartOf\":{\"@id\":\"https:\/\/permbledhja.com\/#website\"},\"datePublished\":\"2022-10-15T16:59:45+00:00\",\"dateModified\":\"2022-10-15T16:59:45+00:00\",\"breadcrumb\":{\"@id\":\"https:\/\/permbledhja.com\/prinderit-si-derguan-sot-nxenesit-ne-shkolle-ani-pse-kishte-mesues-qe-kishin-dale-ne-pune\/#breadcrumb\"},\"inLanguage\":\"sq\",\"potentialAction\":[{\"@type\":\"ReadAction\",\"target\":[\"https:\/\/permbledhja.com\/prinderit-si-derguan-sot-nxenesit-ne-shkolle-ani-pse-kishte-mesues-qe-kishin-dale-ne-pune\/\"]}]},{\"@type\":\"BreadcrumbList\",\"@id\":\"https:\/\/permbledhja.com\/prinderit-si-derguan-sot-nxenesit-ne-shkolle-ani-pse-kishte-mesues-qe-kishin-dale-ne-pune\/#breadcrumb\",\"itemListElement\":[{\"@type\":\"ListItem\",\"position\":1,\"name\":\"Ballina\",\"item\":\"https:\/\/permbledhja.com\/sq\/\"},{\"@type\":\"ListItem\",\"position\":2,\"name\":\"Prind\u00ebrit s\u2019i d\u00ebrguan sot nx\u00ebn\u00ebsit n\u00eb shkoll\u00eb ani pse kishte m\u00ebsues q\u00eb kishin dal\u00eb n\u00eb pun\u00eb\"}]},{\"@type\":\"WebSite\",\"@id\":\"https:\/\/permbledhja.com\/#website\",\"url\":\"https:\/\/permbledhja.com\/\",\"name\":\"Ve\u00e7 artikuj p\u00ebrmbledh\u00ebs\",\"description\":\"\",\"publisher\":{\"@id\":\"https:\/\/permbledhja.com\/#organization\"},\"potentialAction\":[{\"@type\":\"SearchAction\",\"target\":{\"@type\":\"EntryPoint\",\"urlTemplate\":\"https:\/\/permbledhja.com\/?s={search_term_string}\"},\"query-input\":\"required name=search_term_string\"}],\"inLanguage\":\"sq\"},{\"@type\":\"Organization\",\"@id\":\"https:\/\/permbledhja.com\/#organization\",\"name\":\"MK Media & Pr\",\"url\":\"https:\/\/permbledhja.com\/\",\"logo\":{\"@type\":\"ImageObject\",\"inLanguage\":\"sq\",\"@id\":\"https:\/\/permbledhja.com\/#\/schema\/logo\/image\/\",\"url\":\"https:\/\/permbledhja.com\/wp-content\/uploads\/2021\/12\/07-Press-Logo.jpg\",\"contentUrl\":\"https:\/\/permbledhja.com\/wp-content\/uploads\/2021\/12\/07-Press-Logo.jpg\",\"width\":512,\"height\":512,\"caption\":\"MK Media & Pr\"},\"image\":{\"@id\":\"https:\/\/permbledhja.com\/#\/schema\/logo\/image\/\"},\"sameAs\":[\"https:\/\/www.facebook.com\/press07\/\"]},{\"@type\":\"Person\",\"@id\":\"https:\/\/permbledhja.com\/#\/schema\/person\/0d064377258d3221e50693947b9eb4fe\",\"name\":\"P\u00ebrmbledhja\",\"image\":{\"@type\":\"ImageObject\",\"inLanguage\":\"sq\",\"@id\":\"https:\/\/permbledhja.com\/#\/schema\/person\/image\/\",\"url\":\"https:\/\/permbledhja.com\/wp-content\/uploads\/2026\/01\/452004717_1040944174702970_8932037511805513407_n-96x96.jpg\",\"contentUrl\":\"https:\/\/permbledhja.com\/wp-content\/uploads\/2026\/01\/452004717_1040944174702970_8932037511805513407_n-96x96.jpg\",\"caption\":\"P\u00ebrmbledhja\"},\"sameAs\":[\"https:\/\/www.facebook.com\/kafexhiu.muharrem\/\",\"https:\/\/www.instagram.com\/muharrem_kafexhiu\/\"],\"url\":\"https:\/\/permbledhja.com\/sq\/author\/admin\/\"}]}<\/script>\n<!-- \/ Yoast SEO plugin. -->","yoast_head_json":{"title":"Prind\u00ebrit s\u2019i d\u00ebrguan sot nx\u00ebn\u00ebsit n\u00eb shkoll\u00eb ani pse kishte m\u00ebsues q\u00eb kishin dal\u00eb n\u00eb pun\u00eb","robots":{"index":"index","follow":"follow","max-snippet":"max-snippet:-1","max-image-preview":"max-image-preview:large","max-video-preview":"max-video-preview:-1"},"canonical":"https:\/\/permbledhja.com\/sq\/prinderit-si-derguan-sot-nxenesit-ne-shkolle-ani-pse-kishte-mesues-qe-kishin-dale-ne-pune\/","og_locale":"sq_AL","og_type":"article","og_title":"Prind\u00ebrit s\u2019i d\u00ebrguan sot nx\u00ebn\u00ebsit n\u00eb shkoll\u00eb ani pse kishte m\u00ebsues q\u00eb kishin dal\u00eb n\u00eb pun\u00eb","og_description":"M\u00ebsimdh\u00ebn\u00ebsit ishin n\u00eb m\u00ebsim, dalja e nx\u00ebn\u00ebsve n\u00eb shkolla ishte e pakt\u00eb. Disa nga shkollat fillore n\u00eb Prishtin\u00eb kan\u00eb nisur k\u00ebt\u00eb t\u00eb shtun\u00eb kompensimin e or\u00ebve t\u00eb humbura t\u00eb m\u00ebsimit p\u00ebr shkak t\u00eb grev\u00ebs n\u00eb arsim, me vendim t\u00eb Ministris\u00eb s\u00eb Arsimit. Mir\u00ebpo n\u00eb disa prej shkollave n\u00eb kryeqytet q\u00eb ishte parapar\u00eb t\u00eb mbahej m\u00ebsim, [&hellip;]","og_url":"https:\/\/permbledhja.com\/sq\/prinderit-si-derguan-sot-nxenesit-ne-shkolle-ani-pse-kishte-mesues-qe-kishin-dale-ne-pune\/","og_site_name":"Ve\u00e7 artikuj p\u00ebrmbledh\u00ebs","article_publisher":"https:\/\/www.facebook.com\/press07\/","article_author":"https:\/\/www.facebook.com\/kafexhiu.muharrem\/","article_published_time":"2022-10-15T16:59:45+00:00","og_image":[{"width":1600,"height":1200,"url":"https:\/\/permbledhja.com\/wp-content\/uploads\/2022\/10\/Ismail-Qemali.jpg","type":"image\/jpeg"}],"author":"P\u00ebrmbledhja","twitter_card":"summary_large_image","twitter_misc":{"Written by":"P\u00ebrmbledhja","Est. reading time":"3 minuta"},"schema":{"@context":"https:\/\/schema.org","@graph":[{"@type":"Article","@id":"https:\/\/permbledhja.com\/prinderit-si-derguan-sot-nxenesit-ne-shkolle-ani-pse-kishte-mesues-qe-kishin-dale-ne-pune\/#article","isPartOf":{"@id":"https:\/\/permbledhja.com\/prinderit-si-derguan-sot-nxenesit-ne-shkolle-ani-pse-kishte-mesues-qe-kishin-dale-ne-pune\/"},"author":{"name":"P\u00ebrmbledhja","@id":"https:\/\/permbledhja.com\/#\/schema\/person\/0d064377258d3221e50693947b9eb4fe"},"headline":"Prind\u00ebrit s\u2019i d\u00ebrguan sot nx\u00ebn\u00ebsit n\u00eb shkoll\u00eb ani pse kishte m\u00ebsues q\u00eb kishin dal\u00eb n\u00eb pun\u00eb","datePublished":"2022-10-15T16:59:45+00:00","dateModified":"2022-10-15T16:59:45+00:00","mainEntityOfPage":{"@id":"https:\/\/permbledhja.com\/prinderit-si-derguan-sot-nxenesit-ne-shkolle-ani-pse-kishte-mesues-qe-kishin-dale-ne-pune\/"},"wordCount":621,"publisher":{"@id":"https:\/\/permbledhja.com\/#organization"},"keywords":["Prind\u00ebrit"],"articleSection":["Komb\u00ebtare","Lajme"],"inLanguage":"sq"},{"@type":"WebPage","@id":"https:\/\/permbledhja.com\/prinderit-si-derguan-sot-nxenesit-ne-shkolle-ani-pse-kishte-mesues-qe-kishin-dale-ne-pune\/","url":"https:\/\/permbledhja.com\/prinderit-si-derguan-sot-nxenesit-ne-shkolle-ani-pse-kishte-mesues-qe-kishin-dale-ne-pune\/","name":"Prind\u00ebrit s\u2019i d\u00ebrguan sot nx\u00ebn\u00ebsit n\u00eb shkoll\u00eb ani pse kishte m\u00ebsues q\u00eb kishin dal\u00eb n\u00eb pun\u00eb","isPartOf":{"@id":"https:\/\/permbledhja.com\/#website"},"datePublished":"2022-10-15T16:59:45+00:00","dateModified":"2022-10-15T16:59:45+00:00","breadcrumb":{"@id":"https:\/\/permbledhja.com\/prinderit-si-derguan-sot-nxenesit-ne-shkolle-ani-pse-kishte-mesues-qe-kishin-dale-ne-pune\/#breadcrumb"},"inLanguage":"sq","potentialAction":[{"@type":"ReadAction","target":["https:\/\/permbledhja.com\/prinderit-si-derguan-sot-nxenesit-ne-shkolle-ani-pse-kishte-mesues-qe-kishin-dale-ne-pune\/"]}]},{"@type":"BreadcrumbList","@id":"https:\/\/permbledhja.com\/prinderit-si-derguan-sot-nxenesit-ne-shkolle-ani-pse-kishte-mesues-qe-kishin-dale-ne-pune\/#breadcrumb","itemListElement":[{"@type":"ListItem","position":1,"name":"Ballina","item":"https:\/\/permbledhja.com\/sq\/"},{"@type":"ListItem","position":2,"name":"Prind\u00ebrit s\u2019i d\u00ebrguan sot nx\u00ebn\u00ebsit n\u00eb shkoll\u00eb ani pse kishte m\u00ebsues q\u00eb kishin dal\u00eb n\u00eb pun\u00eb"}]},{"@type":"WebSite","@id":"https:\/\/permbledhja.com\/#website","url":"https:\/\/permbledhja.com\/","name":"Ve\u00e7 artikuj p\u00ebrmbledh\u00ebs","description":"","publisher":{"@id":"https:\/\/permbledhja.com\/#organization"},"potentialAction":[{"@type":"SearchAction","target":{"@type":"EntryPoint","urlTemplate":"https:\/\/permbledhja.com\/?s={search_term_string}"},"query-input":"required name=search_term_string"}],"inLanguage":"sq"},{"@type":"Organization","@id":"https:\/\/permbledhja.com\/#organization","name":"MK Media & Pr","url":"https:\/\/permbledhja.com\/","logo":{"@type":"ImageObject","inLanguage":"sq","@id":"https:\/\/permbledhja.com\/#\/schema\/logo\/image\/","url":"https:\/\/permbledhja.com\/wp-content\/uploads\/2021\/12\/07-Press-Logo.jpg","contentUrl":"https:\/\/permbledhja.com\/wp-content\/uploads\/2021\/12\/07-Press-Logo.jpg","width":512,"height":512,"caption":"MK Media & Pr"},"image":{"@id":"https:\/\/permbledhja.com\/#\/schema\/logo\/image\/"},"sameAs":["https:\/\/www.facebook.com\/press07\/"]},{"@type":"Person","@id":"https:\/\/permbledhja.com\/#\/schema\/person\/0d064377258d3221e50693947b9eb4fe","name":"P\u00ebrmbledhja","image":{"@type":"ImageObject","inLanguage":"sq","@id":"https:\/\/permbledhja.com\/#\/schema\/person\/image\/","url":"https:\/\/permbledhja.com\/wp-content\/uploads\/2026\/01\/452004717_1040944174702970_8932037511805513407_n-96x96.jpg","contentUrl":"https:\/\/permbledhja.com\/wp-content\/uploads\/2026\/01\/452004717_1040944174702970_8932037511805513407_n-96x96.jpg","caption":"P\u00ebrmbledhja"},"sameAs":["https:\/\/www.facebook.com\/kafexhiu.muharrem\/","https:\/\/www.instagram.com\/muharrem_kafexhiu\/"],"url":"https:\/\/permbledhja.com\/sq\/author\/admin\/"}]}},"_links":{"self":[{"href":"https:\/\/permbledhja.com\/sq\/wp-json\/wp\/v2\/posts\/7690"}],"collection":[{"href":"https:\/\/permbledhja.com\/sq\/wp-json\/wp\/v2\/posts"}],"about":[{"href":"https:\/\/permbledhja.com\/sq\/wp-json\/wp\/v2\/types\/post"}],"author":[{"embeddable":true,"href":"https:\/\/permbledhja.com\/sq\/wp-json\/wp\/v2\/users\/1"}],"replies":[{"embeddable":true,"href":"https:\/\/permbledhja.com\/sq\/wp-json\/wp\/v2\/comments?post=7690"}],"version-history":[{"count":1,"href":"https:\/\/permbledhja.com\/sq\/wp-json\/wp\/v2\/posts\/7690\/revisions"}],"predecessor-version":[{"id":7692,"href":"https:\/\/permbledhja.com\/sq\/wp-json\/wp\/v2\/posts\/7690\/revisions\/7692"}],"wp:featuredmedia":[{"embeddable":true,"href":"https:\/\/permbledhja.com\/sq\/wp-json\/wp\/v2\/media\/7691"}],"wp:attachment":[{"href":"https:\/\/permbledhja.com\/sq\/wp-json\/wp\/v2\/media?parent=7690"}],"wp:term":[{"taxonomy":"category","embeddable":true,"href":"https:\/\/permbledhja.com\/sq\/wp-json\/wp\/v2\/categories?post=7690"},{"taxonomy":"post_tag","embeddable":true,"href":"https:\/\/permbledhja.com\/sq\/wp-json\/wp\/v2\/tags?post=7690"}],"curies":[{"name":"wp","href":"https:\/\/api.w.org\/{rel}","templated":true}]}}