{"id":7688,"date":"2022-10-15T16:52:53","date_gmt":"2022-10-15T16:52:53","guid":{"rendered":"https:\/\/permbledhja.com\/?p=7688"},"modified":"2022-10-15T16:52:53","modified_gmt":"2022-10-15T16:52:53","slug":"shumica-e-mesimdhenesve-sot-mbajten-mesim-ky-eshte-paralajmerimi-i-rrahman-jasharajt","status":"publish","type":"post","link":"https:\/\/permbledhja.com\/sq\/shumica-e-mesimdhenesve-sot-mbajten-mesim-ky-eshte-paralajmerimi-i-rrahman-jasharajt\/","title":{"rendered":"Shumica e m\u00ebsimdh\u00ebn\u00ebsve sot mbajt\u00ebn m\u00ebsim, ky \u00ebsht\u00eb paralajm\u00ebrimi i Rrahman Jasharajt"},"content":{"rendered":"<p><strong>Kryetari i SBASHK-ut, Rrahman Jasharaj, ka th\u00ebn\u00eb se pasdite do t\u2019i grumbullojn\u00eb raportet nga komunat dhe t\u00eb shohin se sa \u00ebsht\u00eb numri i shkollave apo m\u00ebsimdh\u00ebn\u00ebsve q\u00eb iu kan\u00eb p\u00ebrgjigjur k\u00ebrkes\u00ebs s\u00eb MASHTI-t p\u00ebr t\u00eb filluar me kompensimin or\u00ebve t\u00eb humbura gjat\u00eb grev\u00ebs s\u00eb p\u00ebrgjithshme, muajin e kaluar.<\/strong><\/p>\n<p>\u201cN\u00eb or\u00ebt e pasdites SBASHK do t\u00eb mbaj takimin e radh\u00ebs on-line dhe do t\u00eb kemi raporte nga komunat q\u00eb do t\u2019ua d\u00ebrgojm\u00eb medieve p\u00ebrmes komunikat\u00ebs p\u00ebr medie\u201d, \u00ebsht\u00eb p\u00ebrgjigjur shkurt Jasharaj.<\/p>\n<p>Z\u00ebvend\u00ebsimin e or\u00ebve t\u00eb humbura gjat\u00eb grev\u00ebs s\u00eb p\u00ebrgjithshme n\u00eb Kosov\u00eb ku ishte i p\u00ebrfshir\u00eb edhe sektori i arsimit parauniversitar e ka k\u00ebrkuar Ministria e Arsimit.<\/p>\n<p>Nj\u00eb gj\u00eb t\u00eb till\u00eb e ka kund\u00ebrshtuar SBASHK-u, me arsyetimin se or\u00ebt e humbura sipas Kontrat\u00ebs Kolektive t\u00eb Arsimit, nuk z\u00ebvend\u00ebsohen.\/<strong>T\u00ebv\u00eb1<\/strong>\/<\/p>\n<p>https:\/\/permbledhja.com\/a-e-perkrahe-sllovakia-e-lajcakut-liberalizimin-e-vizave-per-kosoven\/<\/p>\n","protected":false},"excerpt":{"rendered":"<p>Kryetari i SBASHK-ut, Rrahman Jasharaj, ka th\u00ebn\u00eb se pasdite do t\u2019i grumbullojn\u00eb raportet nga komunat dhe t\u00eb shohin se sa \u00ebsht\u00eb numri i shkollave apo m\u00ebsimdh\u00ebn\u00ebsve q\u00eb iu kan\u00eb p\u00ebrgjigjur k\u00ebrkes\u00ebs s\u00eb MASHTI-t p\u00ebr t\u00eb filluar me kompensimin or\u00ebve t\u00eb humbura gjat\u00eb grev\u00ebs s\u00eb p\u00ebrgjithshme, muajin e kaluar. \u201cN\u00eb or\u00ebt e pasdites SBASHK do t\u00eb [&hellip;]<\/p>\n","protected":false},"author":1,"featured_media":2608,"comment_status":"closed","ping_status":"closed","sticky":false,"template":"","format":"standard","meta":{"_monsterinsights_skip_tracking":false,"_monsterinsights_sitenote_active":false,"_monsterinsights_sitenote_note":"","_monsterinsights_sitenote_category":0,"_uf_show_specific_survey":0,"_uf_disable_surveys":false,"footnotes":""},"categories":[23,15],"tags":[679],"yoast_head":"<!-- This site is optimized with the Yoast SEO plugin v21.5 - https:\/\/yoast.com\/wordpress\/plugins\/seo\/ -->\n<title>Shumica e m\u00ebsimdh\u00ebn\u00ebsve sot mbajt\u00ebn m\u00ebsim, ky \u00ebsht\u00eb paralajm\u00ebrimi i Rrahman Jasharajt<\/title>\n<meta name=\"robots\" content=\"index, follow, max-snippet:-1, max-image-preview:large, max-video-preview:-1\" \/>\n<link rel=\"canonical\" href=\"https:\/\/permbledhja.com\/sq\/shumica-e-mesimdhenesve-sot-mbajten-mesim-ky-eshte-paralajmerimi-i-rrahman-jasharajt\/\" \/>\n<meta property=\"og:locale\" content=\"sq_AL\" \/>\n<meta property=\"og:type\" content=\"article\" \/>\n<meta property=\"og:title\" content=\"Shumica e m\u00ebsimdh\u00ebn\u00ebsve sot mbajt\u00ebn m\u00ebsim, ky \u00ebsht\u00eb paralajm\u00ebrimi i Rrahman Jasharajt\" \/>\n<meta property=\"og:description\" content=\"Kryetari i SBASHK-ut, Rrahman Jasharaj, ka th\u00ebn\u00eb se pasdite do t\u2019i grumbullojn\u00eb raportet nga komunat dhe t\u00eb shohin se sa \u00ebsht\u00eb numri i shkollave apo m\u00ebsimdh\u00ebn\u00ebsve q\u00eb iu kan\u00eb p\u00ebrgjigjur k\u00ebrkes\u00ebs s\u00eb MASHTI-t p\u00ebr t\u00eb filluar me kompensimin or\u00ebve t\u00eb humbura gjat\u00eb grev\u00ebs s\u00eb p\u00ebrgjithshme, muajin e kaluar. \u201cN\u00eb or\u00ebt e pasdites SBASHK do t\u00eb [&hellip;]\" \/>\n<meta property=\"og:url\" content=\"https:\/\/permbledhja.com\/sq\/shumica-e-mesimdhenesve-sot-mbajten-mesim-ky-eshte-paralajmerimi-i-rrahman-jasharajt\/\" \/>\n<meta property=\"og:site_name\" content=\"Ve\u00e7 artikuj p\u00ebrmbledh\u00ebs\" \/>\n<meta property=\"article:publisher\" content=\"https:\/\/www.facebook.com\/press07\/\" \/>\n<meta property=\"article:author\" content=\"https:\/\/www.facebook.com\/kafexhiu.muharrem\/\" \/>\n<meta property=\"article:published_time\" content=\"2022-10-15T16:52:53+00:00\" \/>\n<meta property=\"og:image\" content=\"https:\/\/permbledhja.com\/wp-content\/uploads\/2022\/07\/Jasharaj.jpg\" \/>\n\t<meta property=\"og:image:width\" content=\"2048\" \/>\n\t<meta property=\"og:image:height\" content=\"1152\" \/>\n\t<meta property=\"og:image:type\" content=\"image\/jpeg\" \/>\n<meta name=\"author\" content=\"P\u00ebrmbledhja\" \/>\n<meta name=\"twitter:card\" content=\"summary_large_image\" \/>\n<meta name=\"twitter:label1\" content=\"Written by\" \/>\n\t<meta name=\"twitter:data1\" content=\"P\u00ebrmbledhja\" \/>\n\t<meta name=\"twitter:label2\" content=\"Est. reading time\" \/>\n\t<meta name=\"twitter:data2\" content=\"1 minut\u00eb\" \/>\n<script type=\"application\/ld+json\" class=\"yoast-schema-graph\">{\"@context\":\"https:\/\/schema.org\",\"@graph\":[{\"@type\":\"Article\",\"@id\":\"https:\/\/permbledhja.com\/shumica-e-mesimdhenesve-sot-mbajten-mesim-ky-eshte-paralajmerimi-i-rrahman-jasharajt\/#article\",\"isPartOf\":{\"@id\":\"https:\/\/permbledhja.com\/shumica-e-mesimdhenesve-sot-mbajten-mesim-ky-eshte-paralajmerimi-i-rrahman-jasharajt\/\"},\"author\":{\"name\":\"P\u00ebrmbledhja\",\"@id\":\"https:\/\/permbledhja.com\/#\/schema\/person\/0d064377258d3221e50693947b9eb4fe\"},\"headline\":\"Shumica e m\u00ebsimdh\u00ebn\u00ebsve sot mbajt\u00ebn m\u00ebsim, ky \u00ebsht\u00eb paralajm\u00ebrimi i Rrahman Jasharajt\",\"datePublished\":\"2022-10-15T16:52:53+00:00\",\"dateModified\":\"2022-10-15T16:52:53+00:00\",\"mainEntityOfPage\":{\"@id\":\"https:\/\/permbledhja.com\/shumica-e-mesimdhenesve-sot-mbajten-mesim-ky-eshte-paralajmerimi-i-rrahman-jasharajt\/\"},\"wordCount\":183,\"publisher\":{\"@id\":\"https:\/\/permbledhja.com\/#organization\"},\"keywords\":[\"Rrahman Jasharaj\"],\"articleSection\":[\"Komb\u00ebtare\",\"Lajme\"],\"inLanguage\":\"sq\"},{\"@type\":\"WebPage\",\"@id\":\"https:\/\/permbledhja.com\/shumica-e-mesimdhenesve-sot-mbajten-mesim-ky-eshte-paralajmerimi-i-rrahman-jasharajt\/\",\"url\":\"https:\/\/permbledhja.com\/shumica-e-mesimdhenesve-sot-mbajten-mesim-ky-eshte-paralajmerimi-i-rrahman-jasharajt\/\",\"name\":\"Shumica e m\u00ebsimdh\u00ebn\u00ebsve sot mbajt\u00ebn m\u00ebsim, ky \u00ebsht\u00eb paralajm\u00ebrimi i Rrahman Jasharajt\",\"isPartOf\":{\"@id\":\"https:\/\/permbledhja.com\/#website\"},\"datePublished\":\"2022-10-15T16:52:53+00:00\",\"dateModified\":\"2022-10-15T16:52:53+00:00\",\"breadcrumb\":{\"@id\":\"https:\/\/permbledhja.com\/shumica-e-mesimdhenesve-sot-mbajten-mesim-ky-eshte-paralajmerimi-i-rrahman-jasharajt\/#breadcrumb\"},\"inLanguage\":\"sq\",\"potentialAction\":[{\"@type\":\"ReadAction\",\"target\":[\"https:\/\/permbledhja.com\/shumica-e-mesimdhenesve-sot-mbajten-mesim-ky-eshte-paralajmerimi-i-rrahman-jasharajt\/\"]}]},{\"@type\":\"BreadcrumbList\",\"@id\":\"https:\/\/permbledhja.com\/shumica-e-mesimdhenesve-sot-mbajten-mesim-ky-eshte-paralajmerimi-i-rrahman-jasharajt\/#breadcrumb\",\"itemListElement\":[{\"@type\":\"ListItem\",\"position\":1,\"name\":\"Ballina\",\"item\":\"https:\/\/permbledhja.com\/sq\/\"},{\"@type\":\"ListItem\",\"position\":2,\"name\":\"Shumica e m\u00ebsimdh\u00ebn\u00ebsve sot mbajt\u00ebn m\u00ebsim, ky \u00ebsht\u00eb paralajm\u00ebrimi i Rrahman Jasharajt\"}]},{\"@type\":\"WebSite\",\"@id\":\"https:\/\/permbledhja.com\/#website\",\"url\":\"https:\/\/permbledhja.com\/\",\"name\":\"Ve\u00e7 artikuj p\u00ebrmbledh\u00ebs\",\"description\":\"\",\"publisher\":{\"@id\":\"https:\/\/permbledhja.com\/#organization\"},\"potentialAction\":[{\"@type\":\"SearchAction\",\"target\":{\"@type\":\"EntryPoint\",\"urlTemplate\":\"https:\/\/permbledhja.com\/?s={search_term_string}\"},\"query-input\":\"required name=search_term_string\"}],\"inLanguage\":\"sq\"},{\"@type\":\"Organization\",\"@id\":\"https:\/\/permbledhja.com\/#organization\",\"name\":\"MK Media & Pr\",\"url\":\"https:\/\/permbledhja.com\/\",\"logo\":{\"@type\":\"ImageObject\",\"inLanguage\":\"sq\",\"@id\":\"https:\/\/permbledhja.com\/#\/schema\/logo\/image\/\",\"url\":\"https:\/\/permbledhja.com\/wp-content\/uploads\/2021\/12\/07-Press-Logo.jpg\",\"contentUrl\":\"https:\/\/permbledhja.com\/wp-content\/uploads\/2021\/12\/07-Press-Logo.jpg\",\"width\":512,\"height\":512,\"caption\":\"MK Media & Pr\"},\"image\":{\"@id\":\"https:\/\/permbledhja.com\/#\/schema\/logo\/image\/\"},\"sameAs\":[\"https:\/\/www.facebook.com\/press07\/\"]},{\"@type\":\"Person\",\"@id\":\"https:\/\/permbledhja.com\/#\/schema\/person\/0d064377258d3221e50693947b9eb4fe\",\"name\":\"P\u00ebrmbledhja\",\"image\":{\"@type\":\"ImageObject\",\"inLanguage\":\"sq\",\"@id\":\"https:\/\/permbledhja.com\/#\/schema\/person\/image\/\",\"url\":\"https:\/\/permbledhja.com\/wp-content\/uploads\/2026\/01\/452004717_1040944174702970_8932037511805513407_n-96x96.jpg\",\"contentUrl\":\"https:\/\/permbledhja.com\/wp-content\/uploads\/2026\/01\/452004717_1040944174702970_8932037511805513407_n-96x96.jpg\",\"caption\":\"P\u00ebrmbledhja\"},\"sameAs\":[\"https:\/\/www.facebook.com\/kafexhiu.muharrem\/\",\"https:\/\/www.instagram.com\/muharrem_kafexhiu\/\"],\"url\":\"https:\/\/permbledhja.com\/sq\/author\/admin\/\"}]}<\/script>\n<!-- \/ Yoast SEO plugin. -->","yoast_head_json":{"title":"Shumica e m\u00ebsimdh\u00ebn\u00ebsve sot mbajt\u00ebn m\u00ebsim, ky \u00ebsht\u00eb paralajm\u00ebrimi i Rrahman Jasharajt","robots":{"index":"index","follow":"follow","max-snippet":"max-snippet:-1","max-image-preview":"max-image-preview:large","max-video-preview":"max-video-preview:-1"},"canonical":"https:\/\/permbledhja.com\/sq\/shumica-e-mesimdhenesve-sot-mbajten-mesim-ky-eshte-paralajmerimi-i-rrahman-jasharajt\/","og_locale":"sq_AL","og_type":"article","og_title":"Shumica e m\u00ebsimdh\u00ebn\u00ebsve sot mbajt\u00ebn m\u00ebsim, ky \u00ebsht\u00eb paralajm\u00ebrimi i Rrahman Jasharajt","og_description":"Kryetari i SBASHK-ut, Rrahman Jasharaj, ka th\u00ebn\u00eb se pasdite do t\u2019i grumbullojn\u00eb raportet nga komunat dhe t\u00eb shohin se sa \u00ebsht\u00eb numri i shkollave apo m\u00ebsimdh\u00ebn\u00ebsve q\u00eb iu kan\u00eb p\u00ebrgjigjur k\u00ebrkes\u00ebs s\u00eb MASHTI-t p\u00ebr t\u00eb filluar me kompensimin or\u00ebve t\u00eb humbura gjat\u00eb grev\u00ebs s\u00eb p\u00ebrgjithshme, muajin e kaluar. \u201cN\u00eb or\u00ebt e pasdites SBASHK do t\u00eb [&hellip;]","og_url":"https:\/\/permbledhja.com\/sq\/shumica-e-mesimdhenesve-sot-mbajten-mesim-ky-eshte-paralajmerimi-i-rrahman-jasharajt\/","og_site_name":"Ve\u00e7 artikuj p\u00ebrmbledh\u00ebs","article_publisher":"https:\/\/www.facebook.com\/press07\/","article_author":"https:\/\/www.facebook.com\/kafexhiu.muharrem\/","article_published_time":"2022-10-15T16:52:53+00:00","og_image":[{"width":2048,"height":1152,"url":"https:\/\/permbledhja.com\/wp-content\/uploads\/2022\/07\/Jasharaj.jpg","type":"image\/jpeg"}],"author":"P\u00ebrmbledhja","twitter_card":"summary_large_image","twitter_misc":{"Written by":"P\u00ebrmbledhja","Est. reading time":"1 minut\u00eb"},"schema":{"@context":"https:\/\/schema.org","@graph":[{"@type":"Article","@id":"https:\/\/permbledhja.com\/shumica-e-mesimdhenesve-sot-mbajten-mesim-ky-eshte-paralajmerimi-i-rrahman-jasharajt\/#article","isPartOf":{"@id":"https:\/\/permbledhja.com\/shumica-e-mesimdhenesve-sot-mbajten-mesim-ky-eshte-paralajmerimi-i-rrahman-jasharajt\/"},"author":{"name":"P\u00ebrmbledhja","@id":"https:\/\/permbledhja.com\/#\/schema\/person\/0d064377258d3221e50693947b9eb4fe"},"headline":"Shumica e m\u00ebsimdh\u00ebn\u00ebsve sot mbajt\u00ebn m\u00ebsim, ky \u00ebsht\u00eb paralajm\u00ebrimi i Rrahman Jasharajt","datePublished":"2022-10-15T16:52:53+00:00","dateModified":"2022-10-15T16:52:53+00:00","mainEntityOfPage":{"@id":"https:\/\/permbledhja.com\/shumica-e-mesimdhenesve-sot-mbajten-mesim-ky-eshte-paralajmerimi-i-rrahman-jasharajt\/"},"wordCount":183,"publisher":{"@id":"https:\/\/permbledhja.com\/#organization"},"keywords":["Rrahman Jasharaj"],"articleSection":["Komb\u00ebtare","Lajme"],"inLanguage":"sq"},{"@type":"WebPage","@id":"https:\/\/permbledhja.com\/shumica-e-mesimdhenesve-sot-mbajten-mesim-ky-eshte-paralajmerimi-i-rrahman-jasharajt\/","url":"https:\/\/permbledhja.com\/shumica-e-mesimdhenesve-sot-mbajten-mesim-ky-eshte-paralajmerimi-i-rrahman-jasharajt\/","name":"Shumica e m\u00ebsimdh\u00ebn\u00ebsve sot mbajt\u00ebn m\u00ebsim, ky \u00ebsht\u00eb paralajm\u00ebrimi i Rrahman Jasharajt","isPartOf":{"@id":"https:\/\/permbledhja.com\/#website"},"datePublished":"2022-10-15T16:52:53+00:00","dateModified":"2022-10-15T16:52:53+00:00","breadcrumb":{"@id":"https:\/\/permbledhja.com\/shumica-e-mesimdhenesve-sot-mbajten-mesim-ky-eshte-paralajmerimi-i-rrahman-jasharajt\/#breadcrumb"},"inLanguage":"sq","potentialAction":[{"@type":"ReadAction","target":["https:\/\/permbledhja.com\/shumica-e-mesimdhenesve-sot-mbajten-mesim-ky-eshte-paralajmerimi-i-rrahman-jasharajt\/"]}]},{"@type":"BreadcrumbList","@id":"https:\/\/permbledhja.com\/shumica-e-mesimdhenesve-sot-mbajten-mesim-ky-eshte-paralajmerimi-i-rrahman-jasharajt\/#breadcrumb","itemListElement":[{"@type":"ListItem","position":1,"name":"Ballina","item":"https:\/\/permbledhja.com\/sq\/"},{"@type":"ListItem","position":2,"name":"Shumica e m\u00ebsimdh\u00ebn\u00ebsve sot mbajt\u00ebn m\u00ebsim, ky \u00ebsht\u00eb paralajm\u00ebrimi i Rrahman Jasharajt"}]},{"@type":"WebSite","@id":"https:\/\/permbledhja.com\/#website","url":"https:\/\/permbledhja.com\/","name":"Ve\u00e7 artikuj p\u00ebrmbledh\u00ebs","description":"","publisher":{"@id":"https:\/\/permbledhja.com\/#organization"},"potentialAction":[{"@type":"SearchAction","target":{"@type":"EntryPoint","urlTemplate":"https:\/\/permbledhja.com\/?s={search_term_string}"},"query-input":"required name=search_term_string"}],"inLanguage":"sq"},{"@type":"Organization","@id":"https:\/\/permbledhja.com\/#organization","name":"MK Media & Pr","url":"https:\/\/permbledhja.com\/","logo":{"@type":"ImageObject","inLanguage":"sq","@id":"https:\/\/permbledhja.com\/#\/schema\/logo\/image\/","url":"https:\/\/permbledhja.com\/wp-content\/uploads\/2021\/12\/07-Press-Logo.jpg","contentUrl":"https:\/\/permbledhja.com\/wp-content\/uploads\/2021\/12\/07-Press-Logo.jpg","width":512,"height":512,"caption":"MK Media & Pr"},"image":{"@id":"https:\/\/permbledhja.com\/#\/schema\/logo\/image\/"},"sameAs":["https:\/\/www.facebook.com\/press07\/"]},{"@type":"Person","@id":"https:\/\/permbledhja.com\/#\/schema\/person\/0d064377258d3221e50693947b9eb4fe","name":"P\u00ebrmbledhja","image":{"@type":"ImageObject","inLanguage":"sq","@id":"https:\/\/permbledhja.com\/#\/schema\/person\/image\/","url":"https:\/\/permbledhja.com\/wp-content\/uploads\/2026\/01\/452004717_1040944174702970_8932037511805513407_n-96x96.jpg","contentUrl":"https:\/\/permbledhja.com\/wp-content\/uploads\/2026\/01\/452004717_1040944174702970_8932037511805513407_n-96x96.jpg","caption":"P\u00ebrmbledhja"},"sameAs":["https:\/\/www.facebook.com\/kafexhiu.muharrem\/","https:\/\/www.instagram.com\/muharrem_kafexhiu\/"],"url":"https:\/\/permbledhja.com\/sq\/author\/admin\/"}]}},"_links":{"self":[{"href":"https:\/\/permbledhja.com\/sq\/wp-json\/wp\/v2\/posts\/7688"}],"collection":[{"href":"https:\/\/permbledhja.com\/sq\/wp-json\/wp\/v2\/posts"}],"about":[{"href":"https:\/\/permbledhja.com\/sq\/wp-json\/wp\/v2\/types\/post"}],"author":[{"embeddable":true,"href":"https:\/\/permbledhja.com\/sq\/wp-json\/wp\/v2\/users\/1"}],"replies":[{"embeddable":true,"href":"https:\/\/permbledhja.com\/sq\/wp-json\/wp\/v2\/comments?post=7688"}],"version-history":[{"count":1,"href":"https:\/\/permbledhja.com\/sq\/wp-json\/wp\/v2\/posts\/7688\/revisions"}],"predecessor-version":[{"id":7689,"href":"https:\/\/permbledhja.com\/sq\/wp-json\/wp\/v2\/posts\/7688\/revisions\/7689"}],"wp:featuredmedia":[{"embeddable":true,"href":"https:\/\/permbledhja.com\/sq\/wp-json\/wp\/v2\/media\/2608"}],"wp:attachment":[{"href":"https:\/\/permbledhja.com\/sq\/wp-json\/wp\/v2\/media?parent=7688"}],"wp:term":[{"taxonomy":"category","embeddable":true,"href":"https:\/\/permbledhja.com\/sq\/wp-json\/wp\/v2\/categories?post=7688"},{"taxonomy":"post_tag","embeddable":true,"href":"https:\/\/permbledhja.com\/sq\/wp-json\/wp\/v2\/tags?post=7688"}],"curies":[{"name":"wp","href":"https:\/\/api.w.org\/{rel}","templated":true}]}}