{"id":76717,"date":"2026-02-21T11:34:31","date_gmt":"2026-02-21T11:34:31","guid":{"rendered":"https:\/\/permbledhja.com\/?p=76717"},"modified":"2026-02-21T11:34:31","modified_gmt":"2026-02-21T11:34:31","slug":"lajm-i-rende-vdes-25-vjecarja-leonora-maxharraj-shoshi-dyshohet-se-u-qellua-me-arme","status":"publish","type":"post","link":"https:\/\/permbledhja.com\/sq\/lajm-i-rende-vdes-25-vjecarja-leonora-maxharraj-shoshi-dyshohet-se-u-qellua-me-arme\/","title":{"rendered":"Lajm i r\u00ebnd\u00eb: Vdes 25-vje\u00e7arja Leonora Maxharraj-Shoshi, dyshohet se u q\u00ebllua me arm\u00eb"},"content":{"rendered":"<p><strong>Nj\u00eb ngjarje e r\u00ebnd\u00eb ka ndodhur pasditen e s\u00eb premtes n\u00eb Istog, ku ka humbur jet\u00ebn 25-vje\u00e7arja Leonora Maxharraj Shoshi, pasi ishte plagosur me arm\u00eb zjarri.<\/strong><\/p>\n<p>Sipas burimeve t\u00eb af\u00ebrta me hetimin, rreth or\u00ebs 16:00 Emergjenca e Istogut ka pranuar nj\u00eb grua t\u00eb plagosur me arm\u00eb. Dyshohet se ajo u q\u00ebllua n\u00eb pjes\u00ebn e barkut me arm\u00ebn zyrtare t\u00eb bashk\u00ebshortit t\u00eb saj, zyrtar policor q\u00eb sh\u00ebrben n\u00eb Nj\u00ebsin\u00eb Speciale Operative n\u00eb Mitrovic\u00eb.<\/p>\n<p>E reja iu n\u00ebnshtrua menj\u00ebher\u00eb operacionit emergjent, por pavar\u00ebsisht p\u00ebrpjekjeve t\u00eb mjek\u00ebve, ajo nuk arriti t\u00eb mbijetoj\u00eb dhe vdekja e saj u konstatua dje rreth or\u00ebs 19:00.<\/p>\n<p>Rasti po hetohet nga Nj\u00ebsiti i Hetimeve Rajonale n\u00eb Pej\u00eb, nd\u00ebrsa autoritetet kan\u00eb nisur procedurat p\u00ebr zbardhjen e plot\u00eb t\u00eb rrethanave t\u00eb tragjedis\u00eb.<\/p>\n","protected":false},"excerpt":{"rendered":"<p>Nj\u00eb ngjarje e r\u00ebnd\u00eb ka ndodhur pasditen e s\u00eb premtes n\u00eb Istog, ku ka humbur jet\u00ebn 25-vje\u00e7arja Leonora Maxharraj Shoshi, pasi ishte plagosur me arm\u00eb zjarri. Sipas burimeve t\u00eb af\u00ebrta me hetimin, rreth or\u00ebs 16:00 Emergjenca e Istogut ka pranuar nj\u00eb grua t\u00eb plagosur me arm\u00eb. Dyshohet se ajo u q\u00ebllua n\u00eb pjes\u00ebn e barkut [&hellip;]<\/p>\n","protected":false},"author":1,"featured_media":76718,"comment_status":"closed","ping_status":"closed","sticky":false,"template":"","format":"standard","meta":{"_monsterinsights_skip_tracking":false,"_monsterinsights_sitenote_active":false,"_monsterinsights_sitenote_note":"","_monsterinsights_sitenote_category":0,"_uf_show_specific_survey":0,"_uf_disable_surveys":false,"footnotes":""},"categories":[3324],"tags":[3820],"yoast_head":"<!-- This site is optimized with the Yoast SEO plugin v21.5 - https:\/\/yoast.com\/wordpress\/plugins\/seo\/ -->\n<title>Lajm i r\u00ebnd\u00eb: Vdes 25-vje\u00e7arja Leonora Maxharraj-Shoshi, dyshohet se u q\u00ebllua me arm\u00eb<\/title>\n<meta name=\"robots\" content=\"index, follow, max-snippet:-1, max-image-preview:large, max-video-preview:-1\" \/>\n<link rel=\"canonical\" href=\"https:\/\/permbledhja.com\/sq\/lajm-i-rende-vdes-25-vjecarja-leonora-maxharraj-shoshi-dyshohet-se-u-qellua-me-arme\/\" \/>\n<meta property=\"og:locale\" content=\"sq_AL\" \/>\n<meta property=\"og:type\" content=\"article\" \/>\n<meta property=\"og:title\" content=\"Lajm i r\u00ebnd\u00eb: Vdes 25-vje\u00e7arja Leonora Maxharraj-Shoshi, dyshohet se u q\u00ebllua me arm\u00eb\" \/>\n<meta property=\"og:description\" content=\"Nj\u00eb ngjarje e r\u00ebnd\u00eb ka ndodhur pasditen e s\u00eb premtes n\u00eb Istog, ku ka humbur jet\u00ebn 25-vje\u00e7arja Leonora Maxharraj Shoshi, pasi ishte plagosur me arm\u00eb zjarri. Sipas burimeve t\u00eb af\u00ebrta me hetimin, rreth or\u00ebs 16:00 Emergjenca e Istogut ka pranuar nj\u00eb grua t\u00eb plagosur me arm\u00eb. Dyshohet se ajo u q\u00ebllua n\u00eb pjes\u00ebn e barkut [&hellip;]\" \/>\n<meta property=\"og:url\" content=\"https:\/\/permbledhja.com\/sq\/lajm-i-rende-vdes-25-vjecarja-leonora-maxharraj-shoshi-dyshohet-se-u-qellua-me-arme\/\" \/>\n<meta property=\"og:site_name\" content=\"Ve\u00e7 artikuj p\u00ebrmbledh\u00ebs\" \/>\n<meta property=\"article:publisher\" content=\"https:\/\/www.facebook.com\/press07\/\" \/>\n<meta property=\"article:author\" content=\"https:\/\/www.facebook.com\/kafexhiu.muharrem\/\" \/>\n<meta property=\"article:published_time\" content=\"2026-02-21T11:34:31+00:00\" \/>\n<meta property=\"og:image\" content=\"https:\/\/permbledhja.com\/wp-content\/uploads\/2026\/02\/dd.png\" \/>\n\t<meta property=\"og:image:width\" content=\"770\" \/>\n\t<meta property=\"og:image:height\" content=\"481\" \/>\n\t<meta property=\"og:image:type\" content=\"image\/png\" \/>\n<meta name=\"author\" content=\"P\u00ebrmbledhja\" \/>\n<meta name=\"twitter:card\" content=\"summary_large_image\" \/>\n<meta name=\"twitter:label1\" content=\"Written by\" \/>\n\t<meta name=\"twitter:data1\" content=\"P\u00ebrmbledhja\" \/>\n\t<meta name=\"twitter:label2\" content=\"Est. reading time\" \/>\n\t<meta name=\"twitter:data2\" content=\"1 minut\u00eb\" \/>\n<script type=\"application\/ld+json\" class=\"yoast-schema-graph\">{\"@context\":\"https:\/\/schema.org\",\"@graph\":[{\"@type\":\"Article\",\"@id\":\"https:\/\/permbledhja.com\/lajm-i-rende-vdes-25-vjecarja-leonora-maxharraj-shoshi-dyshohet-se-u-qellua-me-arme\/#article\",\"isPartOf\":{\"@id\":\"https:\/\/permbledhja.com\/lajm-i-rende-vdes-25-vjecarja-leonora-maxharraj-shoshi-dyshohet-se-u-qellua-me-arme\/\"},\"author\":{\"name\":\"P\u00ebrmbledhja\",\"@id\":\"https:\/\/permbledhja.com\/#\/schema\/person\/0d064377258d3221e50693947b9eb4fe\"},\"headline\":\"Lajm i r\u00ebnd\u00eb: Vdes 25-vje\u00e7arja Leonora Maxharraj-Shoshi, dyshohet se u q\u00ebllua me arm\u00eb\",\"datePublished\":\"2026-02-21T11:34:31+00:00\",\"dateModified\":\"2026-02-21T11:34:31+00:00\",\"mainEntityOfPage\":{\"@id\":\"https:\/\/permbledhja.com\/lajm-i-rende-vdes-25-vjecarja-leonora-maxharraj-shoshi-dyshohet-se-u-qellua-me-arme\/\"},\"wordCount\":156,\"publisher\":{\"@id\":\"https:\/\/permbledhja.com\/#organization\"},\"keywords\":[\"Leonora Maxharraj-Shoshi\"],\"articleSection\":[\"Dyt\u00ebsore\"],\"inLanguage\":\"sq\"},{\"@type\":\"WebPage\",\"@id\":\"https:\/\/permbledhja.com\/lajm-i-rende-vdes-25-vjecarja-leonora-maxharraj-shoshi-dyshohet-se-u-qellua-me-arme\/\",\"url\":\"https:\/\/permbledhja.com\/lajm-i-rende-vdes-25-vjecarja-leonora-maxharraj-shoshi-dyshohet-se-u-qellua-me-arme\/\",\"name\":\"Lajm i r\u00ebnd\u00eb: Vdes 25-vje\u00e7arja Leonora Maxharraj-Shoshi, dyshohet se u q\u00ebllua me arm\u00eb\",\"isPartOf\":{\"@id\":\"https:\/\/permbledhja.com\/#website\"},\"datePublished\":\"2026-02-21T11:34:31+00:00\",\"dateModified\":\"2026-02-21T11:34:31+00:00\",\"breadcrumb\":{\"@id\":\"https:\/\/permbledhja.com\/lajm-i-rende-vdes-25-vjecarja-leonora-maxharraj-shoshi-dyshohet-se-u-qellua-me-arme\/#breadcrumb\"},\"inLanguage\":\"sq\",\"potentialAction\":[{\"@type\":\"ReadAction\",\"target\":[\"https:\/\/permbledhja.com\/lajm-i-rende-vdes-25-vjecarja-leonora-maxharraj-shoshi-dyshohet-se-u-qellua-me-arme\/\"]}]},{\"@type\":\"BreadcrumbList\",\"@id\":\"https:\/\/permbledhja.com\/lajm-i-rende-vdes-25-vjecarja-leonora-maxharraj-shoshi-dyshohet-se-u-qellua-me-arme\/#breadcrumb\",\"itemListElement\":[{\"@type\":\"ListItem\",\"position\":1,\"name\":\"Ballina\",\"item\":\"https:\/\/permbledhja.com\/sq\/\"},{\"@type\":\"ListItem\",\"position\":2,\"name\":\"Lajm i r\u00ebnd\u00eb: Vdes 25-vje\u00e7arja Leonora Maxharraj-Shoshi, dyshohet se u q\u00ebllua me arm\u00eb\"}]},{\"@type\":\"WebSite\",\"@id\":\"https:\/\/permbledhja.com\/#website\",\"url\":\"https:\/\/permbledhja.com\/\",\"name\":\"Ve\u00e7 artikuj p\u00ebrmbledh\u00ebs\",\"description\":\"\",\"publisher\":{\"@id\":\"https:\/\/permbledhja.com\/#organization\"},\"potentialAction\":[{\"@type\":\"SearchAction\",\"target\":{\"@type\":\"EntryPoint\",\"urlTemplate\":\"https:\/\/permbledhja.com\/?s={search_term_string}\"},\"query-input\":\"required name=search_term_string\"}],\"inLanguage\":\"sq\"},{\"@type\":\"Organization\",\"@id\":\"https:\/\/permbledhja.com\/#organization\",\"name\":\"MK Media & Pr\",\"url\":\"https:\/\/permbledhja.com\/\",\"logo\":{\"@type\":\"ImageObject\",\"inLanguage\":\"sq\",\"@id\":\"https:\/\/permbledhja.com\/#\/schema\/logo\/image\/\",\"url\":\"https:\/\/permbledhja.com\/wp-content\/uploads\/2021\/12\/07-Press-Logo.jpg\",\"contentUrl\":\"https:\/\/permbledhja.com\/wp-content\/uploads\/2021\/12\/07-Press-Logo.jpg\",\"width\":512,\"height\":512,\"caption\":\"MK Media & Pr\"},\"image\":{\"@id\":\"https:\/\/permbledhja.com\/#\/schema\/logo\/image\/\"},\"sameAs\":[\"https:\/\/www.facebook.com\/press07\/\"]},{\"@type\":\"Person\",\"@id\":\"https:\/\/permbledhja.com\/#\/schema\/person\/0d064377258d3221e50693947b9eb4fe\",\"name\":\"P\u00ebrmbledhja\",\"image\":{\"@type\":\"ImageObject\",\"inLanguage\":\"sq\",\"@id\":\"https:\/\/permbledhja.com\/#\/schema\/person\/image\/\",\"url\":\"https:\/\/permbledhja.com\/wp-content\/uploads\/2026\/01\/452004717_1040944174702970_8932037511805513407_n-96x96.jpg\",\"contentUrl\":\"https:\/\/permbledhja.com\/wp-content\/uploads\/2026\/01\/452004717_1040944174702970_8932037511805513407_n-96x96.jpg\",\"caption\":\"P\u00ebrmbledhja\"},\"sameAs\":[\"https:\/\/www.facebook.com\/kafexhiu.muharrem\/\",\"https:\/\/www.instagram.com\/muharrem_kafexhiu\/\"],\"url\":\"https:\/\/permbledhja.com\/sq\/author\/admin\/\"}]}<\/script>\n<!-- \/ Yoast SEO plugin. -->","yoast_head_json":{"title":"Lajm i r\u00ebnd\u00eb: Vdes 25-vje\u00e7arja Leonora Maxharraj-Shoshi, dyshohet se u q\u00ebllua me arm\u00eb","robots":{"index":"index","follow":"follow","max-snippet":"max-snippet:-1","max-image-preview":"max-image-preview:large","max-video-preview":"max-video-preview:-1"},"canonical":"https:\/\/permbledhja.com\/sq\/lajm-i-rende-vdes-25-vjecarja-leonora-maxharraj-shoshi-dyshohet-se-u-qellua-me-arme\/","og_locale":"sq_AL","og_type":"article","og_title":"Lajm i r\u00ebnd\u00eb: Vdes 25-vje\u00e7arja Leonora Maxharraj-Shoshi, dyshohet se u q\u00ebllua me arm\u00eb","og_description":"Nj\u00eb ngjarje e r\u00ebnd\u00eb ka ndodhur pasditen e s\u00eb premtes n\u00eb Istog, ku ka humbur jet\u00ebn 25-vje\u00e7arja Leonora Maxharraj Shoshi, pasi ishte plagosur me arm\u00eb zjarri. Sipas burimeve t\u00eb af\u00ebrta me hetimin, rreth or\u00ebs 16:00 Emergjenca e Istogut ka pranuar nj\u00eb grua t\u00eb plagosur me arm\u00eb. Dyshohet se ajo u q\u00ebllua n\u00eb pjes\u00ebn e barkut [&hellip;]","og_url":"https:\/\/permbledhja.com\/sq\/lajm-i-rende-vdes-25-vjecarja-leonora-maxharraj-shoshi-dyshohet-se-u-qellua-me-arme\/","og_site_name":"Ve\u00e7 artikuj p\u00ebrmbledh\u00ebs","article_publisher":"https:\/\/www.facebook.com\/press07\/","article_author":"https:\/\/www.facebook.com\/kafexhiu.muharrem\/","article_published_time":"2026-02-21T11:34:31+00:00","og_image":[{"width":770,"height":481,"url":"https:\/\/permbledhja.com\/wp-content\/uploads\/2026\/02\/dd.png","type":"image\/png"}],"author":"P\u00ebrmbledhja","twitter_card":"summary_large_image","twitter_misc":{"Written by":"P\u00ebrmbledhja","Est. reading time":"1 minut\u00eb"},"schema":{"@context":"https:\/\/schema.org","@graph":[{"@type":"Article","@id":"https:\/\/permbledhja.com\/lajm-i-rende-vdes-25-vjecarja-leonora-maxharraj-shoshi-dyshohet-se-u-qellua-me-arme\/#article","isPartOf":{"@id":"https:\/\/permbledhja.com\/lajm-i-rende-vdes-25-vjecarja-leonora-maxharraj-shoshi-dyshohet-se-u-qellua-me-arme\/"},"author":{"name":"P\u00ebrmbledhja","@id":"https:\/\/permbledhja.com\/#\/schema\/person\/0d064377258d3221e50693947b9eb4fe"},"headline":"Lajm i r\u00ebnd\u00eb: Vdes 25-vje\u00e7arja Leonora Maxharraj-Shoshi, dyshohet se u q\u00ebllua me arm\u00eb","datePublished":"2026-02-21T11:34:31+00:00","dateModified":"2026-02-21T11:34:31+00:00","mainEntityOfPage":{"@id":"https:\/\/permbledhja.com\/lajm-i-rende-vdes-25-vjecarja-leonora-maxharraj-shoshi-dyshohet-se-u-qellua-me-arme\/"},"wordCount":156,"publisher":{"@id":"https:\/\/permbledhja.com\/#organization"},"keywords":["Leonora Maxharraj-Shoshi"],"articleSection":["Dyt\u00ebsore"],"inLanguage":"sq"},{"@type":"WebPage","@id":"https:\/\/permbledhja.com\/lajm-i-rende-vdes-25-vjecarja-leonora-maxharraj-shoshi-dyshohet-se-u-qellua-me-arme\/","url":"https:\/\/permbledhja.com\/lajm-i-rende-vdes-25-vjecarja-leonora-maxharraj-shoshi-dyshohet-se-u-qellua-me-arme\/","name":"Lajm i r\u00ebnd\u00eb: Vdes 25-vje\u00e7arja Leonora Maxharraj-Shoshi, dyshohet se u q\u00ebllua me arm\u00eb","isPartOf":{"@id":"https:\/\/permbledhja.com\/#website"},"datePublished":"2026-02-21T11:34:31+00:00","dateModified":"2026-02-21T11:34:31+00:00","breadcrumb":{"@id":"https:\/\/permbledhja.com\/lajm-i-rende-vdes-25-vjecarja-leonora-maxharraj-shoshi-dyshohet-se-u-qellua-me-arme\/#breadcrumb"},"inLanguage":"sq","potentialAction":[{"@type":"ReadAction","target":["https:\/\/permbledhja.com\/lajm-i-rende-vdes-25-vjecarja-leonora-maxharraj-shoshi-dyshohet-se-u-qellua-me-arme\/"]}]},{"@type":"BreadcrumbList","@id":"https:\/\/permbledhja.com\/lajm-i-rende-vdes-25-vjecarja-leonora-maxharraj-shoshi-dyshohet-se-u-qellua-me-arme\/#breadcrumb","itemListElement":[{"@type":"ListItem","position":1,"name":"Ballina","item":"https:\/\/permbledhja.com\/sq\/"},{"@type":"ListItem","position":2,"name":"Lajm i r\u00ebnd\u00eb: Vdes 25-vje\u00e7arja Leonora Maxharraj-Shoshi, dyshohet se u q\u00ebllua me arm\u00eb"}]},{"@type":"WebSite","@id":"https:\/\/permbledhja.com\/#website","url":"https:\/\/permbledhja.com\/","name":"Ve\u00e7 artikuj p\u00ebrmbledh\u00ebs","description":"","publisher":{"@id":"https:\/\/permbledhja.com\/#organization"},"potentialAction":[{"@type":"SearchAction","target":{"@type":"EntryPoint","urlTemplate":"https:\/\/permbledhja.com\/?s={search_term_string}"},"query-input":"required name=search_term_string"}],"inLanguage":"sq"},{"@type":"Organization","@id":"https:\/\/permbledhja.com\/#organization","name":"MK Media & Pr","url":"https:\/\/permbledhja.com\/","logo":{"@type":"ImageObject","inLanguage":"sq","@id":"https:\/\/permbledhja.com\/#\/schema\/logo\/image\/","url":"https:\/\/permbledhja.com\/wp-content\/uploads\/2021\/12\/07-Press-Logo.jpg","contentUrl":"https:\/\/permbledhja.com\/wp-content\/uploads\/2021\/12\/07-Press-Logo.jpg","width":512,"height":512,"caption":"MK Media & Pr"},"image":{"@id":"https:\/\/permbledhja.com\/#\/schema\/logo\/image\/"},"sameAs":["https:\/\/www.facebook.com\/press07\/"]},{"@type":"Person","@id":"https:\/\/permbledhja.com\/#\/schema\/person\/0d064377258d3221e50693947b9eb4fe","name":"P\u00ebrmbledhja","image":{"@type":"ImageObject","inLanguage":"sq","@id":"https:\/\/permbledhja.com\/#\/schema\/person\/image\/","url":"https:\/\/permbledhja.com\/wp-content\/uploads\/2026\/01\/452004717_1040944174702970_8932037511805513407_n-96x96.jpg","contentUrl":"https:\/\/permbledhja.com\/wp-content\/uploads\/2026\/01\/452004717_1040944174702970_8932037511805513407_n-96x96.jpg","caption":"P\u00ebrmbledhja"},"sameAs":["https:\/\/www.facebook.com\/kafexhiu.muharrem\/","https:\/\/www.instagram.com\/muharrem_kafexhiu\/"],"url":"https:\/\/permbledhja.com\/sq\/author\/admin\/"}]}},"_links":{"self":[{"href":"https:\/\/permbledhja.com\/sq\/wp-json\/wp\/v2\/posts\/76717"}],"collection":[{"href":"https:\/\/permbledhja.com\/sq\/wp-json\/wp\/v2\/posts"}],"about":[{"href":"https:\/\/permbledhja.com\/sq\/wp-json\/wp\/v2\/types\/post"}],"author":[{"embeddable":true,"href":"https:\/\/permbledhja.com\/sq\/wp-json\/wp\/v2\/users\/1"}],"replies":[{"embeddable":true,"href":"https:\/\/permbledhja.com\/sq\/wp-json\/wp\/v2\/comments?post=76717"}],"version-history":[{"count":1,"href":"https:\/\/permbledhja.com\/sq\/wp-json\/wp\/v2\/posts\/76717\/revisions"}],"predecessor-version":[{"id":76719,"href":"https:\/\/permbledhja.com\/sq\/wp-json\/wp\/v2\/posts\/76717\/revisions\/76719"}],"wp:featuredmedia":[{"embeddable":true,"href":"https:\/\/permbledhja.com\/sq\/wp-json\/wp\/v2\/media\/76718"}],"wp:attachment":[{"href":"https:\/\/permbledhja.com\/sq\/wp-json\/wp\/v2\/media?parent=76717"}],"wp:term":[{"taxonomy":"category","embeddable":true,"href":"https:\/\/permbledhja.com\/sq\/wp-json\/wp\/v2\/categories?post=76717"},{"taxonomy":"post_tag","embeddable":true,"href":"https:\/\/permbledhja.com\/sq\/wp-json\/wp\/v2\/tags?post=76717"}],"curies":[{"name":"wp","href":"https:\/\/api.w.org\/{rel}","templated":true}]}}