{"id":7570,"date":"2022-10-14T09:09:29","date_gmt":"2022-10-14T09:09:29","guid":{"rendered":"https:\/\/permbledhja.com\/?p=7570"},"modified":"2022-10-14T09:09:29","modified_gmt":"2022-10-14T09:09:29","slug":"grupi-punues-i-keshillit-evropian-mblidhet-serish-per-vizat-muajin-e-ardhshem","status":"publish","type":"post","link":"https:\/\/permbledhja.com\/sq\/grupi-punues-i-keshillit-evropian-mblidhet-serish-per-vizat-muajin-e-ardhshem\/","title":{"rendered":"Grupi Punues i K\u00ebshillit Evropian mblidhet s\u00ebrish p\u00ebr vizat muajin e ardhsh\u00ebm"},"content":{"rendered":"<p><strong>Grupi Punues p\u00ebr vizat i K\u00ebshillit Evropian do t\u00eb mblidhet s\u00ebrish m\u00eb 9 dhe 10 n\u00ebntor t\u00eb k\u00ebtij viti p\u00ebr t\u00eb diskutuar lidhur me liberalizimin e vizave p\u00ebr qytetar\u00ebt e Kosov\u00ebs.<\/strong><\/p>\n<p>Lajmin e ka b\u00ebr\u00eb t\u00eb ditur z\u00ebvend\u00ebskryeministri Besnik Bislimi, n\u00eb nj\u00eb deklarim p\u00ebr televizionin ATV t\u00eb enjten.<\/p>\n<p>Bislimi ka th\u00ebn\u00eb se Kosova \u00ebsht\u00eb udh\u00ebzuar q\u00eb t\u00eb p\u00ebrdor\u00eb kanalet e veta bilaterale p\u00ebr t\u00eb diskutuar k\u00ebrkesat e reja, ashtu q\u00eb t\u00eb arrihet konsensus, p\u00ebr t\u00eb shtyr\u00eb p\u00ebrpara procesin n\u00eb mbledhjen e ardhsh\u00ebm t\u00eb grupit punues p\u00ebr viza, q\u00eb mbahet m\u00eb 9-10 n\u00ebntor t\u00eb k\u00ebtij viti.<\/p>\n<p>Ai i ka konsideruar si kushte t\u00eb reja, idet\u00eb q\u00eb jan\u00eb diskutuar m\u00eb 13 tetor n\u00eb grupin punues p\u00ebr vizat n\u00eb K\u00ebshillin Evropian, lidhur me liberalizimin e vizave p\u00ebr qytetar\u00ebt e Kosov\u00ebs.<\/p>\n<p>Numri dy i qeveris\u00eb ka th\u00ebn\u00eb se ndon\u00ebse asnj\u00eb shtet nuk ka pasur hezitime p\u00ebr liberalizimin e vizave, shtetet an\u00ebtare kan\u00eb pasur tri lloje t\u00eb q\u00ebndrimeve.<\/p>\n<p>\u201cKemi vende t\u00eb cilat pa asnj\u00eb rezerv\u00eb e kan\u00eb p\u00ebrkrahur liberalizimin e menj\u00ebhersh\u00ebm t\u00eb vizave p\u00ebr Kosov\u00ebn, kemi ato shtete, t\u00eb cilat p\u00ebr arsye t\u00eb dinamikave politike nuk kan\u00eb mundur t\u00eb japin q\u00ebndrimin zyrtar, p\u00ebr shkak se disa sosh jan\u00eb n\u00eb mandat teknik t\u00eb qeverive t\u00eb tyre, \u00ebsht\u00eb Italia dhe Suedia, si dhe Danimarka q\u00eb sapo ka paralajm\u00ebruar zgjedhjet e reja. Jan\u00eb edhe vendet pakic\u00eb, t\u00eb cilat nuk e kund\u00ebrshtojn\u00eb liberalizimin e vizave p\u00ebr Kosov\u00ebn, por d\u00ebshirojn\u00eb q\u00eb k\u00ebt\u00eb ta lidhin me disa elemente tjera, t\u00eb cilat p\u00ebr neve jan\u00eb kushte t\u00eb reja, apo kritere t\u00eb reja. Edhe pse ata pretendojn\u00eb se jan\u00eb vet\u00ebm teknikalitete, p\u00ebr ne jan\u00eb kushte t\u00eb reja\u201d.<\/p>\n<p>Nd\u00ebrkaq, ministrja e Pun\u00ebve t\u00eb Jashtme dhe Diaspor\u00ebs n\u00eb Kosov\u00eb, Donika G\u00ebrvalla, ka th\u00ebn\u00eb p\u00ebrmes nj\u00eb postimi n\u00eb Facebook se t\u00eb enjten n\u00eb Bruksel \u201cprocesi i liberalizimit t\u00eb vizave sh\u00ebnoi nj\u00eb hap shum\u00eb t\u00eb r\u00ebnd\u00ebsish\u00ebm p\u00ebrpara\u201d.<\/p>\n<p>\u201cGrupi p\u00ebr Viza mir\u00ebpriti p\u00ebrdit\u00ebsimin nga Komisioni dhe p\u00ebrgjith\u00ebsisht p\u00ebrkrahu vazhdimin e procesit p\u00ebr liberalizimin e vizave p\u00ebr qytetar\u00ebt e Kosov\u00ebs. Nuk pati kund\u00ebrshtime dhe kontestime. Jan\u00eb ngritur \u00e7\u00ebshtje teknike, t\u00eb cilat do t\u00eb adresohen n\u00eb diskutimet e m\u00ebtutjeshme brenda Grupit p\u00ebr Viza, prej ku procesi do t\u00eb vazhdoj\u00eb tutje drejt p\u00ebrmbylljes n\u00eb afatin e rregullt\u201d, ka th\u00ebn\u00eb mes tjerash ajo.<\/p>\n","protected":false},"excerpt":{"rendered":"<p>Grupi Punues p\u00ebr vizat i K\u00ebshillit Evropian do t\u00eb mblidhet s\u00ebrish m\u00eb 9 dhe 10 n\u00ebntor t\u00eb k\u00ebtij viti p\u00ebr t\u00eb diskutuar lidhur me liberalizimin e vizave p\u00ebr qytetar\u00ebt e Kosov\u00ebs. Lajmin e ka b\u00ebr\u00eb t\u00eb ditur z\u00ebvend\u00ebskryeministri Besnik Bislimi, n\u00eb nj\u00eb deklarim p\u00ebr televizionin ATV t\u00eb enjten. Bislimi ka th\u00ebn\u00eb se Kosova \u00ebsht\u00eb udh\u00ebzuar [&hellip;]<\/p>\n","protected":false},"author":1,"featured_media":7571,"comment_status":"closed","ping_status":"closed","sticky":false,"template":"","format":"standard","meta":{"_monsterinsights_skip_tracking":false,"_monsterinsights_sitenote_active":false,"_monsterinsights_sitenote_note":"","_monsterinsights_sitenote_category":0,"_uf_show_specific_survey":0,"_uf_disable_surveys":false,"footnotes":""},"categories":[22],"tags":[71],"yoast_head":"<!-- This site is optimized with the Yoast SEO plugin v21.5 - https:\/\/yoast.com\/wordpress\/plugins\/seo\/ -->\n<title>Grupi Punues i K\u00ebshillit Evropian mblidhet s\u00ebrish p\u00ebr vizat muajin e ardhsh\u00ebm<\/title>\n<meta name=\"robots\" content=\"index, follow, max-snippet:-1, max-image-preview:large, max-video-preview:-1\" \/>\n<link rel=\"canonical\" href=\"https:\/\/permbledhja.com\/sq\/grupi-punues-i-keshillit-evropian-mblidhet-serish-per-vizat-muajin-e-ardhshem\/\" \/>\n<meta property=\"og:locale\" content=\"sq_AL\" \/>\n<meta property=\"og:type\" content=\"article\" \/>\n<meta property=\"og:title\" content=\"Grupi Punues i K\u00ebshillit Evropian mblidhet s\u00ebrish p\u00ebr vizat muajin e ardhsh\u00ebm\" \/>\n<meta property=\"og:description\" content=\"Grupi Punues p\u00ebr vizat i K\u00ebshillit Evropian do t\u00eb mblidhet s\u00ebrish m\u00eb 9 dhe 10 n\u00ebntor t\u00eb k\u00ebtij viti p\u00ebr t\u00eb diskutuar lidhur me liberalizimin e vizave p\u00ebr qytetar\u00ebt e Kosov\u00ebs. Lajmin e ka b\u00ebr\u00eb t\u00eb ditur z\u00ebvend\u00ebskryeministri Besnik Bislimi, n\u00eb nj\u00eb deklarim p\u00ebr televizionin ATV t\u00eb enjten. Bislimi ka th\u00ebn\u00eb se Kosova \u00ebsht\u00eb udh\u00ebzuar [&hellip;]\" \/>\n<meta property=\"og:url\" content=\"https:\/\/permbledhja.com\/sq\/grupi-punues-i-keshillit-evropian-mblidhet-serish-per-vizat-muajin-e-ardhshem\/\" \/>\n<meta property=\"og:site_name\" content=\"Ve\u00e7 artikuj p\u00ebrmbledh\u00ebs\" \/>\n<meta property=\"article:publisher\" content=\"https:\/\/www.facebook.com\/press07\/\" \/>\n<meta property=\"article:author\" content=\"https:\/\/www.facebook.com\/kafexhiu.muharrem\/\" \/>\n<meta property=\"article:published_time\" content=\"2022-10-14T09:09:29+00:00\" \/>\n<meta property=\"og:image\" content=\"https:\/\/permbledhja.com\/wp-content\/uploads\/2022\/10\/33-2-696x365-1.jpg\" \/>\n\t<meta property=\"og:image:width\" content=\"696\" \/>\n\t<meta property=\"og:image:height\" content=\"365\" \/>\n\t<meta property=\"og:image:type\" content=\"image\/jpeg\" \/>\n<meta name=\"author\" content=\"P\u00ebrmbledhja\" \/>\n<meta name=\"twitter:card\" content=\"summary_large_image\" \/>\n<meta name=\"twitter:label1\" content=\"Written by\" \/>\n\t<meta name=\"twitter:data1\" content=\"P\u00ebrmbledhja\" \/>\n\t<meta name=\"twitter:label2\" content=\"Est. reading time\" \/>\n\t<meta name=\"twitter:data2\" content=\"2 minuta\" \/>\n<script type=\"application\/ld+json\" class=\"yoast-schema-graph\">{\"@context\":\"https:\/\/schema.org\",\"@graph\":[{\"@type\":\"Article\",\"@id\":\"https:\/\/permbledhja.com\/grupi-punues-i-keshillit-evropian-mblidhet-serish-per-vizat-muajin-e-ardhshem\/#article\",\"isPartOf\":{\"@id\":\"https:\/\/permbledhja.com\/grupi-punues-i-keshillit-evropian-mblidhet-serish-per-vizat-muajin-e-ardhshem\/\"},\"author\":{\"name\":\"P\u00ebrmbledhja\",\"@id\":\"https:\/\/permbledhja.com\/#\/schema\/person\/0d064377258d3221e50693947b9eb4fe\"},\"headline\":\"Grupi Punues i K\u00ebshillit Evropian mblidhet s\u00ebrish p\u00ebr vizat muajin e ardhsh\u00ebm\",\"datePublished\":\"2022-10-14T09:09:29+00:00\",\"dateModified\":\"2022-10-14T09:09:29+00:00\",\"mainEntityOfPage\":{\"@id\":\"https:\/\/permbledhja.com\/grupi-punues-i-keshillit-evropian-mblidhet-serish-per-vizat-muajin-e-ardhshem\/\"},\"wordCount\":452,\"publisher\":{\"@id\":\"https:\/\/permbledhja.com\/#organization\"},\"keywords\":[\"Vizat\"],\"articleSection\":[\"Ballina\"],\"inLanguage\":\"sq\"},{\"@type\":\"WebPage\",\"@id\":\"https:\/\/permbledhja.com\/grupi-punues-i-keshillit-evropian-mblidhet-serish-per-vizat-muajin-e-ardhshem\/\",\"url\":\"https:\/\/permbledhja.com\/grupi-punues-i-keshillit-evropian-mblidhet-serish-per-vizat-muajin-e-ardhshem\/\",\"name\":\"Grupi Punues i K\u00ebshillit Evropian mblidhet s\u00ebrish p\u00ebr vizat muajin e ardhsh\u00ebm\",\"isPartOf\":{\"@id\":\"https:\/\/permbledhja.com\/#website\"},\"datePublished\":\"2022-10-14T09:09:29+00:00\",\"dateModified\":\"2022-10-14T09:09:29+00:00\",\"breadcrumb\":{\"@id\":\"https:\/\/permbledhja.com\/grupi-punues-i-keshillit-evropian-mblidhet-serish-per-vizat-muajin-e-ardhshem\/#breadcrumb\"},\"inLanguage\":\"sq\",\"potentialAction\":[{\"@type\":\"ReadAction\",\"target\":[\"https:\/\/permbledhja.com\/grupi-punues-i-keshillit-evropian-mblidhet-serish-per-vizat-muajin-e-ardhshem\/\"]}]},{\"@type\":\"BreadcrumbList\",\"@id\":\"https:\/\/permbledhja.com\/grupi-punues-i-keshillit-evropian-mblidhet-serish-per-vizat-muajin-e-ardhshem\/#breadcrumb\",\"itemListElement\":[{\"@type\":\"ListItem\",\"position\":1,\"name\":\"Ballina\",\"item\":\"https:\/\/permbledhja.com\/sq\/\"},{\"@type\":\"ListItem\",\"position\":2,\"name\":\"Grupi Punues i K\u00ebshillit Evropian mblidhet s\u00ebrish p\u00ebr vizat muajin e ardhsh\u00ebm\"}]},{\"@type\":\"WebSite\",\"@id\":\"https:\/\/permbledhja.com\/#website\",\"url\":\"https:\/\/permbledhja.com\/\",\"name\":\"Ve\u00e7 artikuj p\u00ebrmbledh\u00ebs\",\"description\":\"\",\"publisher\":{\"@id\":\"https:\/\/permbledhja.com\/#organization\"},\"potentialAction\":[{\"@type\":\"SearchAction\",\"target\":{\"@type\":\"EntryPoint\",\"urlTemplate\":\"https:\/\/permbledhja.com\/?s={search_term_string}\"},\"query-input\":\"required name=search_term_string\"}],\"inLanguage\":\"sq\"},{\"@type\":\"Organization\",\"@id\":\"https:\/\/permbledhja.com\/#organization\",\"name\":\"MK Media & Pr\",\"url\":\"https:\/\/permbledhja.com\/\",\"logo\":{\"@type\":\"ImageObject\",\"inLanguage\":\"sq\",\"@id\":\"https:\/\/permbledhja.com\/#\/schema\/logo\/image\/\",\"url\":\"https:\/\/permbledhja.com\/wp-content\/uploads\/2021\/12\/07-Press-Logo.jpg\",\"contentUrl\":\"https:\/\/permbledhja.com\/wp-content\/uploads\/2021\/12\/07-Press-Logo.jpg\",\"width\":512,\"height\":512,\"caption\":\"MK Media & Pr\"},\"image\":{\"@id\":\"https:\/\/permbledhja.com\/#\/schema\/logo\/image\/\"},\"sameAs\":[\"https:\/\/www.facebook.com\/press07\/\"]},{\"@type\":\"Person\",\"@id\":\"https:\/\/permbledhja.com\/#\/schema\/person\/0d064377258d3221e50693947b9eb4fe\",\"name\":\"P\u00ebrmbledhja\",\"image\":{\"@type\":\"ImageObject\",\"inLanguage\":\"sq\",\"@id\":\"https:\/\/permbledhja.com\/#\/schema\/person\/image\/\",\"url\":\"https:\/\/permbledhja.com\/wp-content\/uploads\/2026\/01\/452004717_1040944174702970_8932037511805513407_n-96x96.jpg\",\"contentUrl\":\"https:\/\/permbledhja.com\/wp-content\/uploads\/2026\/01\/452004717_1040944174702970_8932037511805513407_n-96x96.jpg\",\"caption\":\"P\u00ebrmbledhja\"},\"sameAs\":[\"https:\/\/www.facebook.com\/kafexhiu.muharrem\/\",\"https:\/\/www.instagram.com\/muharrem_kafexhiu\/\"],\"url\":\"https:\/\/permbledhja.com\/sq\/author\/admin\/\"}]}<\/script>\n<!-- \/ Yoast SEO plugin. -->","yoast_head_json":{"title":"Grupi Punues i K\u00ebshillit Evropian mblidhet s\u00ebrish p\u00ebr vizat muajin e ardhsh\u00ebm","robots":{"index":"index","follow":"follow","max-snippet":"max-snippet:-1","max-image-preview":"max-image-preview:large","max-video-preview":"max-video-preview:-1"},"canonical":"https:\/\/permbledhja.com\/sq\/grupi-punues-i-keshillit-evropian-mblidhet-serish-per-vizat-muajin-e-ardhshem\/","og_locale":"sq_AL","og_type":"article","og_title":"Grupi Punues i K\u00ebshillit Evropian mblidhet s\u00ebrish p\u00ebr vizat muajin e ardhsh\u00ebm","og_description":"Grupi Punues p\u00ebr vizat i K\u00ebshillit Evropian do t\u00eb mblidhet s\u00ebrish m\u00eb 9 dhe 10 n\u00ebntor t\u00eb k\u00ebtij viti p\u00ebr t\u00eb diskutuar lidhur me liberalizimin e vizave p\u00ebr qytetar\u00ebt e Kosov\u00ebs. Lajmin e ka b\u00ebr\u00eb t\u00eb ditur z\u00ebvend\u00ebskryeministri Besnik Bislimi, n\u00eb nj\u00eb deklarim p\u00ebr televizionin ATV t\u00eb enjten. Bislimi ka th\u00ebn\u00eb se Kosova \u00ebsht\u00eb udh\u00ebzuar [&hellip;]","og_url":"https:\/\/permbledhja.com\/sq\/grupi-punues-i-keshillit-evropian-mblidhet-serish-per-vizat-muajin-e-ardhshem\/","og_site_name":"Ve\u00e7 artikuj p\u00ebrmbledh\u00ebs","article_publisher":"https:\/\/www.facebook.com\/press07\/","article_author":"https:\/\/www.facebook.com\/kafexhiu.muharrem\/","article_published_time":"2022-10-14T09:09:29+00:00","og_image":[{"width":696,"height":365,"url":"https:\/\/permbledhja.com\/wp-content\/uploads\/2022\/10\/33-2-696x365-1.jpg","type":"image\/jpeg"}],"author":"P\u00ebrmbledhja","twitter_card":"summary_large_image","twitter_misc":{"Written by":"P\u00ebrmbledhja","Est. reading time":"2 minuta"},"schema":{"@context":"https:\/\/schema.org","@graph":[{"@type":"Article","@id":"https:\/\/permbledhja.com\/grupi-punues-i-keshillit-evropian-mblidhet-serish-per-vizat-muajin-e-ardhshem\/#article","isPartOf":{"@id":"https:\/\/permbledhja.com\/grupi-punues-i-keshillit-evropian-mblidhet-serish-per-vizat-muajin-e-ardhshem\/"},"author":{"name":"P\u00ebrmbledhja","@id":"https:\/\/permbledhja.com\/#\/schema\/person\/0d064377258d3221e50693947b9eb4fe"},"headline":"Grupi Punues i K\u00ebshillit Evropian mblidhet s\u00ebrish p\u00ebr vizat muajin e ardhsh\u00ebm","datePublished":"2022-10-14T09:09:29+00:00","dateModified":"2022-10-14T09:09:29+00:00","mainEntityOfPage":{"@id":"https:\/\/permbledhja.com\/grupi-punues-i-keshillit-evropian-mblidhet-serish-per-vizat-muajin-e-ardhshem\/"},"wordCount":452,"publisher":{"@id":"https:\/\/permbledhja.com\/#organization"},"keywords":["Vizat"],"articleSection":["Ballina"],"inLanguage":"sq"},{"@type":"WebPage","@id":"https:\/\/permbledhja.com\/grupi-punues-i-keshillit-evropian-mblidhet-serish-per-vizat-muajin-e-ardhshem\/","url":"https:\/\/permbledhja.com\/grupi-punues-i-keshillit-evropian-mblidhet-serish-per-vizat-muajin-e-ardhshem\/","name":"Grupi Punues i K\u00ebshillit Evropian mblidhet s\u00ebrish p\u00ebr vizat muajin e ardhsh\u00ebm","isPartOf":{"@id":"https:\/\/permbledhja.com\/#website"},"datePublished":"2022-10-14T09:09:29+00:00","dateModified":"2022-10-14T09:09:29+00:00","breadcrumb":{"@id":"https:\/\/permbledhja.com\/grupi-punues-i-keshillit-evropian-mblidhet-serish-per-vizat-muajin-e-ardhshem\/#breadcrumb"},"inLanguage":"sq","potentialAction":[{"@type":"ReadAction","target":["https:\/\/permbledhja.com\/grupi-punues-i-keshillit-evropian-mblidhet-serish-per-vizat-muajin-e-ardhshem\/"]}]},{"@type":"BreadcrumbList","@id":"https:\/\/permbledhja.com\/grupi-punues-i-keshillit-evropian-mblidhet-serish-per-vizat-muajin-e-ardhshem\/#breadcrumb","itemListElement":[{"@type":"ListItem","position":1,"name":"Ballina","item":"https:\/\/permbledhja.com\/sq\/"},{"@type":"ListItem","position":2,"name":"Grupi Punues i K\u00ebshillit Evropian mblidhet s\u00ebrish p\u00ebr vizat muajin e ardhsh\u00ebm"}]},{"@type":"WebSite","@id":"https:\/\/permbledhja.com\/#website","url":"https:\/\/permbledhja.com\/","name":"Ve\u00e7 artikuj p\u00ebrmbledh\u00ebs","description":"","publisher":{"@id":"https:\/\/permbledhja.com\/#organization"},"potentialAction":[{"@type":"SearchAction","target":{"@type":"EntryPoint","urlTemplate":"https:\/\/permbledhja.com\/?s={search_term_string}"},"query-input":"required name=search_term_string"}],"inLanguage":"sq"},{"@type":"Organization","@id":"https:\/\/permbledhja.com\/#organization","name":"MK Media & Pr","url":"https:\/\/permbledhja.com\/","logo":{"@type":"ImageObject","inLanguage":"sq","@id":"https:\/\/permbledhja.com\/#\/schema\/logo\/image\/","url":"https:\/\/permbledhja.com\/wp-content\/uploads\/2021\/12\/07-Press-Logo.jpg","contentUrl":"https:\/\/permbledhja.com\/wp-content\/uploads\/2021\/12\/07-Press-Logo.jpg","width":512,"height":512,"caption":"MK Media & Pr"},"image":{"@id":"https:\/\/permbledhja.com\/#\/schema\/logo\/image\/"},"sameAs":["https:\/\/www.facebook.com\/press07\/"]},{"@type":"Person","@id":"https:\/\/permbledhja.com\/#\/schema\/person\/0d064377258d3221e50693947b9eb4fe","name":"P\u00ebrmbledhja","image":{"@type":"ImageObject","inLanguage":"sq","@id":"https:\/\/permbledhja.com\/#\/schema\/person\/image\/","url":"https:\/\/permbledhja.com\/wp-content\/uploads\/2026\/01\/452004717_1040944174702970_8932037511805513407_n-96x96.jpg","contentUrl":"https:\/\/permbledhja.com\/wp-content\/uploads\/2026\/01\/452004717_1040944174702970_8932037511805513407_n-96x96.jpg","caption":"P\u00ebrmbledhja"},"sameAs":["https:\/\/www.facebook.com\/kafexhiu.muharrem\/","https:\/\/www.instagram.com\/muharrem_kafexhiu\/"],"url":"https:\/\/permbledhja.com\/sq\/author\/admin\/"}]}},"_links":{"self":[{"href":"https:\/\/permbledhja.com\/sq\/wp-json\/wp\/v2\/posts\/7570"}],"collection":[{"href":"https:\/\/permbledhja.com\/sq\/wp-json\/wp\/v2\/posts"}],"about":[{"href":"https:\/\/permbledhja.com\/sq\/wp-json\/wp\/v2\/types\/post"}],"author":[{"embeddable":true,"href":"https:\/\/permbledhja.com\/sq\/wp-json\/wp\/v2\/users\/1"}],"replies":[{"embeddable":true,"href":"https:\/\/permbledhja.com\/sq\/wp-json\/wp\/v2\/comments?post=7570"}],"version-history":[{"count":1,"href":"https:\/\/permbledhja.com\/sq\/wp-json\/wp\/v2\/posts\/7570\/revisions"}],"predecessor-version":[{"id":7572,"href":"https:\/\/permbledhja.com\/sq\/wp-json\/wp\/v2\/posts\/7570\/revisions\/7572"}],"wp:featuredmedia":[{"embeddable":true,"href":"https:\/\/permbledhja.com\/sq\/wp-json\/wp\/v2\/media\/7571"}],"wp:attachment":[{"href":"https:\/\/permbledhja.com\/sq\/wp-json\/wp\/v2\/media?parent=7570"}],"wp:term":[{"taxonomy":"category","embeddable":true,"href":"https:\/\/permbledhja.com\/sq\/wp-json\/wp\/v2\/categories?post=7570"},{"taxonomy":"post_tag","embeddable":true,"href":"https:\/\/permbledhja.com\/sq\/wp-json\/wp\/v2\/tags?post=7570"}],"curies":[{"name":"wp","href":"https:\/\/api.w.org\/{rel}","templated":true}]}}