{"id":7568,"date":"2022-10-14T08:51:36","date_gmt":"2022-10-14T08:51:36","guid":{"rendered":"https:\/\/permbledhja.com\/?p=7568"},"modified":"2022-10-14T08:51:36","modified_gmt":"2022-10-14T08:51:36","slug":"e-fundit-kjo-shkolle-do-te-mbaje-mesim-te-shtunen","status":"publish","type":"post","link":"https:\/\/permbledhja.com\/sq\/e-fundit-kjo-shkolle-do-te-mbaje-mesim-te-shtunen\/","title":{"rendered":"E fundit: Kjo shkoll\u00eb do t\u00eb mbaj\u00eb m\u00ebsim t\u00eb shtun\u00ebn"},"content":{"rendered":"<p>Shkolla fillore dhe e mesme e ul\u00ebt \u201cIsmail Qemali\u201d do t\u00eb mbaj\u00eb m\u00ebsim z\u00ebvend\u00ebsues t\u00eb shtun\u00ebn.<\/p>\n<p>Lajmi \u00ebsht\u00eb b\u00ebr\u00eb i ditur p\u00ebrmes nj\u00eb njoftimi, dokumentin e s\u00eb cilit e posedon Klan Kosova.<\/p>\n<p>\u201cLajm\u00ebrohen nx\u00ebn\u00ebsit dhe m\u00ebsimdh\u00ebn\u00ebsit e SHFMU \u2018Ismail Qemali\u2019 Prishtin\u00eb, se t\u00eb shtun\u00ebn, me 15.10.2022 do t\u00eb mbahet procesi m\u00ebsimor me orar t\u00eb dit\u00ebs s\u00eb enjte, n\u00eb baz\u00eb t\u00eb Vendimit t\u00eb Ministris\u00eb s\u00eb Arsimit, Shkenc\u00ebs, Teknologjis\u00eb dhe Inovacionit, Nr. 013\/453, p\u00ebr kompensimin e dit\u00ebve t\u00eb pambajtura si pasoj\u00eb e grev\u00ebs s\u00eb m\u00ebsimdh\u00ebn\u00ebsve\u201d, thuhet n\u00eb njoftimin e k\u00ebsaj shkolle<\/p>\n","protected":false},"excerpt":{"rendered":"<p>Shkolla fillore dhe e mesme e ul\u00ebt \u201cIsmail Qemali\u201d do t\u00eb mbaj\u00eb m\u00ebsim z\u00ebvend\u00ebsues t\u00eb shtun\u00ebn. Lajmi \u00ebsht\u00eb b\u00ebr\u00eb i ditur p\u00ebrmes nj\u00eb njoftimi, dokumentin e s\u00eb cilit e posedon Klan Kosova. \u201cLajm\u00ebrohen nx\u00ebn\u00ebsit dhe m\u00ebsimdh\u00ebn\u00ebsit e SHFMU \u2018Ismail Qemali\u2019 Prishtin\u00eb, se t\u00eb shtun\u00ebn, me 15.10.2022 do t\u00eb mbahet procesi m\u00ebsimor me orar t\u00eb dit\u00ebs [&hellip;]<\/p>\n","protected":false},"author":1,"featured_media":5818,"comment_status":"closed","ping_status":"closed","sticky":false,"template":"","format":"standard","meta":{"_monsterinsights_skip_tracking":false,"_monsterinsights_sitenote_active":false,"_monsterinsights_sitenote_note":"","_monsterinsights_sitenote_category":0,"_uf_show_specific_survey":0,"_uf_disable_surveys":false,"footnotes":""},"categories":[23,15],"tags":[],"yoast_head":"<!-- This site is optimized with the Yoast SEO plugin v21.5 - https:\/\/yoast.com\/wordpress\/plugins\/seo\/ -->\n<title>E fundit: Kjo shkoll\u00eb do t\u00eb mbaj\u00eb m\u00ebsim t\u00eb shtun\u00ebn<\/title>\n<meta name=\"robots\" content=\"index, follow, max-snippet:-1, max-image-preview:large, max-video-preview:-1\" \/>\n<link rel=\"canonical\" href=\"https:\/\/permbledhja.com\/sq\/e-fundit-kjo-shkolle-do-te-mbaje-mesim-te-shtunen\/\" \/>\n<meta property=\"og:locale\" content=\"sq_AL\" \/>\n<meta property=\"og:type\" content=\"article\" \/>\n<meta property=\"og:title\" content=\"E fundit: Kjo shkoll\u00eb do t\u00eb mbaj\u00eb m\u00ebsim t\u00eb shtun\u00ebn\" \/>\n<meta property=\"og:description\" content=\"Shkolla fillore dhe e mesme e ul\u00ebt \u201cIsmail Qemali\u201d do t\u00eb mbaj\u00eb m\u00ebsim z\u00ebvend\u00ebsues t\u00eb shtun\u00ebn. Lajmi \u00ebsht\u00eb b\u00ebr\u00eb i ditur p\u00ebrmes nj\u00eb njoftimi, dokumentin e s\u00eb cilit e posedon Klan Kosova. \u201cLajm\u00ebrohen nx\u00ebn\u00ebsit dhe m\u00ebsimdh\u00ebn\u00ebsit e SHFMU \u2018Ismail Qemali\u2019 Prishtin\u00eb, se t\u00eb shtun\u00ebn, me 15.10.2022 do t\u00eb mbahet procesi m\u00ebsimor me orar t\u00eb dit\u00ebs [&hellip;]\" \/>\n<meta property=\"og:url\" content=\"https:\/\/permbledhja.com\/sq\/e-fundit-kjo-shkolle-do-te-mbaje-mesim-te-shtunen\/\" \/>\n<meta property=\"og:site_name\" content=\"Ve\u00e7 artikuj p\u00ebrmbledh\u00ebs\" \/>\n<meta property=\"article:publisher\" content=\"https:\/\/www.facebook.com\/press07\/\" \/>\n<meta property=\"article:author\" content=\"https:\/\/www.facebook.com\/kafexhiu.muharrem\/\" \/>\n<meta property=\"article:published_time\" content=\"2022-10-14T08:51:36+00:00\" \/>\n<meta property=\"og:image\" content=\"https:\/\/permbledhja.com\/wp-content\/uploads\/2022\/09\/shkolla_1490020078-6248572-1-780x439-1.jpg\" \/>\n\t<meta property=\"og:image:width\" content=\"780\" \/>\n\t<meta property=\"og:image:height\" content=\"439\" \/>\n\t<meta property=\"og:image:type\" content=\"image\/jpeg\" \/>\n<meta name=\"author\" content=\"P\u00ebrmbledhja\" \/>\n<meta name=\"twitter:card\" content=\"summary_large_image\" \/>\n<meta name=\"twitter:label1\" content=\"Written by\" \/>\n\t<meta name=\"twitter:data1\" content=\"P\u00ebrmbledhja\" \/>\n\t<meta name=\"twitter:label2\" content=\"Est. reading time\" \/>\n\t<meta name=\"twitter:data2\" content=\"1 minut\u00eb\" \/>\n<script type=\"application\/ld+json\" class=\"yoast-schema-graph\">{\"@context\":\"https:\/\/schema.org\",\"@graph\":[{\"@type\":\"Article\",\"@id\":\"https:\/\/permbledhja.com\/e-fundit-kjo-shkolle-do-te-mbaje-mesim-te-shtunen\/#article\",\"isPartOf\":{\"@id\":\"https:\/\/permbledhja.com\/e-fundit-kjo-shkolle-do-te-mbaje-mesim-te-shtunen\/\"},\"author\":{\"name\":\"P\u00ebrmbledhja\",\"@id\":\"https:\/\/permbledhja.com\/#\/schema\/person\/0d064377258d3221e50693947b9eb4fe\"},\"headline\":\"E fundit: Kjo shkoll\u00eb do t\u00eb mbaj\u00eb m\u00ebsim t\u00eb shtun\u00ebn\",\"datePublished\":\"2022-10-14T08:51:36+00:00\",\"dateModified\":\"2022-10-14T08:51:36+00:00\",\"mainEntityOfPage\":{\"@id\":\"https:\/\/permbledhja.com\/e-fundit-kjo-shkolle-do-te-mbaje-mesim-te-shtunen\/\"},\"wordCount\":123,\"publisher\":{\"@id\":\"https:\/\/permbledhja.com\/#organization\"},\"articleSection\":[\"Komb\u00ebtare\",\"Lajme\"],\"inLanguage\":\"sq\"},{\"@type\":\"WebPage\",\"@id\":\"https:\/\/permbledhja.com\/e-fundit-kjo-shkolle-do-te-mbaje-mesim-te-shtunen\/\",\"url\":\"https:\/\/permbledhja.com\/e-fundit-kjo-shkolle-do-te-mbaje-mesim-te-shtunen\/\",\"name\":\"E fundit: Kjo shkoll\u00eb do t\u00eb mbaj\u00eb m\u00ebsim t\u00eb shtun\u00ebn\",\"isPartOf\":{\"@id\":\"https:\/\/permbledhja.com\/#website\"},\"datePublished\":\"2022-10-14T08:51:36+00:00\",\"dateModified\":\"2022-10-14T08:51:36+00:00\",\"breadcrumb\":{\"@id\":\"https:\/\/permbledhja.com\/e-fundit-kjo-shkolle-do-te-mbaje-mesim-te-shtunen\/#breadcrumb\"},\"inLanguage\":\"sq\",\"potentialAction\":[{\"@type\":\"ReadAction\",\"target\":[\"https:\/\/permbledhja.com\/e-fundit-kjo-shkolle-do-te-mbaje-mesim-te-shtunen\/\"]}]},{\"@type\":\"BreadcrumbList\",\"@id\":\"https:\/\/permbledhja.com\/e-fundit-kjo-shkolle-do-te-mbaje-mesim-te-shtunen\/#breadcrumb\",\"itemListElement\":[{\"@type\":\"ListItem\",\"position\":1,\"name\":\"Ballina\",\"item\":\"https:\/\/permbledhja.com\/sq\/\"},{\"@type\":\"ListItem\",\"position\":2,\"name\":\"E fundit: Kjo shkoll\u00eb do t\u00eb mbaj\u00eb m\u00ebsim t\u00eb shtun\u00ebn\"}]},{\"@type\":\"WebSite\",\"@id\":\"https:\/\/permbledhja.com\/#website\",\"url\":\"https:\/\/permbledhja.com\/\",\"name\":\"Ve\u00e7 artikuj p\u00ebrmbledh\u00ebs\",\"description\":\"\",\"publisher\":{\"@id\":\"https:\/\/permbledhja.com\/#organization\"},\"potentialAction\":[{\"@type\":\"SearchAction\",\"target\":{\"@type\":\"EntryPoint\",\"urlTemplate\":\"https:\/\/permbledhja.com\/?s={search_term_string}\"},\"query-input\":\"required name=search_term_string\"}],\"inLanguage\":\"sq\"},{\"@type\":\"Organization\",\"@id\":\"https:\/\/permbledhja.com\/#organization\",\"name\":\"MK Media & Pr\",\"url\":\"https:\/\/permbledhja.com\/\",\"logo\":{\"@type\":\"ImageObject\",\"inLanguage\":\"sq\",\"@id\":\"https:\/\/permbledhja.com\/#\/schema\/logo\/image\/\",\"url\":\"https:\/\/permbledhja.com\/wp-content\/uploads\/2021\/12\/07-Press-Logo.jpg\",\"contentUrl\":\"https:\/\/permbledhja.com\/wp-content\/uploads\/2021\/12\/07-Press-Logo.jpg\",\"width\":512,\"height\":512,\"caption\":\"MK Media & Pr\"},\"image\":{\"@id\":\"https:\/\/permbledhja.com\/#\/schema\/logo\/image\/\"},\"sameAs\":[\"https:\/\/www.facebook.com\/press07\/\"]},{\"@type\":\"Person\",\"@id\":\"https:\/\/permbledhja.com\/#\/schema\/person\/0d064377258d3221e50693947b9eb4fe\",\"name\":\"P\u00ebrmbledhja\",\"image\":{\"@type\":\"ImageObject\",\"inLanguage\":\"sq\",\"@id\":\"https:\/\/permbledhja.com\/#\/schema\/person\/image\/\",\"url\":\"https:\/\/permbledhja.com\/wp-content\/uploads\/2026\/01\/452004717_1040944174702970_8932037511805513407_n-96x96.jpg\",\"contentUrl\":\"https:\/\/permbledhja.com\/wp-content\/uploads\/2026\/01\/452004717_1040944174702970_8932037511805513407_n-96x96.jpg\",\"caption\":\"P\u00ebrmbledhja\"},\"sameAs\":[\"https:\/\/www.facebook.com\/kafexhiu.muharrem\/\",\"https:\/\/www.instagram.com\/muharrem_kafexhiu\/\"],\"url\":\"https:\/\/permbledhja.com\/sq\/author\/admin\/\"}]}<\/script>\n<!-- \/ Yoast SEO plugin. -->","yoast_head_json":{"title":"E fundit: Kjo shkoll\u00eb do t\u00eb mbaj\u00eb m\u00ebsim t\u00eb shtun\u00ebn","robots":{"index":"index","follow":"follow","max-snippet":"max-snippet:-1","max-image-preview":"max-image-preview:large","max-video-preview":"max-video-preview:-1"},"canonical":"https:\/\/permbledhja.com\/sq\/e-fundit-kjo-shkolle-do-te-mbaje-mesim-te-shtunen\/","og_locale":"sq_AL","og_type":"article","og_title":"E fundit: Kjo shkoll\u00eb do t\u00eb mbaj\u00eb m\u00ebsim t\u00eb shtun\u00ebn","og_description":"Shkolla fillore dhe e mesme e ul\u00ebt \u201cIsmail Qemali\u201d do t\u00eb mbaj\u00eb m\u00ebsim z\u00ebvend\u00ebsues t\u00eb shtun\u00ebn. Lajmi \u00ebsht\u00eb b\u00ebr\u00eb i ditur p\u00ebrmes nj\u00eb njoftimi, dokumentin e s\u00eb cilit e posedon Klan Kosova. \u201cLajm\u00ebrohen nx\u00ebn\u00ebsit dhe m\u00ebsimdh\u00ebn\u00ebsit e SHFMU \u2018Ismail Qemali\u2019 Prishtin\u00eb, se t\u00eb shtun\u00ebn, me 15.10.2022 do t\u00eb mbahet procesi m\u00ebsimor me orar t\u00eb dit\u00ebs [&hellip;]","og_url":"https:\/\/permbledhja.com\/sq\/e-fundit-kjo-shkolle-do-te-mbaje-mesim-te-shtunen\/","og_site_name":"Ve\u00e7 artikuj p\u00ebrmbledh\u00ebs","article_publisher":"https:\/\/www.facebook.com\/press07\/","article_author":"https:\/\/www.facebook.com\/kafexhiu.muharrem\/","article_published_time":"2022-10-14T08:51:36+00:00","og_image":[{"width":780,"height":439,"url":"https:\/\/permbledhja.com\/wp-content\/uploads\/2022\/09\/shkolla_1490020078-6248572-1-780x439-1.jpg","type":"image\/jpeg"}],"author":"P\u00ebrmbledhja","twitter_card":"summary_large_image","twitter_misc":{"Written by":"P\u00ebrmbledhja","Est. reading time":"1 minut\u00eb"},"schema":{"@context":"https:\/\/schema.org","@graph":[{"@type":"Article","@id":"https:\/\/permbledhja.com\/e-fundit-kjo-shkolle-do-te-mbaje-mesim-te-shtunen\/#article","isPartOf":{"@id":"https:\/\/permbledhja.com\/e-fundit-kjo-shkolle-do-te-mbaje-mesim-te-shtunen\/"},"author":{"name":"P\u00ebrmbledhja","@id":"https:\/\/permbledhja.com\/#\/schema\/person\/0d064377258d3221e50693947b9eb4fe"},"headline":"E fundit: Kjo shkoll\u00eb do t\u00eb mbaj\u00eb m\u00ebsim t\u00eb shtun\u00ebn","datePublished":"2022-10-14T08:51:36+00:00","dateModified":"2022-10-14T08:51:36+00:00","mainEntityOfPage":{"@id":"https:\/\/permbledhja.com\/e-fundit-kjo-shkolle-do-te-mbaje-mesim-te-shtunen\/"},"wordCount":123,"publisher":{"@id":"https:\/\/permbledhja.com\/#organization"},"articleSection":["Komb\u00ebtare","Lajme"],"inLanguage":"sq"},{"@type":"WebPage","@id":"https:\/\/permbledhja.com\/e-fundit-kjo-shkolle-do-te-mbaje-mesim-te-shtunen\/","url":"https:\/\/permbledhja.com\/e-fundit-kjo-shkolle-do-te-mbaje-mesim-te-shtunen\/","name":"E fundit: Kjo shkoll\u00eb do t\u00eb mbaj\u00eb m\u00ebsim t\u00eb shtun\u00ebn","isPartOf":{"@id":"https:\/\/permbledhja.com\/#website"},"datePublished":"2022-10-14T08:51:36+00:00","dateModified":"2022-10-14T08:51:36+00:00","breadcrumb":{"@id":"https:\/\/permbledhja.com\/e-fundit-kjo-shkolle-do-te-mbaje-mesim-te-shtunen\/#breadcrumb"},"inLanguage":"sq","potentialAction":[{"@type":"ReadAction","target":["https:\/\/permbledhja.com\/e-fundit-kjo-shkolle-do-te-mbaje-mesim-te-shtunen\/"]}]},{"@type":"BreadcrumbList","@id":"https:\/\/permbledhja.com\/e-fundit-kjo-shkolle-do-te-mbaje-mesim-te-shtunen\/#breadcrumb","itemListElement":[{"@type":"ListItem","position":1,"name":"Ballina","item":"https:\/\/permbledhja.com\/sq\/"},{"@type":"ListItem","position":2,"name":"E fundit: Kjo shkoll\u00eb do t\u00eb mbaj\u00eb m\u00ebsim t\u00eb shtun\u00ebn"}]},{"@type":"WebSite","@id":"https:\/\/permbledhja.com\/#website","url":"https:\/\/permbledhja.com\/","name":"Ve\u00e7 artikuj p\u00ebrmbledh\u00ebs","description":"","publisher":{"@id":"https:\/\/permbledhja.com\/#organization"},"potentialAction":[{"@type":"SearchAction","target":{"@type":"EntryPoint","urlTemplate":"https:\/\/permbledhja.com\/?s={search_term_string}"},"query-input":"required name=search_term_string"}],"inLanguage":"sq"},{"@type":"Organization","@id":"https:\/\/permbledhja.com\/#organization","name":"MK Media & Pr","url":"https:\/\/permbledhja.com\/","logo":{"@type":"ImageObject","inLanguage":"sq","@id":"https:\/\/permbledhja.com\/#\/schema\/logo\/image\/","url":"https:\/\/permbledhja.com\/wp-content\/uploads\/2021\/12\/07-Press-Logo.jpg","contentUrl":"https:\/\/permbledhja.com\/wp-content\/uploads\/2021\/12\/07-Press-Logo.jpg","width":512,"height":512,"caption":"MK Media & Pr"},"image":{"@id":"https:\/\/permbledhja.com\/#\/schema\/logo\/image\/"},"sameAs":["https:\/\/www.facebook.com\/press07\/"]},{"@type":"Person","@id":"https:\/\/permbledhja.com\/#\/schema\/person\/0d064377258d3221e50693947b9eb4fe","name":"P\u00ebrmbledhja","image":{"@type":"ImageObject","inLanguage":"sq","@id":"https:\/\/permbledhja.com\/#\/schema\/person\/image\/","url":"https:\/\/permbledhja.com\/wp-content\/uploads\/2026\/01\/452004717_1040944174702970_8932037511805513407_n-96x96.jpg","contentUrl":"https:\/\/permbledhja.com\/wp-content\/uploads\/2026\/01\/452004717_1040944174702970_8932037511805513407_n-96x96.jpg","caption":"P\u00ebrmbledhja"},"sameAs":["https:\/\/www.facebook.com\/kafexhiu.muharrem\/","https:\/\/www.instagram.com\/muharrem_kafexhiu\/"],"url":"https:\/\/permbledhja.com\/sq\/author\/admin\/"}]}},"_links":{"self":[{"href":"https:\/\/permbledhja.com\/sq\/wp-json\/wp\/v2\/posts\/7568"}],"collection":[{"href":"https:\/\/permbledhja.com\/sq\/wp-json\/wp\/v2\/posts"}],"about":[{"href":"https:\/\/permbledhja.com\/sq\/wp-json\/wp\/v2\/types\/post"}],"author":[{"embeddable":true,"href":"https:\/\/permbledhja.com\/sq\/wp-json\/wp\/v2\/users\/1"}],"replies":[{"embeddable":true,"href":"https:\/\/permbledhja.com\/sq\/wp-json\/wp\/v2\/comments?post=7568"}],"version-history":[{"count":1,"href":"https:\/\/permbledhja.com\/sq\/wp-json\/wp\/v2\/posts\/7568\/revisions"}],"predecessor-version":[{"id":7569,"href":"https:\/\/permbledhja.com\/sq\/wp-json\/wp\/v2\/posts\/7568\/revisions\/7569"}],"wp:featuredmedia":[{"embeddable":true,"href":"https:\/\/permbledhja.com\/sq\/wp-json\/wp\/v2\/media\/5818"}],"wp:attachment":[{"href":"https:\/\/permbledhja.com\/sq\/wp-json\/wp\/v2\/media?parent=7568"}],"wp:term":[{"taxonomy":"category","embeddable":true,"href":"https:\/\/permbledhja.com\/sq\/wp-json\/wp\/v2\/categories?post=7568"},{"taxonomy":"post_tag","embeddable":true,"href":"https:\/\/permbledhja.com\/sq\/wp-json\/wp\/v2\/tags?post=7568"}],"curies":[{"name":"wp","href":"https:\/\/api.w.org\/{rel}","templated":true}]}}