{"id":7527,"date":"2022-10-13T11:39:54","date_gmt":"2022-10-13T11:39:54","guid":{"rendered":"https:\/\/permbledhja.com\/?p=7527"},"modified":"2022-10-13T11:39:54","modified_gmt":"2022-10-13T11:39:54","slug":"a-do-te-kete-mesim-te-shtunen-ky-eshte-njoftimi-i-fundit","status":"publish","type":"post","link":"https:\/\/permbledhja.com\/sq\/a-do-te-kete-mesim-te-shtunen-ky-eshte-njoftimi-i-fundit\/","title":{"rendered":"A do t\u00eb ket\u00eb m\u00ebsim t\u00eb shtun\u00ebn, ky \u00ebsht\u00eb njoftimi i fundit"},"content":{"rendered":"<p><strong>Ministria e Arsimit ka njoftuar se bazuar n\u00eb ndryshimet n\u00eb kalendarin e rishikuar, dita e shtun\u00eb, dat\u00eb 15 tetor, do t\u00eb jet\u00eb dit\u00eb pun\u00eb p\u00ebr nx\u00ebn\u00ebsit e klasave 1-8, sipas orarit t\u00eb p\u00ebrcaktuar nga shkollat<\/strong>.<\/p>\n<p>Paraprakisht, SBAShK ka mbajtur nj\u00eb konferenc\u00eb ku ka b\u00ebr\u00eb me dije se k\u00ebt\u00eb t\u00eb shtun\u00eb nuk do t\u00eb mbahet m\u00ebsim, me arsyetimin se ministria e Arsimit \u00ebsht\u00eb ngutur me vendim dhe ka marr\u00eb vendim t\u00eb nj\u00ebansh\u00ebm.<\/p>\n<p>Njoftimi i plot\u00eb i MAShT:<\/p>\n<p>Ministria e Arsimit, Shkenc\u00ebs, Teknologjis\u00eb dhe Inovacionit (MAShTI) njofton se n\u00eb baz\u00eb t\u00eb kompetencave dhe p\u00ebrgjegj\u00ebsive e ka rishikuar kalendarin e vitit shkollor 2022-2023 dhe i ka njoftuar me koh\u00eb t\u00eb gjitha Drejtorit\u00eb Komunale t\u00eb Arsimit n\u00eb lidhje me k\u00ebto ndryshime.<\/p>\n<p>Bazuar n\u00eb ndryshimet n\u00eb kalendarin e rishikuar, ju informojm\u00eb se dita e shtun\u00eb, dat\u00eb 15 tetor, do t\u00eb jet\u00eb dit\u00eb pune p\u00ebr nx\u00ebn\u00ebsit e klasave 1-8, sipas orarit t\u00eb p\u00ebrcaktuar nga shkollat.<\/p>\n<p>Gjat\u00eb nj\u00eb muaji t\u00eb grev\u00ebs, jan\u00eb humbur gjithsej 22 dit\u00eb m\u00ebsimi apo rreth 12 p\u00ebrqind e dit\u00ebve t\u00eb vitit shkollor t\u00eb cilat duhet t\u00eb z\u00ebv\u00ebnd\u00ebsohen. P\u00ebr shkak t\u00eb \u00e7rregullimeve n\u00eb pandemi, humbjet n\u00eb arsim n\u00eb Kosov\u00eb jan\u00eb shum\u00eb t\u00eb m\u00ebdha, derisa k\u00ebto humbje jan\u00eb shtuar edhe m\u00eb shum\u00eb p\u00ebr shkak t\u00eb grevave.<\/p>\n<p>Muajt n\u00eb vijim mund t\u00eb ket\u00eb \u00e7rregullime potenciale q\u00eb mund t\u00eb shkaktohen nga problemet e furnizimit me energji elektrike andaj, \u00e7do diskutim p\u00ebr mosmbajtje t\u00eb m\u00ebsimit, \u00ebsht\u00eb jo vet\u00ebm i d\u00ebmsh\u00ebm, por edhe q\u00ebllimkeq e tendencioz.<\/p>\n<p>MASHTI k\u00ebrkon q\u00eb t\u00eb gjitha shkollat t\u00eb organizohen sa m\u00eb mir\u00eb p\u00ebr mbajtjen e or\u00ebve t\u00eb humbura p\u00ebr shkak t\u00eb grev\u00ebs, ashtu si\u00e7 e parasheh kalendari i rishikuar.<\/p>\n<p>Inspektorati i Arsimit do t\u00eb jet\u00eb n\u00eb terren dhe do ta mbikqyr\u00eb zbatimin e kalendarit t\u00eb vitit shkollor.<\/p>\n<p>N\u00eb kuad\u00ebr t\u00eb kompetencave dhe p\u00ebrgjegj\u00ebsive p\u00ebr sigurimin e organizimit dhe mbar\u00ebvajtjes s\u00eb m\u00ebsimit n\u00eb arsimin parauniversaitar, presim q\u00eb komunat t\u00eb sigurohen p\u00ebr realizimin e kalendarit shkollor duke filluar nga kjo e shtun\u00eb.\/Front<\/p>\n","protected":false},"excerpt":{"rendered":"<p>Ministria e Arsimit ka njoftuar se bazuar n\u00eb ndryshimet n\u00eb kalendarin e rishikuar, dita e shtun\u00eb, dat\u00eb 15 tetor, do t\u00eb jet\u00eb dit\u00eb pun\u00eb p\u00ebr nx\u00ebn\u00ebsit e klasave 1-8, sipas orarit t\u00eb p\u00ebrcaktuar nga shkollat. Paraprakisht, SBAShK ka mbajtur nj\u00eb konferenc\u00eb ku ka b\u00ebr\u00eb me dije se k\u00ebt\u00eb t\u00eb shtun\u00eb nuk do t\u00eb mbahet m\u00ebsim, [&hellip;]<\/p>\n","protected":false},"author":1,"featured_media":5818,"comment_status":"closed","ping_status":"closed","sticky":false,"template":"","format":"standard","meta":{"_monsterinsights_skip_tracking":false,"_monsterinsights_sitenote_active":false,"_monsterinsights_sitenote_note":"","_monsterinsights_sitenote_category":0,"_uf_show_specific_survey":0,"_uf_disable_surveys":false,"footnotes":""},"categories":[23,15],"tags":[],"yoast_head":"<!-- This site is optimized with the Yoast SEO plugin v21.5 - https:\/\/yoast.com\/wordpress\/plugins\/seo\/ -->\n<title>A do t\u00eb ket\u00eb m\u00ebsim t\u00eb shtun\u00ebn, ky \u00ebsht\u00eb njoftimi i fundit<\/title>\n<meta name=\"robots\" content=\"index, follow, max-snippet:-1, max-image-preview:large, max-video-preview:-1\" \/>\n<link rel=\"canonical\" href=\"https:\/\/permbledhja.com\/sq\/a-do-te-kete-mesim-te-shtunen-ky-eshte-njoftimi-i-fundit\/\" \/>\n<meta property=\"og:locale\" content=\"sq_AL\" \/>\n<meta property=\"og:type\" content=\"article\" \/>\n<meta property=\"og:title\" content=\"A do t\u00eb ket\u00eb m\u00ebsim t\u00eb shtun\u00ebn, ky \u00ebsht\u00eb njoftimi i fundit\" \/>\n<meta property=\"og:description\" content=\"Ministria e Arsimit ka njoftuar se bazuar n\u00eb ndryshimet n\u00eb kalendarin e rishikuar, dita e shtun\u00eb, dat\u00eb 15 tetor, do t\u00eb jet\u00eb dit\u00eb pun\u00eb p\u00ebr nx\u00ebn\u00ebsit e klasave 1-8, sipas orarit t\u00eb p\u00ebrcaktuar nga shkollat. Paraprakisht, SBAShK ka mbajtur nj\u00eb konferenc\u00eb ku ka b\u00ebr\u00eb me dije se k\u00ebt\u00eb t\u00eb shtun\u00eb nuk do t\u00eb mbahet m\u00ebsim, [&hellip;]\" \/>\n<meta property=\"og:url\" content=\"https:\/\/permbledhja.com\/sq\/a-do-te-kete-mesim-te-shtunen-ky-eshte-njoftimi-i-fundit\/\" \/>\n<meta property=\"og:site_name\" content=\"Ve\u00e7 artikuj p\u00ebrmbledh\u00ebs\" \/>\n<meta property=\"article:publisher\" content=\"https:\/\/www.facebook.com\/press07\/\" \/>\n<meta property=\"article:author\" content=\"https:\/\/www.facebook.com\/kafexhiu.muharrem\/\" \/>\n<meta property=\"article:published_time\" content=\"2022-10-13T11:39:54+00:00\" \/>\n<meta property=\"og:image\" content=\"https:\/\/permbledhja.com\/wp-content\/uploads\/2022\/09\/shkolla_1490020078-6248572-1-780x439-1.jpg\" \/>\n\t<meta property=\"og:image:width\" content=\"780\" \/>\n\t<meta property=\"og:image:height\" content=\"439\" \/>\n\t<meta property=\"og:image:type\" content=\"image\/jpeg\" \/>\n<meta name=\"author\" content=\"P\u00ebrmbledhja\" \/>\n<meta name=\"twitter:card\" content=\"summary_large_image\" \/>\n<meta name=\"twitter:label1\" content=\"Written by\" \/>\n\t<meta name=\"twitter:data1\" content=\"P\u00ebrmbledhja\" \/>\n\t<meta name=\"twitter:label2\" content=\"Est. reading time\" \/>\n\t<meta name=\"twitter:data2\" content=\"2 minuta\" \/>\n<script type=\"application\/ld+json\" class=\"yoast-schema-graph\">{\"@context\":\"https:\/\/schema.org\",\"@graph\":[{\"@type\":\"Article\",\"@id\":\"https:\/\/permbledhja.com\/a-do-te-kete-mesim-te-shtunen-ky-eshte-njoftimi-i-fundit\/#article\",\"isPartOf\":{\"@id\":\"https:\/\/permbledhja.com\/a-do-te-kete-mesim-te-shtunen-ky-eshte-njoftimi-i-fundit\/\"},\"author\":{\"name\":\"P\u00ebrmbledhja\",\"@id\":\"https:\/\/permbledhja.com\/#\/schema\/person\/0d064377258d3221e50693947b9eb4fe\"},\"headline\":\"A do t\u00eb ket\u00eb m\u00ebsim t\u00eb shtun\u00ebn, ky \u00ebsht\u00eb njoftimi i fundit\",\"datePublished\":\"2022-10-13T11:39:54+00:00\",\"dateModified\":\"2022-10-13T11:39:54+00:00\",\"mainEntityOfPage\":{\"@id\":\"https:\/\/permbledhja.com\/a-do-te-kete-mesim-te-shtunen-ky-eshte-njoftimi-i-fundit\/\"},\"wordCount\":373,\"publisher\":{\"@id\":\"https:\/\/permbledhja.com\/#organization\"},\"articleSection\":[\"Komb\u00ebtare\",\"Lajme\"],\"inLanguage\":\"sq\"},{\"@type\":\"WebPage\",\"@id\":\"https:\/\/permbledhja.com\/a-do-te-kete-mesim-te-shtunen-ky-eshte-njoftimi-i-fundit\/\",\"url\":\"https:\/\/permbledhja.com\/a-do-te-kete-mesim-te-shtunen-ky-eshte-njoftimi-i-fundit\/\",\"name\":\"A do t\u00eb ket\u00eb m\u00ebsim t\u00eb shtun\u00ebn, ky \u00ebsht\u00eb njoftimi i fundit\",\"isPartOf\":{\"@id\":\"https:\/\/permbledhja.com\/#website\"},\"datePublished\":\"2022-10-13T11:39:54+00:00\",\"dateModified\":\"2022-10-13T11:39:54+00:00\",\"breadcrumb\":{\"@id\":\"https:\/\/permbledhja.com\/a-do-te-kete-mesim-te-shtunen-ky-eshte-njoftimi-i-fundit\/#breadcrumb\"},\"inLanguage\":\"sq\",\"potentialAction\":[{\"@type\":\"ReadAction\",\"target\":[\"https:\/\/permbledhja.com\/a-do-te-kete-mesim-te-shtunen-ky-eshte-njoftimi-i-fundit\/\"]}]},{\"@type\":\"BreadcrumbList\",\"@id\":\"https:\/\/permbledhja.com\/a-do-te-kete-mesim-te-shtunen-ky-eshte-njoftimi-i-fundit\/#breadcrumb\",\"itemListElement\":[{\"@type\":\"ListItem\",\"position\":1,\"name\":\"Ballina\",\"item\":\"https:\/\/permbledhja.com\/sq\/\"},{\"@type\":\"ListItem\",\"position\":2,\"name\":\"A do t\u00eb ket\u00eb m\u00ebsim t\u00eb shtun\u00ebn, ky \u00ebsht\u00eb njoftimi i fundit\"}]},{\"@type\":\"WebSite\",\"@id\":\"https:\/\/permbledhja.com\/#website\",\"url\":\"https:\/\/permbledhja.com\/\",\"name\":\"Ve\u00e7 artikuj p\u00ebrmbledh\u00ebs\",\"description\":\"\",\"publisher\":{\"@id\":\"https:\/\/permbledhja.com\/#organization\"},\"potentialAction\":[{\"@type\":\"SearchAction\",\"target\":{\"@type\":\"EntryPoint\",\"urlTemplate\":\"https:\/\/permbledhja.com\/?s={search_term_string}\"},\"query-input\":\"required name=search_term_string\"}],\"inLanguage\":\"sq\"},{\"@type\":\"Organization\",\"@id\":\"https:\/\/permbledhja.com\/#organization\",\"name\":\"MK Media & Pr\",\"url\":\"https:\/\/permbledhja.com\/\",\"logo\":{\"@type\":\"ImageObject\",\"inLanguage\":\"sq\",\"@id\":\"https:\/\/permbledhja.com\/#\/schema\/logo\/image\/\",\"url\":\"https:\/\/permbledhja.com\/wp-content\/uploads\/2021\/12\/07-Press-Logo.jpg\",\"contentUrl\":\"https:\/\/permbledhja.com\/wp-content\/uploads\/2021\/12\/07-Press-Logo.jpg\",\"width\":512,\"height\":512,\"caption\":\"MK Media & Pr\"},\"image\":{\"@id\":\"https:\/\/permbledhja.com\/#\/schema\/logo\/image\/\"},\"sameAs\":[\"https:\/\/www.facebook.com\/press07\/\"]},{\"@type\":\"Person\",\"@id\":\"https:\/\/permbledhja.com\/#\/schema\/person\/0d064377258d3221e50693947b9eb4fe\",\"name\":\"P\u00ebrmbledhja\",\"image\":{\"@type\":\"ImageObject\",\"inLanguage\":\"sq\",\"@id\":\"https:\/\/permbledhja.com\/#\/schema\/person\/image\/\",\"url\":\"https:\/\/permbledhja.com\/wp-content\/uploads\/2026\/01\/452004717_1040944174702970_8932037511805513407_n-96x96.jpg\",\"contentUrl\":\"https:\/\/permbledhja.com\/wp-content\/uploads\/2026\/01\/452004717_1040944174702970_8932037511805513407_n-96x96.jpg\",\"caption\":\"P\u00ebrmbledhja\"},\"sameAs\":[\"https:\/\/www.facebook.com\/kafexhiu.muharrem\/\",\"https:\/\/www.instagram.com\/muharrem_kafexhiu\/\"],\"url\":\"https:\/\/permbledhja.com\/sq\/author\/admin\/\"}]}<\/script>\n<!-- \/ Yoast SEO plugin. -->","yoast_head_json":{"title":"A do t\u00eb ket\u00eb m\u00ebsim t\u00eb shtun\u00ebn, ky \u00ebsht\u00eb njoftimi i fundit","robots":{"index":"index","follow":"follow","max-snippet":"max-snippet:-1","max-image-preview":"max-image-preview:large","max-video-preview":"max-video-preview:-1"},"canonical":"https:\/\/permbledhja.com\/sq\/a-do-te-kete-mesim-te-shtunen-ky-eshte-njoftimi-i-fundit\/","og_locale":"sq_AL","og_type":"article","og_title":"A do t\u00eb ket\u00eb m\u00ebsim t\u00eb shtun\u00ebn, ky \u00ebsht\u00eb njoftimi i fundit","og_description":"Ministria e Arsimit ka njoftuar se bazuar n\u00eb ndryshimet n\u00eb kalendarin e rishikuar, dita e shtun\u00eb, dat\u00eb 15 tetor, do t\u00eb jet\u00eb dit\u00eb pun\u00eb p\u00ebr nx\u00ebn\u00ebsit e klasave 1-8, sipas orarit t\u00eb p\u00ebrcaktuar nga shkollat. Paraprakisht, SBAShK ka mbajtur nj\u00eb konferenc\u00eb ku ka b\u00ebr\u00eb me dije se k\u00ebt\u00eb t\u00eb shtun\u00eb nuk do t\u00eb mbahet m\u00ebsim, [&hellip;]","og_url":"https:\/\/permbledhja.com\/sq\/a-do-te-kete-mesim-te-shtunen-ky-eshte-njoftimi-i-fundit\/","og_site_name":"Ve\u00e7 artikuj p\u00ebrmbledh\u00ebs","article_publisher":"https:\/\/www.facebook.com\/press07\/","article_author":"https:\/\/www.facebook.com\/kafexhiu.muharrem\/","article_published_time":"2022-10-13T11:39:54+00:00","og_image":[{"width":780,"height":439,"url":"https:\/\/permbledhja.com\/wp-content\/uploads\/2022\/09\/shkolla_1490020078-6248572-1-780x439-1.jpg","type":"image\/jpeg"}],"author":"P\u00ebrmbledhja","twitter_card":"summary_large_image","twitter_misc":{"Written by":"P\u00ebrmbledhja","Est. reading time":"2 minuta"},"schema":{"@context":"https:\/\/schema.org","@graph":[{"@type":"Article","@id":"https:\/\/permbledhja.com\/a-do-te-kete-mesim-te-shtunen-ky-eshte-njoftimi-i-fundit\/#article","isPartOf":{"@id":"https:\/\/permbledhja.com\/a-do-te-kete-mesim-te-shtunen-ky-eshte-njoftimi-i-fundit\/"},"author":{"name":"P\u00ebrmbledhja","@id":"https:\/\/permbledhja.com\/#\/schema\/person\/0d064377258d3221e50693947b9eb4fe"},"headline":"A do t\u00eb ket\u00eb m\u00ebsim t\u00eb shtun\u00ebn, ky \u00ebsht\u00eb njoftimi i fundit","datePublished":"2022-10-13T11:39:54+00:00","dateModified":"2022-10-13T11:39:54+00:00","mainEntityOfPage":{"@id":"https:\/\/permbledhja.com\/a-do-te-kete-mesim-te-shtunen-ky-eshte-njoftimi-i-fundit\/"},"wordCount":373,"publisher":{"@id":"https:\/\/permbledhja.com\/#organization"},"articleSection":["Komb\u00ebtare","Lajme"],"inLanguage":"sq"},{"@type":"WebPage","@id":"https:\/\/permbledhja.com\/a-do-te-kete-mesim-te-shtunen-ky-eshte-njoftimi-i-fundit\/","url":"https:\/\/permbledhja.com\/a-do-te-kete-mesim-te-shtunen-ky-eshte-njoftimi-i-fundit\/","name":"A do t\u00eb ket\u00eb m\u00ebsim t\u00eb shtun\u00ebn, ky \u00ebsht\u00eb njoftimi i fundit","isPartOf":{"@id":"https:\/\/permbledhja.com\/#website"},"datePublished":"2022-10-13T11:39:54+00:00","dateModified":"2022-10-13T11:39:54+00:00","breadcrumb":{"@id":"https:\/\/permbledhja.com\/a-do-te-kete-mesim-te-shtunen-ky-eshte-njoftimi-i-fundit\/#breadcrumb"},"inLanguage":"sq","potentialAction":[{"@type":"ReadAction","target":["https:\/\/permbledhja.com\/a-do-te-kete-mesim-te-shtunen-ky-eshte-njoftimi-i-fundit\/"]}]},{"@type":"BreadcrumbList","@id":"https:\/\/permbledhja.com\/a-do-te-kete-mesim-te-shtunen-ky-eshte-njoftimi-i-fundit\/#breadcrumb","itemListElement":[{"@type":"ListItem","position":1,"name":"Ballina","item":"https:\/\/permbledhja.com\/sq\/"},{"@type":"ListItem","position":2,"name":"A do t\u00eb ket\u00eb m\u00ebsim t\u00eb shtun\u00ebn, ky \u00ebsht\u00eb njoftimi i fundit"}]},{"@type":"WebSite","@id":"https:\/\/permbledhja.com\/#website","url":"https:\/\/permbledhja.com\/","name":"Ve\u00e7 artikuj p\u00ebrmbledh\u00ebs","description":"","publisher":{"@id":"https:\/\/permbledhja.com\/#organization"},"potentialAction":[{"@type":"SearchAction","target":{"@type":"EntryPoint","urlTemplate":"https:\/\/permbledhja.com\/?s={search_term_string}"},"query-input":"required name=search_term_string"}],"inLanguage":"sq"},{"@type":"Organization","@id":"https:\/\/permbledhja.com\/#organization","name":"MK Media & Pr","url":"https:\/\/permbledhja.com\/","logo":{"@type":"ImageObject","inLanguage":"sq","@id":"https:\/\/permbledhja.com\/#\/schema\/logo\/image\/","url":"https:\/\/permbledhja.com\/wp-content\/uploads\/2021\/12\/07-Press-Logo.jpg","contentUrl":"https:\/\/permbledhja.com\/wp-content\/uploads\/2021\/12\/07-Press-Logo.jpg","width":512,"height":512,"caption":"MK Media & Pr"},"image":{"@id":"https:\/\/permbledhja.com\/#\/schema\/logo\/image\/"},"sameAs":["https:\/\/www.facebook.com\/press07\/"]},{"@type":"Person","@id":"https:\/\/permbledhja.com\/#\/schema\/person\/0d064377258d3221e50693947b9eb4fe","name":"P\u00ebrmbledhja","image":{"@type":"ImageObject","inLanguage":"sq","@id":"https:\/\/permbledhja.com\/#\/schema\/person\/image\/","url":"https:\/\/permbledhja.com\/wp-content\/uploads\/2026\/01\/452004717_1040944174702970_8932037511805513407_n-96x96.jpg","contentUrl":"https:\/\/permbledhja.com\/wp-content\/uploads\/2026\/01\/452004717_1040944174702970_8932037511805513407_n-96x96.jpg","caption":"P\u00ebrmbledhja"},"sameAs":["https:\/\/www.facebook.com\/kafexhiu.muharrem\/","https:\/\/www.instagram.com\/muharrem_kafexhiu\/"],"url":"https:\/\/permbledhja.com\/sq\/author\/admin\/"}]}},"_links":{"self":[{"href":"https:\/\/permbledhja.com\/sq\/wp-json\/wp\/v2\/posts\/7527"}],"collection":[{"href":"https:\/\/permbledhja.com\/sq\/wp-json\/wp\/v2\/posts"}],"about":[{"href":"https:\/\/permbledhja.com\/sq\/wp-json\/wp\/v2\/types\/post"}],"author":[{"embeddable":true,"href":"https:\/\/permbledhja.com\/sq\/wp-json\/wp\/v2\/users\/1"}],"replies":[{"embeddable":true,"href":"https:\/\/permbledhja.com\/sq\/wp-json\/wp\/v2\/comments?post=7527"}],"version-history":[{"count":1,"href":"https:\/\/permbledhja.com\/sq\/wp-json\/wp\/v2\/posts\/7527\/revisions"}],"predecessor-version":[{"id":7528,"href":"https:\/\/permbledhja.com\/sq\/wp-json\/wp\/v2\/posts\/7527\/revisions\/7528"}],"wp:featuredmedia":[{"embeddable":true,"href":"https:\/\/permbledhja.com\/sq\/wp-json\/wp\/v2\/media\/5818"}],"wp:attachment":[{"href":"https:\/\/permbledhja.com\/sq\/wp-json\/wp\/v2\/media?parent=7527"}],"wp:term":[{"taxonomy":"category","embeddable":true,"href":"https:\/\/permbledhja.com\/sq\/wp-json\/wp\/v2\/categories?post=7527"},{"taxonomy":"post_tag","embeddable":true,"href":"https:\/\/permbledhja.com\/sq\/wp-json\/wp\/v2\/tags?post=7527"}],"curies":[{"name":"wp","href":"https:\/\/api.w.org\/{rel}","templated":true}]}}