{"id":7517,"date":"2022-10-13T10:03:47","date_gmt":"2022-10-13T10:03:47","guid":{"rendered":"https:\/\/permbledhja.com\/?p=7517"},"modified":"2022-10-13T10:03:47","modified_gmt":"2022-10-13T10:03:47","slug":"verejtje-per-gjinekologun-blerim-feka-deri-ne-perfundim-te-hetimeve-deklarohen-nga-spitali-i-vushtrrise","status":"publish","type":"post","link":"https:\/\/permbledhja.com\/sq\/verejtje-per-gjinekologun-blerim-feka-deri-ne-perfundim-te-hetimeve-deklarohen-nga-spitali-i-vushtrrise\/","title":{"rendered":"V\u00ebrejtje p\u00ebr gjinekologun Blerim Feka deri n\u00eb p\u00ebrfundim t\u00eb hetimeve \u2013 deklarohen nga Spitali i Vushtrris\u00eb"},"content":{"rendered":"<p><strong>Shefit t\u00eb Repartit t\u00eb Gjinekologjis\u00eb n\u00eb Spitalin e Vushtrris\u00eb, Blerim Feka, i cili t\u00eb m\u00ebrkur\u00ebn u p\u00ebrfshir\u00eb n\u00eb nj\u00eb ngat\u00ebrres\u00eb me babain e nj\u00eb foshnjeje q\u00eb ndodhet n\u00eb trajtim mjek\u00ebsor n\u00eb k\u00ebt\u00eb institucion sh\u00ebndet\u00ebsor do t\u2019i jepet v\u00ebrejtje nga K\u00ebshilli drejtues i Spitalit t\u00eb P\u00ebrgjithsh\u00ebm \u201cSheikh Zayed\u201d, deri n\u00eb p\u00ebrfundim t\u00eb hetimeve nga prokuroria.<\/strong><\/p>\n<p>K\u00ebshtu kan\u00eb b\u00ebr\u00eb t\u00eb ditur p\u00ebr Telegrafin nga drejtoria e Spitalit t\u00eb P\u00ebrgjithsh\u00ebm \u201cSheikh Zayed\u201d.<\/p>\n<p>Sipas p\u00ebrgjigjes s\u00eb tyre d\u00ebrguar Telegrafit, pas v\u00ebrejtjes dh\u00ebn\u00eb mjekut Feka do t\u00eb presin rezultatet e hetimit nga prokuroria.<\/p>\n<p>\u201cDuke pasur parasysh se Prokuroria Rajonale n\u00eb Mitrovic\u00eb ka dal\u00eb me komunikat\u00eb n\u00eb medie se ka hapur rast hetimi, ku po hetohet n\u00ebse ka elemente p\u00ebr incizim t\u00eb paautorizuar nga pala, vep\u00ebr penale por edhe n\u00ebse ka elemente t\u00eb shkeljes nga dr. Feka, K\u00ebshilli Drejtues i Spitalit, duke mos nd\u00ebrhyr\u00eb n\u00eb hetimet e Prokuroris\u00eb si organi m\u00eb i lart\u00eb dhe duke ofruar bashk\u00ebpunim dhe p\u00ebrkrahje t\u00eb plot\u00eb p\u00ebr hetim dhe zbardhje t\u00eb rastit, do t\u00eb pres rezultatet e hetimit t\u00eb Prokurorit t\u00eb rastit. Nj\u00ebkoh\u00ebsisht, bazuar n\u00eb legjislacionin n\u00eb fuqi, dr. Feka do t\u00eb marr\u00eb v\u00ebrejtje nga K\u00ebshilli Drejtues, si mas\u00eb fillestare, deri n\u00eb p\u00ebrfundim t\u00eb hetimeve\u201d, thuhet n\u00eb p\u00ebrgjigjen e tyre.<\/p>\n<p>Nd\u00ebrkaq, t\u00eb m\u00ebrkur\u00ebn z\u00ebdh\u00ebn\u00ebsi i Policis\u00eb s\u00eb Kosov\u00ebs p\u00ebr rajonin e Mitrovic\u00ebs, Avni Zahiti kishte konfirmuar rastin.<\/p>\n<p>\u201cRasti \u00ebsht\u00eb raportuar sot rreth or\u00ebs 15:00. \u00cbsht\u00eb cil\u00ebsuar si prishje e rendit dhe qet\u00ebsis\u00eb\u201d, ishte shprehur Zahiti.<\/p>\n<p>Ndryshe, p\u00ebr rastin t\u00eb m\u00ebrkur\u00ebn kishte reaguar edhe Sh\u00ebrbimi Spitalor Klinik dhe Universitar i Kosov\u00ebs (SHSKUK).<\/p>\n<p>SHSKUK ka k\u00ebrkuar nga menaxhmenti i Spitalit t\u00eb Vushtrris\u00eb t\u00eb trajtoj\u00eb rastin e mjekut nj\u00ebherit Shef i Repartit t\u00eb Gjinekologjis\u00eb Blerim Feka, i cili n\u00eb dy video t\u00eb publikuara shihet teksa p\u00ebrplaset verbalisht me familjarin e nj\u00eb pacienteje.<\/p>\n<p>ShSKUK ka k\u00ebrkuar nga spitali t\u00eb merren masa urgjente ndaj mjekut konform t\u00eb gjeturave dhe legjislacionit n\u00eb fuqi.<\/p>\n<p>N\u00eb reagimin e ShSKUK-s\u00eb thuhet se mjeku ka komunikuar me arroganc\u00eb me pal\u00ebt, ani pse ShSKUK ka k\u00ebrkuar \u201cnga klinikat dhe spitalet e p\u00ebrgjithshme, q\u00eb n\u00eb baza t\u00eb rregullta, pacient\u00ebve q\u00eb marrin trajtim sh\u00ebndet\u00ebsor\u00eb, por edhe familjar\u00ebve t\u00eb autorizuar, t\u2019u jepen informata nga mjek\u00ebt, shefat e reparteve dhe n\u00ebse ka nevoj\u00eb edhe nga drejtor\u00ebt e klinikave-spitaleve t\u00eb p\u00ebrgjithshme\u201d.<\/p>\n<p>\u201cN\u00eb lidhje me videot q\u00eb po qarkullojn\u00eb n\u00eb rrjete sociale, ku n\u00eb komunikim me familjar\u00ebt e pacient\u00ebve \u00ebsht\u00eb i p\u00ebrfshir\u00eb nj\u00eb mjek i Spitalit t\u00eb P\u00ebrgjithsh\u00ebm n\u00eb Vushtrri, i cili komunikon me arroganc\u00eb me pal\u00ebt, Sh\u00ebrbimi Spitalor Klinik dhe Universitar i Kosov\u00ebs, sqaron se ka k\u00ebrkuar urgjentisht nga menaxhmenti i Spitalit t\u00eb Vushtrris\u00eb, t\u00eb trajtoj\u00eb rastin dhe t\u00eb merren masa urgjente, konform t\u00eb gjeturave dhe legjislacionit n\u00eb fuqi\u201d.<\/p>\n<p>\u201cShSKUK, n\u00eb vazhdim\u00ebsi p\u00ebrmes shkresave dhe Qarkoreve Informative, ka k\u00ebrkuar nga klinikat dhe spitalet e p\u00ebrgjithshme, q\u00eb n\u00eb baza t\u00eb rregullta, pacient\u00ebve q\u00eb marrin trajtim sh\u00ebndet\u00ebsor\u00eb, por edhe familjar\u00ebve t\u00eb autorizuar, t\u2019u jepen informata nga mjek\u00ebt, shefat e reparteve dhe n\u00ebse ka nevoj\u00eb edhe nga drejtor\u00ebt e klinikave-spitaleve t\u00eb p\u00ebrgjithshme.<\/p>\n<p>P\u00ebr sjelljen jo t\u00eb mir\u00eb t\u00eb gjinekologut Feka, kishte pasur ankesa edhe dy vite m\u00eb par\u00eb.<\/p>\n","protected":false},"excerpt":{"rendered":"<p>Shefit t\u00eb Repartit t\u00eb Gjinekologjis\u00eb n\u00eb Spitalin e Vushtrris\u00eb, Blerim Feka, i cili t\u00eb m\u00ebrkur\u00ebn u p\u00ebrfshir\u00eb n\u00eb nj\u00eb ngat\u00ebrres\u00eb me babain e nj\u00eb foshnjeje q\u00eb ndodhet n\u00eb trajtim mjek\u00ebsor n\u00eb k\u00ebt\u00eb institucion sh\u00ebndet\u00ebsor do t\u2019i jepet v\u00ebrejtje nga K\u00ebshilli drejtues i Spitalit t\u00eb P\u00ebrgjithsh\u00ebm \u201cSheikh Zayed\u201d, deri n\u00eb p\u00ebrfundim t\u00eb hetimeve nga prokuroria. K\u00ebshtu [&hellip;]<\/p>\n","protected":false},"author":1,"featured_media":7518,"comment_status":"closed","ping_status":"closed","sticky":false,"template":"","format":"standard","meta":{"_monsterinsights_skip_tracking":false,"_monsterinsights_sitenote_active":false,"_monsterinsights_sitenote_note":"","_monsterinsights_sitenote_category":0,"_uf_show_specific_survey":0,"_uf_disable_surveys":false,"footnotes":""},"categories":[22],"tags":[914,402,92],"yoast_head":"<!-- This site is optimized with the Yoast SEO plugin v21.5 - https:\/\/yoast.com\/wordpress\/plugins\/seo\/ -->\n<title>V\u00ebrejtje p\u00ebr gjinekologun Blerim Feka deri n\u00eb p\u00ebrfundim t\u00eb hetimeve \u2013 deklarohen nga Spitali i Vushtrris\u00eb<\/title>\n<meta name=\"robots\" content=\"index, follow, max-snippet:-1, max-image-preview:large, max-video-preview:-1\" \/>\n<link rel=\"canonical\" href=\"https:\/\/permbledhja.com\/sq\/verejtje-per-gjinekologun-blerim-feka-deri-ne-perfundim-te-hetimeve-deklarohen-nga-spitali-i-vushtrrise\/\" \/>\n<meta property=\"og:locale\" content=\"sq_AL\" \/>\n<meta property=\"og:type\" content=\"article\" \/>\n<meta property=\"og:title\" content=\"V\u00ebrejtje p\u00ebr gjinekologun Blerim Feka deri n\u00eb p\u00ebrfundim t\u00eb hetimeve \u2013 deklarohen nga Spitali i Vushtrris\u00eb\" \/>\n<meta property=\"og:description\" content=\"Shefit t\u00eb Repartit t\u00eb Gjinekologjis\u00eb n\u00eb Spitalin e Vushtrris\u00eb, Blerim Feka, i cili t\u00eb m\u00ebrkur\u00ebn u p\u00ebrfshir\u00eb n\u00eb nj\u00eb ngat\u00ebrres\u00eb me babain e nj\u00eb foshnjeje q\u00eb ndodhet n\u00eb trajtim mjek\u00ebsor n\u00eb k\u00ebt\u00eb institucion sh\u00ebndet\u00ebsor do t\u2019i jepet v\u00ebrejtje nga K\u00ebshilli drejtues i Spitalit t\u00eb P\u00ebrgjithsh\u00ebm \u201cSheikh Zayed\u201d, deri n\u00eb p\u00ebrfundim t\u00eb hetimeve nga prokuroria. K\u00ebshtu [&hellip;]\" \/>\n<meta property=\"og:url\" content=\"https:\/\/permbledhja.com\/sq\/verejtje-per-gjinekologun-blerim-feka-deri-ne-perfundim-te-hetimeve-deklarohen-nga-spitali-i-vushtrrise\/\" \/>\n<meta property=\"og:site_name\" content=\"Ve\u00e7 artikuj p\u00ebrmbledh\u00ebs\" \/>\n<meta property=\"article:publisher\" content=\"https:\/\/www.facebook.com\/press07\/\" \/>\n<meta property=\"article:author\" content=\"https:\/\/www.facebook.com\/kafexhiu.muharrem\/\" \/>\n<meta property=\"article:published_time\" content=\"2022-10-13T10:03:47+00:00\" \/>\n<meta property=\"og:image\" content=\"https:\/\/permbledhja.com\/wp-content\/uploads\/2022\/10\/MjekuFeka-780x439-1.jpg\" \/>\n\t<meta property=\"og:image:width\" content=\"780\" \/>\n\t<meta property=\"og:image:height\" content=\"439\" \/>\n\t<meta property=\"og:image:type\" content=\"image\/jpeg\" \/>\n<meta name=\"author\" content=\"P\u00ebrmbledhja\" \/>\n<meta name=\"twitter:card\" content=\"summary_large_image\" \/>\n<meta name=\"twitter:label1\" content=\"Written by\" \/>\n\t<meta name=\"twitter:data1\" content=\"P\u00ebrmbledhja\" \/>\n\t<meta name=\"twitter:label2\" content=\"Est. reading time\" \/>\n\t<meta name=\"twitter:data2\" content=\"3 minuta\" \/>\n<script type=\"application\/ld+json\" class=\"yoast-schema-graph\">{\"@context\":\"https:\/\/schema.org\",\"@graph\":[{\"@type\":\"Article\",\"@id\":\"https:\/\/permbledhja.com\/verejtje-per-gjinekologun-blerim-feka-deri-ne-perfundim-te-hetimeve-deklarohen-nga-spitali-i-vushtrrise\/#article\",\"isPartOf\":{\"@id\":\"https:\/\/permbledhja.com\/verejtje-per-gjinekologun-blerim-feka-deri-ne-perfundim-te-hetimeve-deklarohen-nga-spitali-i-vushtrrise\/\"},\"author\":{\"name\":\"P\u00ebrmbledhja\",\"@id\":\"https:\/\/permbledhja.com\/#\/schema\/person\/0d064377258d3221e50693947b9eb4fe\"},\"headline\":\"V\u00ebrejtje p\u00ebr gjinekologun Blerim Feka deri n\u00eb p\u00ebrfundim t\u00eb hetimeve \u2013 deklarohen nga Spitali i Vushtrris\u00eb\",\"datePublished\":\"2022-10-13T10:03:47+00:00\",\"dateModified\":\"2022-10-13T10:03:47+00:00\",\"mainEntityOfPage\":{\"@id\":\"https:\/\/permbledhja.com\/verejtje-per-gjinekologun-blerim-feka-deri-ne-perfundim-te-hetimeve-deklarohen-nga-spitali-i-vushtrrise\/\"},\"wordCount\":609,\"publisher\":{\"@id\":\"https:\/\/permbledhja.com\/#organization\"},\"keywords\":[\"Doktori\",\"Spital\",\"Vushtrri\"],\"articleSection\":[\"Ballina\"],\"inLanguage\":\"sq\"},{\"@type\":\"WebPage\",\"@id\":\"https:\/\/permbledhja.com\/verejtje-per-gjinekologun-blerim-feka-deri-ne-perfundim-te-hetimeve-deklarohen-nga-spitali-i-vushtrrise\/\",\"url\":\"https:\/\/permbledhja.com\/verejtje-per-gjinekologun-blerim-feka-deri-ne-perfundim-te-hetimeve-deklarohen-nga-spitali-i-vushtrrise\/\",\"name\":\"V\u00ebrejtje p\u00ebr gjinekologun Blerim Feka deri n\u00eb p\u00ebrfundim t\u00eb hetimeve \u2013 deklarohen nga Spitali i Vushtrris\u00eb\",\"isPartOf\":{\"@id\":\"https:\/\/permbledhja.com\/#website\"},\"datePublished\":\"2022-10-13T10:03:47+00:00\",\"dateModified\":\"2022-10-13T10:03:47+00:00\",\"breadcrumb\":{\"@id\":\"https:\/\/permbledhja.com\/verejtje-per-gjinekologun-blerim-feka-deri-ne-perfundim-te-hetimeve-deklarohen-nga-spitali-i-vushtrrise\/#breadcrumb\"},\"inLanguage\":\"sq\",\"potentialAction\":[{\"@type\":\"ReadAction\",\"target\":[\"https:\/\/permbledhja.com\/verejtje-per-gjinekologun-blerim-feka-deri-ne-perfundim-te-hetimeve-deklarohen-nga-spitali-i-vushtrrise\/\"]}]},{\"@type\":\"BreadcrumbList\",\"@id\":\"https:\/\/permbledhja.com\/verejtje-per-gjinekologun-blerim-feka-deri-ne-perfundim-te-hetimeve-deklarohen-nga-spitali-i-vushtrrise\/#breadcrumb\",\"itemListElement\":[{\"@type\":\"ListItem\",\"position\":1,\"name\":\"Ballina\",\"item\":\"https:\/\/permbledhja.com\/sq\/\"},{\"@type\":\"ListItem\",\"position\":2,\"name\":\"V\u00ebrejtje p\u00ebr gjinekologun Blerim Feka deri n\u00eb p\u00ebrfundim t\u00eb hetimeve \u2013 deklarohen nga Spitali i Vushtrris\u00eb\"}]},{\"@type\":\"WebSite\",\"@id\":\"https:\/\/permbledhja.com\/#website\",\"url\":\"https:\/\/permbledhja.com\/\",\"name\":\"Ve\u00e7 artikuj p\u00ebrmbledh\u00ebs\",\"description\":\"\",\"publisher\":{\"@id\":\"https:\/\/permbledhja.com\/#organization\"},\"potentialAction\":[{\"@type\":\"SearchAction\",\"target\":{\"@type\":\"EntryPoint\",\"urlTemplate\":\"https:\/\/permbledhja.com\/?s={search_term_string}\"},\"query-input\":\"required name=search_term_string\"}],\"inLanguage\":\"sq\"},{\"@type\":\"Organization\",\"@id\":\"https:\/\/permbledhja.com\/#organization\",\"name\":\"MK Media & Pr\",\"url\":\"https:\/\/permbledhja.com\/\",\"logo\":{\"@type\":\"ImageObject\",\"inLanguage\":\"sq\",\"@id\":\"https:\/\/permbledhja.com\/#\/schema\/logo\/image\/\",\"url\":\"https:\/\/permbledhja.com\/wp-content\/uploads\/2021\/12\/07-Press-Logo.jpg\",\"contentUrl\":\"https:\/\/permbledhja.com\/wp-content\/uploads\/2021\/12\/07-Press-Logo.jpg\",\"width\":512,\"height\":512,\"caption\":\"MK Media & Pr\"},\"image\":{\"@id\":\"https:\/\/permbledhja.com\/#\/schema\/logo\/image\/\"},\"sameAs\":[\"https:\/\/www.facebook.com\/press07\/\"]},{\"@type\":\"Person\",\"@id\":\"https:\/\/permbledhja.com\/#\/schema\/person\/0d064377258d3221e50693947b9eb4fe\",\"name\":\"P\u00ebrmbledhja\",\"image\":{\"@type\":\"ImageObject\",\"inLanguage\":\"sq\",\"@id\":\"https:\/\/permbledhja.com\/#\/schema\/person\/image\/\",\"url\":\"https:\/\/permbledhja.com\/wp-content\/uploads\/2026\/01\/452004717_1040944174702970_8932037511805513407_n-96x96.jpg\",\"contentUrl\":\"https:\/\/permbledhja.com\/wp-content\/uploads\/2026\/01\/452004717_1040944174702970_8932037511805513407_n-96x96.jpg\",\"caption\":\"P\u00ebrmbledhja\"},\"sameAs\":[\"https:\/\/www.facebook.com\/kafexhiu.muharrem\/\",\"https:\/\/www.instagram.com\/muharrem_kafexhiu\/\"],\"url\":\"https:\/\/permbledhja.com\/sq\/author\/admin\/\"}]}<\/script>\n<!-- \/ Yoast SEO plugin. -->","yoast_head_json":{"title":"V\u00ebrejtje p\u00ebr gjinekologun Blerim Feka deri n\u00eb p\u00ebrfundim t\u00eb hetimeve \u2013 deklarohen nga Spitali i Vushtrris\u00eb","robots":{"index":"index","follow":"follow","max-snippet":"max-snippet:-1","max-image-preview":"max-image-preview:large","max-video-preview":"max-video-preview:-1"},"canonical":"https:\/\/permbledhja.com\/sq\/verejtje-per-gjinekologun-blerim-feka-deri-ne-perfundim-te-hetimeve-deklarohen-nga-spitali-i-vushtrrise\/","og_locale":"sq_AL","og_type":"article","og_title":"V\u00ebrejtje p\u00ebr gjinekologun Blerim Feka deri n\u00eb p\u00ebrfundim t\u00eb hetimeve \u2013 deklarohen nga Spitali i Vushtrris\u00eb","og_description":"Shefit t\u00eb Repartit t\u00eb Gjinekologjis\u00eb n\u00eb Spitalin e Vushtrris\u00eb, Blerim Feka, i cili t\u00eb m\u00ebrkur\u00ebn u p\u00ebrfshir\u00eb n\u00eb nj\u00eb ngat\u00ebrres\u00eb me babain e nj\u00eb foshnjeje q\u00eb ndodhet n\u00eb trajtim mjek\u00ebsor n\u00eb k\u00ebt\u00eb institucion sh\u00ebndet\u00ebsor do t\u2019i jepet v\u00ebrejtje nga K\u00ebshilli drejtues i Spitalit t\u00eb P\u00ebrgjithsh\u00ebm \u201cSheikh Zayed\u201d, deri n\u00eb p\u00ebrfundim t\u00eb hetimeve nga prokuroria. K\u00ebshtu [&hellip;]","og_url":"https:\/\/permbledhja.com\/sq\/verejtje-per-gjinekologun-blerim-feka-deri-ne-perfundim-te-hetimeve-deklarohen-nga-spitali-i-vushtrrise\/","og_site_name":"Ve\u00e7 artikuj p\u00ebrmbledh\u00ebs","article_publisher":"https:\/\/www.facebook.com\/press07\/","article_author":"https:\/\/www.facebook.com\/kafexhiu.muharrem\/","article_published_time":"2022-10-13T10:03:47+00:00","og_image":[{"width":780,"height":439,"url":"https:\/\/permbledhja.com\/wp-content\/uploads\/2022\/10\/MjekuFeka-780x439-1.jpg","type":"image\/jpeg"}],"author":"P\u00ebrmbledhja","twitter_card":"summary_large_image","twitter_misc":{"Written by":"P\u00ebrmbledhja","Est. reading time":"3 minuta"},"schema":{"@context":"https:\/\/schema.org","@graph":[{"@type":"Article","@id":"https:\/\/permbledhja.com\/verejtje-per-gjinekologun-blerim-feka-deri-ne-perfundim-te-hetimeve-deklarohen-nga-spitali-i-vushtrrise\/#article","isPartOf":{"@id":"https:\/\/permbledhja.com\/verejtje-per-gjinekologun-blerim-feka-deri-ne-perfundim-te-hetimeve-deklarohen-nga-spitali-i-vushtrrise\/"},"author":{"name":"P\u00ebrmbledhja","@id":"https:\/\/permbledhja.com\/#\/schema\/person\/0d064377258d3221e50693947b9eb4fe"},"headline":"V\u00ebrejtje p\u00ebr gjinekologun Blerim Feka deri n\u00eb p\u00ebrfundim t\u00eb hetimeve \u2013 deklarohen nga Spitali i Vushtrris\u00eb","datePublished":"2022-10-13T10:03:47+00:00","dateModified":"2022-10-13T10:03:47+00:00","mainEntityOfPage":{"@id":"https:\/\/permbledhja.com\/verejtje-per-gjinekologun-blerim-feka-deri-ne-perfundim-te-hetimeve-deklarohen-nga-spitali-i-vushtrrise\/"},"wordCount":609,"publisher":{"@id":"https:\/\/permbledhja.com\/#organization"},"keywords":["Doktori","Spital","Vushtrri"],"articleSection":["Ballina"],"inLanguage":"sq"},{"@type":"WebPage","@id":"https:\/\/permbledhja.com\/verejtje-per-gjinekologun-blerim-feka-deri-ne-perfundim-te-hetimeve-deklarohen-nga-spitali-i-vushtrrise\/","url":"https:\/\/permbledhja.com\/verejtje-per-gjinekologun-blerim-feka-deri-ne-perfundim-te-hetimeve-deklarohen-nga-spitali-i-vushtrrise\/","name":"V\u00ebrejtje p\u00ebr gjinekologun Blerim Feka deri n\u00eb p\u00ebrfundim t\u00eb hetimeve \u2013 deklarohen nga Spitali i Vushtrris\u00eb","isPartOf":{"@id":"https:\/\/permbledhja.com\/#website"},"datePublished":"2022-10-13T10:03:47+00:00","dateModified":"2022-10-13T10:03:47+00:00","breadcrumb":{"@id":"https:\/\/permbledhja.com\/verejtje-per-gjinekologun-blerim-feka-deri-ne-perfundim-te-hetimeve-deklarohen-nga-spitali-i-vushtrrise\/#breadcrumb"},"inLanguage":"sq","potentialAction":[{"@type":"ReadAction","target":["https:\/\/permbledhja.com\/verejtje-per-gjinekologun-blerim-feka-deri-ne-perfundim-te-hetimeve-deklarohen-nga-spitali-i-vushtrrise\/"]}]},{"@type":"BreadcrumbList","@id":"https:\/\/permbledhja.com\/verejtje-per-gjinekologun-blerim-feka-deri-ne-perfundim-te-hetimeve-deklarohen-nga-spitali-i-vushtrrise\/#breadcrumb","itemListElement":[{"@type":"ListItem","position":1,"name":"Ballina","item":"https:\/\/permbledhja.com\/sq\/"},{"@type":"ListItem","position":2,"name":"V\u00ebrejtje p\u00ebr gjinekologun Blerim Feka deri n\u00eb p\u00ebrfundim t\u00eb hetimeve \u2013 deklarohen nga Spitali i Vushtrris\u00eb"}]},{"@type":"WebSite","@id":"https:\/\/permbledhja.com\/#website","url":"https:\/\/permbledhja.com\/","name":"Ve\u00e7 artikuj p\u00ebrmbledh\u00ebs","description":"","publisher":{"@id":"https:\/\/permbledhja.com\/#organization"},"potentialAction":[{"@type":"SearchAction","target":{"@type":"EntryPoint","urlTemplate":"https:\/\/permbledhja.com\/?s={search_term_string}"},"query-input":"required name=search_term_string"}],"inLanguage":"sq"},{"@type":"Organization","@id":"https:\/\/permbledhja.com\/#organization","name":"MK Media & Pr","url":"https:\/\/permbledhja.com\/","logo":{"@type":"ImageObject","inLanguage":"sq","@id":"https:\/\/permbledhja.com\/#\/schema\/logo\/image\/","url":"https:\/\/permbledhja.com\/wp-content\/uploads\/2021\/12\/07-Press-Logo.jpg","contentUrl":"https:\/\/permbledhja.com\/wp-content\/uploads\/2021\/12\/07-Press-Logo.jpg","width":512,"height":512,"caption":"MK Media & Pr"},"image":{"@id":"https:\/\/permbledhja.com\/#\/schema\/logo\/image\/"},"sameAs":["https:\/\/www.facebook.com\/press07\/"]},{"@type":"Person","@id":"https:\/\/permbledhja.com\/#\/schema\/person\/0d064377258d3221e50693947b9eb4fe","name":"P\u00ebrmbledhja","image":{"@type":"ImageObject","inLanguage":"sq","@id":"https:\/\/permbledhja.com\/#\/schema\/person\/image\/","url":"https:\/\/permbledhja.com\/wp-content\/uploads\/2026\/01\/452004717_1040944174702970_8932037511805513407_n-96x96.jpg","contentUrl":"https:\/\/permbledhja.com\/wp-content\/uploads\/2026\/01\/452004717_1040944174702970_8932037511805513407_n-96x96.jpg","caption":"P\u00ebrmbledhja"},"sameAs":["https:\/\/www.facebook.com\/kafexhiu.muharrem\/","https:\/\/www.instagram.com\/muharrem_kafexhiu\/"],"url":"https:\/\/permbledhja.com\/sq\/author\/admin\/"}]}},"_links":{"self":[{"href":"https:\/\/permbledhja.com\/sq\/wp-json\/wp\/v2\/posts\/7517"}],"collection":[{"href":"https:\/\/permbledhja.com\/sq\/wp-json\/wp\/v2\/posts"}],"about":[{"href":"https:\/\/permbledhja.com\/sq\/wp-json\/wp\/v2\/types\/post"}],"author":[{"embeddable":true,"href":"https:\/\/permbledhja.com\/sq\/wp-json\/wp\/v2\/users\/1"}],"replies":[{"embeddable":true,"href":"https:\/\/permbledhja.com\/sq\/wp-json\/wp\/v2\/comments?post=7517"}],"version-history":[{"count":1,"href":"https:\/\/permbledhja.com\/sq\/wp-json\/wp\/v2\/posts\/7517\/revisions"}],"predecessor-version":[{"id":7519,"href":"https:\/\/permbledhja.com\/sq\/wp-json\/wp\/v2\/posts\/7517\/revisions\/7519"}],"wp:featuredmedia":[{"embeddable":true,"href":"https:\/\/permbledhja.com\/sq\/wp-json\/wp\/v2\/media\/7518"}],"wp:attachment":[{"href":"https:\/\/permbledhja.com\/sq\/wp-json\/wp\/v2\/media?parent=7517"}],"wp:term":[{"taxonomy":"category","embeddable":true,"href":"https:\/\/permbledhja.com\/sq\/wp-json\/wp\/v2\/categories?post=7517"},{"taxonomy":"post_tag","embeddable":true,"href":"https:\/\/permbledhja.com\/sq\/wp-json\/wp\/v2\/tags?post=7517"}],"curies":[{"name":"wp","href":"https:\/\/api.w.org\/{rel}","templated":true}]}}